{"id":12829,"date":"2021-12-02T11:18:45","date_gmt":"2021-12-02T10:18:45","guid":{"rendered":"https:\/\/www.asajacyl.com\/leon\/?p=12829"},"modified":"2021-12-02T11:18:46","modified_gmt":"2021-12-02T10:18:46","slug":"cir_leche_21","status":"publish","type":"post","link":"https:\/\/www.asajacyl.com\/leon\/buzon\/cir_leche_21","title":{"rendered":"cir_leche_21"},"content":{"rendered":"\n<h2><strong>CIRCULAR A LOS GANADEROS DE VACUNO DE LECHE<\/strong><\/h2>\n<h6>Le\u00f3n, 2 de diciembre de 2021<\/h6>\n<h6>ASAJA te convoca al acto de protesta por los bajos precios de la leche que tendr\u00e1 lugar el <strong>LUNES d\u00eda 13<\/strong> de diciembre, a las <strong>12:00 DEL MEDIOD\u00cdA<\/strong>, ante las instalaciones de <strong>Lactiber en Trobajo del Cerecedo<\/strong>. La convocatoria es para todos los ganaderos de vacuno de leche, independientemente de entregar o no el producto a dicha compa\u00f1\u00eda.<\/h6>\n<h6>Esta protesta est\u00e1 convocada a nivel auton\u00f3mico por las organizaciones ASAJA y Alianza UPA-COAG, como continuidad a las que desde el verano se han llevado a cabo en Valladolid y en Zamora.<\/h6>\n<h6>Las organizaciones convocantes reclamamos acuerdos con la industria l\u00e1ctea y con la distribuci\u00f3n para que la leche se pague al ganadero cubriendo al menos los costes de producci\u00f3n, fijados en una media de 40 c\u00e9ntimos por litro. Se reclama al ministerio de Agricultura que haga cumplir la Ley de la Cadena Alimentaria que\u00a0 proh\u00edbe la venta a p\u00e9rdidas.<\/h6>\n<h6>Esperando vernos en el citado acto, recibe un saludo.<\/h6>\n<p>\u00a0<\/p>\n<p>\u00a0<\/p>\n<p>Fdo.: Jos\u00e9 Antonio Turrado<\/p>\n<p>Secretario general<\/p>\n","protected":false},"excerpt":{"rendered":"<p>CIRCULAR A LOS GANADEROS DE VACUNO DE LECHE Le\u00f3n, 2 de diciembre de 2021 ASAJA te convoca al acto de protesta por los bajos precios de la leche que tendr\u00e1 lugar el LUNES d\u00eda 13 de diciembre, a las 12:00 DEL MEDIOD\u00cdA, ante las instalaciones de Lactiber en Trobajo del Cerecedo. La convocatoria es para [&hellip;]<\/p>\n","protected":false},"author":8,"featured_media":9362,"comment_status":"open","ping_status":"open","sticky":false,"template":"","format":"standard","meta":{"footnotes":""},"categories":[78],"tags":[],"yoast_head":"<!-- This site is optimized with the Yoast SEO plugin v24.5 - https:\/\/yoast.com\/wordpress\/plugins\/seo\/ -->\n<title>cir_leche_21 - ASAJA Le\u00f3n<\/title>\n<meta name=\"description\" content=\"CIRCULAR A LOS GANADEROS DE VACUNO DE LECHE Le\u00f3n, 2 de diciembre de 2021 ASAJA te convoca al acto de protesta por los bajos precios de la leche que tendr\u00e1\" \/>\n<meta name=\"robots\" content=\"index, follow, max-snippet:-1, max-image-preview:large, max-video-preview:-1\" \/>\n<link rel=\"canonical\" href=\"https:\/\/www.asajacyl.com\/leon\/buzon\/cir_leche_21\" \/>\n<meta property=\"og:locale\" content=\"es_ES\" \/>\n<meta property=\"og:type\" content=\"article\" \/>\n<meta property=\"og:title\" content=\"cir_leche_21 - ASAJA Le\u00f3n\" \/>\n<meta property=\"og:description\" content=\"CIRCULAR A LOS GANADEROS DE VACUNO DE LECHE Le\u00f3n, 2 de diciembre de 2021 ASAJA te convoca al acto de protesta por los bajos precios de la leche que tendr\u00e1\" \/>\n<meta property=\"og:url\" content=\"https:\/\/www.asajacyl.com\/leon\/buzon\/cir_leche_21\" \/>\n<meta property=\"og:site_name\" content=\"ASAJA Le\u00f3n\" \/>\n<meta property=\"article:published_time\" content=\"2021-12-02T10:18:45+00:00\" \/>\n<meta property=\"article:modified_time\" content=\"2021-12-02T10:18:46+00:00\" \/>\n<meta property=\"og:image\" content=\"https:\/\/www.asajacyl.com\/leon\/wp-content\/uploads\/sites\/6\/2018\/10\/vacas_frisonas.jpg\" \/>\n\t<meta property=\"og:image:width\" content=\"513\" \/>\n\t<meta property=\"og:image:height\" content=\"340\" \/>\n\t<meta property=\"og:image:type\" content=\"image\/jpeg\" \/>\n<meta name=\"author\" content=\"Eduardo\" \/>\n<meta name=\"twitter:card\" content=\"summary_large_image\" \/>\n<meta name=\"twitter:label1\" content=\"Escrito por\" \/>\n\t<meta name=\"twitter:data1\" content=\"Eduardo\" \/>\n\t<meta name=\"twitter:label2\" content=\"Tiempo de lectura\" \/>\n\t<meta name=\"twitter:data2\" content=\"1 minuto\" \/>\n<script type=\"application\/ld+json\" class=\"yoast-schema-graph\">{\"@context\":\"https:\/\/schema.org\",\"@graph\":[{\"@type\":\"WebPage\",\"@id\":\"https:\/\/www.asajacyl.com\/leon\/buzon\/cir_leche_21\",\"url\":\"https:\/\/www.asajacyl.com\/leon\/buzon\/cir_leche_21\",\"name\":\"cir_leche_21 - ASAJA Le\u00f3n\",\"isPartOf\":{\"@id\":\"https:\/\/www.asajacyl.com\/leon\/#website\"},\"primaryImageOfPage\":{\"@id\":\"https:\/\/www.asajacyl.com\/leon\/buzon\/cir_leche_21#primaryimage\"},\"image\":{\"@id\":\"https:\/\/www.asajacyl.com\/leon\/buzon\/cir_leche_21#primaryimage\"},\"thumbnailUrl\":\"https:\/\/www.asajacyl.com\/leon\/wp-content\/uploads\/sites\/6\/2018\/10\/vacas_frisonas.jpg\",\"datePublished\":\"2021-12-02T10:18:45+00:00\",\"dateModified\":\"2021-12-02T10:18:46+00:00\",\"author\":{\"@id\":\"https:\/\/www.asajacyl.com\/leon\/#\/schema\/person\/a39ff3609fc182e4c789ab486e865d32\"},\"description\":\"CIRCULAR A LOS GANADEROS DE VACUNO DE LECHE Le\u00f3n, 2 de diciembre de 2021 ASAJA te convoca al acto de protesta por los bajos precios de la leche que tendr\u00e1\",\"breadcrumb\":{\"@id\":\"https:\/\/www.asajacyl.com\/leon\/buzon\/cir_leche_21#breadcrumb\"},\"inLanguage\":\"es\",\"potentialAction\":[{\"@type\":\"ReadAction\",\"target\":[\"https:\/\/www.asajacyl.com\/leon\/buzon\/cir_leche_21\"]}]},{\"@type\":\"ImageObject\",\"inLanguage\":\"es\",\"@id\":\"https:\/\/www.asajacyl.com\/leon\/buzon\/cir_leche_21#primaryimage\",\"url\":\"https:\/\/www.asajacyl.com\/leon\/wp-content\/uploads\/sites\/6\/2018\/10\/vacas_frisonas.jpg\",\"contentUrl\":\"https:\/\/www.asajacyl.com\/leon\/wp-content\/uploads\/sites\/6\/2018\/10\/vacas_frisonas.jpg\",\"width\":513,\"height\":340},{\"@type\":\"BreadcrumbList\",\"@id\":\"https:\/\/www.asajacyl.com\/leon\/buzon\/cir_leche_21#breadcrumb\",\"itemListElement\":[{\"@type\":\"ListItem\",\"position\":1,\"name\":\"Portada\",\"item\":\"https:\/\/www.asajacyl.com\/leon\/\"},{\"@type\":\"ListItem\",\"position\":2,\"name\":\"cir_leche_21\"}]},{\"@type\":\"WebSite\",\"@id\":\"https:\/\/www.asajacyl.com\/leon\/#website\",\"url\":\"https:\/\/www.asajacyl.com\/leon\/\",\"name\":\"ASAJA Le\u00f3n\",\"description\":\"Otro sitio m\u00e1s de Provincias ASAJA Castilla y Le\u00f3n\",\"potentialAction\":[{\"@type\":\"SearchAction\",\"target\":{\"@type\":\"EntryPoint\",\"urlTemplate\":\"https:\/\/www.asajacyl.com\/leon\/?s={search_term_string}\"},\"query-input\":{\"@type\":\"PropertyValueSpecification\",\"valueRequired\":true,\"valueName\":\"search_term_string\"}}],\"inLanguage\":\"es\"},{\"@type\":\"Person\",\"@id\":\"https:\/\/www.asajacyl.com\/leon\/#\/schema\/person\/a39ff3609fc182e4c789ab486e865d32\",\"name\":\"Eduardo\",\"image\":{\"@type\":\"ImageObject\",\"inLanguage\":\"es\",\"@id\":\"https:\/\/www.asajacyl.com\/leon\/#\/schema\/person\/image\/\",\"url\":\"https:\/\/secure.gravatar.com\/avatar\/9ebd6aba21d817dcf9595bc9ca505af5?s=96&d=mm&r=g\",\"contentUrl\":\"https:\/\/secure.gravatar.com\/avatar\/9ebd6aba21d817dcf9595bc9ca505af5?s=96&d=mm&r=g\",\"caption\":\"Eduardo\"},\"url\":\"https:\/\/www.asajacyl.com\/leon\/author\/eduardovv\"}]}<\/script>\n<!-- \/ Yoast SEO plugin. -->","yoast_head_json":{"title":"cir_leche_21 - ASAJA Le\u00f3n","description":"CIRCULAR A LOS GANADEROS DE VACUNO DE LECHE Le\u00f3n, 2 de diciembre de 2021 ASAJA te convoca al acto de protesta por los bajos precios de la leche que tendr\u00e1","robots":{"index":"index","follow":"follow","max-snippet":"max-snippet:-1","max-image-preview":"max-image-preview:large","max-video-preview":"max-video-preview:-1"},"canonical":"https:\/\/www.asajacyl.com\/leon\/buzon\/cir_leche_21","og_locale":"es_ES","og_type":"article","og_title":"cir_leche_21 - ASAJA Le\u00f3n","og_description":"CIRCULAR A LOS GANADEROS DE VACUNO DE LECHE Le\u00f3n, 2 de diciembre de 2021 ASAJA te convoca al acto de protesta por los bajos precios de la leche que tendr\u00e1","og_url":"https:\/\/www.asajacyl.com\/leon\/buzon\/cir_leche_21","og_site_name":"ASAJA Le\u00f3n","article_published_time":"2021-12-02T10:18:45+00:00","article_modified_time":"2021-12-02T10:18:46+00:00","og_image":[{"width":513,"height":340,"url":"https:\/\/www.asajacyl.com\/leon\/wp-content\/uploads\/sites\/6\/2018\/10\/vacas_frisonas.jpg","type":"image\/jpeg"}],"author":"Eduardo","twitter_card":"summary_large_image","twitter_misc":{"Escrito por":"Eduardo","Tiempo de lectura":"1 minuto"},"schema":{"@context":"https:\/\/schema.org","@graph":[{"@type":"WebPage","@id":"https:\/\/www.asajacyl.com\/leon\/buzon\/cir_leche_21","url":"https:\/\/www.asajacyl.com\/leon\/buzon\/cir_leche_21","name":"cir_leche_21 - ASAJA Le\u00f3n","isPartOf":{"@id":"https:\/\/www.asajacyl.com\/leon\/#website"},"primaryImageOfPage":{"@id":"https:\/\/www.asajacyl.com\/leon\/buzon\/cir_leche_21#primaryimage"},"image":{"@id":"https:\/\/www.asajacyl.com\/leon\/buzon\/cir_leche_21#primaryimage"},"thumbnailUrl":"https:\/\/www.asajacyl.com\/leon\/wp-content\/uploads\/sites\/6\/2018\/10\/vacas_frisonas.jpg","datePublished":"2021-12-02T10:18:45+00:00","dateModified":"2021-12-02T10:18:46+00:00","author":{"@id":"https:\/\/www.asajacyl.com\/leon\/#\/schema\/person\/a39ff3609fc182e4c789ab486e865d32"},"description":"CIRCULAR A LOS GANADEROS DE VACUNO DE LECHE Le\u00f3n, 2 de diciembre de 2021 ASAJA te convoca al acto de protesta por los bajos precios de la leche que tendr\u00e1","breadcrumb":{"@id":"https:\/\/www.asajacyl.com\/leon\/buzon\/cir_leche_21#breadcrumb"},"inLanguage":"es","potentialAction":[{"@type":"ReadAction","target":["https:\/\/www.asajacyl.com\/leon\/buzon\/cir_leche_21"]}]},{"@type":"ImageObject","inLanguage":"es","@id":"https:\/\/www.asajacyl.com\/leon\/buzon\/cir_leche_21#primaryimage","url":"https:\/\/www.asajacyl.com\/leon\/wp-content\/uploads\/sites\/6\/2018\/10\/vacas_frisonas.jpg","contentUrl":"https:\/\/www.asajacyl.com\/leon\/wp-content\/uploads\/sites\/6\/2018\/10\/vacas_frisonas.jpg","width":513,"height":340},{"@type":"BreadcrumbList","@id":"https:\/\/www.asajacyl.com\/leon\/buzon\/cir_leche_21#breadcrumb","itemListElement":[{"@type":"ListItem","position":1,"name":"Portada","item":"https:\/\/www.asajacyl.com\/leon\/"},{"@type":"ListItem","position":2,"name":"cir_leche_21"}]},{"@type":"WebSite","@id":"https:\/\/www.asajacyl.com\/leon\/#website","url":"https:\/\/www.asajacyl.com\/leon\/","name":"ASAJA Le\u00f3n","description":"Otro sitio m\u00e1s de Provincias ASAJA Castilla y Le\u00f3n","potentialAction":[{"@type":"SearchAction","target":{"@type":"EntryPoint","urlTemplate":"https:\/\/www.asajacyl.com\/leon\/?s={search_term_string}"},"query-input":{"@type":"PropertyValueSpecification","valueRequired":true,"valueName":"search_term_string"}}],"inLanguage":"es"},{"@type":"Person","@id":"https:\/\/www.asajacyl.com\/leon\/#\/schema\/person\/a39ff3609fc182e4c789ab486e865d32","name":"Eduardo","image":{"@type":"ImageObject","inLanguage":"es","@id":"https:\/\/www.asajacyl.com\/leon\/#\/schema\/person\/image\/","url":"https:\/\/secure.gravatar.com\/avatar\/9ebd6aba21d817dcf9595bc9ca505af5?s=96&d=mm&r=g","contentUrl":"https:\/\/secure.gravatar.com\/avatar\/9ebd6aba21d817dcf9595bc9ca505af5?s=96&d=mm&r=g","caption":"Eduardo"},"url":"https:\/\/www.asajacyl.com\/leon\/author\/eduardovv"}]}},"_links":{"self":[{"href":"https:\/\/www.asajacyl.com\/leon\/wp-json\/wp\/v2\/posts\/12829"}],"collection":[{"href":"https:\/\/www.asajacyl.com\/leon\/wp-json\/wp\/v2\/posts"}],"about":[{"href":"https:\/\/www.asajacyl.com\/leon\/wp-json\/wp\/v2\/types\/post"}],"author":[{"embeddable":true,"href":"https:\/\/www.asajacyl.com\/leon\/wp-json\/wp\/v2\/users\/8"}],"replies":[{"embeddable":true,"href":"https:\/\/www.asajacyl.com\/leon\/wp-json\/wp\/v2\/comments?post=12829"}],"version-history":[{"count":1,"href":"https:\/\/www.asajacyl.com\/leon\/wp-json\/wp\/v2\/posts\/12829\/revisions"}],"predecessor-version":[{"id":12830,"href":"https:\/\/www.asajacyl.com\/leon\/wp-json\/wp\/v2\/posts\/12829\/revisions\/12830"}],"wp:featuredmedia":[{"embeddable":true,"href":"https:\/\/www.asajacyl.com\/leon\/wp-json\/wp\/v2\/media\/9362"}],"wp:attachment":[{"href":"https:\/\/www.asajacyl.com\/leon\/wp-json\/wp\/v2\/media?parent=12829"}],"wp:term":[{"taxonomy":"category","embeddable":true,"href":"https:\/\/www.asajacyl.com\/leon\/wp-json\/wp\/v2\/categories?post=12829"},{"taxonomy":"post_tag","embeddable":true,"href":"https:\/\/www.asajacyl.com\/leon\/wp-json\/wp\/v2\/tags?post=12829"}],"curies":[{"name":"wp","href":"https:\/\/api.w.org\/{rel}","templated":true}]}}