{"id":12841,"date":"2021-12-09T09:39:00","date_gmt":"2021-12-09T08:39:00","guid":{"rendered":"https:\/\/www.asajacyl.com\/leon\/?p=12841"},"modified":"2021-12-09T09:44:15","modified_gmt":"2021-12-09T08:44:15","slug":"c_leche_21_2","status":"publish","type":"post","link":"https:\/\/www.asajacyl.com\/leon\/buzon\/c_leche_21_2","title":{"rendered":"c_leche_21_2"},"content":{"rendered":"\n<h2><strong><u>A LOS GANADEROS DE VACUNO DE LECHE<\/u><\/strong><\/h2>\n<p><strong><u>\u00a0<\/u><\/strong><\/p>\n<h2><strong>MANIFESTACION FRENTE A LACTIBER<\/strong><\/h2>\n<h6>Te recordamos la manifestaci\u00f3n que tenemos convocada todas las organizaciones agrarias, en el \u00e1mbito regional, frente a la f\u00e1brica Lactiber, en Trobajo del Cerecedo, para el <u>lunes d\u00eda 13<\/u> de diciembre, y a la que esperamos que acudas. Reclamamos una mejora inmediata e importante en el precio de la leche por parte de todas las industrias que compran a los ganaderos de Castilla y Le\u00f3n. La concentraci\u00f3n es a las <u>12:00 del mediod\u00eda<\/u>. El mejor sitio para dejar los veh\u00edculos es las inmediaciones del Mercado de Ganados.<\/h6>\n<h2><strong>AYUDA DE LA JUNTA<\/strong><\/h2>\n<h6>Salvo error, todos los ganaderos hab\u00e9is recibido esto d\u00edas una carta de la Junta aprobando la subvenci\u00f3n excepcional al sector del vacuno de leche con motivo de las p\u00e9rdidas que se est\u00e1n ocasionando por los bajos precios. La petici\u00f3n de la ayuda se la hizo recientemente ASAJA al Presidente de la Junta y al Consejero de Agricultura, y en esta ocasi\u00f3n dio sus frutos.<\/h6>\n<h6>Para cobrar la ayuda, tienes que <strong><u>ACEPTARLA expresamente<\/u><\/strong> dentro del plazo habilitado. En cualquier oficina de ASAJA puedes tramitar dicha aceptaci\u00f3n. Entendemos que el cobro es cuesti\u00f3n de semanas.<\/h6>\n<h6>ASAJA. Jueves 9 de diciembre de 2021.<\/h6>\n","protected":false},"excerpt":{"rendered":"<p>A LOS GANADEROS DE VACUNO DE LECHE \u00a0 MANIFESTACION FRENTE A LACTIBER Te recordamos la manifestaci\u00f3n que tenemos convocada todas las organizaciones agrarias, en el \u00e1mbito regional, frente a la f\u00e1brica Lactiber, en Trobajo del Cerecedo, para el lunes d\u00eda 13 de diciembre, y a la que esperamos que acudas. Reclamamos una mejora inmediata e [&hellip;]<\/p>\n","protected":false},"author":8,"featured_media":7563,"comment_status":"open","ping_status":"open","sticky":false,"template":"","format":"standard","meta":{"footnotes":""},"categories":[78],"tags":[],"yoast_head":"<!-- This site is optimized with the Yoast SEO plugin v24.5 - https:\/\/yoast.com\/wordpress\/plugins\/seo\/ -->\n<title>c_leche_21_2 - ASAJA Le\u00f3n<\/title>\n<meta name=\"description\" content=\"A LOS GANADEROS DE VACUNO DE LECHE \u00a0 MANIFESTACION FRENTE A LACTIBER Te recordamos la manifestaci\u00f3n que tenemos convocada todas las organizaciones\" \/>\n<meta name=\"robots\" content=\"index, follow, max-snippet:-1, max-image-preview:large, max-video-preview:-1\" \/>\n<link rel=\"canonical\" href=\"https:\/\/www.asajacyl.com\/leon\/buzon\/c_leche_21_2\" \/>\n<meta property=\"og:locale\" content=\"es_ES\" \/>\n<meta property=\"og:type\" content=\"article\" \/>\n<meta property=\"og:title\" content=\"c_leche_21_2 - ASAJA Le\u00f3n\" \/>\n<meta property=\"og:description\" content=\"A LOS GANADEROS DE VACUNO DE LECHE \u00a0 MANIFESTACION FRENTE A LACTIBER Te recordamos la manifestaci\u00f3n que tenemos convocada todas las organizaciones\" \/>\n<meta property=\"og:url\" content=\"https:\/\/www.asajacyl.com\/leon\/buzon\/c_leche_21_2\" \/>\n<meta property=\"og:site_name\" content=\"ASAJA Le\u00f3n\" \/>\n<meta property=\"article:published_time\" content=\"2021-12-09T08:39:00+00:00\" \/>\n<meta property=\"article:modified_time\" content=\"2021-12-09T08:44:15+00:00\" \/>\n<meta property=\"og:image\" content=\"https:\/\/www.asajacyl.com\/leon\/wp-content\/uploads\/sites\/6\/2017\/11\/VACUNO_LECHE.jpg\" \/>\n\t<meta property=\"og:image:width\" content=\"1109\" \/>\n\t<meta property=\"og:image:height\" content=\"926\" \/>\n\t<meta property=\"og:image:type\" content=\"image\/jpeg\" \/>\n<meta name=\"author\" content=\"Eduardo\" \/>\n<meta name=\"twitter:card\" content=\"summary_large_image\" \/>\n<meta name=\"twitter:label1\" content=\"Escrito por\" \/>\n\t<meta name=\"twitter:data1\" content=\"Eduardo\" \/>\n\t<meta name=\"twitter:label2\" content=\"Tiempo de lectura\" \/>\n\t<meta name=\"twitter:data2\" content=\"1 minuto\" \/>\n<script type=\"application\/ld+json\" class=\"yoast-schema-graph\">{\"@context\":\"https:\/\/schema.org\",\"@graph\":[{\"@type\":\"WebPage\",\"@id\":\"https:\/\/www.asajacyl.com\/leon\/buzon\/c_leche_21_2\",\"url\":\"https:\/\/www.asajacyl.com\/leon\/buzon\/c_leche_21_2\",\"name\":\"c_leche_21_2 - ASAJA Le\u00f3n\",\"isPartOf\":{\"@id\":\"https:\/\/www.asajacyl.com\/leon\/#website\"},\"primaryImageOfPage\":{\"@id\":\"https:\/\/www.asajacyl.com\/leon\/buzon\/c_leche_21_2#primaryimage\"},\"image\":{\"@id\":\"https:\/\/www.asajacyl.com\/leon\/buzon\/c_leche_21_2#primaryimage\"},\"thumbnailUrl\":\"https:\/\/www.asajacyl.com\/leon\/wp-content\/uploads\/sites\/6\/2017\/11\/VACUNO_LECHE.jpg\",\"datePublished\":\"2021-12-09T08:39:00+00:00\",\"dateModified\":\"2021-12-09T08:44:15+00:00\",\"author\":{\"@id\":\"https:\/\/www.asajacyl.com\/leon\/#\/schema\/person\/a39ff3609fc182e4c789ab486e865d32\"},\"description\":\"A LOS GANADEROS DE VACUNO DE LECHE \u00a0 MANIFESTACION FRENTE A LACTIBER Te recordamos la manifestaci\u00f3n que tenemos convocada todas las organizaciones\",\"breadcrumb\":{\"@id\":\"https:\/\/www.asajacyl.com\/leon\/buzon\/c_leche_21_2#breadcrumb\"},\"inLanguage\":\"es\",\"potentialAction\":[{\"@type\":\"ReadAction\",\"target\":[\"https:\/\/www.asajacyl.com\/leon\/buzon\/c_leche_21_2\"]}]},{\"@type\":\"ImageObject\",\"inLanguage\":\"es\",\"@id\":\"https:\/\/www.asajacyl.com\/leon\/buzon\/c_leche_21_2#primaryimage\",\"url\":\"https:\/\/www.asajacyl.com\/leon\/wp-content\/uploads\/sites\/6\/2017\/11\/VACUNO_LECHE.jpg\",\"contentUrl\":\"https:\/\/www.asajacyl.com\/leon\/wp-content\/uploads\/sites\/6\/2017\/11\/VACUNO_LECHE.jpg\",\"width\":1109,\"height\":926},{\"@type\":\"BreadcrumbList\",\"@id\":\"https:\/\/www.asajacyl.com\/leon\/buzon\/c_leche_21_2#breadcrumb\",\"itemListElement\":[{\"@type\":\"ListItem\",\"position\":1,\"name\":\"Portada\",\"item\":\"https:\/\/www.asajacyl.com\/leon\/\"},{\"@type\":\"ListItem\",\"position\":2,\"name\":\"c_leche_21_2\"}]},{\"@type\":\"WebSite\",\"@id\":\"https:\/\/www.asajacyl.com\/leon\/#website\",\"url\":\"https:\/\/www.asajacyl.com\/leon\/\",\"name\":\"ASAJA Le\u00f3n\",\"description\":\"Otro sitio m\u00e1s de Provincias ASAJA Castilla y Le\u00f3n\",\"potentialAction\":[{\"@type\":\"SearchAction\",\"target\":{\"@type\":\"EntryPoint\",\"urlTemplate\":\"https:\/\/www.asajacyl.com\/leon\/?s={search_term_string}\"},\"query-input\":{\"@type\":\"PropertyValueSpecification\",\"valueRequired\":true,\"valueName\":\"search_term_string\"}}],\"inLanguage\":\"es\"},{\"@type\":\"Person\",\"@id\":\"https:\/\/www.asajacyl.com\/leon\/#\/schema\/person\/a39ff3609fc182e4c789ab486e865d32\",\"name\":\"Eduardo\",\"image\":{\"@type\":\"ImageObject\",\"inLanguage\":\"es\",\"@id\":\"https:\/\/www.asajacyl.com\/leon\/#\/schema\/person\/image\/\",\"url\":\"https:\/\/secure.gravatar.com\/avatar\/9ebd6aba21d817dcf9595bc9ca505af5?s=96&d=mm&r=g\",\"contentUrl\":\"https:\/\/secure.gravatar.com\/avatar\/9ebd6aba21d817dcf9595bc9ca505af5?s=96&d=mm&r=g\",\"caption\":\"Eduardo\"},\"url\":\"https:\/\/www.asajacyl.com\/leon\/author\/eduardovv\"}]}<\/script>\n<!-- \/ Yoast SEO plugin. -->","yoast_head_json":{"title":"c_leche_21_2 - ASAJA Le\u00f3n","description":"A LOS GANADEROS DE VACUNO DE LECHE \u00a0 MANIFESTACION FRENTE A LACTIBER Te recordamos la manifestaci\u00f3n que tenemos convocada todas las organizaciones","robots":{"index":"index","follow":"follow","max-snippet":"max-snippet:-1","max-image-preview":"max-image-preview:large","max-video-preview":"max-video-preview:-1"},"canonical":"https:\/\/www.asajacyl.com\/leon\/buzon\/c_leche_21_2","og_locale":"es_ES","og_type":"article","og_title":"c_leche_21_2 - ASAJA Le\u00f3n","og_description":"A LOS GANADEROS DE VACUNO DE LECHE \u00a0 MANIFESTACION FRENTE A LACTIBER Te recordamos la manifestaci\u00f3n que tenemos convocada todas las organizaciones","og_url":"https:\/\/www.asajacyl.com\/leon\/buzon\/c_leche_21_2","og_site_name":"ASAJA Le\u00f3n","article_published_time":"2021-12-09T08:39:00+00:00","article_modified_time":"2021-12-09T08:44:15+00:00","og_image":[{"width":1109,"height":926,"url":"https:\/\/www.asajacyl.com\/leon\/wp-content\/uploads\/sites\/6\/2017\/11\/VACUNO_LECHE.jpg","type":"image\/jpeg"}],"author":"Eduardo","twitter_card":"summary_large_image","twitter_misc":{"Escrito por":"Eduardo","Tiempo de lectura":"1 minuto"},"schema":{"@context":"https:\/\/schema.org","@graph":[{"@type":"WebPage","@id":"https:\/\/www.asajacyl.com\/leon\/buzon\/c_leche_21_2","url":"https:\/\/www.asajacyl.com\/leon\/buzon\/c_leche_21_2","name":"c_leche_21_2 - ASAJA Le\u00f3n","isPartOf":{"@id":"https:\/\/www.asajacyl.com\/leon\/#website"},"primaryImageOfPage":{"@id":"https:\/\/www.asajacyl.com\/leon\/buzon\/c_leche_21_2#primaryimage"},"image":{"@id":"https:\/\/www.asajacyl.com\/leon\/buzon\/c_leche_21_2#primaryimage"},"thumbnailUrl":"https:\/\/www.asajacyl.com\/leon\/wp-content\/uploads\/sites\/6\/2017\/11\/VACUNO_LECHE.jpg","datePublished":"2021-12-09T08:39:00+00:00","dateModified":"2021-12-09T08:44:15+00:00","author":{"@id":"https:\/\/www.asajacyl.com\/leon\/#\/schema\/person\/a39ff3609fc182e4c789ab486e865d32"},"description":"A LOS GANADEROS DE VACUNO DE LECHE \u00a0 MANIFESTACION FRENTE A LACTIBER Te recordamos la manifestaci\u00f3n que tenemos convocada todas las organizaciones","breadcrumb":{"@id":"https:\/\/www.asajacyl.com\/leon\/buzon\/c_leche_21_2#breadcrumb"},"inLanguage":"es","potentialAction":[{"@type":"ReadAction","target":["https:\/\/www.asajacyl.com\/leon\/buzon\/c_leche_21_2"]}]},{"@type":"ImageObject","inLanguage":"es","@id":"https:\/\/www.asajacyl.com\/leon\/buzon\/c_leche_21_2#primaryimage","url":"https:\/\/www.asajacyl.com\/leon\/wp-content\/uploads\/sites\/6\/2017\/11\/VACUNO_LECHE.jpg","contentUrl":"https:\/\/www.asajacyl.com\/leon\/wp-content\/uploads\/sites\/6\/2017\/11\/VACUNO_LECHE.jpg","width":1109,"height":926},{"@type":"BreadcrumbList","@id":"https:\/\/www.asajacyl.com\/leon\/buzon\/c_leche_21_2#breadcrumb","itemListElement":[{"@type":"ListItem","position":1,"name":"Portada","item":"https:\/\/www.asajacyl.com\/leon\/"},{"@type":"ListItem","position":2,"name":"c_leche_21_2"}]},{"@type":"WebSite","@id":"https:\/\/www.asajacyl.com\/leon\/#website","url":"https:\/\/www.asajacyl.com\/leon\/","name":"ASAJA Le\u00f3n","description":"Otro sitio m\u00e1s de Provincias ASAJA Castilla y Le\u00f3n","potentialAction":[{"@type":"SearchAction","target":{"@type":"EntryPoint","urlTemplate":"https:\/\/www.asajacyl.com\/leon\/?s={search_term_string}"},"query-input":{"@type":"PropertyValueSpecification","valueRequired":true,"valueName":"search_term_string"}}],"inLanguage":"es"},{"@type":"Person","@id":"https:\/\/www.asajacyl.com\/leon\/#\/schema\/person\/a39ff3609fc182e4c789ab486e865d32","name":"Eduardo","image":{"@type":"ImageObject","inLanguage":"es","@id":"https:\/\/www.asajacyl.com\/leon\/#\/schema\/person\/image\/","url":"https:\/\/secure.gravatar.com\/avatar\/9ebd6aba21d817dcf9595bc9ca505af5?s=96&d=mm&r=g","contentUrl":"https:\/\/secure.gravatar.com\/avatar\/9ebd6aba21d817dcf9595bc9ca505af5?s=96&d=mm&r=g","caption":"Eduardo"},"url":"https:\/\/www.asajacyl.com\/leon\/author\/eduardovv"}]}},"_links":{"self":[{"href":"https:\/\/www.asajacyl.com\/leon\/wp-json\/wp\/v2\/posts\/12841"}],"collection":[{"href":"https:\/\/www.asajacyl.com\/leon\/wp-json\/wp\/v2\/posts"}],"about":[{"href":"https:\/\/www.asajacyl.com\/leon\/wp-json\/wp\/v2\/types\/post"}],"author":[{"embeddable":true,"href":"https:\/\/www.asajacyl.com\/leon\/wp-json\/wp\/v2\/users\/8"}],"replies":[{"embeddable":true,"href":"https:\/\/www.asajacyl.com\/leon\/wp-json\/wp\/v2\/comments?post=12841"}],"version-history":[{"count":1,"href":"https:\/\/www.asajacyl.com\/leon\/wp-json\/wp\/v2\/posts\/12841\/revisions"}],"predecessor-version":[{"id":12842,"href":"https:\/\/www.asajacyl.com\/leon\/wp-json\/wp\/v2\/posts\/12841\/revisions\/12842"}],"wp:featuredmedia":[{"embeddable":true,"href":"https:\/\/www.asajacyl.com\/leon\/wp-json\/wp\/v2\/media\/7563"}],"wp:attachment":[{"href":"https:\/\/www.asajacyl.com\/leon\/wp-json\/wp\/v2\/media?parent=12841"}],"wp:term":[{"taxonomy":"category","embeddable":true,"href":"https:\/\/www.asajacyl.com\/leon\/wp-json\/wp\/v2\/categories?post=12841"},{"taxonomy":"post_tag","embeddable":true,"href":"https:\/\/www.asajacyl.com\/leon\/wp-json\/wp\/v2\/tags?post=12841"}],"curies":[{"name":"wp","href":"https:\/\/api.w.org\/{rel}","templated":true}]}}