{"id":129,"date":"2017-05-15T00:00:00","date_gmt":"2017-05-14T22:00:00","guid":{"rendered":"https:\/\/www.asajacyl.com\/leon\/2017\/05\/15\/asaja-se-rene-maana-con-los-responsables-de-agroseguro-para-coordinar-las-peritaciones-de-daos-en-los-cultivos\/"},"modified":"2017-11-14T18:22:25","modified_gmt":"2017-11-14T17:22:25","slug":"asaja-se-rene-maana-con-los-responsables-de-agroseguro-para-coordinar-las-peritaciones-de-daos-en-los-cultivos","status":"publish","type":"post","link":"https:\/\/www.asajacyl.com\/leon\/asaja-leon-informa\/asaja-se-rene-maana-con-los-responsables-de-agroseguro-para-coordinar-las-peritaciones-de-daos-en-los-cultivos","title":{"rendered":"ASAJA SE RE&#218;NE MA&#209;ANA CON LOS RESPONSABLES DE AGROSEGURO PARA COORDINAR LAS PERITACIONES DE DA&#209;OS EN LOS CULTIVOS"},"content":{"rendered":"<h2>La organizaci&#243;n agraria ASAJA celebra ma&#241;ana d&#237;a 16 de mayo una reuni&#243;n con los responsables de Agroseguro, a las 12 del mediod&#237;a en la Casa de la Cultura de Valencia de Don Juan, a la que est&#225;n invitados todos los socios que tienen suscrito el &#8220;seguro de rendimientos&#8221; de cultivos herb&#225;ceos, u otro tipo de seguros que cubran da&#241;os indemnizables por sequ&#237;a o heladas<\/h2>\n<p style=\"text-align: center;\">\n<span style=\"color:#006400;\"><strong>ASAJA SE RE&#218;NE MA&#209;ANA CON LOS RESPONSABLES DE AGROSEGURO PARA COORDINAR LAS PERITACIONES DE DA&#209;OS EN LOS CULTIVOS<\/strong><\/span><\/p>\n<p style=\"text-align: justify;\">\nLa organizaci&#243;n agraria ASAJA celebra ma&#241;ana d&#237;a 16 de mayo una reuni&#243;n con los responsables de Agroseguro, a las 12 del mediod&#237;a en la Casa de la Cultura de Valencia de Don Juan, a la que est&#225;n invitados todos los socios que tienen suscrito el &#8220;seguro de rendimientos&#8221; de cultivos herb&#225;ceos, u otro tipo de seguros que cubran da&#241;os indemnizables por sequ&#237;a o heladas. Al acto est&#225;n convocados casi doscientos agricultores que suscribieron el seguro colectivo con ASAJA como tomador, representando aproximadamente un cuarenta por ciento de toda la superficie asegurada en la provincia, y se contar&#225; con la presencia del director territorial nordeste de Agroseguro, Ram&#243;n Gonz&#225;lez Mart&#237;nez. El objetivo de la reuni&#243;n es conocer la operativa para gestionar los siniestros: la declaraci&#243;n de los partes, las tasaciones de da&#241;os, la declaraci&#243;n de conformidad y el pago de las indemnizaciones.<\/p>\n<p style=\"text-align: justify;\">\nEl &#8220;seguro de rendimientos&#8221;, que abarca riesgos integrales como son la sequ&#237;a y las heladas, es el que resulta efectivo para los agricultores que siembran fincas de secano ante a&#241;os con cat&#225;strofes agroclim&#225;ticas como es el actual. El agricultor que ha asegurado tiene garantizado el 70 por ciento de los rendimientos te&#243;ricos que se establecen en funci&#243;n de la comarca y&#160; de su historial. Todos los agricultores con seguro van a dar parte de siniestro y en mayor o menor medida todos tendr&#225;n derecho a&#160; indemnizaci&#243;n.<\/p>\n<p style=\"text-align: justify;\">\nASAJA est&#225; reclamando a las administraciones que aprovechen esta situaci&#243;n de crisis para introducir mejoras en los seguros para incentivar a que este mecanismo de protecci&#243;n de rentas se suscriba de forma masiva. Adem&#225;s de mejoras en las condiciones t&#233;cnicas del seguro, como son la revisi&#243;n de los rendimientos m&#225;ximos asegurables, ASAJA pide un mayor compromiso econ&#243;mico de la Junta y el Estado para con los seguros agrarios, y que todas las ayudas se apliquen directamente al suscribir la p&#243;liza de seguros.<\/p>\n<p style=\"text-align: justify;\">\nLa campa&#241;a de contrataci&#243;n de seguros agrarios todav&#237;a est&#225; abierta para cubrir da&#241;os de pedrisco e incendio y da&#241;os excepcionales en cultivos como las patatas, las alubias, el ma&#237;z o los cereales de invierno. En la pasada campa&#241;a se contrataron en la provincia de Le&#243;n 5.531 p&#243;lizas y se aseguraron 122.606 hect&#225;reas.<\/p>\n<p style=\"text-align: justify;\">\nLe&#243;n, 15 de mayo de 2017.<\/p>\n","protected":false},"excerpt":{"rendered":"<p>La organizaci&#243;n agraria ASAJA celebra ma&#241;ana d&#237;a 16 de mayo una reuni&#243;n con los responsables de Agroseguro, a las 12 del mediod&#237;a en la Casa de la Cultura de Valencia de Don Juan, a la que est&#225;n invitados todos los socios que tienen suscrito el &#8220;seguro de rendimientos&#8221; de cultivos herb&#225;ceos, u otro tipo de seguros que cubran da&#241;os indemnizables por sequ&#237;a o heladas<\/p>\n","protected":false},"author":3,"featured_media":8174,"comment_status":"open","ping_status":"open","sticky":false,"template":"","format":"standard","meta":{"footnotes":""},"categories":[4,9],"tags":[],"yoast_head":"<!-- This site is optimized with the Yoast SEO plugin v24.5 - https:\/\/yoast.com\/wordpress\/plugins\/seo\/ -->\n<title>ASAJA SE RE&#218;NE MA&#209;ANA CON LOS RESPONSABLES DE AGROSEGURO PARA COORDINAR LAS PERITACIONES DE DA&#209;OS EN LOS CULTIVOS - ASAJA Le\u00f3n<\/title>\n<meta name=\"description\" content=\"La organizaci&#243;n agraria ASAJA celebra ma&#241;ana d&#237;a 16 de mayo una reuni&#243;n con los responsables de Agroseguro, a las 12 del mediod&#237;a en la Casa de la Cultura de Valencia de Don Juan, a la que est&#225;n invitados todos los socios que tienen suscrito el &#8220;seguro de rendimientos&#8221; de cultivos herb&#225;ceos, u otro tipo de seguros que cubran da&#241;os indemnizables por sequ&#237;a o heladas\" \/>\n<meta name=\"robots\" content=\"index, follow, max-snippet:-1, max-image-preview:large, max-video-preview:-1\" \/>\n<link rel=\"canonical\" href=\"https:\/\/www.asajacyl.com\/leon\/asaja-leon-informa\/asaja-se-rene-maana-con-los-responsables-de-agroseguro-para-coordinar-las-peritaciones-de-daos-en-los-cultivos\" \/>\n<meta property=\"og:locale\" content=\"es_ES\" \/>\n<meta property=\"og:type\" content=\"article\" \/>\n<meta property=\"og:title\" content=\"ASAJA SE RE&#218;NE MA&#209;ANA CON LOS RESPONSABLES DE AGROSEGURO PARA COORDINAR LAS PERITACIONES DE DA&#209;OS EN LOS CULTIVOS - ASAJA Le\u00f3n\" \/>\n<meta property=\"og:description\" content=\"La organizaci&#243;n agraria ASAJA celebra ma&#241;ana d&#237;a 16 de mayo una reuni&#243;n con los responsables de Agroseguro, a las 12 del mediod&#237;a en la Casa de la Cultura de Valencia de Don Juan, a la que est&#225;n invitados todos los socios que tienen suscrito el &#8220;seguro de rendimientos&#8221; de cultivos herb&#225;ceos, u otro tipo de seguros que cubran da&#241;os indemnizables por sequ&#237;a o heladas\" \/>\n<meta property=\"og:url\" content=\"https:\/\/www.asajacyl.com\/leon\/asaja-leon-informa\/asaja-se-rene-maana-con-los-responsables-de-agroseguro-para-coordinar-las-peritaciones-de-daos-en-los-cultivos\" \/>\n<meta property=\"og:site_name\" content=\"ASAJA Le\u00f3n\" \/>\n<meta property=\"article:published_time\" content=\"2017-05-14T22:00:00+00:00\" \/>\n<meta property=\"article:modified_time\" content=\"2017-11-14T17:22:25+00:00\" \/>\n<meta property=\"og:image\" content=\"https:\/\/www.asajacyl.com\/leon\/wp-content\/uploads\/sites\/6\/2017\/11\/im_predefinida_1920x1080.jpg\" \/>\n\t<meta property=\"og:image:width\" content=\"1920\" \/>\n\t<meta property=\"og:image:height\" content=\"1080\" \/>\n\t<meta property=\"og:image:type\" content=\"image\/jpeg\" \/>\n<meta name=\"author\" content=\"Editor\" \/>\n<meta name=\"twitter:card\" content=\"summary_large_image\" \/>\n<meta name=\"twitter:label1\" content=\"Escrito por\" \/>\n\t<meta name=\"twitter:data1\" content=\"Editor\" \/>\n\t<meta name=\"twitter:label2\" content=\"Tiempo de lectura\" \/>\n\t<meta name=\"twitter:data2\" content=\"2 minutos\" \/>\n<script type=\"application\/ld+json\" class=\"yoast-schema-graph\">{\"@context\":\"https:\/\/schema.org\",\"@graph\":[{\"@type\":\"WebPage\",\"@id\":\"https:\/\/www.asajacyl.com\/leon\/asaja-leon-informa\/asaja-se-rene-maana-con-los-responsables-de-agroseguro-para-coordinar-las-peritaciones-de-daos-en-los-cultivos\",\"url\":\"https:\/\/www.asajacyl.com\/leon\/asaja-leon-informa\/asaja-se-rene-maana-con-los-responsables-de-agroseguro-para-coordinar-las-peritaciones-de-daos-en-los-cultivos\",\"name\":\"ASAJA SE RE&#218;NE MA&#209;ANA CON LOS RESPONSABLES DE AGROSEGURO PARA COORDINAR LAS PERITACIONES DE DA&#209;OS EN LOS CULTIVOS - ASAJA Le\u00f3n\",\"isPartOf\":{\"@id\":\"https:\/\/www.asajacyl.com\/leon\/#website\"},\"primaryImageOfPage\":{\"@id\":\"https:\/\/www.asajacyl.com\/leon\/asaja-leon-informa\/asaja-se-rene-maana-con-los-responsables-de-agroseguro-para-coordinar-las-peritaciones-de-daos-en-los-cultivos#primaryimage\"},\"image\":{\"@id\":\"https:\/\/www.asajacyl.com\/leon\/asaja-leon-informa\/asaja-se-rene-maana-con-los-responsables-de-agroseguro-para-coordinar-las-peritaciones-de-daos-en-los-cultivos#primaryimage\"},\"thumbnailUrl\":\"https:\/\/www.asajacyl.com\/leon\/wp-content\/uploads\/sites\/6\/2017\/11\/im_predefinida_1920x1080.jpg\",\"datePublished\":\"2017-05-14T22:00:00+00:00\",\"dateModified\":\"2017-11-14T17:22:25+00:00\",\"author\":{\"@id\":\"https:\/\/www.asajacyl.com\/leon\/#\/schema\/person\/7e884476cee132331142e8ac9689f20c\"},\"description\":\"La organizaci&#243;n agraria ASAJA celebra ma&#241;ana d&#237;a 16 de mayo una reuni&#243;n con los responsables de Agroseguro, a las 12 del mediod&#237;a en la Casa de la Cultura de Valencia de Don Juan, a la que est&#225;n invitados todos los socios que tienen suscrito el &#8220;seguro de rendimientos&#8221; de cultivos herb&#225;ceos, u otro tipo de seguros que cubran da&#241;os indemnizables por sequ&#237;a o heladas\",\"breadcrumb\":{\"@id\":\"https:\/\/www.asajacyl.com\/leon\/asaja-leon-informa\/asaja-se-rene-maana-con-los-responsables-de-agroseguro-para-coordinar-las-peritaciones-de-daos-en-los-cultivos#breadcrumb\"},\"inLanguage\":\"es\",\"potentialAction\":[{\"@type\":\"ReadAction\",\"target\":[\"https:\/\/www.asajacyl.com\/leon\/asaja-leon-informa\/asaja-se-rene-maana-con-los-responsables-de-agroseguro-para-coordinar-las-peritaciones-de-daos-en-los-cultivos\"]}]},{\"@type\":\"ImageObject\",\"inLanguage\":\"es\",\"@id\":\"https:\/\/www.asajacyl.com\/leon\/asaja-leon-informa\/asaja-se-rene-maana-con-los-responsables-de-agroseguro-para-coordinar-las-peritaciones-de-daos-en-los-cultivos#primaryimage\",\"url\":\"https:\/\/www.asajacyl.com\/leon\/wp-content\/uploads\/sites\/6\/2017\/11\/im_predefinida_1920x1080.jpg\",\"contentUrl\":\"https:\/\/www.asajacyl.com\/leon\/wp-content\/uploads\/sites\/6\/2017\/11\/im_predefinida_1920x1080.jpg\",\"width\":1920,\"height\":1080,\"caption\":\"Logotipo ASAJA Le\u00f3n\"},{\"@type\":\"BreadcrumbList\",\"@id\":\"https:\/\/www.asajacyl.com\/leon\/asaja-leon-informa\/asaja-se-rene-maana-con-los-responsables-de-agroseguro-para-coordinar-las-peritaciones-de-daos-en-los-cultivos#breadcrumb\",\"itemListElement\":[{\"@type\":\"ListItem\",\"position\":1,\"name\":\"Portada\",\"item\":\"https:\/\/www.asajacyl.com\/leon\/\"},{\"@type\":\"ListItem\",\"position\":2,\"name\":\"ASAJA SE RE&#218;NE MA&#209;ANA CON LOS RESPONSABLES DE AGROSEGURO PARA COORDINAR LAS PERITACIONES DE DA&#209;OS EN LOS CULTIVOS\"}]},{\"@type\":\"WebSite\",\"@id\":\"https:\/\/www.asajacyl.com\/leon\/#website\",\"url\":\"https:\/\/www.asajacyl.com\/leon\/\",\"name\":\"ASAJA Le\u00f3n\",\"description\":\"Otro sitio m\u00e1s de Provincias ASAJA Castilla y Le\u00f3n\",\"potentialAction\":[{\"@type\":\"SearchAction\",\"target\":{\"@type\":\"EntryPoint\",\"urlTemplate\":\"https:\/\/www.asajacyl.com\/leon\/?s={search_term_string}\"},\"query-input\":{\"@type\":\"PropertyValueSpecification\",\"valueRequired\":true,\"valueName\":\"search_term_string\"}}],\"inLanguage\":\"es\"},{\"@type\":\"Person\",\"@id\":\"https:\/\/www.asajacyl.com\/leon\/#\/schema\/person\/7e884476cee132331142e8ac9689f20c\",\"name\":\"Editor\",\"image\":{\"@type\":\"ImageObject\",\"inLanguage\":\"es\",\"@id\":\"https:\/\/www.asajacyl.com\/leon\/#\/schema\/person\/image\/\",\"url\":\"https:\/\/secure.gravatar.com\/avatar\/a2ef43c165669686cfcfb0e1ffa59869?s=96&d=mm&r=g\",\"contentUrl\":\"https:\/\/secure.gravatar.com\/avatar\/a2ef43c165669686cfcfb0e1ffa59869?s=96&d=mm&r=g\",\"caption\":\"Editor\"},\"url\":\"https:\/\/www.asajacyl.com\/leon\/author\/oscargg\"}]}<\/script>\n<!-- \/ Yoast SEO plugin. -->","yoast_head_json":{"title":"ASAJA SE RE&#218;NE MA&#209;ANA CON LOS RESPONSABLES DE AGROSEGURO PARA COORDINAR LAS PERITACIONES DE DA&#209;OS EN LOS CULTIVOS - ASAJA Le\u00f3n","description":"La organizaci&#243;n agraria ASAJA celebra ma&#241;ana d&#237;a 16 de mayo una reuni&#243;n con los responsables de Agroseguro, a las 12 del mediod&#237;a en la Casa de la Cultura de Valencia de Don Juan, a la que est&#225;n invitados todos los socios que tienen suscrito el &#8220;seguro de rendimientos&#8221; de cultivos herb&#225;ceos, u otro tipo de seguros que cubran da&#241;os indemnizables por sequ&#237;a o heladas","robots":{"index":"index","follow":"follow","max-snippet":"max-snippet:-1","max-image-preview":"max-image-preview:large","max-video-preview":"max-video-preview:-1"},"canonical":"https:\/\/www.asajacyl.com\/leon\/asaja-leon-informa\/asaja-se-rene-maana-con-los-responsables-de-agroseguro-para-coordinar-las-peritaciones-de-daos-en-los-cultivos","og_locale":"es_ES","og_type":"article","og_title":"ASAJA SE RE&#218;NE MA&#209;ANA CON LOS RESPONSABLES DE AGROSEGURO PARA COORDINAR LAS PERITACIONES DE DA&#209;OS EN LOS CULTIVOS - ASAJA Le\u00f3n","og_description":"La organizaci&#243;n agraria ASAJA celebra ma&#241;ana d&#237;a 16 de mayo una reuni&#243;n con los responsables de Agroseguro, a las 12 del mediod&#237;a en la Casa de la Cultura de Valencia de Don Juan, a la que est&#225;n invitados todos los socios que tienen suscrito el &#8220;seguro de rendimientos&#8221; de cultivos herb&#225;ceos, u otro tipo de seguros que cubran da&#241;os indemnizables por sequ&#237;a o heladas","og_url":"https:\/\/www.asajacyl.com\/leon\/asaja-leon-informa\/asaja-se-rene-maana-con-los-responsables-de-agroseguro-para-coordinar-las-peritaciones-de-daos-en-los-cultivos","og_site_name":"ASAJA Le\u00f3n","article_published_time":"2017-05-14T22:00:00+00:00","article_modified_time":"2017-11-14T17:22:25+00:00","og_image":[{"width":1920,"height":1080,"url":"https:\/\/www.asajacyl.com\/leon\/wp-content\/uploads\/sites\/6\/2017\/11\/im_predefinida_1920x1080.jpg","type":"image\/jpeg"}],"author":"Editor","twitter_card":"summary_large_image","twitter_misc":{"Escrito por":"Editor","Tiempo de lectura":"2 minutos"},"schema":{"@context":"https:\/\/schema.org","@graph":[{"@type":"WebPage","@id":"https:\/\/www.asajacyl.com\/leon\/asaja-leon-informa\/asaja-se-rene-maana-con-los-responsables-de-agroseguro-para-coordinar-las-peritaciones-de-daos-en-los-cultivos","url":"https:\/\/www.asajacyl.com\/leon\/asaja-leon-informa\/asaja-se-rene-maana-con-los-responsables-de-agroseguro-para-coordinar-las-peritaciones-de-daos-en-los-cultivos","name":"ASAJA SE RE&#218;NE MA&#209;ANA CON LOS RESPONSABLES DE AGROSEGURO PARA COORDINAR LAS PERITACIONES DE DA&#209;OS EN LOS CULTIVOS - ASAJA Le\u00f3n","isPartOf":{"@id":"https:\/\/www.asajacyl.com\/leon\/#website"},"primaryImageOfPage":{"@id":"https:\/\/www.asajacyl.com\/leon\/asaja-leon-informa\/asaja-se-rene-maana-con-los-responsables-de-agroseguro-para-coordinar-las-peritaciones-de-daos-en-los-cultivos#primaryimage"},"image":{"@id":"https:\/\/www.asajacyl.com\/leon\/asaja-leon-informa\/asaja-se-rene-maana-con-los-responsables-de-agroseguro-para-coordinar-las-peritaciones-de-daos-en-los-cultivos#primaryimage"},"thumbnailUrl":"https:\/\/www.asajacyl.com\/leon\/wp-content\/uploads\/sites\/6\/2017\/11\/im_predefinida_1920x1080.jpg","datePublished":"2017-05-14T22:00:00+00:00","dateModified":"2017-11-14T17:22:25+00:00","author":{"@id":"https:\/\/www.asajacyl.com\/leon\/#\/schema\/person\/7e884476cee132331142e8ac9689f20c"},"description":"La organizaci&#243;n agraria ASAJA celebra ma&#241;ana d&#237;a 16 de mayo una reuni&#243;n con los responsables de Agroseguro, a las 12 del mediod&#237;a en la Casa de la Cultura de Valencia de Don Juan, a la que est&#225;n invitados todos los socios que tienen suscrito el &#8220;seguro de rendimientos&#8221; de cultivos herb&#225;ceos, u otro tipo de seguros que cubran da&#241;os indemnizables por sequ&#237;a o heladas","breadcrumb":{"@id":"https:\/\/www.asajacyl.com\/leon\/asaja-leon-informa\/asaja-se-rene-maana-con-los-responsables-de-agroseguro-para-coordinar-las-peritaciones-de-daos-en-los-cultivos#breadcrumb"},"inLanguage":"es","potentialAction":[{"@type":"ReadAction","target":["https:\/\/www.asajacyl.com\/leon\/asaja-leon-informa\/asaja-se-rene-maana-con-los-responsables-de-agroseguro-para-coordinar-las-peritaciones-de-daos-en-los-cultivos"]}]},{"@type":"ImageObject","inLanguage":"es","@id":"https:\/\/www.asajacyl.com\/leon\/asaja-leon-informa\/asaja-se-rene-maana-con-los-responsables-de-agroseguro-para-coordinar-las-peritaciones-de-daos-en-los-cultivos#primaryimage","url":"https:\/\/www.asajacyl.com\/leon\/wp-content\/uploads\/sites\/6\/2017\/11\/im_predefinida_1920x1080.jpg","contentUrl":"https:\/\/www.asajacyl.com\/leon\/wp-content\/uploads\/sites\/6\/2017\/11\/im_predefinida_1920x1080.jpg","width":1920,"height":1080,"caption":"Logotipo ASAJA Le\u00f3n"},{"@type":"BreadcrumbList","@id":"https:\/\/www.asajacyl.com\/leon\/asaja-leon-informa\/asaja-se-rene-maana-con-los-responsables-de-agroseguro-para-coordinar-las-peritaciones-de-daos-en-los-cultivos#breadcrumb","itemListElement":[{"@type":"ListItem","position":1,"name":"Portada","item":"https:\/\/www.asajacyl.com\/leon\/"},{"@type":"ListItem","position":2,"name":"ASAJA SE RE&#218;NE MA&#209;ANA CON LOS RESPONSABLES DE AGROSEGURO PARA COORDINAR LAS PERITACIONES DE DA&#209;OS EN LOS CULTIVOS"}]},{"@type":"WebSite","@id":"https:\/\/www.asajacyl.com\/leon\/#website","url":"https:\/\/www.asajacyl.com\/leon\/","name":"ASAJA Le\u00f3n","description":"Otro sitio m\u00e1s de Provincias ASAJA Castilla y Le\u00f3n","potentialAction":[{"@type":"SearchAction","target":{"@type":"EntryPoint","urlTemplate":"https:\/\/www.asajacyl.com\/leon\/?s={search_term_string}"},"query-input":{"@type":"PropertyValueSpecification","valueRequired":true,"valueName":"search_term_string"}}],"inLanguage":"es"},{"@type":"Person","@id":"https:\/\/www.asajacyl.com\/leon\/#\/schema\/person\/7e884476cee132331142e8ac9689f20c","name":"Editor","image":{"@type":"ImageObject","inLanguage":"es","@id":"https:\/\/www.asajacyl.com\/leon\/#\/schema\/person\/image\/","url":"https:\/\/secure.gravatar.com\/avatar\/a2ef43c165669686cfcfb0e1ffa59869?s=96&d=mm&r=g","contentUrl":"https:\/\/secure.gravatar.com\/avatar\/a2ef43c165669686cfcfb0e1ffa59869?s=96&d=mm&r=g","caption":"Editor"},"url":"https:\/\/www.asajacyl.com\/leon\/author\/oscargg"}]}},"_links":{"self":[{"href":"https:\/\/www.asajacyl.com\/leon\/wp-json\/wp\/v2\/posts\/129"}],"collection":[{"href":"https:\/\/www.asajacyl.com\/leon\/wp-json\/wp\/v2\/posts"}],"about":[{"href":"https:\/\/www.asajacyl.com\/leon\/wp-json\/wp\/v2\/types\/post"}],"author":[{"embeddable":true,"href":"https:\/\/www.asajacyl.com\/leon\/wp-json\/wp\/v2\/users\/3"}],"replies":[{"embeddable":true,"href":"https:\/\/www.asajacyl.com\/leon\/wp-json\/wp\/v2\/comments?post=129"}],"version-history":[{"count":2,"href":"https:\/\/www.asajacyl.com\/leon\/wp-json\/wp\/v2\/posts\/129\/revisions"}],"predecessor-version":[{"id":3694,"href":"https:\/\/www.asajacyl.com\/leon\/wp-json\/wp\/v2\/posts\/129\/revisions\/3694"}],"wp:featuredmedia":[{"embeddable":true,"href":"https:\/\/www.asajacyl.com\/leon\/wp-json\/wp\/v2\/media\/8174"}],"wp:attachment":[{"href":"https:\/\/www.asajacyl.com\/leon\/wp-json\/wp\/v2\/media?parent=129"}],"wp:term":[{"taxonomy":"category","embeddable":true,"href":"https:\/\/www.asajacyl.com\/leon\/wp-json\/wp\/v2\/categories?post=129"},{"taxonomy":"post_tag","embeddable":true,"href":"https:\/\/www.asajacyl.com\/leon\/wp-json\/wp\/v2\/tags?post=129"}],"curies":[{"name":"wp","href":"https:\/\/api.w.org\/{rel}","templated":true}]}}