{"id":13033,"date":"2022-02-07T11:04:22","date_gmt":"2022-02-07T10:04:22","guid":{"rendered":"https:\/\/www.asajacyl.com\/leon\/?p=13033"},"modified":"2022-02-07T11:04:23","modified_gmt":"2022-02-07T10:04:23","slug":"invitacion_valdelugueros","status":"publish","type":"post","link":"https:\/\/www.asajacyl.com\/leon\/buzon\/invitacion_valdelugueros","title":{"rendered":"invitacion_valdelugueros"},"content":{"rendered":"\n<p><strong>\u00a0<\/strong><\/p>\n<p><strong>ASUNTO: INVITACI\u00d3N A UN ACTO DE JUAN CARLOS SU\u00c1REZ QUI\u00d1ONES<\/strong><strong>\u00a0<\/strong><\/p>\n<p><strong>\u00a0<\/strong>Le\u00f3n, 7 de febrero de 2022.<\/p>\n<h6>El Consejero de Medio Ambiente, <strong>Juan Carlos Su\u00e1rez Qui\u00f1ones<\/strong>, en su condici\u00f3n en este caso de candidato del PP a las elecciones del pr\u00f3ximo domingo d\u00eda 13, nos ha trasladado una invitaci\u00f3n para asistir a un acto que celebrar\u00e1n en el Hotel El Cuartel de Lugueros, en <u>Valdelugueros, a las 11:15 horas de ma\u00f1ana martes d\u00eda 8 de febrero.<\/u> El acto est\u00e1 principalmente dirigido a los ganaderos de monta\u00f1a, y es de esperar que se aborde la problem\u00e1tica de lobo, los desbroces y mejora de los pastos, y otras cuestiones de pol\u00edtica agraria aunque no sean o hayan sido de su estricta competencia en el Gobierno de Castilla y Le\u00f3n. En su nombre, y como ganadero\/a de la zona, te damos traslado de esa invitaci\u00f3n para que acudas si estimas que el asunto puede interesarte.<\/h6>\n<h6>ASAJA siempre ha considerado a Juan Carlos Su\u00e1rez Qui\u00f1ones como una persona comprometida con la provincia y sobre todo comprometida con la defensa del sector primario, defendi\u00e9ndonos ante la radicalidad de los grupos ecologistas y de una buena parte de la sociedad. Una prueba de ello es su empe\u00f1o en que se pueda seguir cazando el lobo, que se puedan controlar los censos para minimizar el da\u00f1o en nuestra caba\u00f1a ganadera, y para que se act\u00fae con justicia permitiendo el pastoreo en superficies quemadas cuando no ha sido el ganadero el causante del incendio.<\/h6>\n<p>Recibe un saludo.<\/p>\n<p>\u00a0<\/p>\n<p>\u00a0<\/p>\n<p style=\"text-align: center\">Fdo.: Jos\u00e9 Antonio Turrado<\/p>\n<p style=\"text-align: center\">Secretario general<\/p>\n<p>\u00a0<\/p>\n","protected":false},"excerpt":{"rendered":"<p>\u00a0 ASUNTO: INVITACI\u00d3N A UN ACTO DE JUAN CARLOS SU\u00c1REZ QUI\u00d1ONES\u00a0 \u00a0Le\u00f3n, 7 de febrero de 2022. El Consejero de Medio Ambiente, Juan Carlos Su\u00e1rez Qui\u00f1ones, en su condici\u00f3n en este caso de candidato del PP a las elecciones del pr\u00f3ximo domingo d\u00eda 13, nos ha trasladado una invitaci\u00f3n para asistir a un acto que [&hellip;]<\/p>\n","protected":false},"author":8,"featured_media":8520,"comment_status":"open","ping_status":"open","sticky":false,"template":"","format":"standard","meta":{"footnotes":""},"categories":[78],"tags":[],"yoast_head":"<!-- This site is optimized with the Yoast SEO plugin v24.5 - https:\/\/yoast.com\/wordpress\/plugins\/seo\/ -->\n<title>invitacion_valdelugueros - ASAJA Le\u00f3n<\/title>\n<meta name=\"description\" content=\"\u00a0 ASUNTO: INVITACI\u00d3N A UN ACTO DE JUAN CARLOS SU\u00c1REZ QUI\u00d1ONES\u00a0 \u00a0Le\u00f3n, 7 de febrero de 2022. El Consejero de Medio Ambiente, Juan Carlos Su\u00e1rez Qui\u00f1ones,\" \/>\n<meta name=\"robots\" content=\"index, follow, max-snippet:-1, max-image-preview:large, max-video-preview:-1\" \/>\n<link rel=\"canonical\" href=\"https:\/\/www.asajacyl.com\/leon\/buzon\/invitacion_valdelugueros\" \/>\n<meta property=\"og:locale\" content=\"es_ES\" \/>\n<meta property=\"og:type\" content=\"article\" \/>\n<meta property=\"og:title\" content=\"invitacion_valdelugueros - ASAJA Le\u00f3n\" \/>\n<meta property=\"og:description\" content=\"\u00a0 ASUNTO: INVITACI\u00d3N A UN ACTO DE JUAN CARLOS SU\u00c1REZ QUI\u00d1ONES\u00a0 \u00a0Le\u00f3n, 7 de febrero de 2022. El Consejero de Medio Ambiente, Juan Carlos Su\u00e1rez Qui\u00f1ones,\" \/>\n<meta property=\"og:url\" content=\"https:\/\/www.asajacyl.com\/leon\/buzon\/invitacion_valdelugueros\" \/>\n<meta property=\"og:site_name\" content=\"ASAJA Le\u00f3n\" \/>\n<meta property=\"article:published_time\" content=\"2022-02-07T10:04:22+00:00\" \/>\n<meta property=\"article:modified_time\" content=\"2022-02-07T10:04:23+00:00\" \/>\n<meta property=\"og:image\" content=\"https:\/\/www.asajacyl.com\/leon\/wp-content\/uploads\/sites\/6\/2018\/01\/mastines_web.jpg\" \/>\n\t<meta property=\"og:image:width\" content=\"1200\" \/>\n\t<meta property=\"og:image:height\" content=\"675\" \/>\n\t<meta property=\"og:image:type\" content=\"image\/jpeg\" \/>\n<meta name=\"author\" content=\"Eduardo\" \/>\n<meta name=\"twitter:card\" content=\"summary_large_image\" \/>\n<meta name=\"twitter:label1\" content=\"Escrito por\" \/>\n\t<meta name=\"twitter:data1\" content=\"Eduardo\" \/>\n\t<meta name=\"twitter:label2\" content=\"Tiempo de lectura\" \/>\n\t<meta name=\"twitter:data2\" content=\"2 minutos\" \/>\n<script type=\"application\/ld+json\" class=\"yoast-schema-graph\">{\"@context\":\"https:\/\/schema.org\",\"@graph\":[{\"@type\":\"WebPage\",\"@id\":\"https:\/\/www.asajacyl.com\/leon\/buzon\/invitacion_valdelugueros\",\"url\":\"https:\/\/www.asajacyl.com\/leon\/buzon\/invitacion_valdelugueros\",\"name\":\"invitacion_valdelugueros - ASAJA Le\u00f3n\",\"isPartOf\":{\"@id\":\"https:\/\/www.asajacyl.com\/leon\/#website\"},\"primaryImageOfPage\":{\"@id\":\"https:\/\/www.asajacyl.com\/leon\/buzon\/invitacion_valdelugueros#primaryimage\"},\"image\":{\"@id\":\"https:\/\/www.asajacyl.com\/leon\/buzon\/invitacion_valdelugueros#primaryimage\"},\"thumbnailUrl\":\"https:\/\/www.asajacyl.com\/leon\/wp-content\/uploads\/sites\/6\/2018\/01\/mastines_web.jpg\",\"datePublished\":\"2022-02-07T10:04:22+00:00\",\"dateModified\":\"2022-02-07T10:04:23+00:00\",\"author\":{\"@id\":\"https:\/\/www.asajacyl.com\/leon\/#\/schema\/person\/a39ff3609fc182e4c789ab486e865d32\"},\"description\":\"\u00a0 ASUNTO: INVITACI\u00d3N A UN ACTO DE JUAN CARLOS SU\u00c1REZ QUI\u00d1ONES\u00a0 \u00a0Le\u00f3n, 7 de febrero de 2022. El Consejero de Medio Ambiente, Juan Carlos Su\u00e1rez Qui\u00f1ones,\",\"breadcrumb\":{\"@id\":\"https:\/\/www.asajacyl.com\/leon\/buzon\/invitacion_valdelugueros#breadcrumb\"},\"inLanguage\":\"es\",\"potentialAction\":[{\"@type\":\"ReadAction\",\"target\":[\"https:\/\/www.asajacyl.com\/leon\/buzon\/invitacion_valdelugueros\"]}]},{\"@type\":\"ImageObject\",\"inLanguage\":\"es\",\"@id\":\"https:\/\/www.asajacyl.com\/leon\/buzon\/invitacion_valdelugueros#primaryimage\",\"url\":\"https:\/\/www.asajacyl.com\/leon\/wp-content\/uploads\/sites\/6\/2018\/01\/mastines_web.jpg\",\"contentUrl\":\"https:\/\/www.asajacyl.com\/leon\/wp-content\/uploads\/sites\/6\/2018\/01\/mastines_web.jpg\",\"width\":1200,\"height\":675},{\"@type\":\"BreadcrumbList\",\"@id\":\"https:\/\/www.asajacyl.com\/leon\/buzon\/invitacion_valdelugueros#breadcrumb\",\"itemListElement\":[{\"@type\":\"ListItem\",\"position\":1,\"name\":\"Portada\",\"item\":\"https:\/\/www.asajacyl.com\/leon\/\"},{\"@type\":\"ListItem\",\"position\":2,\"name\":\"invitacion_valdelugueros\"}]},{\"@type\":\"WebSite\",\"@id\":\"https:\/\/www.asajacyl.com\/leon\/#website\",\"url\":\"https:\/\/www.asajacyl.com\/leon\/\",\"name\":\"ASAJA Le\u00f3n\",\"description\":\"Otro sitio m\u00e1s de Provincias ASAJA Castilla y Le\u00f3n\",\"potentialAction\":[{\"@type\":\"SearchAction\",\"target\":{\"@type\":\"EntryPoint\",\"urlTemplate\":\"https:\/\/www.asajacyl.com\/leon\/?s={search_term_string}\"},\"query-input\":{\"@type\":\"PropertyValueSpecification\",\"valueRequired\":true,\"valueName\":\"search_term_string\"}}],\"inLanguage\":\"es\"},{\"@type\":\"Person\",\"@id\":\"https:\/\/www.asajacyl.com\/leon\/#\/schema\/person\/a39ff3609fc182e4c789ab486e865d32\",\"name\":\"Eduardo\",\"image\":{\"@type\":\"ImageObject\",\"inLanguage\":\"es\",\"@id\":\"https:\/\/www.asajacyl.com\/leon\/#\/schema\/person\/image\/\",\"url\":\"https:\/\/secure.gravatar.com\/avatar\/9ebd6aba21d817dcf9595bc9ca505af5?s=96&d=mm&r=g\",\"contentUrl\":\"https:\/\/secure.gravatar.com\/avatar\/9ebd6aba21d817dcf9595bc9ca505af5?s=96&d=mm&r=g\",\"caption\":\"Eduardo\"},\"url\":\"https:\/\/www.asajacyl.com\/leon\/author\/eduardovv\"}]}<\/script>\n<!-- \/ Yoast SEO plugin. -->","yoast_head_json":{"title":"invitacion_valdelugueros - ASAJA Le\u00f3n","description":"\u00a0 ASUNTO: INVITACI\u00d3N A UN ACTO DE JUAN CARLOS SU\u00c1REZ QUI\u00d1ONES\u00a0 \u00a0Le\u00f3n, 7 de febrero de 2022. El Consejero de Medio Ambiente, Juan Carlos Su\u00e1rez Qui\u00f1ones,","robots":{"index":"index","follow":"follow","max-snippet":"max-snippet:-1","max-image-preview":"max-image-preview:large","max-video-preview":"max-video-preview:-1"},"canonical":"https:\/\/www.asajacyl.com\/leon\/buzon\/invitacion_valdelugueros","og_locale":"es_ES","og_type":"article","og_title":"invitacion_valdelugueros - ASAJA Le\u00f3n","og_description":"\u00a0 ASUNTO: INVITACI\u00d3N A UN ACTO DE JUAN CARLOS SU\u00c1REZ QUI\u00d1ONES\u00a0 \u00a0Le\u00f3n, 7 de febrero de 2022. El Consejero de Medio Ambiente, Juan Carlos Su\u00e1rez Qui\u00f1ones,","og_url":"https:\/\/www.asajacyl.com\/leon\/buzon\/invitacion_valdelugueros","og_site_name":"ASAJA Le\u00f3n","article_published_time":"2022-02-07T10:04:22+00:00","article_modified_time":"2022-02-07T10:04:23+00:00","og_image":[{"width":1200,"height":675,"url":"https:\/\/www.asajacyl.com\/leon\/wp-content\/uploads\/sites\/6\/2018\/01\/mastines_web.jpg","type":"image\/jpeg"}],"author":"Eduardo","twitter_card":"summary_large_image","twitter_misc":{"Escrito por":"Eduardo","Tiempo de lectura":"2 minutos"},"schema":{"@context":"https:\/\/schema.org","@graph":[{"@type":"WebPage","@id":"https:\/\/www.asajacyl.com\/leon\/buzon\/invitacion_valdelugueros","url":"https:\/\/www.asajacyl.com\/leon\/buzon\/invitacion_valdelugueros","name":"invitacion_valdelugueros - ASAJA Le\u00f3n","isPartOf":{"@id":"https:\/\/www.asajacyl.com\/leon\/#website"},"primaryImageOfPage":{"@id":"https:\/\/www.asajacyl.com\/leon\/buzon\/invitacion_valdelugueros#primaryimage"},"image":{"@id":"https:\/\/www.asajacyl.com\/leon\/buzon\/invitacion_valdelugueros#primaryimage"},"thumbnailUrl":"https:\/\/www.asajacyl.com\/leon\/wp-content\/uploads\/sites\/6\/2018\/01\/mastines_web.jpg","datePublished":"2022-02-07T10:04:22+00:00","dateModified":"2022-02-07T10:04:23+00:00","author":{"@id":"https:\/\/www.asajacyl.com\/leon\/#\/schema\/person\/a39ff3609fc182e4c789ab486e865d32"},"description":"\u00a0 ASUNTO: INVITACI\u00d3N A UN ACTO DE JUAN CARLOS SU\u00c1REZ QUI\u00d1ONES\u00a0 \u00a0Le\u00f3n, 7 de febrero de 2022. El Consejero de Medio Ambiente, Juan Carlos Su\u00e1rez Qui\u00f1ones,","breadcrumb":{"@id":"https:\/\/www.asajacyl.com\/leon\/buzon\/invitacion_valdelugueros#breadcrumb"},"inLanguage":"es","potentialAction":[{"@type":"ReadAction","target":["https:\/\/www.asajacyl.com\/leon\/buzon\/invitacion_valdelugueros"]}]},{"@type":"ImageObject","inLanguage":"es","@id":"https:\/\/www.asajacyl.com\/leon\/buzon\/invitacion_valdelugueros#primaryimage","url":"https:\/\/www.asajacyl.com\/leon\/wp-content\/uploads\/sites\/6\/2018\/01\/mastines_web.jpg","contentUrl":"https:\/\/www.asajacyl.com\/leon\/wp-content\/uploads\/sites\/6\/2018\/01\/mastines_web.jpg","width":1200,"height":675},{"@type":"BreadcrumbList","@id":"https:\/\/www.asajacyl.com\/leon\/buzon\/invitacion_valdelugueros#breadcrumb","itemListElement":[{"@type":"ListItem","position":1,"name":"Portada","item":"https:\/\/www.asajacyl.com\/leon\/"},{"@type":"ListItem","position":2,"name":"invitacion_valdelugueros"}]},{"@type":"WebSite","@id":"https:\/\/www.asajacyl.com\/leon\/#website","url":"https:\/\/www.asajacyl.com\/leon\/","name":"ASAJA Le\u00f3n","description":"Otro sitio m\u00e1s de Provincias ASAJA Castilla y Le\u00f3n","potentialAction":[{"@type":"SearchAction","target":{"@type":"EntryPoint","urlTemplate":"https:\/\/www.asajacyl.com\/leon\/?s={search_term_string}"},"query-input":{"@type":"PropertyValueSpecification","valueRequired":true,"valueName":"search_term_string"}}],"inLanguage":"es"},{"@type":"Person","@id":"https:\/\/www.asajacyl.com\/leon\/#\/schema\/person\/a39ff3609fc182e4c789ab486e865d32","name":"Eduardo","image":{"@type":"ImageObject","inLanguage":"es","@id":"https:\/\/www.asajacyl.com\/leon\/#\/schema\/person\/image\/","url":"https:\/\/secure.gravatar.com\/avatar\/9ebd6aba21d817dcf9595bc9ca505af5?s=96&d=mm&r=g","contentUrl":"https:\/\/secure.gravatar.com\/avatar\/9ebd6aba21d817dcf9595bc9ca505af5?s=96&d=mm&r=g","caption":"Eduardo"},"url":"https:\/\/www.asajacyl.com\/leon\/author\/eduardovv"}]}},"_links":{"self":[{"href":"https:\/\/www.asajacyl.com\/leon\/wp-json\/wp\/v2\/posts\/13033"}],"collection":[{"href":"https:\/\/www.asajacyl.com\/leon\/wp-json\/wp\/v2\/posts"}],"about":[{"href":"https:\/\/www.asajacyl.com\/leon\/wp-json\/wp\/v2\/types\/post"}],"author":[{"embeddable":true,"href":"https:\/\/www.asajacyl.com\/leon\/wp-json\/wp\/v2\/users\/8"}],"replies":[{"embeddable":true,"href":"https:\/\/www.asajacyl.com\/leon\/wp-json\/wp\/v2\/comments?post=13033"}],"version-history":[{"count":1,"href":"https:\/\/www.asajacyl.com\/leon\/wp-json\/wp\/v2\/posts\/13033\/revisions"}],"predecessor-version":[{"id":13034,"href":"https:\/\/www.asajacyl.com\/leon\/wp-json\/wp\/v2\/posts\/13033\/revisions\/13034"}],"wp:featuredmedia":[{"embeddable":true,"href":"https:\/\/www.asajacyl.com\/leon\/wp-json\/wp\/v2\/media\/8520"}],"wp:attachment":[{"href":"https:\/\/www.asajacyl.com\/leon\/wp-json\/wp\/v2\/media?parent=13033"}],"wp:term":[{"taxonomy":"category","embeddable":true,"href":"https:\/\/www.asajacyl.com\/leon\/wp-json\/wp\/v2\/categories?post=13033"},{"taxonomy":"post_tag","embeddable":true,"href":"https:\/\/www.asajacyl.com\/leon\/wp-json\/wp\/v2\/tags?post=13033"}],"curies":[{"name":"wp","href":"https:\/\/api.w.org\/{rel}","templated":true}]}}