{"id":13037,"date":"2022-02-08T09:07:58","date_gmt":"2022-02-08T08:07:58","guid":{"rendered":"https:\/\/www.asajacyl.com\/leon\/?p=13037"},"modified":"2022-02-08T09:07:59","modified_gmt":"2022-02-08T08:07:59","slug":"asamblea_2022","status":"publish","type":"post","link":"https:\/\/www.asajacyl.com\/leon\/buzon\/asamblea_2022","title":{"rendered":"asamblea_2022"},"content":{"rendered":"\n<h2><strong><u>CONVOCATORIA DE LA XXXVI ASAMBLEA GENERAL ORDINARIA <\/u><\/strong><strong><u>Y ASAMBLEA GENERAL EXTRAORDINARIA ELECTORAL<\/u><\/strong><\/h2>\n<h6>Por acuerdo del Comit\u00e9 Ejecutivo se convoca Asamblea General Ordinaria y seguidamente Asamblea General Extraordinaria Electoral que tendr\u00e1n lugar en segunda convocatoria a las <strong><u>11:45 horas<\/u><\/strong> del <strong><u>viernes 18 de febrero<\/u><\/strong> de 2022, en el Sal\u00f3n de Actos de la <strong><u>Casa de la Cultura de Valencia de Don Juan<\/u><\/strong>.<\/h6>\n<h6><strong>ASAMBLEA GENERAL ORDINARIA<\/strong><\/h6>\n<h6>Orden del d\u00eda:<\/h6>\n<ol>\n<li>\n<h6>Informe de actividades.<\/h6>\n<\/li>\n<li>\n<h6>Balance Econ\u00f3mico de 2021 y presupuesto para 2022.<\/h6>\n<\/li>\n<li>\n<h6>Situaci\u00f3n de sectores agroganaderos.<\/h6>\n<\/li>\n<li>\n<h6>Novedades para la campa\u00f1a de la PAC de 2022.<\/h6>\n<\/li>\n<li>\n<h6>Impacto de la nueva PAC en la agricultura y ganader\u00eda de la provincia.<\/h6>\n<\/li>\n<li>\n<h6>Otros temas. Ruegos y preguntas.<\/h6>\n<\/li>\n<\/ol>\n<h6>\u00a0<\/h6>\n<h6><strong>ASAMBLEA GENERAL EXTRAORDINARIA ELECTORAL<\/strong><\/h6>\n<h6>Orden del d\u00eda<\/h6>\n<ol>\n<li>\n<h6>Composici\u00f3n de la Mesa Electoral.<\/h6>\n<\/li>\n<li>\n<h6>Intervenci\u00f3n del candidato o candidatos a la presidencia de la organizaci\u00f3n.<\/h6>\n<\/li>\n<li>\n<h6>Elecci\u00f3n de presidente y Junta Directiva.<\/h6>\n<\/li>\n<li>\n<h6>Clausura con la intervenci\u00f3n del presidente regional Donaciano Dujo.<\/h6>\n<\/li>\n<\/ol>\n<h6>\u00a0<\/h6>\n<h6>Contando con vuestra presencia y puntualidad, recibid un afectuoso saludo.<\/h6>\n<h6>\u00a0<\/h6>\n<h6>Fdo.: Arsenio Garc\u00eda Vidal\u00a0\u00a0\u00a0\u00a0\u00a0\u00a0\u00a0\u00a0\u00a0\u00a0\u00a0\u00a0\u00a0\u00a0\u00a0\u00a0\u00a0\u00a0\u00a0\u00a0\u00a0\u00a0\u00a0\u00a0\u00a0\u00a0\u00a0\u00a0\u00a0\u00a0 Fdo.: Jos\u00e9 Antonio Turrado<\/h6>\n<h6>Presidente\u00a0\u00a0\u00a0\u00a0\u00a0\u00a0\u00a0\u00a0\u00a0\u00a0\u00a0\u00a0\u00a0\u00a0\u00a0\u00a0\u00a0\u00a0\u00a0\u00a0\u00a0\u00a0\u00a0\u00a0\u00a0\u00a0\u00a0\u00a0\u00a0\u00a0\u00a0\u00a0\u00a0\u00a0\u00a0\u00a0\u00a0\u00a0\u00a0\u00a0\u00a0\u00a0\u00a0\u00a0\u00a0\u00a0\u00a0\u00a0\u00a0\u00a0\u00a0\u00a0\u00a0\u00a0 Secretario general<\/h6>\n<h6>\u00a0<\/h6>\n<h6>Nota: el proceso electoral se rige por el <strong>Reglamento Electoral<\/strong> aprobado el 25 de febrero de 2022, a disposici\u00f3n de los socios en la web corporativa de la asociaci\u00f3n. En dicha p\u00e1gina web se pueden consultar tambi\u00e9n los Estatutos y el C\u00f3digo \u00c9tico.<\/h6>\n<h6>Recordamos que la Asamblea coincide con la celebraci\u00f3n de la <strong><u>Feria de Maquinaria Agr\u00edcola de Valencia de Don Juan<\/u><\/strong>, acontecimiento sin duda de inter\u00e9s para la mayor\u00eda de los agricultores y ganaderos.<\/h6>\n<h6>\u00a0<\/h6>\n<h2><strong>TRAMITACI\u00d3N DE AYUDAS DE LA PAC<\/strong><\/h2>\n<h6><strong>\u00a0<\/strong>Comenzamos una nueva campa\u00f1a de tramitaci\u00f3n de ayudas de la PAC, un servicio que ya nos conf\u00edan casi todos nuestros socios y muchos que son simpatizantes.<\/h6>\n<h6>ASAJA pone todos los medios a disposici\u00f3n de este servicio con el fin de atender a los socios como se merecen y confeccionar expedientes sin errores por los que se cobre el mayor importe posible de ayudas.<\/h6>\n<h6>No obstante, ante la dificultad de contratar a personal con experiencia para reforzar el servicio, tenemos que planificar la campa\u00f1a para poder atender todas las solicitudes que nos llegan. <strong><u>Es imprescindible la colaboraci\u00f3n de los socios para tramitar estas ayudas cuanto antes, cumpliendo si es el caso con el calendario de citas que se d\u00e9, y trayendo a las oficinas la documentaci\u00f3n que se requiere y en particular el listado de parcelas, que proporciona ASAJA,\u00a0 con el cultivo de este a\u00f1o.<\/u><\/strong><\/h6>\n<h6>Este a\u00f1o la situaci\u00f3n climatol\u00f3gica y agron\u00f3mica ha permitido tener planificada la campa\u00f1a, en cuanto a siembras se refiere, por lo que no hay motivo para no comenzar ya a tramitar los expedientes.<\/h6>\n<h6>A los agricultores que hicieron el <strong>seguro de cultivos herb\u00e1ceos<\/strong> en los meses de noviembre o diciembre, les recordamos que a lo largo de los meses de febrero y marzo han de hacer los <strong>cambios<\/strong> si lo declarado entonces no coincide con lo sembrado.<\/h6>\n","protected":false},"excerpt":{"rendered":"<p>CONVOCATORIA DE LA XXXVI ASAMBLEA GENERAL ORDINARIA Y ASAMBLEA GENERAL EXTRAORDINARIA ELECTORAL Por acuerdo del Comit\u00e9 Ejecutivo se convoca Asamblea General Ordinaria y seguidamente Asamblea General Extraordinaria Electoral que tendr\u00e1n lugar en segunda convocatoria a las 11:45 horas del viernes 18 de febrero de 2022, en el Sal\u00f3n de Actos de la Casa de la [&hellip;]<\/p>\n","protected":false},"author":8,"featured_media":4153,"comment_status":"open","ping_status":"open","sticky":false,"template":"","format":"standard","meta":{"footnotes":""},"categories":[78],"tags":[],"yoast_head":"<!-- This site is optimized with the Yoast SEO plugin v24.5 - https:\/\/yoast.com\/wordpress\/plugins\/seo\/ -->\n<title>asamblea_2022 - ASAJA Le\u00f3n<\/title>\n<meta name=\"description\" content=\"CONVOCATORIA DE LA XXXVI ASAMBLEA GENERAL ORDINARIA Y ASAMBLEA GENERAL EXTRAORDINARIA ELECTORAL Por acuerdo del Comit\u00e9 Ejecutivo se convoca Asamblea\" \/>\n<meta name=\"robots\" content=\"index, follow, max-snippet:-1, max-image-preview:large, max-video-preview:-1\" \/>\n<link rel=\"canonical\" href=\"https:\/\/www.asajacyl.com\/leon\/buzon\/asamblea_2022\" \/>\n<meta property=\"og:locale\" content=\"es_ES\" \/>\n<meta property=\"og:type\" content=\"article\" \/>\n<meta property=\"og:title\" content=\"asamblea_2022 - ASAJA Le\u00f3n\" \/>\n<meta property=\"og:description\" content=\"CONVOCATORIA DE LA XXXVI ASAMBLEA GENERAL ORDINARIA Y ASAMBLEA GENERAL EXTRAORDINARIA ELECTORAL Por acuerdo del Comit\u00e9 Ejecutivo se convoca Asamblea\" \/>\n<meta property=\"og:url\" content=\"https:\/\/www.asajacyl.com\/leon\/buzon\/asamblea_2022\" \/>\n<meta property=\"og:site_name\" content=\"ASAJA Le\u00f3n\" \/>\n<meta property=\"article:published_time\" content=\"2022-02-08T08:07:58+00:00\" \/>\n<meta property=\"article:modified_time\" content=\"2022-02-08T08:07:59+00:00\" \/>\n<meta property=\"og:image\" content=\"https:\/\/www.asajacyl.com\/leon\/wp-content\/uploads\/sites\/6\/2017\/11\/leon-1024x683.jpg\" \/>\n\t<meta property=\"og:image:width\" content=\"1024\" \/>\n\t<meta property=\"og:image:height\" content=\"683\" \/>\n\t<meta property=\"og:image:type\" content=\"image\/jpeg\" \/>\n<meta name=\"author\" content=\"Eduardo\" \/>\n<meta name=\"twitter:card\" content=\"summary_large_image\" \/>\n<meta name=\"twitter:label1\" content=\"Escrito por\" \/>\n\t<meta name=\"twitter:data1\" content=\"Eduardo\" \/>\n\t<meta name=\"twitter:label2\" content=\"Tiempo de lectura\" \/>\n\t<meta name=\"twitter:data2\" content=\"3 minutos\" \/>\n<script type=\"application\/ld+json\" class=\"yoast-schema-graph\">{\"@context\":\"https:\/\/schema.org\",\"@graph\":[{\"@type\":\"WebPage\",\"@id\":\"https:\/\/www.asajacyl.com\/leon\/buzon\/asamblea_2022\",\"url\":\"https:\/\/www.asajacyl.com\/leon\/buzon\/asamblea_2022\",\"name\":\"asamblea_2022 - ASAJA Le\u00f3n\",\"isPartOf\":{\"@id\":\"https:\/\/www.asajacyl.com\/leon\/#website\"},\"primaryImageOfPage\":{\"@id\":\"https:\/\/www.asajacyl.com\/leon\/buzon\/asamblea_2022#primaryimage\"},\"image\":{\"@id\":\"https:\/\/www.asajacyl.com\/leon\/buzon\/asamblea_2022#primaryimage\"},\"thumbnailUrl\":\"https:\/\/www.asajacyl.com\/leon\/wp-content\/uploads\/sites\/6\/2017\/11\/leon.jpg\",\"datePublished\":\"2022-02-08T08:07:58+00:00\",\"dateModified\":\"2022-02-08T08:07:59+00:00\",\"author\":{\"@id\":\"https:\/\/www.asajacyl.com\/leon\/#\/schema\/person\/a39ff3609fc182e4c789ab486e865d32\"},\"description\":\"CONVOCATORIA DE LA XXXVI ASAMBLEA GENERAL ORDINARIA Y ASAMBLEA GENERAL EXTRAORDINARIA ELECTORAL Por acuerdo del Comit\u00e9 Ejecutivo se convoca Asamblea\",\"breadcrumb\":{\"@id\":\"https:\/\/www.asajacyl.com\/leon\/buzon\/asamblea_2022#breadcrumb\"},\"inLanguage\":\"es\",\"potentialAction\":[{\"@type\":\"ReadAction\",\"target\":[\"https:\/\/www.asajacyl.com\/leon\/buzon\/asamblea_2022\"]}]},{\"@type\":\"ImageObject\",\"inLanguage\":\"es\",\"@id\":\"https:\/\/www.asajacyl.com\/leon\/buzon\/asamblea_2022#primaryimage\",\"url\":\"https:\/\/www.asajacyl.com\/leon\/wp-content\/uploads\/sites\/6\/2017\/11\/leon.jpg\",\"contentUrl\":\"https:\/\/www.asajacyl.com\/leon\/wp-content\/uploads\/sites\/6\/2017\/11\/leon.jpg\",\"width\":3888,\"height\":2592,\"caption\":\"Oficina de Le\u00f3n\"},{\"@type\":\"BreadcrumbList\",\"@id\":\"https:\/\/www.asajacyl.com\/leon\/buzon\/asamblea_2022#breadcrumb\",\"itemListElement\":[{\"@type\":\"ListItem\",\"position\":1,\"name\":\"Portada\",\"item\":\"https:\/\/www.asajacyl.com\/leon\/\"},{\"@type\":\"ListItem\",\"position\":2,\"name\":\"asamblea_2022\"}]},{\"@type\":\"WebSite\",\"@id\":\"https:\/\/www.asajacyl.com\/leon\/#website\",\"url\":\"https:\/\/www.asajacyl.com\/leon\/\",\"name\":\"ASAJA Le\u00f3n\",\"description\":\"Otro sitio m\u00e1s de Provincias ASAJA Castilla y Le\u00f3n\",\"potentialAction\":[{\"@type\":\"SearchAction\",\"target\":{\"@type\":\"EntryPoint\",\"urlTemplate\":\"https:\/\/www.asajacyl.com\/leon\/?s={search_term_string}\"},\"query-input\":{\"@type\":\"PropertyValueSpecification\",\"valueRequired\":true,\"valueName\":\"search_term_string\"}}],\"inLanguage\":\"es\"},{\"@type\":\"Person\",\"@id\":\"https:\/\/www.asajacyl.com\/leon\/#\/schema\/person\/a39ff3609fc182e4c789ab486e865d32\",\"name\":\"Eduardo\",\"image\":{\"@type\":\"ImageObject\",\"inLanguage\":\"es\",\"@id\":\"https:\/\/www.asajacyl.com\/leon\/#\/schema\/person\/image\/\",\"url\":\"https:\/\/secure.gravatar.com\/avatar\/9ebd6aba21d817dcf9595bc9ca505af5?s=96&d=mm&r=g\",\"contentUrl\":\"https:\/\/secure.gravatar.com\/avatar\/9ebd6aba21d817dcf9595bc9ca505af5?s=96&d=mm&r=g\",\"caption\":\"Eduardo\"},\"url\":\"https:\/\/www.asajacyl.com\/leon\/author\/eduardovv\"}]}<\/script>\n<!-- \/ Yoast SEO plugin. -->","yoast_head_json":{"title":"asamblea_2022 - ASAJA Le\u00f3n","description":"CONVOCATORIA DE LA XXXVI ASAMBLEA GENERAL ORDINARIA Y ASAMBLEA GENERAL EXTRAORDINARIA ELECTORAL Por acuerdo del Comit\u00e9 Ejecutivo se convoca Asamblea","robots":{"index":"index","follow":"follow","max-snippet":"max-snippet:-1","max-image-preview":"max-image-preview:large","max-video-preview":"max-video-preview:-1"},"canonical":"https:\/\/www.asajacyl.com\/leon\/buzon\/asamblea_2022","og_locale":"es_ES","og_type":"article","og_title":"asamblea_2022 - ASAJA Le\u00f3n","og_description":"CONVOCATORIA DE LA XXXVI ASAMBLEA GENERAL ORDINARIA Y ASAMBLEA GENERAL EXTRAORDINARIA ELECTORAL Por acuerdo del Comit\u00e9 Ejecutivo se convoca Asamblea","og_url":"https:\/\/www.asajacyl.com\/leon\/buzon\/asamblea_2022","og_site_name":"ASAJA Le\u00f3n","article_published_time":"2022-02-08T08:07:58+00:00","article_modified_time":"2022-02-08T08:07:59+00:00","og_image":[{"width":1024,"height":683,"url":"https:\/\/www.asajacyl.com\/leon\/wp-content\/uploads\/sites\/6\/2017\/11\/leon-1024x683.jpg","type":"image\/jpeg"}],"author":"Eduardo","twitter_card":"summary_large_image","twitter_misc":{"Escrito por":"Eduardo","Tiempo de lectura":"3 minutos"},"schema":{"@context":"https:\/\/schema.org","@graph":[{"@type":"WebPage","@id":"https:\/\/www.asajacyl.com\/leon\/buzon\/asamblea_2022","url":"https:\/\/www.asajacyl.com\/leon\/buzon\/asamblea_2022","name":"asamblea_2022 - ASAJA Le\u00f3n","isPartOf":{"@id":"https:\/\/www.asajacyl.com\/leon\/#website"},"primaryImageOfPage":{"@id":"https:\/\/www.asajacyl.com\/leon\/buzon\/asamblea_2022#primaryimage"},"image":{"@id":"https:\/\/www.asajacyl.com\/leon\/buzon\/asamblea_2022#primaryimage"},"thumbnailUrl":"https:\/\/www.asajacyl.com\/leon\/wp-content\/uploads\/sites\/6\/2017\/11\/leon.jpg","datePublished":"2022-02-08T08:07:58+00:00","dateModified":"2022-02-08T08:07:59+00:00","author":{"@id":"https:\/\/www.asajacyl.com\/leon\/#\/schema\/person\/a39ff3609fc182e4c789ab486e865d32"},"description":"CONVOCATORIA DE LA XXXVI ASAMBLEA GENERAL ORDINARIA Y ASAMBLEA GENERAL EXTRAORDINARIA ELECTORAL Por acuerdo del Comit\u00e9 Ejecutivo se convoca Asamblea","breadcrumb":{"@id":"https:\/\/www.asajacyl.com\/leon\/buzon\/asamblea_2022#breadcrumb"},"inLanguage":"es","potentialAction":[{"@type":"ReadAction","target":["https:\/\/www.asajacyl.com\/leon\/buzon\/asamblea_2022"]}]},{"@type":"ImageObject","inLanguage":"es","@id":"https:\/\/www.asajacyl.com\/leon\/buzon\/asamblea_2022#primaryimage","url":"https:\/\/www.asajacyl.com\/leon\/wp-content\/uploads\/sites\/6\/2017\/11\/leon.jpg","contentUrl":"https:\/\/www.asajacyl.com\/leon\/wp-content\/uploads\/sites\/6\/2017\/11\/leon.jpg","width":3888,"height":2592,"caption":"Oficina de Le\u00f3n"},{"@type":"BreadcrumbList","@id":"https:\/\/www.asajacyl.com\/leon\/buzon\/asamblea_2022#breadcrumb","itemListElement":[{"@type":"ListItem","position":1,"name":"Portada","item":"https:\/\/www.asajacyl.com\/leon\/"},{"@type":"ListItem","position":2,"name":"asamblea_2022"}]},{"@type":"WebSite","@id":"https:\/\/www.asajacyl.com\/leon\/#website","url":"https:\/\/www.asajacyl.com\/leon\/","name":"ASAJA Le\u00f3n","description":"Otro sitio m\u00e1s de Provincias ASAJA Castilla y Le\u00f3n","potentialAction":[{"@type":"SearchAction","target":{"@type":"EntryPoint","urlTemplate":"https:\/\/www.asajacyl.com\/leon\/?s={search_term_string}"},"query-input":{"@type":"PropertyValueSpecification","valueRequired":true,"valueName":"search_term_string"}}],"inLanguage":"es"},{"@type":"Person","@id":"https:\/\/www.asajacyl.com\/leon\/#\/schema\/person\/a39ff3609fc182e4c789ab486e865d32","name":"Eduardo","image":{"@type":"ImageObject","inLanguage":"es","@id":"https:\/\/www.asajacyl.com\/leon\/#\/schema\/person\/image\/","url":"https:\/\/secure.gravatar.com\/avatar\/9ebd6aba21d817dcf9595bc9ca505af5?s=96&d=mm&r=g","contentUrl":"https:\/\/secure.gravatar.com\/avatar\/9ebd6aba21d817dcf9595bc9ca505af5?s=96&d=mm&r=g","caption":"Eduardo"},"url":"https:\/\/www.asajacyl.com\/leon\/author\/eduardovv"}]}},"_links":{"self":[{"href":"https:\/\/www.asajacyl.com\/leon\/wp-json\/wp\/v2\/posts\/13037"}],"collection":[{"href":"https:\/\/www.asajacyl.com\/leon\/wp-json\/wp\/v2\/posts"}],"about":[{"href":"https:\/\/www.asajacyl.com\/leon\/wp-json\/wp\/v2\/types\/post"}],"author":[{"embeddable":true,"href":"https:\/\/www.asajacyl.com\/leon\/wp-json\/wp\/v2\/users\/8"}],"replies":[{"embeddable":true,"href":"https:\/\/www.asajacyl.com\/leon\/wp-json\/wp\/v2\/comments?post=13037"}],"version-history":[{"count":1,"href":"https:\/\/www.asajacyl.com\/leon\/wp-json\/wp\/v2\/posts\/13037\/revisions"}],"predecessor-version":[{"id":13038,"href":"https:\/\/www.asajacyl.com\/leon\/wp-json\/wp\/v2\/posts\/13037\/revisions\/13038"}],"wp:featuredmedia":[{"embeddable":true,"href":"https:\/\/www.asajacyl.com\/leon\/wp-json\/wp\/v2\/media\/4153"}],"wp:attachment":[{"href":"https:\/\/www.asajacyl.com\/leon\/wp-json\/wp\/v2\/media?parent=13037"}],"wp:term":[{"taxonomy":"category","embeddable":true,"href":"https:\/\/www.asajacyl.com\/leon\/wp-json\/wp\/v2\/categories?post=13037"},{"taxonomy":"post_tag","embeddable":true,"href":"https:\/\/www.asajacyl.com\/leon\/wp-json\/wp\/v2\/tags?post=13037"}],"curies":[{"name":"wp","href":"https:\/\/api.w.org\/{rel}","templated":true}]}}