{"id":13074,"date":"2022-02-28T14:09:43","date_gmt":"2022-02-28T13:09:43","guid":{"rendered":"https:\/\/www.asajacyl.com\/leon\/?p=13074"},"modified":"2022-02-28T14:09:45","modified_gmt":"2022-02-28T13:09:45","slug":"c_pac2022","status":"publish","type":"post","link":"https:\/\/www.asajacyl.com\/leon\/buzon\/c_pac2022","title":{"rendered":"c_pac2022"},"content":{"rendered":"\n<h2><strong><u>CITAS PARA TRAMITAR LA PAC<\/u><\/strong><\/h2>\n<h6><strong><u>Desde el 1 de marzo<\/u><\/strong> est\u00e1n abiertas al p\u00fablico todas las oficinas de ASAJA, todos los d\u00edas de la semana de lunes a viernes, para tramitar la PAC. Este servicio se presta, con car\u00e1cter general, con <strong><u>CITA PREVIA<\/u><\/strong>. Dado lo complejos que son estos expedientes y el elevado n\u00famero de socios a los que hay que atender, con unos medios humanos por parte de ASAJA que son escasos, necesitamos comenzar intensamente desde el principio y programar la campa\u00f1a fijando todas las citas desde los primeros d\u00edas. <u>No garantizamos un servicio de calidad, ni tan siquiera poder dar el servicio, a quienes lo dejen todo para los \u00faltimos d\u00edas<\/u>. Tambi\u00e9n agradecemos aportar toda la informaci\u00f3n y documentaci\u00f3n el primer d\u00eda para dejar en la medida de lo posible cerrado el expediente. Ya sabes que posteriormente al cierre del plazo, el <strong><u>30 de abril<\/u><\/strong>, se pueden hacer modificaciones.<\/h6>\n<h6>Por otra parte, tenernos un grupo importante de socios que han tramitado estas ayudas otros a\u00f1os en la oficina de Le\u00f3n cuando le queda m\u00e1s cerca una oficina comarcal de ASAJA, como pueda ser Ponferrada, La Ba\u00f1eza, Santa Mar\u00eda, Valencia, Carrizo, Sahag\u00fan y este a\u00f1o tambi\u00e9n Villablino. <strong><u>Rogamos a todos los socios que, si es el caso de tener una oficina comarcal m\u00e1s pr\u00f3xima, pidan la cita en dicha oficina y no en la de Le\u00f3n capital<\/u><\/strong>. Lo contrario a esta recomendaci\u00f3n, a este ruego, significa complicar el trabajo de nuestro personal, y significa dar un servicio de peor calidad.<\/h6>\n<h6><strong><u>No se prestar\u00e1 el servicio a socios que tengan deudas con ASAJA en este concepto, de cuota de afiliaci\u00f3n o de cualquier otro concepto, en tanto no se pague la deuda.<\/u><\/strong><\/h6>\n<h6>Te recordamos los tel\u00e9fonos de nuestras oficinas:<\/h6>\n<ul>\n<li>\n<h6>Ponferrada: 987 456157<\/h6>\n<\/li>\n<li>\n<h6>La Ba\u00f1eza: 987 640827<\/h6>\n<\/li>\n<li>\n<h6>Santa Mar\u00eda del P\u00e1ramo: 987351508<\/h6>\n<\/li>\n<li>\n<h6>Carrizo de la Ribera: 987 357409<\/h6>\n<\/li>\n<li>\n<h6>Valencia de Don Juan: 987 751511<\/h6>\n<\/li>\n<li>\n<h6>Sahag\u00fan: 987 780781<\/h6>\n<\/li>\n<li>\n<h6>Le\u00f3n capital: 987 245231<\/h6>\n<\/li>\n<li>\n<h6>Villablino: 655 436328<\/h6>\n<\/li>\n<\/ul>\n<p>\u00a0<\/p>\n<p>Recibe un saludo.<\/p>\n<p>\u00a0<\/p>\n<p>\u00a0<\/p>\n<p>Fdo.: Jos\u00e9 Antonio Turrado<\/p>\n<p>Secretario general<\/p>\n","protected":false},"excerpt":{"rendered":"<p>CITAS PARA TRAMITAR LA PAC Desde el 1 de marzo est\u00e1n abiertas al p\u00fablico todas las oficinas de ASAJA, todos los d\u00edas de la semana de lunes a viernes, para tramitar la PAC. Este servicio se presta, con car\u00e1cter general, con CITA PREVIA. Dado lo complejos que son estos expedientes y el elevado n\u00famero de [&hellip;]<\/p>\n","protected":false},"author":8,"featured_media":4153,"comment_status":"open","ping_status":"open","sticky":false,"template":"","format":"standard","meta":{"footnotes":""},"categories":[78],"tags":[],"yoast_head":"<!-- This site is optimized with the Yoast SEO plugin v24.5 - https:\/\/yoast.com\/wordpress\/plugins\/seo\/ -->\n<title>c_pac2022 - ASAJA Le\u00f3n<\/title>\n<meta name=\"description\" content=\"CITAS PARA TRAMITAR LA PAC Desde el 1 de marzo est\u00e1n abiertas al p\u00fablico todas las oficinas de ASAJA, todos los d\u00edas de la semana de lunes a viernes, para\" \/>\n<meta name=\"robots\" content=\"index, follow, max-snippet:-1, max-image-preview:large, max-video-preview:-1\" \/>\n<link rel=\"canonical\" href=\"https:\/\/www.asajacyl.com\/leon\/buzon\/c_pac2022\" \/>\n<meta property=\"og:locale\" content=\"es_ES\" \/>\n<meta property=\"og:type\" content=\"article\" \/>\n<meta property=\"og:title\" content=\"c_pac2022 - ASAJA Le\u00f3n\" \/>\n<meta property=\"og:description\" content=\"CITAS PARA TRAMITAR LA PAC Desde el 1 de marzo est\u00e1n abiertas al p\u00fablico todas las oficinas de ASAJA, todos los d\u00edas de la semana de lunes a viernes, para\" \/>\n<meta property=\"og:url\" content=\"https:\/\/www.asajacyl.com\/leon\/buzon\/c_pac2022\" \/>\n<meta property=\"og:site_name\" content=\"ASAJA Le\u00f3n\" \/>\n<meta property=\"article:published_time\" content=\"2022-02-28T13:09:43+00:00\" \/>\n<meta property=\"article:modified_time\" content=\"2022-02-28T13:09:45+00:00\" \/>\n<meta property=\"og:image\" content=\"https:\/\/www.asajacyl.com\/leon\/wp-content\/uploads\/sites\/6\/2017\/11\/leon-1024x683.jpg\" \/>\n\t<meta property=\"og:image:width\" content=\"1024\" \/>\n\t<meta property=\"og:image:height\" content=\"683\" \/>\n\t<meta property=\"og:image:type\" content=\"image\/jpeg\" \/>\n<meta name=\"author\" content=\"Eduardo\" \/>\n<meta name=\"twitter:card\" content=\"summary_large_image\" \/>\n<meta name=\"twitter:label1\" content=\"Escrito por\" \/>\n\t<meta name=\"twitter:data1\" content=\"Eduardo\" \/>\n\t<meta name=\"twitter:label2\" content=\"Tiempo de lectura\" \/>\n\t<meta name=\"twitter:data2\" content=\"2 minutos\" \/>\n<script type=\"application\/ld+json\" class=\"yoast-schema-graph\">{\"@context\":\"https:\/\/schema.org\",\"@graph\":[{\"@type\":\"WebPage\",\"@id\":\"https:\/\/www.asajacyl.com\/leon\/buzon\/c_pac2022\",\"url\":\"https:\/\/www.asajacyl.com\/leon\/buzon\/c_pac2022\",\"name\":\"c_pac2022 - ASAJA Le\u00f3n\",\"isPartOf\":{\"@id\":\"https:\/\/www.asajacyl.com\/leon\/#website\"},\"primaryImageOfPage\":{\"@id\":\"https:\/\/www.asajacyl.com\/leon\/buzon\/c_pac2022#primaryimage\"},\"image\":{\"@id\":\"https:\/\/www.asajacyl.com\/leon\/buzon\/c_pac2022#primaryimage\"},\"thumbnailUrl\":\"https:\/\/www.asajacyl.com\/leon\/wp-content\/uploads\/sites\/6\/2017\/11\/leon.jpg\",\"datePublished\":\"2022-02-28T13:09:43+00:00\",\"dateModified\":\"2022-02-28T13:09:45+00:00\",\"author\":{\"@id\":\"https:\/\/www.asajacyl.com\/leon\/#\/schema\/person\/a39ff3609fc182e4c789ab486e865d32\"},\"description\":\"CITAS PARA TRAMITAR LA PAC Desde el 1 de marzo est\u00e1n abiertas al p\u00fablico todas las oficinas de ASAJA, todos los d\u00edas de la semana de lunes a viernes, para\",\"breadcrumb\":{\"@id\":\"https:\/\/www.asajacyl.com\/leon\/buzon\/c_pac2022#breadcrumb\"},\"inLanguage\":\"es\",\"potentialAction\":[{\"@type\":\"ReadAction\",\"target\":[\"https:\/\/www.asajacyl.com\/leon\/buzon\/c_pac2022\"]}]},{\"@type\":\"ImageObject\",\"inLanguage\":\"es\",\"@id\":\"https:\/\/www.asajacyl.com\/leon\/buzon\/c_pac2022#primaryimage\",\"url\":\"https:\/\/www.asajacyl.com\/leon\/wp-content\/uploads\/sites\/6\/2017\/11\/leon.jpg\",\"contentUrl\":\"https:\/\/www.asajacyl.com\/leon\/wp-content\/uploads\/sites\/6\/2017\/11\/leon.jpg\",\"width\":3888,\"height\":2592,\"caption\":\"Oficina de Le\u00f3n\"},{\"@type\":\"BreadcrumbList\",\"@id\":\"https:\/\/www.asajacyl.com\/leon\/buzon\/c_pac2022#breadcrumb\",\"itemListElement\":[{\"@type\":\"ListItem\",\"position\":1,\"name\":\"Portada\",\"item\":\"https:\/\/www.asajacyl.com\/leon\/\"},{\"@type\":\"ListItem\",\"position\":2,\"name\":\"c_pac2022\"}]},{\"@type\":\"WebSite\",\"@id\":\"https:\/\/www.asajacyl.com\/leon\/#website\",\"url\":\"https:\/\/www.asajacyl.com\/leon\/\",\"name\":\"ASAJA Le\u00f3n\",\"description\":\"Otro sitio m\u00e1s de Provincias ASAJA Castilla y Le\u00f3n\",\"potentialAction\":[{\"@type\":\"SearchAction\",\"target\":{\"@type\":\"EntryPoint\",\"urlTemplate\":\"https:\/\/www.asajacyl.com\/leon\/?s={search_term_string}\"},\"query-input\":{\"@type\":\"PropertyValueSpecification\",\"valueRequired\":true,\"valueName\":\"search_term_string\"}}],\"inLanguage\":\"es\"},{\"@type\":\"Person\",\"@id\":\"https:\/\/www.asajacyl.com\/leon\/#\/schema\/person\/a39ff3609fc182e4c789ab486e865d32\",\"name\":\"Eduardo\",\"image\":{\"@type\":\"ImageObject\",\"inLanguage\":\"es\",\"@id\":\"https:\/\/www.asajacyl.com\/leon\/#\/schema\/person\/image\/\",\"url\":\"https:\/\/secure.gravatar.com\/avatar\/9ebd6aba21d817dcf9595bc9ca505af5?s=96&d=mm&r=g\",\"contentUrl\":\"https:\/\/secure.gravatar.com\/avatar\/9ebd6aba21d817dcf9595bc9ca505af5?s=96&d=mm&r=g\",\"caption\":\"Eduardo\"},\"url\":\"https:\/\/www.asajacyl.com\/leon\/author\/eduardovv\"}]}<\/script>\n<!-- \/ Yoast SEO plugin. -->","yoast_head_json":{"title":"c_pac2022 - ASAJA Le\u00f3n","description":"CITAS PARA TRAMITAR LA PAC Desde el 1 de marzo est\u00e1n abiertas al p\u00fablico todas las oficinas de ASAJA, todos los d\u00edas de la semana de lunes a viernes, para","robots":{"index":"index","follow":"follow","max-snippet":"max-snippet:-1","max-image-preview":"max-image-preview:large","max-video-preview":"max-video-preview:-1"},"canonical":"https:\/\/www.asajacyl.com\/leon\/buzon\/c_pac2022","og_locale":"es_ES","og_type":"article","og_title":"c_pac2022 - ASAJA Le\u00f3n","og_description":"CITAS PARA TRAMITAR LA PAC Desde el 1 de marzo est\u00e1n abiertas al p\u00fablico todas las oficinas de ASAJA, todos los d\u00edas de la semana de lunes a viernes, para","og_url":"https:\/\/www.asajacyl.com\/leon\/buzon\/c_pac2022","og_site_name":"ASAJA Le\u00f3n","article_published_time":"2022-02-28T13:09:43+00:00","article_modified_time":"2022-02-28T13:09:45+00:00","og_image":[{"width":1024,"height":683,"url":"https:\/\/www.asajacyl.com\/leon\/wp-content\/uploads\/sites\/6\/2017\/11\/leon-1024x683.jpg","type":"image\/jpeg"}],"author":"Eduardo","twitter_card":"summary_large_image","twitter_misc":{"Escrito por":"Eduardo","Tiempo de lectura":"2 minutos"},"schema":{"@context":"https:\/\/schema.org","@graph":[{"@type":"WebPage","@id":"https:\/\/www.asajacyl.com\/leon\/buzon\/c_pac2022","url":"https:\/\/www.asajacyl.com\/leon\/buzon\/c_pac2022","name":"c_pac2022 - ASAJA Le\u00f3n","isPartOf":{"@id":"https:\/\/www.asajacyl.com\/leon\/#website"},"primaryImageOfPage":{"@id":"https:\/\/www.asajacyl.com\/leon\/buzon\/c_pac2022#primaryimage"},"image":{"@id":"https:\/\/www.asajacyl.com\/leon\/buzon\/c_pac2022#primaryimage"},"thumbnailUrl":"https:\/\/www.asajacyl.com\/leon\/wp-content\/uploads\/sites\/6\/2017\/11\/leon.jpg","datePublished":"2022-02-28T13:09:43+00:00","dateModified":"2022-02-28T13:09:45+00:00","author":{"@id":"https:\/\/www.asajacyl.com\/leon\/#\/schema\/person\/a39ff3609fc182e4c789ab486e865d32"},"description":"CITAS PARA TRAMITAR LA PAC Desde el 1 de marzo est\u00e1n abiertas al p\u00fablico todas las oficinas de ASAJA, todos los d\u00edas de la semana de lunes a viernes, para","breadcrumb":{"@id":"https:\/\/www.asajacyl.com\/leon\/buzon\/c_pac2022#breadcrumb"},"inLanguage":"es","potentialAction":[{"@type":"ReadAction","target":["https:\/\/www.asajacyl.com\/leon\/buzon\/c_pac2022"]}]},{"@type":"ImageObject","inLanguage":"es","@id":"https:\/\/www.asajacyl.com\/leon\/buzon\/c_pac2022#primaryimage","url":"https:\/\/www.asajacyl.com\/leon\/wp-content\/uploads\/sites\/6\/2017\/11\/leon.jpg","contentUrl":"https:\/\/www.asajacyl.com\/leon\/wp-content\/uploads\/sites\/6\/2017\/11\/leon.jpg","width":3888,"height":2592,"caption":"Oficina de Le\u00f3n"},{"@type":"BreadcrumbList","@id":"https:\/\/www.asajacyl.com\/leon\/buzon\/c_pac2022#breadcrumb","itemListElement":[{"@type":"ListItem","position":1,"name":"Portada","item":"https:\/\/www.asajacyl.com\/leon\/"},{"@type":"ListItem","position":2,"name":"c_pac2022"}]},{"@type":"WebSite","@id":"https:\/\/www.asajacyl.com\/leon\/#website","url":"https:\/\/www.asajacyl.com\/leon\/","name":"ASAJA Le\u00f3n","description":"Otro sitio m\u00e1s de Provincias ASAJA Castilla y Le\u00f3n","potentialAction":[{"@type":"SearchAction","target":{"@type":"EntryPoint","urlTemplate":"https:\/\/www.asajacyl.com\/leon\/?s={search_term_string}"},"query-input":{"@type":"PropertyValueSpecification","valueRequired":true,"valueName":"search_term_string"}}],"inLanguage":"es"},{"@type":"Person","@id":"https:\/\/www.asajacyl.com\/leon\/#\/schema\/person\/a39ff3609fc182e4c789ab486e865d32","name":"Eduardo","image":{"@type":"ImageObject","inLanguage":"es","@id":"https:\/\/www.asajacyl.com\/leon\/#\/schema\/person\/image\/","url":"https:\/\/secure.gravatar.com\/avatar\/9ebd6aba21d817dcf9595bc9ca505af5?s=96&d=mm&r=g","contentUrl":"https:\/\/secure.gravatar.com\/avatar\/9ebd6aba21d817dcf9595bc9ca505af5?s=96&d=mm&r=g","caption":"Eduardo"},"url":"https:\/\/www.asajacyl.com\/leon\/author\/eduardovv"}]}},"_links":{"self":[{"href":"https:\/\/www.asajacyl.com\/leon\/wp-json\/wp\/v2\/posts\/13074"}],"collection":[{"href":"https:\/\/www.asajacyl.com\/leon\/wp-json\/wp\/v2\/posts"}],"about":[{"href":"https:\/\/www.asajacyl.com\/leon\/wp-json\/wp\/v2\/types\/post"}],"author":[{"embeddable":true,"href":"https:\/\/www.asajacyl.com\/leon\/wp-json\/wp\/v2\/users\/8"}],"replies":[{"embeddable":true,"href":"https:\/\/www.asajacyl.com\/leon\/wp-json\/wp\/v2\/comments?post=13074"}],"version-history":[{"count":1,"href":"https:\/\/www.asajacyl.com\/leon\/wp-json\/wp\/v2\/posts\/13074\/revisions"}],"predecessor-version":[{"id":13075,"href":"https:\/\/www.asajacyl.com\/leon\/wp-json\/wp\/v2\/posts\/13074\/revisions\/13075"}],"wp:featuredmedia":[{"embeddable":true,"href":"https:\/\/www.asajacyl.com\/leon\/wp-json\/wp\/v2\/media\/4153"}],"wp:attachment":[{"href":"https:\/\/www.asajacyl.com\/leon\/wp-json\/wp\/v2\/media?parent=13074"}],"wp:term":[{"taxonomy":"category","embeddable":true,"href":"https:\/\/www.asajacyl.com\/leon\/wp-json\/wp\/v2\/categories?post=13074"},{"taxonomy":"post_tag","embeddable":true,"href":"https:\/\/www.asajacyl.com\/leon\/wp-json\/wp\/v2\/tags?post=13074"}],"curies":[{"name":"wp","href":"https:\/\/api.w.org\/{rel}","templated":true}]}}