{"id":131,"date":"2017-05-05T00:00:00","date_gmt":"2017-05-04T22:00:00","guid":{"rendered":"https:\/\/www.asajacyl.com\/leon\/2017\/05\/05\/la-primera-valoracin-de-daos-agrarios-de-asaja-de-leon-apunta-a-una-cada-del-52-en-la-renta-agraria-de-2017\/"},"modified":"2017-11-14T18:22:27","modified_gmt":"2017-11-14T17:22:27","slug":"la-primera-valoracin-de-daos-agrarios-de-asaja-de-leon-apunta-a-una-cada-del-52-en-la-renta-agraria-de-2017","status":"publish","type":"post","link":"https:\/\/www.asajacyl.com\/leon\/asaja-leon-informa\/la-primera-valoracin-de-daos-agrarios-de-asaja-de-leon-apunta-a-una-cada-del-52-en-la-renta-agraria-de-2017","title":{"rendered":"LA PRIMERA VALORACI&#211;N DE DA&#209;OS AGRARIOS DE ASAJA DE LEON, APUNTA A UNA CA&#205;DA DEL 52% EN LA RENTA AGRARIA DE 2017"},"content":{"rendered":"<h2>Estos da&#241;os est&#225;n sujetos a revisiones, con tendencia a empeorar<\/h2>\n<p align=\"center\">\n<span style=\"color:#008000;\"><strong>LA PRIMERA VALORACI&#211;N DE DA&#209;OS AGRARIOS DE ASAJA DE LEON, APUNTA A UNA CA&#205;DA DEL 52%<\/strong><strong>&#160;EN LA RENTA AGRARIA DE 2017<\/strong><\/span><\/p>\n<p style=\"text-align: center;\">\n<span style=\"color:#0000cd;\">&#160;&#160;<u>Estos da&#241;os est&#225;n sujetos a revisiones, con tendencia a empeorar<\/u><\/span><\/p>\n<p style=\"text-align: justify;\">\nLa organizaci&#243;n agraria ASAJA de Le&#243;n reuni&#243; en la tarde de hoy viernes 5 de mayo a los miembros que conforman la Junta Directiva y el Consejo Asesor, para tratar de forma casi monogr&#225;fica los problemas que se viven en el campo leon&#233;s por los da&#241;os ocasionados por las heladas y la sequ&#237;a. Los miembros de los &#243;rganos de gobierno han intervenido para poner de manifiesto la situaci&#243;n de los cultivos y producciones ganaderas que a cada uno de ellos le es m&#225;s pr&#243;xima, abarcando todos los territorios de la provincia, incluso donde se dan circunstancias especiales como es la comarca del Bierzo.<\/p>\n<p style=\"text-align: justify;\">\nASAJA ha aprobado un primer informe de valoraci&#243;n de da&#241;os, pendiente de la evoluci&#243;n posterior de las cosechas, que sit&#250;an la merma de facturaci&#243;n en el a&#241;o 2017 en 151,7 millones de euros, lo que se traducir&#225; en una ca&#237;da de la renta agraria del 52,31%&#160; para situarse en tan solo 128,3 millones de euros. La expectativa es de empeoramiento de la situaci&#243;n.<\/p>\n<p style=\"text-align: justify;\">\nLa organizaci&#243;n agraria ASAJA de Le&#243;n respalda las peticiones formuladas por ASAJA de Castilla y Le&#243;n para hacer frente a esta cat&#225;strofe: ayudas directas de m&#237;nimis de hasta 15.000 euros por explotaci&#243;n, pr&#233;stamos subvencionados con carencia y&#160; amortizaci&#243;n en varios a&#241;os, mejoras fiscales y de la Seguridad Social, flexibilidad normativa en las obligaciones contra&#237;das con la PAC y otras medidas de pol&#237;tica agraria, exoneraci&#243;n de las cuotas y tarifas a la Confederaci&#243;n Hidrogr&#225;fica del Duero, y cambios normativos acompa&#241;ados de dotaci&#243;n presupuestaria para impulsar el seguro agrario y ganadero. ASAJA de Le&#243;n respaldar&#225; sin fisuras una gran movilizaci&#243;n del sector si no se obtiene la respuesta adecuada, y pide generosidad por parte de las distintas organizaciones para que se convoque bajo el signo de la unidad.<\/p>\n<p>\n&#160;<\/p>\n<p>\nLe&#243;n, 5 de mayo de 2017.<\/p>\n<p>\n&#160;<\/p>\n<p>\nDocumentos adjuntos:<\/p>\n<p>\n&#160;<\/p>\n<p>\n&#183;&#160;&#160;&#160;&#160;&#160;&#160; Fotograf&#237;as de la reuni&#243;n de la Junta Directiva y Consejo Asesor.<\/p>\n<p>\n&#183;&#160;&#160;&#160;&#160;&#160;&#160; Informe de valoraci&#243;n de da&#241;os en la provincia de Le&#243;n.<\/p>\n","protected":false},"excerpt":{"rendered":"<p>Estos da&#241;os est&#225;n sujetos a revisiones, con tendencia a empeorar<\/p>\n","protected":false},"author":3,"featured_media":8174,"comment_status":"open","ping_status":"open","sticky":false,"template":"","format":"standard","meta":{"footnotes":""},"categories":[4,9],"tags":[],"yoast_head":"<!-- This site is optimized with the Yoast SEO plugin v24.5 - https:\/\/yoast.com\/wordpress\/plugins\/seo\/ -->\n<title>LA PRIMERA VALORACI&#211;N DE DA&#209;OS AGRARIOS DE ASAJA DE LEON, APUNTA A UNA CA&#205;DA DEL 52% EN LA RENTA AGRARIA DE 2017 - ASAJA Le\u00f3n<\/title>\n<meta name=\"description\" content=\"Estos da&#241;os est&#225;n sujetos a revisiones, con tendencia a empeorar\" \/>\n<meta name=\"robots\" content=\"index, follow, max-snippet:-1, max-image-preview:large, max-video-preview:-1\" \/>\n<link rel=\"canonical\" href=\"https:\/\/www.asajacyl.com\/leon\/asaja-leon-informa\/la-primera-valoracin-de-daos-agrarios-de-asaja-de-leon-apunta-a-una-cada-del-52-en-la-renta-agraria-de-2017\" \/>\n<meta property=\"og:locale\" content=\"es_ES\" \/>\n<meta property=\"og:type\" content=\"article\" \/>\n<meta property=\"og:title\" content=\"LA PRIMERA VALORACI&#211;N DE DA&#209;OS AGRARIOS DE ASAJA DE LEON, APUNTA A UNA CA&#205;DA DEL 52% EN LA RENTA AGRARIA DE 2017 - ASAJA Le\u00f3n\" \/>\n<meta property=\"og:description\" content=\"Estos da&#241;os est&#225;n sujetos a revisiones, con tendencia a empeorar\" \/>\n<meta property=\"og:url\" content=\"https:\/\/www.asajacyl.com\/leon\/asaja-leon-informa\/la-primera-valoracin-de-daos-agrarios-de-asaja-de-leon-apunta-a-una-cada-del-52-en-la-renta-agraria-de-2017\" \/>\n<meta property=\"og:site_name\" content=\"ASAJA Le\u00f3n\" \/>\n<meta property=\"article:published_time\" content=\"2017-05-04T22:00:00+00:00\" \/>\n<meta property=\"article:modified_time\" content=\"2017-11-14T17:22:27+00:00\" \/>\n<meta property=\"og:image\" content=\"https:\/\/www.asajacyl.com\/leon\/wp-content\/uploads\/sites\/6\/2017\/11\/im_predefinida_1920x1080.jpg\" \/>\n\t<meta property=\"og:image:width\" content=\"1920\" \/>\n\t<meta property=\"og:image:height\" content=\"1080\" \/>\n\t<meta property=\"og:image:type\" content=\"image\/jpeg\" \/>\n<meta name=\"author\" content=\"Editor\" \/>\n<meta name=\"twitter:card\" content=\"summary_large_image\" \/>\n<meta name=\"twitter:label1\" content=\"Escrito por\" \/>\n\t<meta name=\"twitter:data1\" content=\"Editor\" \/>\n\t<meta name=\"twitter:label2\" content=\"Tiempo de lectura\" \/>\n\t<meta name=\"twitter:data2\" content=\"2 minutos\" \/>\n<script type=\"application\/ld+json\" class=\"yoast-schema-graph\">{\"@context\":\"https:\/\/schema.org\",\"@graph\":[{\"@type\":\"WebPage\",\"@id\":\"https:\/\/www.asajacyl.com\/leon\/asaja-leon-informa\/la-primera-valoracin-de-daos-agrarios-de-asaja-de-leon-apunta-a-una-cada-del-52-en-la-renta-agraria-de-2017\",\"url\":\"https:\/\/www.asajacyl.com\/leon\/asaja-leon-informa\/la-primera-valoracin-de-daos-agrarios-de-asaja-de-leon-apunta-a-una-cada-del-52-en-la-renta-agraria-de-2017\",\"name\":\"LA PRIMERA VALORACI&#211;N DE DA&#209;OS AGRARIOS DE ASAJA DE LEON, APUNTA A UNA CA&#205;DA DEL 52% EN LA RENTA AGRARIA DE 2017 - ASAJA Le\u00f3n\",\"isPartOf\":{\"@id\":\"https:\/\/www.asajacyl.com\/leon\/#website\"},\"primaryImageOfPage\":{\"@id\":\"https:\/\/www.asajacyl.com\/leon\/asaja-leon-informa\/la-primera-valoracin-de-daos-agrarios-de-asaja-de-leon-apunta-a-una-cada-del-52-en-la-renta-agraria-de-2017#primaryimage\"},\"image\":{\"@id\":\"https:\/\/www.asajacyl.com\/leon\/asaja-leon-informa\/la-primera-valoracin-de-daos-agrarios-de-asaja-de-leon-apunta-a-una-cada-del-52-en-la-renta-agraria-de-2017#primaryimage\"},\"thumbnailUrl\":\"https:\/\/www.asajacyl.com\/leon\/wp-content\/uploads\/sites\/6\/2017\/11\/im_predefinida_1920x1080.jpg\",\"datePublished\":\"2017-05-04T22:00:00+00:00\",\"dateModified\":\"2017-11-14T17:22:27+00:00\",\"author\":{\"@id\":\"https:\/\/www.asajacyl.com\/leon\/#\/schema\/person\/7e884476cee132331142e8ac9689f20c\"},\"description\":\"Estos da&#241;os est&#225;n sujetos a revisiones, con tendencia a empeorar\",\"breadcrumb\":{\"@id\":\"https:\/\/www.asajacyl.com\/leon\/asaja-leon-informa\/la-primera-valoracin-de-daos-agrarios-de-asaja-de-leon-apunta-a-una-cada-del-52-en-la-renta-agraria-de-2017#breadcrumb\"},\"inLanguage\":\"es\",\"potentialAction\":[{\"@type\":\"ReadAction\",\"target\":[\"https:\/\/www.asajacyl.com\/leon\/asaja-leon-informa\/la-primera-valoracin-de-daos-agrarios-de-asaja-de-leon-apunta-a-una-cada-del-52-en-la-renta-agraria-de-2017\"]}]},{\"@type\":\"ImageObject\",\"inLanguage\":\"es\",\"@id\":\"https:\/\/www.asajacyl.com\/leon\/asaja-leon-informa\/la-primera-valoracin-de-daos-agrarios-de-asaja-de-leon-apunta-a-una-cada-del-52-en-la-renta-agraria-de-2017#primaryimage\",\"url\":\"https:\/\/www.asajacyl.com\/leon\/wp-content\/uploads\/sites\/6\/2017\/11\/im_predefinida_1920x1080.jpg\",\"contentUrl\":\"https:\/\/www.asajacyl.com\/leon\/wp-content\/uploads\/sites\/6\/2017\/11\/im_predefinida_1920x1080.jpg\",\"width\":1920,\"height\":1080,\"caption\":\"Logotipo ASAJA Le\u00f3n\"},{\"@type\":\"BreadcrumbList\",\"@id\":\"https:\/\/www.asajacyl.com\/leon\/asaja-leon-informa\/la-primera-valoracin-de-daos-agrarios-de-asaja-de-leon-apunta-a-una-cada-del-52-en-la-renta-agraria-de-2017#breadcrumb\",\"itemListElement\":[{\"@type\":\"ListItem\",\"position\":1,\"name\":\"Portada\",\"item\":\"https:\/\/www.asajacyl.com\/leon\/\"},{\"@type\":\"ListItem\",\"position\":2,\"name\":\"LA PRIMERA VALORACI&#211;N DE DA&#209;OS AGRARIOS DE ASAJA DE LEON, APUNTA A UNA CA&#205;DA DEL 52% EN LA RENTA AGRARIA DE 2017\"}]},{\"@type\":\"WebSite\",\"@id\":\"https:\/\/www.asajacyl.com\/leon\/#website\",\"url\":\"https:\/\/www.asajacyl.com\/leon\/\",\"name\":\"ASAJA Le\u00f3n\",\"description\":\"Otro sitio m\u00e1s de Provincias ASAJA Castilla y Le\u00f3n\",\"potentialAction\":[{\"@type\":\"SearchAction\",\"target\":{\"@type\":\"EntryPoint\",\"urlTemplate\":\"https:\/\/www.asajacyl.com\/leon\/?s={search_term_string}\"},\"query-input\":{\"@type\":\"PropertyValueSpecification\",\"valueRequired\":true,\"valueName\":\"search_term_string\"}}],\"inLanguage\":\"es\"},{\"@type\":\"Person\",\"@id\":\"https:\/\/www.asajacyl.com\/leon\/#\/schema\/person\/7e884476cee132331142e8ac9689f20c\",\"name\":\"Editor\",\"image\":{\"@type\":\"ImageObject\",\"inLanguage\":\"es\",\"@id\":\"https:\/\/www.asajacyl.com\/leon\/#\/schema\/person\/image\/\",\"url\":\"https:\/\/secure.gravatar.com\/avatar\/a2ef43c165669686cfcfb0e1ffa59869?s=96&d=mm&r=g\",\"contentUrl\":\"https:\/\/secure.gravatar.com\/avatar\/a2ef43c165669686cfcfb0e1ffa59869?s=96&d=mm&r=g\",\"caption\":\"Editor\"},\"url\":\"https:\/\/www.asajacyl.com\/leon\/author\/oscargg\"}]}<\/script>\n<!-- \/ Yoast SEO plugin. -->","yoast_head_json":{"title":"LA PRIMERA VALORACI&#211;N DE DA&#209;OS AGRARIOS DE ASAJA DE LEON, APUNTA A UNA CA&#205;DA DEL 52% EN LA RENTA AGRARIA DE 2017 - ASAJA Le\u00f3n","description":"Estos da&#241;os est&#225;n sujetos a revisiones, con tendencia a empeorar","robots":{"index":"index","follow":"follow","max-snippet":"max-snippet:-1","max-image-preview":"max-image-preview:large","max-video-preview":"max-video-preview:-1"},"canonical":"https:\/\/www.asajacyl.com\/leon\/asaja-leon-informa\/la-primera-valoracin-de-daos-agrarios-de-asaja-de-leon-apunta-a-una-cada-del-52-en-la-renta-agraria-de-2017","og_locale":"es_ES","og_type":"article","og_title":"LA PRIMERA VALORACI&#211;N DE DA&#209;OS AGRARIOS DE ASAJA DE LEON, APUNTA A UNA CA&#205;DA DEL 52% EN LA RENTA AGRARIA DE 2017 - ASAJA Le\u00f3n","og_description":"Estos da&#241;os est&#225;n sujetos a revisiones, con tendencia a empeorar","og_url":"https:\/\/www.asajacyl.com\/leon\/asaja-leon-informa\/la-primera-valoracin-de-daos-agrarios-de-asaja-de-leon-apunta-a-una-cada-del-52-en-la-renta-agraria-de-2017","og_site_name":"ASAJA Le\u00f3n","article_published_time":"2017-05-04T22:00:00+00:00","article_modified_time":"2017-11-14T17:22:27+00:00","og_image":[{"width":1920,"height":1080,"url":"https:\/\/www.asajacyl.com\/leon\/wp-content\/uploads\/sites\/6\/2017\/11\/im_predefinida_1920x1080.jpg","type":"image\/jpeg"}],"author":"Editor","twitter_card":"summary_large_image","twitter_misc":{"Escrito por":"Editor","Tiempo de lectura":"2 minutos"},"schema":{"@context":"https:\/\/schema.org","@graph":[{"@type":"WebPage","@id":"https:\/\/www.asajacyl.com\/leon\/asaja-leon-informa\/la-primera-valoracin-de-daos-agrarios-de-asaja-de-leon-apunta-a-una-cada-del-52-en-la-renta-agraria-de-2017","url":"https:\/\/www.asajacyl.com\/leon\/asaja-leon-informa\/la-primera-valoracin-de-daos-agrarios-de-asaja-de-leon-apunta-a-una-cada-del-52-en-la-renta-agraria-de-2017","name":"LA PRIMERA VALORACI&#211;N DE DA&#209;OS AGRARIOS DE ASAJA DE LEON, APUNTA A UNA CA&#205;DA DEL 52% EN LA RENTA AGRARIA DE 2017 - ASAJA Le\u00f3n","isPartOf":{"@id":"https:\/\/www.asajacyl.com\/leon\/#website"},"primaryImageOfPage":{"@id":"https:\/\/www.asajacyl.com\/leon\/asaja-leon-informa\/la-primera-valoracin-de-daos-agrarios-de-asaja-de-leon-apunta-a-una-cada-del-52-en-la-renta-agraria-de-2017#primaryimage"},"image":{"@id":"https:\/\/www.asajacyl.com\/leon\/asaja-leon-informa\/la-primera-valoracin-de-daos-agrarios-de-asaja-de-leon-apunta-a-una-cada-del-52-en-la-renta-agraria-de-2017#primaryimage"},"thumbnailUrl":"https:\/\/www.asajacyl.com\/leon\/wp-content\/uploads\/sites\/6\/2017\/11\/im_predefinida_1920x1080.jpg","datePublished":"2017-05-04T22:00:00+00:00","dateModified":"2017-11-14T17:22:27+00:00","author":{"@id":"https:\/\/www.asajacyl.com\/leon\/#\/schema\/person\/7e884476cee132331142e8ac9689f20c"},"description":"Estos da&#241;os est&#225;n sujetos a revisiones, con tendencia a empeorar","breadcrumb":{"@id":"https:\/\/www.asajacyl.com\/leon\/asaja-leon-informa\/la-primera-valoracin-de-daos-agrarios-de-asaja-de-leon-apunta-a-una-cada-del-52-en-la-renta-agraria-de-2017#breadcrumb"},"inLanguage":"es","potentialAction":[{"@type":"ReadAction","target":["https:\/\/www.asajacyl.com\/leon\/asaja-leon-informa\/la-primera-valoracin-de-daos-agrarios-de-asaja-de-leon-apunta-a-una-cada-del-52-en-la-renta-agraria-de-2017"]}]},{"@type":"ImageObject","inLanguage":"es","@id":"https:\/\/www.asajacyl.com\/leon\/asaja-leon-informa\/la-primera-valoracin-de-daos-agrarios-de-asaja-de-leon-apunta-a-una-cada-del-52-en-la-renta-agraria-de-2017#primaryimage","url":"https:\/\/www.asajacyl.com\/leon\/wp-content\/uploads\/sites\/6\/2017\/11\/im_predefinida_1920x1080.jpg","contentUrl":"https:\/\/www.asajacyl.com\/leon\/wp-content\/uploads\/sites\/6\/2017\/11\/im_predefinida_1920x1080.jpg","width":1920,"height":1080,"caption":"Logotipo ASAJA Le\u00f3n"},{"@type":"BreadcrumbList","@id":"https:\/\/www.asajacyl.com\/leon\/asaja-leon-informa\/la-primera-valoracin-de-daos-agrarios-de-asaja-de-leon-apunta-a-una-cada-del-52-en-la-renta-agraria-de-2017#breadcrumb","itemListElement":[{"@type":"ListItem","position":1,"name":"Portada","item":"https:\/\/www.asajacyl.com\/leon\/"},{"@type":"ListItem","position":2,"name":"LA PRIMERA VALORACI&#211;N DE DA&#209;OS AGRARIOS DE ASAJA DE LEON, APUNTA A UNA CA&#205;DA DEL 52% EN LA RENTA AGRARIA DE 2017"}]},{"@type":"WebSite","@id":"https:\/\/www.asajacyl.com\/leon\/#website","url":"https:\/\/www.asajacyl.com\/leon\/","name":"ASAJA Le\u00f3n","description":"Otro sitio m\u00e1s de Provincias ASAJA Castilla y Le\u00f3n","potentialAction":[{"@type":"SearchAction","target":{"@type":"EntryPoint","urlTemplate":"https:\/\/www.asajacyl.com\/leon\/?s={search_term_string}"},"query-input":{"@type":"PropertyValueSpecification","valueRequired":true,"valueName":"search_term_string"}}],"inLanguage":"es"},{"@type":"Person","@id":"https:\/\/www.asajacyl.com\/leon\/#\/schema\/person\/7e884476cee132331142e8ac9689f20c","name":"Editor","image":{"@type":"ImageObject","inLanguage":"es","@id":"https:\/\/www.asajacyl.com\/leon\/#\/schema\/person\/image\/","url":"https:\/\/secure.gravatar.com\/avatar\/a2ef43c165669686cfcfb0e1ffa59869?s=96&d=mm&r=g","contentUrl":"https:\/\/secure.gravatar.com\/avatar\/a2ef43c165669686cfcfb0e1ffa59869?s=96&d=mm&r=g","caption":"Editor"},"url":"https:\/\/www.asajacyl.com\/leon\/author\/oscargg"}]}},"_links":{"self":[{"href":"https:\/\/www.asajacyl.com\/leon\/wp-json\/wp\/v2\/posts\/131"}],"collection":[{"href":"https:\/\/www.asajacyl.com\/leon\/wp-json\/wp\/v2\/posts"}],"about":[{"href":"https:\/\/www.asajacyl.com\/leon\/wp-json\/wp\/v2\/types\/post"}],"author":[{"embeddable":true,"href":"https:\/\/www.asajacyl.com\/leon\/wp-json\/wp\/v2\/users\/3"}],"replies":[{"embeddable":true,"href":"https:\/\/www.asajacyl.com\/leon\/wp-json\/wp\/v2\/comments?post=131"}],"version-history":[{"count":2,"href":"https:\/\/www.asajacyl.com\/leon\/wp-json\/wp\/v2\/posts\/131\/revisions"}],"predecessor-version":[{"id":3696,"href":"https:\/\/www.asajacyl.com\/leon\/wp-json\/wp\/v2\/posts\/131\/revisions\/3696"}],"wp:featuredmedia":[{"embeddable":true,"href":"https:\/\/www.asajacyl.com\/leon\/wp-json\/wp\/v2\/media\/8174"}],"wp:attachment":[{"href":"https:\/\/www.asajacyl.com\/leon\/wp-json\/wp\/v2\/media?parent=131"}],"wp:term":[{"taxonomy":"category","embeddable":true,"href":"https:\/\/www.asajacyl.com\/leon\/wp-json\/wp\/v2\/categories?post=131"},{"taxonomy":"post_tag","embeddable":true,"href":"https:\/\/www.asajacyl.com\/leon\/wp-json\/wp\/v2\/tags?post=131"}],"curies":[{"name":"wp","href":"https:\/\/api.w.org\/{rel}","templated":true}]}}