{"id":13126,"date":"2022-03-07T09:14:13","date_gmt":"2022-03-07T08:14:13","guid":{"rendered":"https:\/\/www.asajacyl.com\/leon\/?p=13126"},"modified":"2022-03-07T09:14:14","modified_gmt":"2022-03-07T08:14:14","slug":"m_madrid_2022","status":"publish","type":"post","link":"https:\/\/www.asajacyl.com\/leon\/buzon\/m_madrid_2022","title":{"rendered":"m_madrid_2022"},"content":{"rendered":"\n<h2><strong><u>CIRCULAR SOBRE LA MANIFESTACI\u00d3N EN MADRID<\/u><\/strong><\/h2>\n<h6>Le\u00f3n, 4 de marzo de 2022.<\/h6>\n<h6>Las organizaciones agrarias ASAJA, COAG y UPA, junto las cooperativas, comunidades de regantes y otras asociaciones del mundo rural, hemos convocado una <strong><u>manifestaci\u00f3n en Madrid para el DOMINGO d\u00eda 20 de MARZO<\/u><\/strong>, en defensa del sector agroganadero y del medio rural. Es la gran manifestaci\u00f3n del campo a la que todos los socios de ASAJA debemos de asistir en un momento tan complicado para la econom\u00eda y para nuestro sector primario como el que estamos viviendo, y que vemos emporar d\u00eda a d\u00eda.<\/h6>\n<h6>ASAJA pone <strong><u>autobuses gratuitos<\/u><\/strong> para todos los socios y para los simpatizantes que puedan acompa\u00f1ar a nuestros socios. Otras organizaciones har\u00e1n algo similar con sus socios y simpatizantes, pero los autobuses no son conjuntos, es decir, \u201cvamos juntos pero no revueltos\u201d. Para ello hay que <strong><u>apuntarse en cualquiera de nuestras oficinas antes del martes d\u00eda 15<\/u><\/strong>. Es imprescindible el nombre, los dos apellidos, el pueblo y su n\u00famero de tel\u00e9fono m\u00f3vil, de cada uno de los que se apunten. A trav\u00e9s del whatsapp indicaremos la hora y lugar de salida de los autobuses. A qui\u00e9n se apunte y despu\u00e9s alegremente no vaya y tan siquiera lo comunique, le recordaremos el perjuicio que ha causado a la organizaci\u00f3n, por lo tano esperamos la m\u00e1xima seriedad en este sentido.<\/h6>\n<h6>La manifestaci\u00f3n comienza a las 11:30 por las calles de Madrid, lo que quiere decir que hay que salir muy pronto. Para acortar los tiempos, la salida de autobuses ser\u00e1 \u00fanicamente de tres puntos: Le\u00f3n capital (Palacio Deportes), Villama\u00f1\u00e1n (Gasolinera autov\u00eda) y Villaquejida (Gasolinera Palazuelo autov\u00eda). \u00danicamente se variar\u00e1 esto si en puntos realmente lejanos de estos se juntan personas suficientes para llenar un autob\u00fas.<\/h6>\n<h6>La salida de Madrid ser\u00e1 lo antes posible, dejando el tiempo estrictamente necesario para comer.<\/h6>\n<h6>Recibe un saludo.<\/h6>\n<h6>\u00a0<\/h6>\n<h6>Fdo.: Jos\u00e9 Antonio Turrado<\/h6>\n<h6>Secretario general<\/h6>\n","protected":false},"excerpt":{"rendered":"<p>CIRCULAR SOBRE LA MANIFESTACI\u00d3N EN MADRID Le\u00f3n, 4 de marzo de 2022. Las organizaciones agrarias ASAJA, COAG y UPA, junto las cooperativas, comunidades de regantes y otras asociaciones del mundo rural, hemos convocado una manifestaci\u00f3n en Madrid para el DOMINGO d\u00eda 20 de MARZO, en defensa del sector agroganadero y del medio rural. Es la [&hellip;]<\/p>\n","protected":false},"author":8,"featured_media":13127,"comment_status":"open","ping_status":"open","sticky":false,"template":"","format":"standard","meta":{"footnotes":""},"categories":[78],"tags":[],"yoast_head":"<!-- This site is optimized with the Yoast SEO plugin v24.5 - https:\/\/yoast.com\/wordpress\/plugins\/seo\/ -->\n<title>m_madrid_2022 - ASAJA Le\u00f3n<\/title>\n<meta name=\"description\" content=\"CIRCULAR SOBRE LA MANIFESTACI\u00d3N EN MADRID Le\u00f3n, 4 de marzo de 2022. Las organizaciones agrarias ASAJA, COAG y UPA, junto las cooperativas, comunidades de\" \/>\n<meta name=\"robots\" content=\"index, follow, max-snippet:-1, max-image-preview:large, max-video-preview:-1\" \/>\n<link rel=\"canonical\" href=\"https:\/\/www.asajacyl.com\/leon\/buzon\/m_madrid_2022\" \/>\n<meta property=\"og:locale\" content=\"es_ES\" \/>\n<meta property=\"og:type\" content=\"article\" \/>\n<meta property=\"og:title\" content=\"m_madrid_2022 - ASAJA Le\u00f3n\" \/>\n<meta property=\"og:description\" content=\"CIRCULAR SOBRE LA MANIFESTACI\u00d3N EN MADRID Le\u00f3n, 4 de marzo de 2022. Las organizaciones agrarias ASAJA, COAG y UPA, junto las cooperativas, comunidades de\" \/>\n<meta property=\"og:url\" content=\"https:\/\/www.asajacyl.com\/leon\/buzon\/m_madrid_2022\" \/>\n<meta property=\"og:site_name\" content=\"ASAJA Le\u00f3n\" \/>\n<meta property=\"article:published_time\" content=\"2022-03-07T08:14:13+00:00\" \/>\n<meta property=\"article:modified_time\" content=\"2022-03-07T08:14:14+00:00\" \/>\n<meta property=\"og:image\" content=\"https:\/\/www.asajacyl.com\/leon\/wp-content\/uploads\/sites\/6\/2022\/03\/manifestacion-20-m.jpg\" \/>\n\t<meta property=\"og:image:width\" content=\"1461\" \/>\n\t<meta property=\"og:image:height\" content=\"1135\" \/>\n\t<meta property=\"og:image:type\" content=\"image\/jpeg\" \/>\n<meta name=\"author\" content=\"Eduardo\" \/>\n<meta name=\"twitter:card\" content=\"summary_large_image\" \/>\n<meta name=\"twitter:label1\" content=\"Escrito por\" \/>\n\t<meta name=\"twitter:data1\" content=\"Eduardo\" \/>\n\t<meta name=\"twitter:label2\" content=\"Tiempo de lectura\" \/>\n\t<meta name=\"twitter:data2\" content=\"2 minutos\" \/>\n<script type=\"application\/ld+json\" class=\"yoast-schema-graph\">{\"@context\":\"https:\/\/schema.org\",\"@graph\":[{\"@type\":\"WebPage\",\"@id\":\"https:\/\/www.asajacyl.com\/leon\/buzon\/m_madrid_2022\",\"url\":\"https:\/\/www.asajacyl.com\/leon\/buzon\/m_madrid_2022\",\"name\":\"m_madrid_2022 - ASAJA Le\u00f3n\",\"isPartOf\":{\"@id\":\"https:\/\/www.asajacyl.com\/leon\/#website\"},\"primaryImageOfPage\":{\"@id\":\"https:\/\/www.asajacyl.com\/leon\/buzon\/m_madrid_2022#primaryimage\"},\"image\":{\"@id\":\"https:\/\/www.asajacyl.com\/leon\/buzon\/m_madrid_2022#primaryimage\"},\"thumbnailUrl\":\"https:\/\/www.asajacyl.com\/leon\/wp-content\/uploads\/sites\/6\/2022\/03\/manifestacion-20-m.jpg\",\"datePublished\":\"2022-03-07T08:14:13+00:00\",\"dateModified\":\"2022-03-07T08:14:14+00:00\",\"author\":{\"@id\":\"https:\/\/www.asajacyl.com\/leon\/#\/schema\/person\/a39ff3609fc182e4c789ab486e865d32\"},\"description\":\"CIRCULAR SOBRE LA MANIFESTACI\u00d3N EN MADRID Le\u00f3n, 4 de marzo de 2022. Las organizaciones agrarias ASAJA, COAG y UPA, junto las cooperativas, comunidades de\",\"breadcrumb\":{\"@id\":\"https:\/\/www.asajacyl.com\/leon\/buzon\/m_madrid_2022#breadcrumb\"},\"inLanguage\":\"es\",\"potentialAction\":[{\"@type\":\"ReadAction\",\"target\":[\"https:\/\/www.asajacyl.com\/leon\/buzon\/m_madrid_2022\"]}]},{\"@type\":\"ImageObject\",\"inLanguage\":\"es\",\"@id\":\"https:\/\/www.asajacyl.com\/leon\/buzon\/m_madrid_2022#primaryimage\",\"url\":\"https:\/\/www.asajacyl.com\/leon\/wp-content\/uploads\/sites\/6\/2022\/03\/manifestacion-20-m.jpg\",\"contentUrl\":\"https:\/\/www.asajacyl.com\/leon\/wp-content\/uploads\/sites\/6\/2022\/03\/manifestacion-20-m.jpg\",\"width\":1461,\"height\":1135},{\"@type\":\"BreadcrumbList\",\"@id\":\"https:\/\/www.asajacyl.com\/leon\/buzon\/m_madrid_2022#breadcrumb\",\"itemListElement\":[{\"@type\":\"ListItem\",\"position\":1,\"name\":\"Portada\",\"item\":\"https:\/\/www.asajacyl.com\/leon\/\"},{\"@type\":\"ListItem\",\"position\":2,\"name\":\"m_madrid_2022\"}]},{\"@type\":\"WebSite\",\"@id\":\"https:\/\/www.asajacyl.com\/leon\/#website\",\"url\":\"https:\/\/www.asajacyl.com\/leon\/\",\"name\":\"ASAJA Le\u00f3n\",\"description\":\"Otro sitio m\u00e1s de Provincias ASAJA Castilla y Le\u00f3n\",\"potentialAction\":[{\"@type\":\"SearchAction\",\"target\":{\"@type\":\"EntryPoint\",\"urlTemplate\":\"https:\/\/www.asajacyl.com\/leon\/?s={search_term_string}\"},\"query-input\":{\"@type\":\"PropertyValueSpecification\",\"valueRequired\":true,\"valueName\":\"search_term_string\"}}],\"inLanguage\":\"es\"},{\"@type\":\"Person\",\"@id\":\"https:\/\/www.asajacyl.com\/leon\/#\/schema\/person\/a39ff3609fc182e4c789ab486e865d32\",\"name\":\"Eduardo\",\"image\":{\"@type\":\"ImageObject\",\"inLanguage\":\"es\",\"@id\":\"https:\/\/www.asajacyl.com\/leon\/#\/schema\/person\/image\/\",\"url\":\"https:\/\/secure.gravatar.com\/avatar\/9ebd6aba21d817dcf9595bc9ca505af5?s=96&d=mm&r=g\",\"contentUrl\":\"https:\/\/secure.gravatar.com\/avatar\/9ebd6aba21d817dcf9595bc9ca505af5?s=96&d=mm&r=g\",\"caption\":\"Eduardo\"},\"url\":\"https:\/\/www.asajacyl.com\/leon\/author\/eduardovv\"}]}<\/script>\n<!-- \/ Yoast SEO plugin. -->","yoast_head_json":{"title":"m_madrid_2022 - ASAJA Le\u00f3n","description":"CIRCULAR SOBRE LA MANIFESTACI\u00d3N EN MADRID Le\u00f3n, 4 de marzo de 2022. Las organizaciones agrarias ASAJA, COAG y UPA, junto las cooperativas, comunidades de","robots":{"index":"index","follow":"follow","max-snippet":"max-snippet:-1","max-image-preview":"max-image-preview:large","max-video-preview":"max-video-preview:-1"},"canonical":"https:\/\/www.asajacyl.com\/leon\/buzon\/m_madrid_2022","og_locale":"es_ES","og_type":"article","og_title":"m_madrid_2022 - ASAJA Le\u00f3n","og_description":"CIRCULAR SOBRE LA MANIFESTACI\u00d3N EN MADRID Le\u00f3n, 4 de marzo de 2022. Las organizaciones agrarias ASAJA, COAG y UPA, junto las cooperativas, comunidades de","og_url":"https:\/\/www.asajacyl.com\/leon\/buzon\/m_madrid_2022","og_site_name":"ASAJA Le\u00f3n","article_published_time":"2022-03-07T08:14:13+00:00","article_modified_time":"2022-03-07T08:14:14+00:00","og_image":[{"width":1461,"height":1135,"url":"https:\/\/www.asajacyl.com\/leon\/wp-content\/uploads\/sites\/6\/2022\/03\/manifestacion-20-m.jpg","type":"image\/jpeg"}],"author":"Eduardo","twitter_card":"summary_large_image","twitter_misc":{"Escrito por":"Eduardo","Tiempo de lectura":"2 minutos"},"schema":{"@context":"https:\/\/schema.org","@graph":[{"@type":"WebPage","@id":"https:\/\/www.asajacyl.com\/leon\/buzon\/m_madrid_2022","url":"https:\/\/www.asajacyl.com\/leon\/buzon\/m_madrid_2022","name":"m_madrid_2022 - ASAJA Le\u00f3n","isPartOf":{"@id":"https:\/\/www.asajacyl.com\/leon\/#website"},"primaryImageOfPage":{"@id":"https:\/\/www.asajacyl.com\/leon\/buzon\/m_madrid_2022#primaryimage"},"image":{"@id":"https:\/\/www.asajacyl.com\/leon\/buzon\/m_madrid_2022#primaryimage"},"thumbnailUrl":"https:\/\/www.asajacyl.com\/leon\/wp-content\/uploads\/sites\/6\/2022\/03\/manifestacion-20-m.jpg","datePublished":"2022-03-07T08:14:13+00:00","dateModified":"2022-03-07T08:14:14+00:00","author":{"@id":"https:\/\/www.asajacyl.com\/leon\/#\/schema\/person\/a39ff3609fc182e4c789ab486e865d32"},"description":"CIRCULAR SOBRE LA MANIFESTACI\u00d3N EN MADRID Le\u00f3n, 4 de marzo de 2022. Las organizaciones agrarias ASAJA, COAG y UPA, junto las cooperativas, comunidades de","breadcrumb":{"@id":"https:\/\/www.asajacyl.com\/leon\/buzon\/m_madrid_2022#breadcrumb"},"inLanguage":"es","potentialAction":[{"@type":"ReadAction","target":["https:\/\/www.asajacyl.com\/leon\/buzon\/m_madrid_2022"]}]},{"@type":"ImageObject","inLanguage":"es","@id":"https:\/\/www.asajacyl.com\/leon\/buzon\/m_madrid_2022#primaryimage","url":"https:\/\/www.asajacyl.com\/leon\/wp-content\/uploads\/sites\/6\/2022\/03\/manifestacion-20-m.jpg","contentUrl":"https:\/\/www.asajacyl.com\/leon\/wp-content\/uploads\/sites\/6\/2022\/03\/manifestacion-20-m.jpg","width":1461,"height":1135},{"@type":"BreadcrumbList","@id":"https:\/\/www.asajacyl.com\/leon\/buzon\/m_madrid_2022#breadcrumb","itemListElement":[{"@type":"ListItem","position":1,"name":"Portada","item":"https:\/\/www.asajacyl.com\/leon\/"},{"@type":"ListItem","position":2,"name":"m_madrid_2022"}]},{"@type":"WebSite","@id":"https:\/\/www.asajacyl.com\/leon\/#website","url":"https:\/\/www.asajacyl.com\/leon\/","name":"ASAJA Le\u00f3n","description":"Otro sitio m\u00e1s de Provincias ASAJA Castilla y Le\u00f3n","potentialAction":[{"@type":"SearchAction","target":{"@type":"EntryPoint","urlTemplate":"https:\/\/www.asajacyl.com\/leon\/?s={search_term_string}"},"query-input":{"@type":"PropertyValueSpecification","valueRequired":true,"valueName":"search_term_string"}}],"inLanguage":"es"},{"@type":"Person","@id":"https:\/\/www.asajacyl.com\/leon\/#\/schema\/person\/a39ff3609fc182e4c789ab486e865d32","name":"Eduardo","image":{"@type":"ImageObject","inLanguage":"es","@id":"https:\/\/www.asajacyl.com\/leon\/#\/schema\/person\/image\/","url":"https:\/\/secure.gravatar.com\/avatar\/9ebd6aba21d817dcf9595bc9ca505af5?s=96&d=mm&r=g","contentUrl":"https:\/\/secure.gravatar.com\/avatar\/9ebd6aba21d817dcf9595bc9ca505af5?s=96&d=mm&r=g","caption":"Eduardo"},"url":"https:\/\/www.asajacyl.com\/leon\/author\/eduardovv"}]}},"_links":{"self":[{"href":"https:\/\/www.asajacyl.com\/leon\/wp-json\/wp\/v2\/posts\/13126"}],"collection":[{"href":"https:\/\/www.asajacyl.com\/leon\/wp-json\/wp\/v2\/posts"}],"about":[{"href":"https:\/\/www.asajacyl.com\/leon\/wp-json\/wp\/v2\/types\/post"}],"author":[{"embeddable":true,"href":"https:\/\/www.asajacyl.com\/leon\/wp-json\/wp\/v2\/users\/8"}],"replies":[{"embeddable":true,"href":"https:\/\/www.asajacyl.com\/leon\/wp-json\/wp\/v2\/comments?post=13126"}],"version-history":[{"count":2,"href":"https:\/\/www.asajacyl.com\/leon\/wp-json\/wp\/v2\/posts\/13126\/revisions"}],"predecessor-version":[{"id":13166,"href":"https:\/\/www.asajacyl.com\/leon\/wp-json\/wp\/v2\/posts\/13126\/revisions\/13166"}],"wp:featuredmedia":[{"embeddable":true,"href":"https:\/\/www.asajacyl.com\/leon\/wp-json\/wp\/v2\/media\/13127"}],"wp:attachment":[{"href":"https:\/\/www.asajacyl.com\/leon\/wp-json\/wp\/v2\/media?parent=13126"}],"wp:term":[{"taxonomy":"category","embeddable":true,"href":"https:\/\/www.asajacyl.com\/leon\/wp-json\/wp\/v2\/categories?post=13126"},{"taxonomy":"post_tag","embeddable":true,"href":"https:\/\/www.asajacyl.com\/leon\/wp-json\/wp\/v2\/tags?post=13126"}],"curies":[{"name":"wp","href":"https:\/\/api.w.org\/{rel}","templated":true}]}}