{"id":13165,"date":"2022-03-21T16:57:55","date_gmt":"2022-03-21T15:57:55","guid":{"rendered":"https:\/\/www.asajacyl.com\/leon\/?p=13165"},"modified":"2022-03-21T17:50:09","modified_gmt":"2022-03-21T16:50:09","slug":"plazo_-seguro_agrario_2022","status":"publish","type":"post","link":"https:\/\/www.asajacyl.com\/leon\/buzon\/plazo_-seguro_agrario_2022","title":{"rendered":"Plazo_seguro_2022"},"content":{"rendered":"\n<p><\/p>\n\n\n\n<p><strong>PLAZO SEGURO AGRARIO<\/strong><\/p>\n\n\n\n<p>Recordamos que si hay cambios en el seguro que hiciste en diciembre, respecto a lo que ahora has puesto en la PAC, hay que hacer la <strong>modificaci\u00f3n del seguro antes del 31 de marzo.<\/strong><\/p>\n\n\n\n<p>La p\u00f3liza del seguro tiene que coincidir, para todas las parcelas y todos los cultivos, con lo que se ha declarado en las ayudas PAC.<\/p>\n\n\n\n<p>Le\u00f3n, 21 de marzo de 2022.<\/p>\n","protected":false},"excerpt":{"rendered":"<p>PLAZO SEGURO AGRARIO Recordamos que si hay cambios en el seguro que hiciste en diciembre, respecto a lo que ahora has puesto en la PAC, hay que hacer la modificaci\u00f3n del seguro antes del 31 de marzo. La p\u00f3liza del seguro tiene que coincidir, para todas las parcelas y todos los cultivos, con lo que [&hellip;]<\/p>\n","protected":false},"author":8,"featured_media":8507,"comment_status":"open","ping_status":"open","sticky":false,"template":"","format":"standard","meta":{"footnotes":""},"categories":[78],"tags":[],"yoast_head":"<!-- This site is optimized with the Yoast SEO plugin v24.5 - https:\/\/yoast.com\/wordpress\/plugins\/seo\/ -->\n<title>Plazo_seguro_2022 - ASAJA Le\u00f3n<\/title>\n<meta name=\"description\" content=\"PLAZO SEGURO AGRARIO Recordamos que si hay cambios en el seguro que hiciste en diciembre, respecto a lo que ahora has puesto en la PAC, hay que hacer la\" \/>\n<meta name=\"robots\" content=\"index, follow, max-snippet:-1, max-image-preview:large, max-video-preview:-1\" \/>\n<link rel=\"canonical\" href=\"https:\/\/www.asajacyl.com\/leon\/buzon\/plazo_-seguro_agrario_2022\" \/>\n<meta property=\"og:locale\" content=\"es_ES\" \/>\n<meta property=\"og:type\" content=\"article\" \/>\n<meta property=\"og:title\" content=\"Plazo_seguro_2022 - ASAJA Le\u00f3n\" \/>\n<meta property=\"og:description\" content=\"PLAZO SEGURO AGRARIO Recordamos que si hay cambios en el seguro que hiciste en diciembre, respecto a lo que ahora has puesto en la PAC, hay que hacer la\" \/>\n<meta property=\"og:url\" content=\"https:\/\/www.asajacyl.com\/leon\/buzon\/plazo_-seguro_agrario_2022\" \/>\n<meta property=\"og:site_name\" content=\"ASAJA Le\u00f3n\" \/>\n<meta property=\"article:published_time\" content=\"2022-03-21T15:57:55+00:00\" \/>\n<meta property=\"article:modified_time\" content=\"2022-03-21T16:50:09+00:00\" \/>\n<meta property=\"og:image\" content=\"https:\/\/www.asajacyl.com\/leon\/wp-content\/uploads\/sites\/6\/2018\/01\/ESPIGAS_TRIGO.jpg\" \/>\n\t<meta property=\"og:image:width\" content=\"960\" \/>\n\t<meta property=\"og:image:height\" content=\"640\" \/>\n\t<meta property=\"og:image:type\" content=\"image\/jpeg\" \/>\n<meta name=\"author\" content=\"Eduardo\" \/>\n<meta name=\"twitter:card\" content=\"summary_large_image\" \/>\n<meta name=\"twitter:label1\" content=\"Escrito por\" \/>\n\t<meta name=\"twitter:data1\" content=\"Eduardo\" \/>\n\t<meta name=\"twitter:label2\" content=\"Tiempo de lectura\" \/>\n\t<meta name=\"twitter:data2\" content=\"1 minuto\" \/>\n<script type=\"application\/ld+json\" class=\"yoast-schema-graph\">{\"@context\":\"https:\/\/schema.org\",\"@graph\":[{\"@type\":\"WebPage\",\"@id\":\"https:\/\/www.asajacyl.com\/leon\/buzon\/plazo_-seguro_agrario_2022\",\"url\":\"https:\/\/www.asajacyl.com\/leon\/buzon\/plazo_-seguro_agrario_2022\",\"name\":\"Plazo_seguro_2022 - ASAJA Le\u00f3n\",\"isPartOf\":{\"@id\":\"https:\/\/www.asajacyl.com\/leon\/#website\"},\"primaryImageOfPage\":{\"@id\":\"https:\/\/www.asajacyl.com\/leon\/buzon\/plazo_-seguro_agrario_2022#primaryimage\"},\"image\":{\"@id\":\"https:\/\/www.asajacyl.com\/leon\/buzon\/plazo_-seguro_agrario_2022#primaryimage\"},\"thumbnailUrl\":\"https:\/\/www.asajacyl.com\/leon\/wp-content\/uploads\/sites\/6\/2018\/01\/ESPIGAS_TRIGO.jpg\",\"datePublished\":\"2022-03-21T15:57:55+00:00\",\"dateModified\":\"2022-03-21T16:50:09+00:00\",\"author\":{\"@id\":\"https:\/\/www.asajacyl.com\/leon\/#\/schema\/person\/a39ff3609fc182e4c789ab486e865d32\"},\"description\":\"PLAZO SEGURO AGRARIO Recordamos que si hay cambios en el seguro que hiciste en diciembre, respecto a lo que ahora has puesto en la PAC, hay que hacer la\",\"breadcrumb\":{\"@id\":\"https:\/\/www.asajacyl.com\/leon\/buzon\/plazo_-seguro_agrario_2022#breadcrumb\"},\"inLanguage\":\"es\",\"potentialAction\":[{\"@type\":\"ReadAction\",\"target\":[\"https:\/\/www.asajacyl.com\/leon\/buzon\/plazo_-seguro_agrario_2022\"]}]},{\"@type\":\"ImageObject\",\"inLanguage\":\"es\",\"@id\":\"https:\/\/www.asajacyl.com\/leon\/buzon\/plazo_-seguro_agrario_2022#primaryimage\",\"url\":\"https:\/\/www.asajacyl.com\/leon\/wp-content\/uploads\/sites\/6\/2018\/01\/ESPIGAS_TRIGO.jpg\",\"contentUrl\":\"https:\/\/www.asajacyl.com\/leon\/wp-content\/uploads\/sites\/6\/2018\/01\/ESPIGAS_TRIGO.jpg\",\"width\":960,\"height\":640},{\"@type\":\"BreadcrumbList\",\"@id\":\"https:\/\/www.asajacyl.com\/leon\/buzon\/plazo_-seguro_agrario_2022#breadcrumb\",\"itemListElement\":[{\"@type\":\"ListItem\",\"position\":1,\"name\":\"Portada\",\"item\":\"https:\/\/www.asajacyl.com\/leon\/\"},{\"@type\":\"ListItem\",\"position\":2,\"name\":\"Plazo_seguro_2022\"}]},{\"@type\":\"WebSite\",\"@id\":\"https:\/\/www.asajacyl.com\/leon\/#website\",\"url\":\"https:\/\/www.asajacyl.com\/leon\/\",\"name\":\"ASAJA Le\u00f3n\",\"description\":\"Otro sitio m\u00e1s de Provincias ASAJA Castilla y Le\u00f3n\",\"potentialAction\":[{\"@type\":\"SearchAction\",\"target\":{\"@type\":\"EntryPoint\",\"urlTemplate\":\"https:\/\/www.asajacyl.com\/leon\/?s={search_term_string}\"},\"query-input\":{\"@type\":\"PropertyValueSpecification\",\"valueRequired\":true,\"valueName\":\"search_term_string\"}}],\"inLanguage\":\"es\"},{\"@type\":\"Person\",\"@id\":\"https:\/\/www.asajacyl.com\/leon\/#\/schema\/person\/a39ff3609fc182e4c789ab486e865d32\",\"name\":\"Eduardo\",\"image\":{\"@type\":\"ImageObject\",\"inLanguage\":\"es\",\"@id\":\"https:\/\/www.asajacyl.com\/leon\/#\/schema\/person\/image\/\",\"url\":\"https:\/\/secure.gravatar.com\/avatar\/9ebd6aba21d817dcf9595bc9ca505af5?s=96&d=mm&r=g\",\"contentUrl\":\"https:\/\/secure.gravatar.com\/avatar\/9ebd6aba21d817dcf9595bc9ca505af5?s=96&d=mm&r=g\",\"caption\":\"Eduardo\"},\"url\":\"https:\/\/www.asajacyl.com\/leon\/author\/eduardovv\"}]}<\/script>\n<!-- \/ Yoast SEO plugin. -->","yoast_head_json":{"title":"Plazo_seguro_2022 - ASAJA Le\u00f3n","description":"PLAZO SEGURO AGRARIO Recordamos que si hay cambios en el seguro que hiciste en diciembre, respecto a lo que ahora has puesto en la PAC, hay que hacer la","robots":{"index":"index","follow":"follow","max-snippet":"max-snippet:-1","max-image-preview":"max-image-preview:large","max-video-preview":"max-video-preview:-1"},"canonical":"https:\/\/www.asajacyl.com\/leon\/buzon\/plazo_-seguro_agrario_2022","og_locale":"es_ES","og_type":"article","og_title":"Plazo_seguro_2022 - ASAJA Le\u00f3n","og_description":"PLAZO SEGURO AGRARIO Recordamos que si hay cambios en el seguro que hiciste en diciembre, respecto a lo que ahora has puesto en la PAC, hay que hacer la","og_url":"https:\/\/www.asajacyl.com\/leon\/buzon\/plazo_-seguro_agrario_2022","og_site_name":"ASAJA Le\u00f3n","article_published_time":"2022-03-21T15:57:55+00:00","article_modified_time":"2022-03-21T16:50:09+00:00","og_image":[{"width":960,"height":640,"url":"https:\/\/www.asajacyl.com\/leon\/wp-content\/uploads\/sites\/6\/2018\/01\/ESPIGAS_TRIGO.jpg","type":"image\/jpeg"}],"author":"Eduardo","twitter_card":"summary_large_image","twitter_misc":{"Escrito por":"Eduardo","Tiempo de lectura":"1 minuto"},"schema":{"@context":"https:\/\/schema.org","@graph":[{"@type":"WebPage","@id":"https:\/\/www.asajacyl.com\/leon\/buzon\/plazo_-seguro_agrario_2022","url":"https:\/\/www.asajacyl.com\/leon\/buzon\/plazo_-seguro_agrario_2022","name":"Plazo_seguro_2022 - ASAJA Le\u00f3n","isPartOf":{"@id":"https:\/\/www.asajacyl.com\/leon\/#website"},"primaryImageOfPage":{"@id":"https:\/\/www.asajacyl.com\/leon\/buzon\/plazo_-seguro_agrario_2022#primaryimage"},"image":{"@id":"https:\/\/www.asajacyl.com\/leon\/buzon\/plazo_-seguro_agrario_2022#primaryimage"},"thumbnailUrl":"https:\/\/www.asajacyl.com\/leon\/wp-content\/uploads\/sites\/6\/2018\/01\/ESPIGAS_TRIGO.jpg","datePublished":"2022-03-21T15:57:55+00:00","dateModified":"2022-03-21T16:50:09+00:00","author":{"@id":"https:\/\/www.asajacyl.com\/leon\/#\/schema\/person\/a39ff3609fc182e4c789ab486e865d32"},"description":"PLAZO SEGURO AGRARIO Recordamos que si hay cambios en el seguro que hiciste en diciembre, respecto a lo que ahora has puesto en la PAC, hay que hacer la","breadcrumb":{"@id":"https:\/\/www.asajacyl.com\/leon\/buzon\/plazo_-seguro_agrario_2022#breadcrumb"},"inLanguage":"es","potentialAction":[{"@type":"ReadAction","target":["https:\/\/www.asajacyl.com\/leon\/buzon\/plazo_-seguro_agrario_2022"]}]},{"@type":"ImageObject","inLanguage":"es","@id":"https:\/\/www.asajacyl.com\/leon\/buzon\/plazo_-seguro_agrario_2022#primaryimage","url":"https:\/\/www.asajacyl.com\/leon\/wp-content\/uploads\/sites\/6\/2018\/01\/ESPIGAS_TRIGO.jpg","contentUrl":"https:\/\/www.asajacyl.com\/leon\/wp-content\/uploads\/sites\/6\/2018\/01\/ESPIGAS_TRIGO.jpg","width":960,"height":640},{"@type":"BreadcrumbList","@id":"https:\/\/www.asajacyl.com\/leon\/buzon\/plazo_-seguro_agrario_2022#breadcrumb","itemListElement":[{"@type":"ListItem","position":1,"name":"Portada","item":"https:\/\/www.asajacyl.com\/leon\/"},{"@type":"ListItem","position":2,"name":"Plazo_seguro_2022"}]},{"@type":"WebSite","@id":"https:\/\/www.asajacyl.com\/leon\/#website","url":"https:\/\/www.asajacyl.com\/leon\/","name":"ASAJA Le\u00f3n","description":"Otro sitio m\u00e1s de Provincias ASAJA Castilla y Le\u00f3n","potentialAction":[{"@type":"SearchAction","target":{"@type":"EntryPoint","urlTemplate":"https:\/\/www.asajacyl.com\/leon\/?s={search_term_string}"},"query-input":{"@type":"PropertyValueSpecification","valueRequired":true,"valueName":"search_term_string"}}],"inLanguage":"es"},{"@type":"Person","@id":"https:\/\/www.asajacyl.com\/leon\/#\/schema\/person\/a39ff3609fc182e4c789ab486e865d32","name":"Eduardo","image":{"@type":"ImageObject","inLanguage":"es","@id":"https:\/\/www.asajacyl.com\/leon\/#\/schema\/person\/image\/","url":"https:\/\/secure.gravatar.com\/avatar\/9ebd6aba21d817dcf9595bc9ca505af5?s=96&d=mm&r=g","contentUrl":"https:\/\/secure.gravatar.com\/avatar\/9ebd6aba21d817dcf9595bc9ca505af5?s=96&d=mm&r=g","caption":"Eduardo"},"url":"https:\/\/www.asajacyl.com\/leon\/author\/eduardovv"}]}},"_links":{"self":[{"href":"https:\/\/www.asajacyl.com\/leon\/wp-json\/wp\/v2\/posts\/13165"}],"collection":[{"href":"https:\/\/www.asajacyl.com\/leon\/wp-json\/wp\/v2\/posts"}],"about":[{"href":"https:\/\/www.asajacyl.com\/leon\/wp-json\/wp\/v2\/types\/post"}],"author":[{"embeddable":true,"href":"https:\/\/www.asajacyl.com\/leon\/wp-json\/wp\/v2\/users\/8"}],"replies":[{"embeddable":true,"href":"https:\/\/www.asajacyl.com\/leon\/wp-json\/wp\/v2\/comments?post=13165"}],"version-history":[{"count":3,"href":"https:\/\/www.asajacyl.com\/leon\/wp-json\/wp\/v2\/posts\/13165\/revisions"}],"predecessor-version":[{"id":13170,"href":"https:\/\/www.asajacyl.com\/leon\/wp-json\/wp\/v2\/posts\/13165\/revisions\/13170"}],"wp:featuredmedia":[{"embeddable":true,"href":"https:\/\/www.asajacyl.com\/leon\/wp-json\/wp\/v2\/media\/8507"}],"wp:attachment":[{"href":"https:\/\/www.asajacyl.com\/leon\/wp-json\/wp\/v2\/media?parent=13165"}],"wp:term":[{"taxonomy":"category","embeddable":true,"href":"https:\/\/www.asajacyl.com\/leon\/wp-json\/wp\/v2\/categories?post=13165"},{"taxonomy":"post_tag","embeddable":true,"href":"https:\/\/www.asajacyl.com\/leon\/wp-json\/wp\/v2\/tags?post=13165"}],"curies":[{"name":"wp","href":"https:\/\/api.w.org\/{rel}","templated":true}]}}