{"id":13313,"date":"2022-05-10T10:31:15","date_gmt":"2022-05-10T08:31:15","guid":{"rendered":"https:\/\/www.asajacyl.com\/leon\/?p=13313"},"modified":"2022-05-10T10:31:16","modified_gmt":"2022-05-10T08:31:16","slug":"cir_seg_2022","status":"publish","type":"post","link":"https:\/\/www.asajacyl.com\/leon\/buzon\/cir_seg_2022","title":{"rendered":"cir_seg_2022"},"content":{"rendered":"\n<h2><strong>SEGURO DE CEREALES<\/strong><\/h2>\n<h6><strong>\u00a0<\/strong>En este momento del a\u00f1o es importante tomar la decisi\u00f3n m\u00e1s acertada en relaci\u00f3n con el seguro agrario:<\/h6>\n<ol>\n<li>\n<h6>Los agricultores de secano que suscribieron en invierno el seguro de rendimientos, en la L\u00ednea 309, ahora es el momento de <strong>aumentar la producci\u00f3n<\/strong> a efectos de los da\u00f1os de pedrisco e incendio. Este aumento de la producci\u00f3n va en funci\u00f3n de la expectativa de cosecha que cada uno tenga, diferenciando incluso a nivel de parcela.<\/h6>\n<\/li>\n<li>\n<h6>Los agricultores que no hicieron el seguro de rendimientos, ahora es el momento de hacer el <strong>seguro de pedrisco e incendio<\/strong> (M\u00f3dulo P), asegurando en funci\u00f3n de las expectativas de cosecha.<\/h6>\n<\/li>\n<li>\n<h6>En ambos casos ASAJA te ofrece al opci\u00f3n de suscribir a mayores el <strong>seguro de m\u00e1s valor<\/strong>, con el cual, si tienes siniestro de pedrisco o incendio, se incrementa la indemnizaci\u00f3n un 52,6% (100 euros m\u00e1s la tonelada). Con este seguro tratamos de acercarnos al precio real de mercado, ya que ahora hay una diferencia grande entre el valor por el que se paga y por el que se indemniza, y el valor que se estima va a tener la cosecha.<\/h6>\n<\/li>\n<li>\n<h6>Los agricultores de ma\u00edz, el momento para asegurar es cuando ha nacido el cultivo. Complementariamente <strong><u>tambi\u00e9n se puede hacer el seguro de m\u00e1s valor,<\/u><\/strong><u> con las mismas condiciones que el seguro de cereal<strong>.<\/strong><\/u><\/h6>\n<\/li>\n<li>\n<h6>En patatas y alubias, se debe de asegurar tambi\u00e9n cuando ha nacido el cultivo.<\/h6>\n<\/li>\n<li>\n<h6>Todav\u00eda se podr\u00eda asegurar el forraje contra el pedrisco y los da\u00f1os que provocan las lluvias persistentes una vez segado.<\/h6>\n<\/li>\n<li>\n<h6>El seguro de pedrisco de girasol, para los que no aseguraron en invierno, debe de hacerse cuando ha nacido. Si se asegur\u00f3 el girasol en la L\u00ednea 309, se pueden incrementar los rendimientos de cara a da\u00f1os de pedrisco.<\/h6>\n<\/li>\n<\/ol>\n<h6>Recuerda que cada seguro, y para cada caso, tiene su <strong><u>periodo de carencia<\/u><\/strong>, por lo tanto no se puede esperar a hacerlo el d\u00eda que se ve que va\u00a0 a haber tormenta. El coste es\u00a0 el mismo se asegure al principio del periodo o al final, por lo tanto conviene <strong><u>asegurar cuanto antes<\/u><\/strong>. El seguro y la PAC tienen que coincidir.<\/h6>\n<h6>En Asaja tienes el mejor servicio y los mejores precios para asegurar t\u00fa cosecha y t\u00fa ganado. \u00a0<strong><u>Te proporcionamos un perito de forma gratuita para casos de peritaciones contradictorias si no hay acuerdo en el siniestro<\/u><\/strong>. Y asegurando en ASAJA colaboras con t\u00fa asociaci\u00f3n.<\/h6>\n<h6>Le\u00f3n 9 de mayo de 2022.<\/h6>\n","protected":false},"excerpt":{"rendered":"<p>SEGURO DE CEREALES \u00a0En este momento del a\u00f1o es importante tomar la decisi\u00f3n m\u00e1s acertada en relaci\u00f3n con el seguro agrario: Los agricultores de secano que suscribieron en invierno el seguro de rendimientos, en la L\u00ednea 309, ahora es el momento de aumentar la producci\u00f3n a efectos de los da\u00f1os de pedrisco e incendio. Este [&hellip;]<\/p>\n","protected":false},"author":8,"featured_media":10059,"comment_status":"open","ping_status":"open","sticky":false,"template":"","format":"standard","meta":{"footnotes":""},"categories":[78],"tags":[],"yoast_head":"<!-- This site is optimized with the Yoast SEO plugin v24.5 - https:\/\/yoast.com\/wordpress\/plugins\/seo\/ -->\n<title>cir_seg_2022 - ASAJA Le\u00f3n<\/title>\n<meta name=\"description\" content=\"SEGURO DE CEREALES \u00a0En este momento del a\u00f1o es importante tomar la decisi\u00f3n m\u00e1s acertada en relaci\u00f3n con el seguro agrario: Los agricultores de secano que\" \/>\n<meta name=\"robots\" content=\"index, follow, max-snippet:-1, max-image-preview:large, max-video-preview:-1\" \/>\n<link rel=\"canonical\" href=\"https:\/\/www.asajacyl.com\/leon\/buzon\/cir_seg_2022\" \/>\n<meta property=\"og:locale\" content=\"es_ES\" \/>\n<meta property=\"og:type\" content=\"article\" \/>\n<meta property=\"og:title\" content=\"cir_seg_2022 - ASAJA Le\u00f3n\" \/>\n<meta property=\"og:description\" content=\"SEGURO DE CEREALES \u00a0En este momento del a\u00f1o es importante tomar la decisi\u00f3n m\u00e1s acertada en relaci\u00f3n con el seguro agrario: Los agricultores de secano que\" \/>\n<meta property=\"og:url\" content=\"https:\/\/www.asajacyl.com\/leon\/buzon\/cir_seg_2022\" \/>\n<meta property=\"og:site_name\" content=\"ASAJA Le\u00f3n\" \/>\n<meta property=\"article:published_time\" content=\"2022-05-10T08:31:15+00:00\" \/>\n<meta property=\"article:modified_time\" content=\"2022-05-10T08:31:16+00:00\" \/>\n<meta property=\"og:image\" content=\"https:\/\/www.asajacyl.com\/leon\/wp-content\/uploads\/sites\/6\/2019\/04\/CAMPO-DE-CULTIVO-DE-CENTENO-ABRIL-2019.jpg\" \/>\n\t<meta property=\"og:image:width\" content=\"2500\" \/>\n\t<meta property=\"og:image:height\" content=\"1875\" \/>\n\t<meta property=\"og:image:type\" content=\"image\/jpeg\" \/>\n<meta name=\"author\" content=\"Eduardo\" \/>\n<meta name=\"twitter:card\" content=\"summary_large_image\" \/>\n<meta name=\"twitter:label1\" content=\"Escrito por\" \/>\n\t<meta name=\"twitter:data1\" content=\"Eduardo\" \/>\n\t<meta name=\"twitter:label2\" content=\"Tiempo de lectura\" \/>\n\t<meta name=\"twitter:data2\" content=\"2 minutos\" \/>\n<script type=\"application\/ld+json\" class=\"yoast-schema-graph\">{\"@context\":\"https:\/\/schema.org\",\"@graph\":[{\"@type\":\"WebPage\",\"@id\":\"https:\/\/www.asajacyl.com\/leon\/buzon\/cir_seg_2022\",\"url\":\"https:\/\/www.asajacyl.com\/leon\/buzon\/cir_seg_2022\",\"name\":\"cir_seg_2022 - ASAJA Le\u00f3n\",\"isPartOf\":{\"@id\":\"https:\/\/www.asajacyl.com\/leon\/#website\"},\"primaryImageOfPage\":{\"@id\":\"https:\/\/www.asajacyl.com\/leon\/buzon\/cir_seg_2022#primaryimage\"},\"image\":{\"@id\":\"https:\/\/www.asajacyl.com\/leon\/buzon\/cir_seg_2022#primaryimage\"},\"thumbnailUrl\":\"https:\/\/www.asajacyl.com\/leon\/wp-content\/uploads\/sites\/6\/2019\/04\/CAMPO-DE-CULTIVO-DE-CENTENO-ABRIL-2019.jpg\",\"datePublished\":\"2022-05-10T08:31:15+00:00\",\"dateModified\":\"2022-05-10T08:31:16+00:00\",\"author\":{\"@id\":\"https:\/\/www.asajacyl.com\/leon\/#\/schema\/person\/a39ff3609fc182e4c789ab486e865d32\"},\"description\":\"SEGURO DE CEREALES \u00a0En este momento del a\u00f1o es importante tomar la decisi\u00f3n m\u00e1s acertada en relaci\u00f3n con el seguro agrario: Los agricultores de secano que\",\"breadcrumb\":{\"@id\":\"https:\/\/www.asajacyl.com\/leon\/buzon\/cir_seg_2022#breadcrumb\"},\"inLanguage\":\"es\",\"potentialAction\":[{\"@type\":\"ReadAction\",\"target\":[\"https:\/\/www.asajacyl.com\/leon\/buzon\/cir_seg_2022\"]}]},{\"@type\":\"ImageObject\",\"inLanguage\":\"es\",\"@id\":\"https:\/\/www.asajacyl.com\/leon\/buzon\/cir_seg_2022#primaryimage\",\"url\":\"https:\/\/www.asajacyl.com\/leon\/wp-content\/uploads\/sites\/6\/2019\/04\/CAMPO-DE-CULTIVO-DE-CENTENO-ABRIL-2019.jpg\",\"contentUrl\":\"https:\/\/www.asajacyl.com\/leon\/wp-content\/uploads\/sites\/6\/2019\/04\/CAMPO-DE-CULTIVO-DE-CENTENO-ABRIL-2019.jpg\",\"width\":2500,\"height\":1875},{\"@type\":\"BreadcrumbList\",\"@id\":\"https:\/\/www.asajacyl.com\/leon\/buzon\/cir_seg_2022#breadcrumb\",\"itemListElement\":[{\"@type\":\"ListItem\",\"position\":1,\"name\":\"Portada\",\"item\":\"https:\/\/www.asajacyl.com\/leon\/\"},{\"@type\":\"ListItem\",\"position\":2,\"name\":\"cir_seg_2022\"}]},{\"@type\":\"WebSite\",\"@id\":\"https:\/\/www.asajacyl.com\/leon\/#website\",\"url\":\"https:\/\/www.asajacyl.com\/leon\/\",\"name\":\"ASAJA Le\u00f3n\",\"description\":\"Otro sitio m\u00e1s de Provincias ASAJA Castilla y Le\u00f3n\",\"potentialAction\":[{\"@type\":\"SearchAction\",\"target\":{\"@type\":\"EntryPoint\",\"urlTemplate\":\"https:\/\/www.asajacyl.com\/leon\/?s={search_term_string}\"},\"query-input\":{\"@type\":\"PropertyValueSpecification\",\"valueRequired\":true,\"valueName\":\"search_term_string\"}}],\"inLanguage\":\"es\"},{\"@type\":\"Person\",\"@id\":\"https:\/\/www.asajacyl.com\/leon\/#\/schema\/person\/a39ff3609fc182e4c789ab486e865d32\",\"name\":\"Eduardo\",\"image\":{\"@type\":\"ImageObject\",\"inLanguage\":\"es\",\"@id\":\"https:\/\/www.asajacyl.com\/leon\/#\/schema\/person\/image\/\",\"url\":\"https:\/\/secure.gravatar.com\/avatar\/9ebd6aba21d817dcf9595bc9ca505af5?s=96&d=mm&r=g\",\"contentUrl\":\"https:\/\/secure.gravatar.com\/avatar\/9ebd6aba21d817dcf9595bc9ca505af5?s=96&d=mm&r=g\",\"caption\":\"Eduardo\"},\"url\":\"https:\/\/www.asajacyl.com\/leon\/author\/eduardovv\"}]}<\/script>\n<!-- \/ Yoast SEO plugin. -->","yoast_head_json":{"title":"cir_seg_2022 - ASAJA Le\u00f3n","description":"SEGURO DE CEREALES \u00a0En este momento del a\u00f1o es importante tomar la decisi\u00f3n m\u00e1s acertada en relaci\u00f3n con el seguro agrario: Los agricultores de secano que","robots":{"index":"index","follow":"follow","max-snippet":"max-snippet:-1","max-image-preview":"max-image-preview:large","max-video-preview":"max-video-preview:-1"},"canonical":"https:\/\/www.asajacyl.com\/leon\/buzon\/cir_seg_2022","og_locale":"es_ES","og_type":"article","og_title":"cir_seg_2022 - ASAJA Le\u00f3n","og_description":"SEGURO DE CEREALES \u00a0En este momento del a\u00f1o es importante tomar la decisi\u00f3n m\u00e1s acertada en relaci\u00f3n con el seguro agrario: Los agricultores de secano que","og_url":"https:\/\/www.asajacyl.com\/leon\/buzon\/cir_seg_2022","og_site_name":"ASAJA Le\u00f3n","article_published_time":"2022-05-10T08:31:15+00:00","article_modified_time":"2022-05-10T08:31:16+00:00","og_image":[{"width":2500,"height":1875,"url":"https:\/\/www.asajacyl.com\/leon\/wp-content\/uploads\/sites\/6\/2019\/04\/CAMPO-DE-CULTIVO-DE-CENTENO-ABRIL-2019.jpg","type":"image\/jpeg"}],"author":"Eduardo","twitter_card":"summary_large_image","twitter_misc":{"Escrito por":"Eduardo","Tiempo de lectura":"2 minutos"},"schema":{"@context":"https:\/\/schema.org","@graph":[{"@type":"WebPage","@id":"https:\/\/www.asajacyl.com\/leon\/buzon\/cir_seg_2022","url":"https:\/\/www.asajacyl.com\/leon\/buzon\/cir_seg_2022","name":"cir_seg_2022 - ASAJA Le\u00f3n","isPartOf":{"@id":"https:\/\/www.asajacyl.com\/leon\/#website"},"primaryImageOfPage":{"@id":"https:\/\/www.asajacyl.com\/leon\/buzon\/cir_seg_2022#primaryimage"},"image":{"@id":"https:\/\/www.asajacyl.com\/leon\/buzon\/cir_seg_2022#primaryimage"},"thumbnailUrl":"https:\/\/www.asajacyl.com\/leon\/wp-content\/uploads\/sites\/6\/2019\/04\/CAMPO-DE-CULTIVO-DE-CENTENO-ABRIL-2019.jpg","datePublished":"2022-05-10T08:31:15+00:00","dateModified":"2022-05-10T08:31:16+00:00","author":{"@id":"https:\/\/www.asajacyl.com\/leon\/#\/schema\/person\/a39ff3609fc182e4c789ab486e865d32"},"description":"SEGURO DE CEREALES \u00a0En este momento del a\u00f1o es importante tomar la decisi\u00f3n m\u00e1s acertada en relaci\u00f3n con el seguro agrario: Los agricultores de secano que","breadcrumb":{"@id":"https:\/\/www.asajacyl.com\/leon\/buzon\/cir_seg_2022#breadcrumb"},"inLanguage":"es","potentialAction":[{"@type":"ReadAction","target":["https:\/\/www.asajacyl.com\/leon\/buzon\/cir_seg_2022"]}]},{"@type":"ImageObject","inLanguage":"es","@id":"https:\/\/www.asajacyl.com\/leon\/buzon\/cir_seg_2022#primaryimage","url":"https:\/\/www.asajacyl.com\/leon\/wp-content\/uploads\/sites\/6\/2019\/04\/CAMPO-DE-CULTIVO-DE-CENTENO-ABRIL-2019.jpg","contentUrl":"https:\/\/www.asajacyl.com\/leon\/wp-content\/uploads\/sites\/6\/2019\/04\/CAMPO-DE-CULTIVO-DE-CENTENO-ABRIL-2019.jpg","width":2500,"height":1875},{"@type":"BreadcrumbList","@id":"https:\/\/www.asajacyl.com\/leon\/buzon\/cir_seg_2022#breadcrumb","itemListElement":[{"@type":"ListItem","position":1,"name":"Portada","item":"https:\/\/www.asajacyl.com\/leon\/"},{"@type":"ListItem","position":2,"name":"cir_seg_2022"}]},{"@type":"WebSite","@id":"https:\/\/www.asajacyl.com\/leon\/#website","url":"https:\/\/www.asajacyl.com\/leon\/","name":"ASAJA Le\u00f3n","description":"Otro sitio m\u00e1s de Provincias ASAJA Castilla y Le\u00f3n","potentialAction":[{"@type":"SearchAction","target":{"@type":"EntryPoint","urlTemplate":"https:\/\/www.asajacyl.com\/leon\/?s={search_term_string}"},"query-input":{"@type":"PropertyValueSpecification","valueRequired":true,"valueName":"search_term_string"}}],"inLanguage":"es"},{"@type":"Person","@id":"https:\/\/www.asajacyl.com\/leon\/#\/schema\/person\/a39ff3609fc182e4c789ab486e865d32","name":"Eduardo","image":{"@type":"ImageObject","inLanguage":"es","@id":"https:\/\/www.asajacyl.com\/leon\/#\/schema\/person\/image\/","url":"https:\/\/secure.gravatar.com\/avatar\/9ebd6aba21d817dcf9595bc9ca505af5?s=96&d=mm&r=g","contentUrl":"https:\/\/secure.gravatar.com\/avatar\/9ebd6aba21d817dcf9595bc9ca505af5?s=96&d=mm&r=g","caption":"Eduardo"},"url":"https:\/\/www.asajacyl.com\/leon\/author\/eduardovv"}]}},"_links":{"self":[{"href":"https:\/\/www.asajacyl.com\/leon\/wp-json\/wp\/v2\/posts\/13313"}],"collection":[{"href":"https:\/\/www.asajacyl.com\/leon\/wp-json\/wp\/v2\/posts"}],"about":[{"href":"https:\/\/www.asajacyl.com\/leon\/wp-json\/wp\/v2\/types\/post"}],"author":[{"embeddable":true,"href":"https:\/\/www.asajacyl.com\/leon\/wp-json\/wp\/v2\/users\/8"}],"replies":[{"embeddable":true,"href":"https:\/\/www.asajacyl.com\/leon\/wp-json\/wp\/v2\/comments?post=13313"}],"version-history":[{"count":1,"href":"https:\/\/www.asajacyl.com\/leon\/wp-json\/wp\/v2\/posts\/13313\/revisions"}],"predecessor-version":[{"id":13314,"href":"https:\/\/www.asajacyl.com\/leon\/wp-json\/wp\/v2\/posts\/13313\/revisions\/13314"}],"wp:featuredmedia":[{"embeddable":true,"href":"https:\/\/www.asajacyl.com\/leon\/wp-json\/wp\/v2\/media\/10059"}],"wp:attachment":[{"href":"https:\/\/www.asajacyl.com\/leon\/wp-json\/wp\/v2\/media?parent=13313"}],"wp:term":[{"taxonomy":"category","embeddable":true,"href":"https:\/\/www.asajacyl.com\/leon\/wp-json\/wp\/v2\/categories?post=13313"},{"taxonomy":"post_tag","embeddable":true,"href":"https:\/\/www.asajacyl.com\/leon\/wp-json\/wp\/v2\/tags?post=13313"}],"curies":[{"name":"wp","href":"https:\/\/api.w.org\/{rel}","templated":true}]}}