{"id":1342,"date":"2017-03-01T00:00:00","date_gmt":"2017-02-28T23:00:00","guid":{"rendered":"https:\/\/www.asajacyl.com\/leon\/2017\/03\/01\/aimcra-imparte-una-jornada-en-la-baeza-el-6-de-marzo\/"},"modified":"2017-11-15T09:37:07","modified_gmt":"2017-11-15T08:37:07","slug":"aimcra-imparte-una-jornada-en-la-baeza-el-6-de-marzo","status":"publish","type":"post","link":"https:\/\/www.asajacyl.com\/leon\/servicios-socio\/aimcra-imparte-una-jornada-en-la-baeza-el-6-de-marzo","title":{"rendered":"AIMCRA IMPARTE UNA JORNADA EN LA BA&#209;EZA EL  6 DE MARZO"},"content":{"rendered":"<h2><\/h2>\n<p style=\"text-align: center;\">\n<span style=\"color:#006400;\"><strong>AIMCRA IMPARTE UNA JORNADA EN LA BA&#209;EZA EL&#160; 6 &#160;DE MARZO<\/strong><\/span><\/p>\n<p>\n&#160;<\/p>\n<p>\nSe entrega a los asistentes certificado para acreditar la formaci&#243;n necesaria para percibir las ayudas del Programa de Desarrollo Rural a este cultivo<\/p>\n<p>\n&#160;<\/p>\n<p>\nM&#225;s informaci&#243;n e inscripci&#243;n en el siguiente enlace web de AIMCRA:<\/p>\n<p>\n&#160;<\/p>\n<p>\n&#160;<a href=\"http:\/\/www.aimcra.es\/Plan2014\/documentos\/Programa%20Jornada%20La%20Ba%C3%B1eza_6%20marzo%2017.pdf\">http:\/\/www.aimcra.es\/Plan2014\/documentos\/Programa%20Jornada%20La%20Ba%C3%B1eza_6%20marzo%2017.pdf<\/a><\/p>\n","protected":false},"excerpt":{"rendered":"<p>AIMCRA IMPARTE UNA JORNADA EN LA BA&#209;EZA EL&#160; 6 &#160;DE MARZO &#160; Se entrega a los asistentes certificado para acreditar la formaci&#243;n necesaria para percibir las ayudas del Programa de Desarrollo Rural a este cultivo &#160; M&#225;s informaci&#243;n e inscripci&#243;n en el siguiente enlace web de AIMCRA: &#160; &#160;http:\/\/www.aimcra.es\/Plan2014\/documentos\/Programa%20Jornada%20La%20Ba%C3%B1eza_6%20marzo%2017.pdf<\/p>\n","protected":false},"author":3,"featured_media":8174,"comment_status":"open","ping_status":"open","sticky":false,"template":"","format":"standard","meta":{"footnotes":""},"categories":[12,5],"tags":[],"yoast_head":"<!-- This site is optimized with the Yoast SEO plugin v24.5 - https:\/\/yoast.com\/wordpress\/plugins\/seo\/ -->\n<title>AIMCRA IMPARTE UNA JORNADA EN LA BA&#209;EZA EL 6 DE MARZO - ASAJA Le\u00f3n<\/title>\n<meta name=\"description\" content=\"AIMCRA IMPARTE UNA JORNADA EN LA BA&#209;EZA EL&#160; 6 &#160;DE MARZO &#160; Se entrega a los asistentes certificado para acreditar la formaci&#243;n\" \/>\n<meta name=\"robots\" content=\"index, follow, max-snippet:-1, max-image-preview:large, max-video-preview:-1\" \/>\n<link rel=\"canonical\" href=\"https:\/\/www.asajacyl.com\/leon\/servicios-socio\/aimcra-imparte-una-jornada-en-la-baeza-el-6-de-marzo\" \/>\n<meta property=\"og:locale\" content=\"es_ES\" \/>\n<meta property=\"og:type\" content=\"article\" \/>\n<meta property=\"og:title\" content=\"AIMCRA IMPARTE UNA JORNADA EN LA BA&#209;EZA EL 6 DE MARZO - ASAJA Le\u00f3n\" \/>\n<meta property=\"og:description\" content=\"AIMCRA IMPARTE UNA JORNADA EN LA BA&#209;EZA EL&#160; 6 &#160;DE MARZO &#160; Se entrega a los asistentes certificado para acreditar la formaci&#243;n\" \/>\n<meta property=\"og:url\" content=\"https:\/\/www.asajacyl.com\/leon\/servicios-socio\/aimcra-imparte-una-jornada-en-la-baeza-el-6-de-marzo\" \/>\n<meta property=\"og:site_name\" content=\"ASAJA Le\u00f3n\" \/>\n<meta property=\"article:published_time\" content=\"2017-02-28T23:00:00+00:00\" \/>\n<meta property=\"article:modified_time\" content=\"2017-11-15T08:37:07+00:00\" \/>\n<meta property=\"og:image\" content=\"https:\/\/www.asajacyl.com\/leon\/wp-content\/uploads\/sites\/6\/2017\/11\/im_predefinida_1920x1080.jpg\" \/>\n\t<meta property=\"og:image:width\" content=\"1920\" \/>\n\t<meta property=\"og:image:height\" content=\"1080\" \/>\n\t<meta property=\"og:image:type\" content=\"image\/jpeg\" \/>\n<meta name=\"author\" content=\"Editor\" \/>\n<meta name=\"twitter:card\" content=\"summary_large_image\" \/>\n<meta name=\"twitter:label1\" content=\"Escrito por\" \/>\n\t<meta name=\"twitter:data1\" content=\"Editor\" \/>\n<script type=\"application\/ld+json\" class=\"yoast-schema-graph\">{\"@context\":\"https:\/\/schema.org\",\"@graph\":[{\"@type\":\"WebPage\",\"@id\":\"https:\/\/www.asajacyl.com\/leon\/servicios-socio\/aimcra-imparte-una-jornada-en-la-baeza-el-6-de-marzo\",\"url\":\"https:\/\/www.asajacyl.com\/leon\/servicios-socio\/aimcra-imparte-una-jornada-en-la-baeza-el-6-de-marzo\",\"name\":\"AIMCRA IMPARTE UNA JORNADA EN LA BA&#209;EZA EL 6 DE MARZO - ASAJA Le\u00f3n\",\"isPartOf\":{\"@id\":\"https:\/\/www.asajacyl.com\/leon\/#website\"},\"primaryImageOfPage\":{\"@id\":\"https:\/\/www.asajacyl.com\/leon\/servicios-socio\/aimcra-imparte-una-jornada-en-la-baeza-el-6-de-marzo#primaryimage\"},\"image\":{\"@id\":\"https:\/\/www.asajacyl.com\/leon\/servicios-socio\/aimcra-imparte-una-jornada-en-la-baeza-el-6-de-marzo#primaryimage\"},\"thumbnailUrl\":\"https:\/\/www.asajacyl.com\/leon\/wp-content\/uploads\/sites\/6\/2017\/11\/im_predefinida_1920x1080.jpg\",\"datePublished\":\"2017-02-28T23:00:00+00:00\",\"dateModified\":\"2017-11-15T08:37:07+00:00\",\"author\":{\"@id\":\"https:\/\/www.asajacyl.com\/leon\/#\/schema\/person\/7e884476cee132331142e8ac9689f20c\"},\"description\":\"AIMCRA IMPARTE UNA JORNADA EN LA BA&#209;EZA EL&#160; 6 &#160;DE MARZO &#160; Se entrega a los asistentes certificado para acreditar la formaci&#243;n\",\"breadcrumb\":{\"@id\":\"https:\/\/www.asajacyl.com\/leon\/servicios-socio\/aimcra-imparte-una-jornada-en-la-baeza-el-6-de-marzo#breadcrumb\"},\"inLanguage\":\"es\",\"potentialAction\":[{\"@type\":\"ReadAction\",\"target\":[\"https:\/\/www.asajacyl.com\/leon\/servicios-socio\/aimcra-imparte-una-jornada-en-la-baeza-el-6-de-marzo\"]}]},{\"@type\":\"ImageObject\",\"inLanguage\":\"es\",\"@id\":\"https:\/\/www.asajacyl.com\/leon\/servicios-socio\/aimcra-imparte-una-jornada-en-la-baeza-el-6-de-marzo#primaryimage\",\"url\":\"https:\/\/www.asajacyl.com\/leon\/wp-content\/uploads\/sites\/6\/2017\/11\/im_predefinida_1920x1080.jpg\",\"contentUrl\":\"https:\/\/www.asajacyl.com\/leon\/wp-content\/uploads\/sites\/6\/2017\/11\/im_predefinida_1920x1080.jpg\",\"width\":1920,\"height\":1080,\"caption\":\"Logotipo ASAJA Le\u00f3n\"},{\"@type\":\"BreadcrumbList\",\"@id\":\"https:\/\/www.asajacyl.com\/leon\/servicios-socio\/aimcra-imparte-una-jornada-en-la-baeza-el-6-de-marzo#breadcrumb\",\"itemListElement\":[{\"@type\":\"ListItem\",\"position\":1,\"name\":\"Portada\",\"item\":\"https:\/\/www.asajacyl.com\/leon\/\"},{\"@type\":\"ListItem\",\"position\":2,\"name\":\"AIMCRA IMPARTE UNA JORNADA EN LA BA&#209;EZA EL 6 DE MARZO\"}]},{\"@type\":\"WebSite\",\"@id\":\"https:\/\/www.asajacyl.com\/leon\/#website\",\"url\":\"https:\/\/www.asajacyl.com\/leon\/\",\"name\":\"ASAJA Le\u00f3n\",\"description\":\"Otro sitio m\u00e1s de Provincias ASAJA Castilla y Le\u00f3n\",\"potentialAction\":[{\"@type\":\"SearchAction\",\"target\":{\"@type\":\"EntryPoint\",\"urlTemplate\":\"https:\/\/www.asajacyl.com\/leon\/?s={search_term_string}\"},\"query-input\":{\"@type\":\"PropertyValueSpecification\",\"valueRequired\":true,\"valueName\":\"search_term_string\"}}],\"inLanguage\":\"es\"},{\"@type\":\"Person\",\"@id\":\"https:\/\/www.asajacyl.com\/leon\/#\/schema\/person\/7e884476cee132331142e8ac9689f20c\",\"name\":\"Editor\",\"image\":{\"@type\":\"ImageObject\",\"inLanguage\":\"es\",\"@id\":\"https:\/\/www.asajacyl.com\/leon\/#\/schema\/person\/image\/\",\"url\":\"https:\/\/secure.gravatar.com\/avatar\/a2ef43c165669686cfcfb0e1ffa59869?s=96&d=mm&r=g\",\"contentUrl\":\"https:\/\/secure.gravatar.com\/avatar\/a2ef43c165669686cfcfb0e1ffa59869?s=96&d=mm&r=g\",\"caption\":\"Editor\"},\"url\":\"https:\/\/www.asajacyl.com\/leon\/author\/oscargg\"}]}<\/script>\n<!-- \/ Yoast SEO plugin. -->","yoast_head_json":{"title":"AIMCRA IMPARTE UNA JORNADA EN LA BA&#209;EZA EL 6 DE MARZO - ASAJA Le\u00f3n","description":"AIMCRA IMPARTE UNA JORNADA EN LA BA&#209;EZA EL&#160; 6 &#160;DE MARZO &#160; Se entrega a los asistentes certificado para acreditar la formaci&#243;n","robots":{"index":"index","follow":"follow","max-snippet":"max-snippet:-1","max-image-preview":"max-image-preview:large","max-video-preview":"max-video-preview:-1"},"canonical":"https:\/\/www.asajacyl.com\/leon\/servicios-socio\/aimcra-imparte-una-jornada-en-la-baeza-el-6-de-marzo","og_locale":"es_ES","og_type":"article","og_title":"AIMCRA IMPARTE UNA JORNADA EN LA BA&#209;EZA EL 6 DE MARZO - ASAJA Le\u00f3n","og_description":"AIMCRA IMPARTE UNA JORNADA EN LA BA&#209;EZA EL&#160; 6 &#160;DE MARZO &#160; Se entrega a los asistentes certificado para acreditar la formaci&#243;n","og_url":"https:\/\/www.asajacyl.com\/leon\/servicios-socio\/aimcra-imparte-una-jornada-en-la-baeza-el-6-de-marzo","og_site_name":"ASAJA Le\u00f3n","article_published_time":"2017-02-28T23:00:00+00:00","article_modified_time":"2017-11-15T08:37:07+00:00","og_image":[{"width":1920,"height":1080,"url":"https:\/\/www.asajacyl.com\/leon\/wp-content\/uploads\/sites\/6\/2017\/11\/im_predefinida_1920x1080.jpg","type":"image\/jpeg"}],"author":"Editor","twitter_card":"summary_large_image","twitter_misc":{"Escrito por":"Editor"},"schema":{"@context":"https:\/\/schema.org","@graph":[{"@type":"WebPage","@id":"https:\/\/www.asajacyl.com\/leon\/servicios-socio\/aimcra-imparte-una-jornada-en-la-baeza-el-6-de-marzo","url":"https:\/\/www.asajacyl.com\/leon\/servicios-socio\/aimcra-imparte-una-jornada-en-la-baeza-el-6-de-marzo","name":"AIMCRA IMPARTE UNA JORNADA EN LA BA&#209;EZA EL 6 DE MARZO - ASAJA Le\u00f3n","isPartOf":{"@id":"https:\/\/www.asajacyl.com\/leon\/#website"},"primaryImageOfPage":{"@id":"https:\/\/www.asajacyl.com\/leon\/servicios-socio\/aimcra-imparte-una-jornada-en-la-baeza-el-6-de-marzo#primaryimage"},"image":{"@id":"https:\/\/www.asajacyl.com\/leon\/servicios-socio\/aimcra-imparte-una-jornada-en-la-baeza-el-6-de-marzo#primaryimage"},"thumbnailUrl":"https:\/\/www.asajacyl.com\/leon\/wp-content\/uploads\/sites\/6\/2017\/11\/im_predefinida_1920x1080.jpg","datePublished":"2017-02-28T23:00:00+00:00","dateModified":"2017-11-15T08:37:07+00:00","author":{"@id":"https:\/\/www.asajacyl.com\/leon\/#\/schema\/person\/7e884476cee132331142e8ac9689f20c"},"description":"AIMCRA IMPARTE UNA JORNADA EN LA BA&#209;EZA EL&#160; 6 &#160;DE MARZO &#160; Se entrega a los asistentes certificado para acreditar la formaci&#243;n","breadcrumb":{"@id":"https:\/\/www.asajacyl.com\/leon\/servicios-socio\/aimcra-imparte-una-jornada-en-la-baeza-el-6-de-marzo#breadcrumb"},"inLanguage":"es","potentialAction":[{"@type":"ReadAction","target":["https:\/\/www.asajacyl.com\/leon\/servicios-socio\/aimcra-imparte-una-jornada-en-la-baeza-el-6-de-marzo"]}]},{"@type":"ImageObject","inLanguage":"es","@id":"https:\/\/www.asajacyl.com\/leon\/servicios-socio\/aimcra-imparte-una-jornada-en-la-baeza-el-6-de-marzo#primaryimage","url":"https:\/\/www.asajacyl.com\/leon\/wp-content\/uploads\/sites\/6\/2017\/11\/im_predefinida_1920x1080.jpg","contentUrl":"https:\/\/www.asajacyl.com\/leon\/wp-content\/uploads\/sites\/6\/2017\/11\/im_predefinida_1920x1080.jpg","width":1920,"height":1080,"caption":"Logotipo ASAJA Le\u00f3n"},{"@type":"BreadcrumbList","@id":"https:\/\/www.asajacyl.com\/leon\/servicios-socio\/aimcra-imparte-una-jornada-en-la-baeza-el-6-de-marzo#breadcrumb","itemListElement":[{"@type":"ListItem","position":1,"name":"Portada","item":"https:\/\/www.asajacyl.com\/leon\/"},{"@type":"ListItem","position":2,"name":"AIMCRA IMPARTE UNA JORNADA EN LA BA&#209;EZA EL 6 DE MARZO"}]},{"@type":"WebSite","@id":"https:\/\/www.asajacyl.com\/leon\/#website","url":"https:\/\/www.asajacyl.com\/leon\/","name":"ASAJA Le\u00f3n","description":"Otro sitio m\u00e1s de Provincias ASAJA Castilla y Le\u00f3n","potentialAction":[{"@type":"SearchAction","target":{"@type":"EntryPoint","urlTemplate":"https:\/\/www.asajacyl.com\/leon\/?s={search_term_string}"},"query-input":{"@type":"PropertyValueSpecification","valueRequired":true,"valueName":"search_term_string"}}],"inLanguage":"es"},{"@type":"Person","@id":"https:\/\/www.asajacyl.com\/leon\/#\/schema\/person\/7e884476cee132331142e8ac9689f20c","name":"Editor","image":{"@type":"ImageObject","inLanguage":"es","@id":"https:\/\/www.asajacyl.com\/leon\/#\/schema\/person\/image\/","url":"https:\/\/secure.gravatar.com\/avatar\/a2ef43c165669686cfcfb0e1ffa59869?s=96&d=mm&r=g","contentUrl":"https:\/\/secure.gravatar.com\/avatar\/a2ef43c165669686cfcfb0e1ffa59869?s=96&d=mm&r=g","caption":"Editor"},"url":"https:\/\/www.asajacyl.com\/leon\/author\/oscargg"}]}},"_links":{"self":[{"href":"https:\/\/www.asajacyl.com\/leon\/wp-json\/wp\/v2\/posts\/1342"}],"collection":[{"href":"https:\/\/www.asajacyl.com\/leon\/wp-json\/wp\/v2\/posts"}],"about":[{"href":"https:\/\/www.asajacyl.com\/leon\/wp-json\/wp\/v2\/types\/post"}],"author":[{"embeddable":true,"href":"https:\/\/www.asajacyl.com\/leon\/wp-json\/wp\/v2\/users\/3"}],"replies":[{"embeddable":true,"href":"https:\/\/www.asajacyl.com\/leon\/wp-json\/wp\/v2\/comments?post=1342"}],"version-history":[{"count":1,"href":"https:\/\/www.asajacyl.com\/leon\/wp-json\/wp\/v2\/posts\/1342\/revisions"}],"predecessor-version":[{"id":1735,"href":"https:\/\/www.asajacyl.com\/leon\/wp-json\/wp\/v2\/posts\/1342\/revisions\/1735"}],"wp:featuredmedia":[{"embeddable":true,"href":"https:\/\/www.asajacyl.com\/leon\/wp-json\/wp\/v2\/media\/8174"}],"wp:attachment":[{"href":"https:\/\/www.asajacyl.com\/leon\/wp-json\/wp\/v2\/media?parent=1342"}],"wp:term":[{"taxonomy":"category","embeddable":true,"href":"https:\/\/www.asajacyl.com\/leon\/wp-json\/wp\/v2\/categories?post=1342"},{"taxonomy":"post_tag","embeddable":true,"href":"https:\/\/www.asajacyl.com\/leon\/wp-json\/wp\/v2\/tags?post=1342"}],"curies":[{"name":"wp","href":"https:\/\/api.w.org\/{rel}","templated":true}]}}