{"id":13611,"date":"2022-09-02T11:23:48","date_gmt":"2022-09-02T09:23:48","guid":{"rendered":"https:\/\/www.asajacyl.com\/leon\/?p=13611"},"modified":"2022-09-02T11:23:50","modified_gmt":"2022-09-02T09:23:50","slug":"r_nueva_pac","status":"publish","type":"post","link":"https:\/\/www.asajacyl.com\/leon\/buzon\/r_nueva_pac","title":{"rendered":"r_nueva_pac"},"content":{"rendered":"\n<h2><strong>CONVOCATORIA DE REUNIONES FORMATIVAS DE ASAJA SOBRE LA NUEVA PAC<\/strong><\/h2>\n<h6>Le\u00f3n, 2 de septiembre de 2022.<\/h6>\n<h6>La nueva PAC, muy compleja y con muchas novedades respecto a lo actual, entra en vigor ya para 2023, y por lo tanto para las siembras que comienzan ahora a la vuelta del verano. Muchos agricultores nos han trasladado su inter\u00e9s en que informemos de ello para irse familiarizando con la nueva situaci\u00f3n y poder tomar las decisiones m\u00e1s correctas.<\/h6>\n<h6>Aunque los Reales Decretos y las \u00f3rdenes de convocatoria todav\u00eda no se han publicado, creemos que los cambios que va a haber respecto a los documentos que ya tenemos van a ser m\u00ednimos, por lo tanto, salvo para despejar alguna duda, creemos que ya estamos en condiciones de poder comenzar la campa\u00f1a informativa.<\/h6>\n<h6>En principio no lo vamos a hacer como en ocasiones anteriores, que era en reuniones locales o comarcales. Lo vamos a hacer en <strong><u>reuniones con grupos reducidos, de unas 20 \u00f3 25 personas<\/u><\/strong>, en las <strong><u>aulas de nuestras oficinas<\/u><\/strong> tanto en Le\u00f3n como en las comarcas, y haremos tantas reuniones como haga falta desde ahora hasta el mes de marzo. Las primeras reuniones las comenzaremos en la <strong><u>semana del 12 al 16 de septiembre<\/u><\/strong>, y ser\u00e1n en horario de <strong><u>12 a 14 horas<\/u><\/strong>. En principio comenzaremos en Le\u00f3n capital, Ponferrada, La Ba\u00f1eza, Santa Mar\u00eda del P\u00e1ramo, Valencia de Don Juan y Sahag\u00fan.<\/h6>\n<h6>Aunque la PAC es el tema principal, se pueden tratar otras cuestiones de inter\u00e9s, y por supuesto todo lo que pidan nuestros socios.<\/h6>\n<h6>Es <strong>imprescindible apuntarse personalmente o por tel\u00e9fono en nuestras oficinas<\/strong>, lo que puedes hacer desde hoy mismo, y se ir\u00e1n cubriendo plazas por orden de petici\u00f3n. Cuando se cubra una jornada, habr\u00e1 que esperar a la siguiente. No se atender\u00e1 en las oficinas, para tratar sobre este asunto, a qui\u00e9n no haya estado previamente en estas reuniones informativas.<\/h6>\n<h6>Contamos con que valores este esfuerzo que va a hacer t\u00fa organizaci\u00f3n y esperamos verte en dichas reuniones.<\/h6>\n<h6>\u00a0<\/h6>\n<h6 style=\"text-align: center\">Recibe un saludo.<\/h6>\n<h6 style=\"text-align: center\">\u00a0<\/h6>\n<h6 style=\"text-align: center\">Jos\u00e9 Antonio Turrado Fern\u00e1ndez<\/h6>\n<h6 style=\"text-align: center\">Secretario general<\/h6>\n","protected":false},"excerpt":{"rendered":"<p>CONVOCATORIA DE REUNIONES FORMATIVAS DE ASAJA SOBRE LA NUEVA PAC Le\u00f3n, 2 de septiembre de 2022. La nueva PAC, muy compleja y con muchas novedades respecto a lo actual, entra en vigor ya para 2023, y por lo tanto para las siembras que comienzan ahora a la vuelta del verano. Muchos agricultores nos han trasladado [&hellip;]<\/p>\n","protected":false},"author":8,"featured_media":11753,"comment_status":"open","ping_status":"open","sticky":false,"template":"","format":"standard","meta":{"footnotes":""},"categories":[78],"tags":[],"yoast_head":"<!-- This site is optimized with the Yoast SEO plugin v24.5 - https:\/\/yoast.com\/wordpress\/plugins\/seo\/ -->\n<title>r_nueva_pac - ASAJA Le\u00f3n<\/title>\n<meta name=\"description\" content=\"CONVOCATORIA DE REUNIONES FORMATIVAS DE ASAJA SOBRE LA NUEVA PAC Le\u00f3n, 2 de septiembre de 2022. La nueva PAC, muy compleja y con muchas novedades respecto\" \/>\n<meta name=\"robots\" content=\"index, follow, max-snippet:-1, max-image-preview:large, max-video-preview:-1\" \/>\n<link rel=\"canonical\" href=\"https:\/\/www.asajacyl.com\/leon\/buzon\/r_nueva_pac\" \/>\n<meta property=\"og:locale\" content=\"es_ES\" \/>\n<meta property=\"og:type\" content=\"article\" \/>\n<meta property=\"og:title\" content=\"r_nueva_pac - ASAJA Le\u00f3n\" \/>\n<meta property=\"og:description\" content=\"CONVOCATORIA DE REUNIONES FORMATIVAS DE ASAJA SOBRE LA NUEVA PAC Le\u00f3n, 2 de septiembre de 2022. La nueva PAC, muy compleja y con muchas novedades respecto\" \/>\n<meta property=\"og:url\" content=\"https:\/\/www.asajacyl.com\/leon\/buzon\/r_nueva_pac\" \/>\n<meta property=\"og:site_name\" content=\"ASAJA Le\u00f3n\" \/>\n<meta property=\"article:published_time\" content=\"2022-09-02T09:23:48+00:00\" \/>\n<meta property=\"article:modified_time\" content=\"2022-09-02T09:23:50+00:00\" \/>\n<meta property=\"og:image\" content=\"https:\/\/www.asajacyl.com\/leon\/wp-content\/uploads\/sites\/6\/2020\/10\/fachada-asaja-leon.jpg\" \/>\n\t<meta property=\"og:image:width\" content=\"2048\" \/>\n\t<meta property=\"og:image:height\" content=\"1536\" \/>\n\t<meta property=\"og:image:type\" content=\"image\/jpeg\" \/>\n<meta name=\"author\" content=\"Eduardo\" \/>\n<meta name=\"twitter:card\" content=\"summary_large_image\" \/>\n<meta name=\"twitter:label1\" content=\"Escrito por\" \/>\n\t<meta name=\"twitter:data1\" content=\"Eduardo\" \/>\n\t<meta name=\"twitter:label2\" content=\"Tiempo de lectura\" \/>\n\t<meta name=\"twitter:data2\" content=\"2 minutos\" \/>\n<script type=\"application\/ld+json\" class=\"yoast-schema-graph\">{\"@context\":\"https:\/\/schema.org\",\"@graph\":[{\"@type\":\"WebPage\",\"@id\":\"https:\/\/www.asajacyl.com\/leon\/buzon\/r_nueva_pac\",\"url\":\"https:\/\/www.asajacyl.com\/leon\/buzon\/r_nueva_pac\",\"name\":\"r_nueva_pac - ASAJA Le\u00f3n\",\"isPartOf\":{\"@id\":\"https:\/\/www.asajacyl.com\/leon\/#website\"},\"primaryImageOfPage\":{\"@id\":\"https:\/\/www.asajacyl.com\/leon\/buzon\/r_nueva_pac#primaryimage\"},\"image\":{\"@id\":\"https:\/\/www.asajacyl.com\/leon\/buzon\/r_nueva_pac#primaryimage\"},\"thumbnailUrl\":\"https:\/\/www.asajacyl.com\/leon\/wp-content\/uploads\/sites\/6\/2020\/10\/fachada-asaja-leon.jpg\",\"datePublished\":\"2022-09-02T09:23:48+00:00\",\"dateModified\":\"2022-09-02T09:23:50+00:00\",\"author\":{\"@id\":\"https:\/\/www.asajacyl.com\/leon\/#\/schema\/person\/a39ff3609fc182e4c789ab486e865d32\"},\"description\":\"CONVOCATORIA DE REUNIONES FORMATIVAS DE ASAJA SOBRE LA NUEVA PAC Le\u00f3n, 2 de septiembre de 2022. La nueva PAC, muy compleja y con muchas novedades respecto\",\"breadcrumb\":{\"@id\":\"https:\/\/www.asajacyl.com\/leon\/buzon\/r_nueva_pac#breadcrumb\"},\"inLanguage\":\"es\",\"potentialAction\":[{\"@type\":\"ReadAction\",\"target\":[\"https:\/\/www.asajacyl.com\/leon\/buzon\/r_nueva_pac\"]}]},{\"@type\":\"ImageObject\",\"inLanguage\":\"es\",\"@id\":\"https:\/\/www.asajacyl.com\/leon\/buzon\/r_nueva_pac#primaryimage\",\"url\":\"https:\/\/www.asajacyl.com\/leon\/wp-content\/uploads\/sites\/6\/2020\/10\/fachada-asaja-leon.jpg\",\"contentUrl\":\"https:\/\/www.asajacyl.com\/leon\/wp-content\/uploads\/sites\/6\/2020\/10\/fachada-asaja-leon.jpg\",\"width\":2048,\"height\":1536},{\"@type\":\"BreadcrumbList\",\"@id\":\"https:\/\/www.asajacyl.com\/leon\/buzon\/r_nueva_pac#breadcrumb\",\"itemListElement\":[{\"@type\":\"ListItem\",\"position\":1,\"name\":\"Portada\",\"item\":\"https:\/\/www.asajacyl.com\/leon\/\"},{\"@type\":\"ListItem\",\"position\":2,\"name\":\"r_nueva_pac\"}]},{\"@type\":\"WebSite\",\"@id\":\"https:\/\/www.asajacyl.com\/leon\/#website\",\"url\":\"https:\/\/www.asajacyl.com\/leon\/\",\"name\":\"ASAJA Le\u00f3n\",\"description\":\"Otro sitio m\u00e1s de Provincias ASAJA Castilla y Le\u00f3n\",\"potentialAction\":[{\"@type\":\"SearchAction\",\"target\":{\"@type\":\"EntryPoint\",\"urlTemplate\":\"https:\/\/www.asajacyl.com\/leon\/?s={search_term_string}\"},\"query-input\":{\"@type\":\"PropertyValueSpecification\",\"valueRequired\":true,\"valueName\":\"search_term_string\"}}],\"inLanguage\":\"es\"},{\"@type\":\"Person\",\"@id\":\"https:\/\/www.asajacyl.com\/leon\/#\/schema\/person\/a39ff3609fc182e4c789ab486e865d32\",\"name\":\"Eduardo\",\"image\":{\"@type\":\"ImageObject\",\"inLanguage\":\"es\",\"@id\":\"https:\/\/www.asajacyl.com\/leon\/#\/schema\/person\/image\/\",\"url\":\"https:\/\/secure.gravatar.com\/avatar\/9ebd6aba21d817dcf9595bc9ca505af5?s=96&d=mm&r=g\",\"contentUrl\":\"https:\/\/secure.gravatar.com\/avatar\/9ebd6aba21d817dcf9595bc9ca505af5?s=96&d=mm&r=g\",\"caption\":\"Eduardo\"},\"url\":\"https:\/\/www.asajacyl.com\/leon\/author\/eduardovv\"}]}<\/script>\n<!-- \/ Yoast SEO plugin. -->","yoast_head_json":{"title":"r_nueva_pac - ASAJA Le\u00f3n","description":"CONVOCATORIA DE REUNIONES FORMATIVAS DE ASAJA SOBRE LA NUEVA PAC Le\u00f3n, 2 de septiembre de 2022. La nueva PAC, muy compleja y con muchas novedades respecto","robots":{"index":"index","follow":"follow","max-snippet":"max-snippet:-1","max-image-preview":"max-image-preview:large","max-video-preview":"max-video-preview:-1"},"canonical":"https:\/\/www.asajacyl.com\/leon\/buzon\/r_nueva_pac","og_locale":"es_ES","og_type":"article","og_title":"r_nueva_pac - ASAJA Le\u00f3n","og_description":"CONVOCATORIA DE REUNIONES FORMATIVAS DE ASAJA SOBRE LA NUEVA PAC Le\u00f3n, 2 de septiembre de 2022. La nueva PAC, muy compleja y con muchas novedades respecto","og_url":"https:\/\/www.asajacyl.com\/leon\/buzon\/r_nueva_pac","og_site_name":"ASAJA Le\u00f3n","article_published_time":"2022-09-02T09:23:48+00:00","article_modified_time":"2022-09-02T09:23:50+00:00","og_image":[{"width":2048,"height":1536,"url":"https:\/\/www.asajacyl.com\/leon\/wp-content\/uploads\/sites\/6\/2020\/10\/fachada-asaja-leon.jpg","type":"image\/jpeg"}],"author":"Eduardo","twitter_card":"summary_large_image","twitter_misc":{"Escrito por":"Eduardo","Tiempo de lectura":"2 minutos"},"schema":{"@context":"https:\/\/schema.org","@graph":[{"@type":"WebPage","@id":"https:\/\/www.asajacyl.com\/leon\/buzon\/r_nueva_pac","url":"https:\/\/www.asajacyl.com\/leon\/buzon\/r_nueva_pac","name":"r_nueva_pac - ASAJA Le\u00f3n","isPartOf":{"@id":"https:\/\/www.asajacyl.com\/leon\/#website"},"primaryImageOfPage":{"@id":"https:\/\/www.asajacyl.com\/leon\/buzon\/r_nueva_pac#primaryimage"},"image":{"@id":"https:\/\/www.asajacyl.com\/leon\/buzon\/r_nueva_pac#primaryimage"},"thumbnailUrl":"https:\/\/www.asajacyl.com\/leon\/wp-content\/uploads\/sites\/6\/2020\/10\/fachada-asaja-leon.jpg","datePublished":"2022-09-02T09:23:48+00:00","dateModified":"2022-09-02T09:23:50+00:00","author":{"@id":"https:\/\/www.asajacyl.com\/leon\/#\/schema\/person\/a39ff3609fc182e4c789ab486e865d32"},"description":"CONVOCATORIA DE REUNIONES FORMATIVAS DE ASAJA SOBRE LA NUEVA PAC Le\u00f3n, 2 de septiembre de 2022. La nueva PAC, muy compleja y con muchas novedades respecto","breadcrumb":{"@id":"https:\/\/www.asajacyl.com\/leon\/buzon\/r_nueva_pac#breadcrumb"},"inLanguage":"es","potentialAction":[{"@type":"ReadAction","target":["https:\/\/www.asajacyl.com\/leon\/buzon\/r_nueva_pac"]}]},{"@type":"ImageObject","inLanguage":"es","@id":"https:\/\/www.asajacyl.com\/leon\/buzon\/r_nueva_pac#primaryimage","url":"https:\/\/www.asajacyl.com\/leon\/wp-content\/uploads\/sites\/6\/2020\/10\/fachada-asaja-leon.jpg","contentUrl":"https:\/\/www.asajacyl.com\/leon\/wp-content\/uploads\/sites\/6\/2020\/10\/fachada-asaja-leon.jpg","width":2048,"height":1536},{"@type":"BreadcrumbList","@id":"https:\/\/www.asajacyl.com\/leon\/buzon\/r_nueva_pac#breadcrumb","itemListElement":[{"@type":"ListItem","position":1,"name":"Portada","item":"https:\/\/www.asajacyl.com\/leon\/"},{"@type":"ListItem","position":2,"name":"r_nueva_pac"}]},{"@type":"WebSite","@id":"https:\/\/www.asajacyl.com\/leon\/#website","url":"https:\/\/www.asajacyl.com\/leon\/","name":"ASAJA Le\u00f3n","description":"Otro sitio m\u00e1s de Provincias ASAJA Castilla y Le\u00f3n","potentialAction":[{"@type":"SearchAction","target":{"@type":"EntryPoint","urlTemplate":"https:\/\/www.asajacyl.com\/leon\/?s={search_term_string}"},"query-input":{"@type":"PropertyValueSpecification","valueRequired":true,"valueName":"search_term_string"}}],"inLanguage":"es"},{"@type":"Person","@id":"https:\/\/www.asajacyl.com\/leon\/#\/schema\/person\/a39ff3609fc182e4c789ab486e865d32","name":"Eduardo","image":{"@type":"ImageObject","inLanguage":"es","@id":"https:\/\/www.asajacyl.com\/leon\/#\/schema\/person\/image\/","url":"https:\/\/secure.gravatar.com\/avatar\/9ebd6aba21d817dcf9595bc9ca505af5?s=96&d=mm&r=g","contentUrl":"https:\/\/secure.gravatar.com\/avatar\/9ebd6aba21d817dcf9595bc9ca505af5?s=96&d=mm&r=g","caption":"Eduardo"},"url":"https:\/\/www.asajacyl.com\/leon\/author\/eduardovv"}]}},"_links":{"self":[{"href":"https:\/\/www.asajacyl.com\/leon\/wp-json\/wp\/v2\/posts\/13611"}],"collection":[{"href":"https:\/\/www.asajacyl.com\/leon\/wp-json\/wp\/v2\/posts"}],"about":[{"href":"https:\/\/www.asajacyl.com\/leon\/wp-json\/wp\/v2\/types\/post"}],"author":[{"embeddable":true,"href":"https:\/\/www.asajacyl.com\/leon\/wp-json\/wp\/v2\/users\/8"}],"replies":[{"embeddable":true,"href":"https:\/\/www.asajacyl.com\/leon\/wp-json\/wp\/v2\/comments?post=13611"}],"version-history":[{"count":2,"href":"https:\/\/www.asajacyl.com\/leon\/wp-json\/wp\/v2\/posts\/13611\/revisions"}],"predecessor-version":[{"id":13651,"href":"https:\/\/www.asajacyl.com\/leon\/wp-json\/wp\/v2\/posts\/13611\/revisions\/13651"}],"wp:featuredmedia":[{"embeddable":true,"href":"https:\/\/www.asajacyl.com\/leon\/wp-json\/wp\/v2\/media\/11753"}],"wp:attachment":[{"href":"https:\/\/www.asajacyl.com\/leon\/wp-json\/wp\/v2\/media?parent=13611"}],"wp:term":[{"taxonomy":"category","embeddable":true,"href":"https:\/\/www.asajacyl.com\/leon\/wp-json\/wp\/v2\/categories?post=13611"},{"taxonomy":"post_tag","embeddable":true,"href":"https:\/\/www.asajacyl.com\/leon\/wp-json\/wp\/v2\/tags?post=13611"}],"curies":[{"name":"wp","href":"https:\/\/api.w.org\/{rel}","templated":true}]}}