{"id":13652,"date":"2022-09-15T10:19:34","date_gmt":"2022-09-15T08:19:34","guid":{"rendered":"https:\/\/www.asajacyl.com\/leon\/?p=13652"},"modified":"2022-09-15T11:21:14","modified_gmt":"2022-09-15T09:21:14","slug":"c_movilizaciones","status":"publish","type":"post","link":"https:\/\/www.asajacyl.com\/leon\/buzon\/c_movilizaciones","title":{"rendered":"c_movilizaciones"},"content":{"rendered":"\n<p><strong><u>CONVOCATORIA DE MOVILIZACIONES<\/u><\/strong><\/p>\n<p>Le\u00f3n, 15 de septiembre de 2022<\/p>\n<p><strong><u>MANIFESTACI\u00d3N EN LE\u00d3N EL LUNES 19 DE SEPTIEMBRE<\/u><\/strong><\/p>\n<p>La organizaci\u00f3n agraria ASAJA apoya la manifestaci\u00f3n convocada por las comunidades de regantes que toman agua de los pantanos de Ria\u00f1o y Porma, contra la decisi\u00f3n del Gobierno de desembalsar el agua ahorrada para enviarla a Portugal, con el consiguiente riesgo de falta de recurso para nuestros cultivos el pr\u00f3ximo a\u00f1o agr\u00edcola. Por esta raz\u00f3n, convocamos a los socios de las zonas afectadas <strong><u>para que se manifiesten en Le\u00f3n con su tractor el lunes d\u00eda 19<\/u><\/strong>. La manifestaci\u00f3n, que cuenta con los permisos pertinentes, saldr\u00e1 del aparcamiento del Campo de F\u00fatbol de Le\u00f3n a las 11:30, por lo que se ha de tener en cuenta el tiempo para llegar desde la salida de cada pueblo. Cualquier aspecto organizativo lo has de consultar en t\u00fa comunidad de regantes.<\/p>\n<p>Los m\u00e1ximos responsables de ASAJA\u00a0 no compartir\u00e1n la pancarta de cabecera al estar en ella el vicepresidente de la Diputaci\u00f3n, Mat\u00edas Llorente.<\/p>\n<p><strong><u>MANIFESTACI\u00d3N EN VALLADOLID EL VIERNES 23 DE SEPTIEMBRE<\/u><\/strong><\/p>\n<p>Las organizaciones ASAJA de Castilla y Le\u00f3n, y la Alianza UPA-COAG, han convocado una manifestaci\u00f3n conjunta <strong>contra los ALTOS COSTES DE LOS MEDIOS DE PRODUCCI\u00d3<\/strong>N, como son los fertilizantes, la electricidad o el gas\u00f3leo agr\u00edcola. La manifestaci\u00f3n saldr\u00e1 de la Sede de la Delegaci\u00f3n del Gobierno en Castilla y Le\u00f3n\u00a0 en Valladolid (Plaza del Milenio) a las 11:30 horas, y llegar\u00e1 en su recorrido a la sede de la\u00a0 consejer\u00eda de Agricultura. En principio no est\u00e1 previsto llevar autobuses, y est\u00e1 pensado para que los agricultores se organicen y se desplace 4 \u00f3 5 juntos en veh\u00edculo particular, haciendo un llamamiento especial para que la mejor respuesta llegue por parte de los <u>socios m\u00e1s j\u00f3venes<\/u>.<\/p>\n<p>Agradeci\u00e9ndote t\u00fa colaboraci\u00f3n en estos actos de protesta, pensados para beneficio de todos, recibe un saludo.<\/p>\n<p style=\"text-align: left\">\u00a0 \u00a0 \u00a0Fdo.: Arsenio Garc\u00eda Vidal\u00a0 (Presidente)\u00a0 \u00a0 \u00a0 \u00a0 \u00a0 \u00a0<\/p>\n<p style=\"text-align: left\">\u00a0 \u00a0 \u00a0Fdo.: Jos\u00e9 Antonio Turrado (Secretario general)<\/p>\n<p style=\"text-align: left\">\u00a0 \u00a0 \u00a0 \u00a0 \u00a0 \u00a0 \u00a0 \u00a0 \u00a0 \u00a0 \u00a0 \u00a0 \u00a0 \u00a0 \u00a0 \u00a0 \u00a0 \u00a0 \u00a0 \u00a0 \u00a0 \u00a0 \u00a0 \u00a0 \u00a0 \u00a0 \u00a0 \u00a0 \u00a0 \u00a0 \u00a0 \u00a0 \u00a0 \u00a0 \u00a0 \u00a0 \u00a0 \u00a0 \u00a0 \u00a0 \u00a0 \u00a0 \u00a0 \u00a0 \u00a0 \u00a0 \u00a0 \u00a0 \u00a0 \u00a0 \u00a0 \u00a0 \u00a0 \u00a0 \u00a0 \u00a0 \u00a0 \u00a0 \u00a0 \u00a0 \u00a0\u00a0<\/p>\n<p style=\"text-align: center\">\u00a0<\/p>\n<p>\u00a0<\/p>\n","protected":false},"excerpt":{"rendered":"<p>CONVOCATORIA DE MOVILIZACIONES Le\u00f3n, 15 de septiembre de 2022 MANIFESTACI\u00d3N EN LE\u00d3N EL LUNES 19 DE SEPTIEMBRE La organizaci\u00f3n agraria ASAJA apoya la manifestaci\u00f3n convocada por las comunidades de regantes que toman agua de los pantanos de Ria\u00f1o y Porma, contra la decisi\u00f3n del Gobierno de desembalsar el agua ahorrada para enviarla a Portugal, con [&hellip;]<\/p>\n","protected":false},"author":8,"featured_media":8174,"comment_status":"open","ping_status":"open","sticky":false,"template":"","format":"standard","meta":{"footnotes":""},"categories":[78],"tags":[],"yoast_head":"<!-- This site is optimized with the Yoast SEO plugin v24.5 - https:\/\/yoast.com\/wordpress\/plugins\/seo\/ -->\n<title>c_movilizaciones - ASAJA Le\u00f3n<\/title>\n<meta name=\"description\" content=\"CONVOCATORIA DE MOVILIZACIONES Le\u00f3n, 15 de septiembre de 2022 MANIFESTACI\u00d3N EN LE\u00d3N EL LUNES 19 DE SEPTIEMBRE La organizaci\u00f3n agraria ASAJA apoya la\" \/>\n<meta name=\"robots\" content=\"index, follow, max-snippet:-1, max-image-preview:large, max-video-preview:-1\" \/>\n<link rel=\"canonical\" href=\"https:\/\/www.asajacyl.com\/leon\/buzon\/c_movilizaciones\" \/>\n<meta property=\"og:locale\" content=\"es_ES\" \/>\n<meta property=\"og:type\" content=\"article\" \/>\n<meta property=\"og:title\" content=\"c_movilizaciones - ASAJA Le\u00f3n\" \/>\n<meta property=\"og:description\" content=\"CONVOCATORIA DE MOVILIZACIONES Le\u00f3n, 15 de septiembre de 2022 MANIFESTACI\u00d3N EN LE\u00d3N EL LUNES 19 DE SEPTIEMBRE La organizaci\u00f3n agraria ASAJA apoya la\" \/>\n<meta property=\"og:url\" content=\"https:\/\/www.asajacyl.com\/leon\/buzon\/c_movilizaciones\" \/>\n<meta property=\"og:site_name\" content=\"ASAJA Le\u00f3n\" \/>\n<meta property=\"article:published_time\" content=\"2022-09-15T08:19:34+00:00\" \/>\n<meta property=\"article:modified_time\" content=\"2022-09-15T09:21:14+00:00\" \/>\n<meta name=\"author\" content=\"Eduardo\" \/>\n<meta name=\"twitter:card\" content=\"summary_large_image\" \/>\n<meta name=\"twitter:label1\" content=\"Escrito por\" \/>\n\t<meta name=\"twitter:data1\" content=\"Eduardo\" \/>\n\t<meta name=\"twitter:label2\" content=\"Tiempo de lectura\" \/>\n\t<meta name=\"twitter:data2\" content=\"2 minutos\" \/>\n<script type=\"application\/ld+json\" class=\"yoast-schema-graph\">{\"@context\":\"https:\/\/schema.org\",\"@graph\":[{\"@type\":\"WebPage\",\"@id\":\"https:\/\/www.asajacyl.com\/leon\/buzon\/c_movilizaciones\",\"url\":\"https:\/\/www.asajacyl.com\/leon\/buzon\/c_movilizaciones\",\"name\":\"c_movilizaciones - ASAJA Le\u00f3n\",\"isPartOf\":{\"@id\":\"https:\/\/www.asajacyl.com\/leon\/#website\"},\"primaryImageOfPage\":{\"@id\":\"https:\/\/www.asajacyl.com\/leon\/buzon\/c_movilizaciones#primaryimage\"},\"image\":{\"@id\":\"https:\/\/www.asajacyl.com\/leon\/buzon\/c_movilizaciones#primaryimage\"},\"thumbnailUrl\":\"https:\/\/www.asajacyl.com\/leon\/wp-content\/uploads\/sites\/6\/2017\/11\/im_predefinida_1920x1080.jpg\",\"datePublished\":\"2022-09-15T08:19:34+00:00\",\"dateModified\":\"2022-09-15T09:21:14+00:00\",\"author\":{\"@id\":\"https:\/\/www.asajacyl.com\/leon\/#\/schema\/person\/a39ff3609fc182e4c789ab486e865d32\"},\"description\":\"CONVOCATORIA DE MOVILIZACIONES Le\u00f3n, 15 de septiembre de 2022 MANIFESTACI\u00d3N EN LE\u00d3N EL LUNES 19 DE SEPTIEMBRE La organizaci\u00f3n agraria ASAJA apoya la\",\"breadcrumb\":{\"@id\":\"https:\/\/www.asajacyl.com\/leon\/buzon\/c_movilizaciones#breadcrumb\"},\"inLanguage\":\"es\",\"potentialAction\":[{\"@type\":\"ReadAction\",\"target\":[\"https:\/\/www.asajacyl.com\/leon\/buzon\/c_movilizaciones\"]}]},{\"@type\":\"ImageObject\",\"inLanguage\":\"es\",\"@id\":\"https:\/\/www.asajacyl.com\/leon\/buzon\/c_movilizaciones#primaryimage\",\"url\":\"https:\/\/www.asajacyl.com\/leon\/wp-content\/uploads\/sites\/6\/2017\/11\/im_predefinida_1920x1080.jpg\",\"contentUrl\":\"https:\/\/www.asajacyl.com\/leon\/wp-content\/uploads\/sites\/6\/2017\/11\/im_predefinida_1920x1080.jpg\",\"width\":1920,\"height\":1080,\"caption\":\"Logotipo ASAJA Le\u00f3n\"},{\"@type\":\"BreadcrumbList\",\"@id\":\"https:\/\/www.asajacyl.com\/leon\/buzon\/c_movilizaciones#breadcrumb\",\"itemListElement\":[{\"@type\":\"ListItem\",\"position\":1,\"name\":\"Portada\",\"item\":\"https:\/\/www.asajacyl.com\/leon\/\"},{\"@type\":\"ListItem\",\"position\":2,\"name\":\"c_movilizaciones\"}]},{\"@type\":\"WebSite\",\"@id\":\"https:\/\/www.asajacyl.com\/leon\/#website\",\"url\":\"https:\/\/www.asajacyl.com\/leon\/\",\"name\":\"ASAJA Le\u00f3n\",\"description\":\"Otro sitio m\u00e1s de Provincias ASAJA Castilla y Le\u00f3n\",\"potentialAction\":[{\"@type\":\"SearchAction\",\"target\":{\"@type\":\"EntryPoint\",\"urlTemplate\":\"https:\/\/www.asajacyl.com\/leon\/?s={search_term_string}\"},\"query-input\":{\"@type\":\"PropertyValueSpecification\",\"valueRequired\":true,\"valueName\":\"search_term_string\"}}],\"inLanguage\":\"es\"},{\"@type\":\"Person\",\"@id\":\"https:\/\/www.asajacyl.com\/leon\/#\/schema\/person\/a39ff3609fc182e4c789ab486e865d32\",\"name\":\"Eduardo\",\"image\":{\"@type\":\"ImageObject\",\"inLanguage\":\"es\",\"@id\":\"https:\/\/www.asajacyl.com\/leon\/#\/schema\/person\/image\/\",\"url\":\"https:\/\/secure.gravatar.com\/avatar\/9ebd6aba21d817dcf9595bc9ca505af5?s=96&d=mm&r=g\",\"contentUrl\":\"https:\/\/secure.gravatar.com\/avatar\/9ebd6aba21d817dcf9595bc9ca505af5?s=96&d=mm&r=g\",\"caption\":\"Eduardo\"},\"url\":\"https:\/\/www.asajacyl.com\/leon\/author\/eduardovv\"}]}<\/script>\n<!-- \/ Yoast SEO plugin. -->","yoast_head_json":{"title":"c_movilizaciones - ASAJA Le\u00f3n","description":"CONVOCATORIA DE MOVILIZACIONES Le\u00f3n, 15 de septiembre de 2022 MANIFESTACI\u00d3N EN LE\u00d3N EL LUNES 19 DE SEPTIEMBRE La organizaci\u00f3n agraria ASAJA apoya la","robots":{"index":"index","follow":"follow","max-snippet":"max-snippet:-1","max-image-preview":"max-image-preview:large","max-video-preview":"max-video-preview:-1"},"canonical":"https:\/\/www.asajacyl.com\/leon\/buzon\/c_movilizaciones","og_locale":"es_ES","og_type":"article","og_title":"c_movilizaciones - ASAJA Le\u00f3n","og_description":"CONVOCATORIA DE MOVILIZACIONES Le\u00f3n, 15 de septiembre de 2022 MANIFESTACI\u00d3N EN LE\u00d3N EL LUNES 19 DE SEPTIEMBRE La organizaci\u00f3n agraria ASAJA apoya la","og_url":"https:\/\/www.asajacyl.com\/leon\/buzon\/c_movilizaciones","og_site_name":"ASAJA Le\u00f3n","article_published_time":"2022-09-15T08:19:34+00:00","article_modified_time":"2022-09-15T09:21:14+00:00","author":"Eduardo","twitter_card":"summary_large_image","twitter_misc":{"Escrito por":"Eduardo","Tiempo de lectura":"2 minutos"},"schema":{"@context":"https:\/\/schema.org","@graph":[{"@type":"WebPage","@id":"https:\/\/www.asajacyl.com\/leon\/buzon\/c_movilizaciones","url":"https:\/\/www.asajacyl.com\/leon\/buzon\/c_movilizaciones","name":"c_movilizaciones - ASAJA Le\u00f3n","isPartOf":{"@id":"https:\/\/www.asajacyl.com\/leon\/#website"},"primaryImageOfPage":{"@id":"https:\/\/www.asajacyl.com\/leon\/buzon\/c_movilizaciones#primaryimage"},"image":{"@id":"https:\/\/www.asajacyl.com\/leon\/buzon\/c_movilizaciones#primaryimage"},"thumbnailUrl":"https:\/\/www.asajacyl.com\/leon\/wp-content\/uploads\/sites\/6\/2017\/11\/im_predefinida_1920x1080.jpg","datePublished":"2022-09-15T08:19:34+00:00","dateModified":"2022-09-15T09:21:14+00:00","author":{"@id":"https:\/\/www.asajacyl.com\/leon\/#\/schema\/person\/a39ff3609fc182e4c789ab486e865d32"},"description":"CONVOCATORIA DE MOVILIZACIONES Le\u00f3n, 15 de septiembre de 2022 MANIFESTACI\u00d3N EN LE\u00d3N EL LUNES 19 DE SEPTIEMBRE La organizaci\u00f3n agraria ASAJA apoya la","breadcrumb":{"@id":"https:\/\/www.asajacyl.com\/leon\/buzon\/c_movilizaciones#breadcrumb"},"inLanguage":"es","potentialAction":[{"@type":"ReadAction","target":["https:\/\/www.asajacyl.com\/leon\/buzon\/c_movilizaciones"]}]},{"@type":"ImageObject","inLanguage":"es","@id":"https:\/\/www.asajacyl.com\/leon\/buzon\/c_movilizaciones#primaryimage","url":"https:\/\/www.asajacyl.com\/leon\/wp-content\/uploads\/sites\/6\/2017\/11\/im_predefinida_1920x1080.jpg","contentUrl":"https:\/\/www.asajacyl.com\/leon\/wp-content\/uploads\/sites\/6\/2017\/11\/im_predefinida_1920x1080.jpg","width":1920,"height":1080,"caption":"Logotipo ASAJA Le\u00f3n"},{"@type":"BreadcrumbList","@id":"https:\/\/www.asajacyl.com\/leon\/buzon\/c_movilizaciones#breadcrumb","itemListElement":[{"@type":"ListItem","position":1,"name":"Portada","item":"https:\/\/www.asajacyl.com\/leon\/"},{"@type":"ListItem","position":2,"name":"c_movilizaciones"}]},{"@type":"WebSite","@id":"https:\/\/www.asajacyl.com\/leon\/#website","url":"https:\/\/www.asajacyl.com\/leon\/","name":"ASAJA Le\u00f3n","description":"Otro sitio m\u00e1s de Provincias ASAJA Castilla y Le\u00f3n","potentialAction":[{"@type":"SearchAction","target":{"@type":"EntryPoint","urlTemplate":"https:\/\/www.asajacyl.com\/leon\/?s={search_term_string}"},"query-input":{"@type":"PropertyValueSpecification","valueRequired":true,"valueName":"search_term_string"}}],"inLanguage":"es"},{"@type":"Person","@id":"https:\/\/www.asajacyl.com\/leon\/#\/schema\/person\/a39ff3609fc182e4c789ab486e865d32","name":"Eduardo","image":{"@type":"ImageObject","inLanguage":"es","@id":"https:\/\/www.asajacyl.com\/leon\/#\/schema\/person\/image\/","url":"https:\/\/secure.gravatar.com\/avatar\/9ebd6aba21d817dcf9595bc9ca505af5?s=96&d=mm&r=g","contentUrl":"https:\/\/secure.gravatar.com\/avatar\/9ebd6aba21d817dcf9595bc9ca505af5?s=96&d=mm&r=g","caption":"Eduardo"},"url":"https:\/\/www.asajacyl.com\/leon\/author\/eduardovv"}]}},"_links":{"self":[{"href":"https:\/\/www.asajacyl.com\/leon\/wp-json\/wp\/v2\/posts\/13652"}],"collection":[{"href":"https:\/\/www.asajacyl.com\/leon\/wp-json\/wp\/v2\/posts"}],"about":[{"href":"https:\/\/www.asajacyl.com\/leon\/wp-json\/wp\/v2\/types\/post"}],"author":[{"embeddable":true,"href":"https:\/\/www.asajacyl.com\/leon\/wp-json\/wp\/v2\/users\/8"}],"replies":[{"embeddable":true,"href":"https:\/\/www.asajacyl.com\/leon\/wp-json\/wp\/v2\/comments?post=13652"}],"version-history":[{"count":8,"href":"https:\/\/www.asajacyl.com\/leon\/wp-json\/wp\/v2\/posts\/13652\/revisions"}],"predecessor-version":[{"id":13663,"href":"https:\/\/www.asajacyl.com\/leon\/wp-json\/wp\/v2\/posts\/13652\/revisions\/13663"}],"wp:featuredmedia":[{"embeddable":true,"href":"https:\/\/www.asajacyl.com\/leon\/wp-json\/wp\/v2\/media\/8174"}],"wp:attachment":[{"href":"https:\/\/www.asajacyl.com\/leon\/wp-json\/wp\/v2\/media?parent=13652"}],"wp:term":[{"taxonomy":"category","embeddable":true,"href":"https:\/\/www.asajacyl.com\/leon\/wp-json\/wp\/v2\/categories?post=13652"},{"taxonomy":"post_tag","embeddable":true,"href":"https:\/\/www.asajacyl.com\/leon\/wp-json\/wp\/v2\/tags?post=13652"}],"curies":[{"name":"wp","href":"https:\/\/api.w.org\/{rel}","templated":true}]}}