{"id":13664,"date":"2022-09-16T10:11:23","date_gmt":"2022-09-16T08:11:23","guid":{"rendered":"https:\/\/www.asajacyl.com\/leon\/?p=13664"},"modified":"2022-09-23T10:32:33","modified_gmt":"2022-09-23T08:32:33","slug":"asaja-de-leon-despliega-una-gran-campana-formativa-sobre-la-pac-que-se-alargara-hasta-el-mes-de-marzo","status":"publish","type":"post","link":"https:\/\/www.asajacyl.com\/leon\/asaja-leon-informa\/asaja-de-leon-despliega-una-gran-campana-formativa-sobre-la-pac-que-se-alargara-hasta-el-mes-de-marzo","title":{"rendered":"ASAJA  de Le\u00f3n despliega una gran campa\u00f1a formativa sobre la PAC, que se alargar\u00e1 hasta el mes de marzo"},"content":{"rendered":"\n<p>La organizaci\u00f3n agraria ASAJA de Le\u00f3n, mayoritaria en el sector, comenz\u00f3 el pasado lunes 12 de septiembre una campa\u00f1a dirigida a informar y formar a los agricultores y ganaderos sobre la normativa que regular\u00e1 las ayudas de la PAC a partir de 2023. Esta informaci\u00f3n es posible una vez que la UE ha publicado sus reglamentos y ha aprobado el Plan Estrat\u00e9gico de la PAC para Espa\u00f1a, y una vez que el ministerio de Agricultura ha sacado a informaci\u00f3n p\u00fablica los proyectos de reales decretos que van a ir desarrollarlo.<\/p>\n<p>La nueva PAC para el periodo 2023-2027, que previsiblemente se prorrogue hasta el final de la d\u00e9cada, presenta importantes cambios con respecto al anterior modelo de ayudas. Entre\u00a0 otros, destacar las mayores exigencias en materia de condicionalidad ambiental de las ayudas con la denominada \u201ccondicionalidad reforzada\u201d,\u00a0 la aplicaci\u00f3n de los denominados\u00a0 eco-esquemas o eco reg\u00edmenes, a los que se destina un 26% del presupuesto, la implantaci\u00f3n del cuaderno digital de explotaci\u00f3n, o los planes de abonado de las explotaciones. Tambi\u00e9n habr\u00e1 novedades importantes en las ayudas del Programa de Desarrollo Rural, donde se incluyen los programas agroambientales por cinco a\u00f1os, las ayudas\u00a0 a la agricultura ecol\u00f3gica, o las ayudas a zonas con limitaciones naturales.<\/p>\n<p>Las ayudas de la PAC representan un importe en la provincia de Le\u00f3n de unos 105 millones de euros anuales, de los cuales el 45% se tramitan en las oficinas de ASAJA.<\/p>\n<p>La campa\u00f1a formativa de ASAJA se ha iniciado en las aulas de formaci\u00f3n de sus oficinas, tanto en la capital como en las comarcas, trabajando con grupos reducidos de 25 agricultores y ganaderos en cada una de las sesiones. Posteriormente se organizar\u00e1n reuniones comarcales o locales\u00a0 en zonas distantes de esas oficinas, sobre todo en las comarcas de monta\u00f1a, y al finalizar la programaci\u00f3n, a primeros de marzo, la organizaci\u00f3n espera haber informado y formado sobre esta materia a 3.300 agricultores y ganaderos que cada a\u00f1o conf\u00edan la gesti\u00f3n de la PAC a ASAJA. Esta campa\u00f1a se llevar\u00e1 a cabo con recursos propios, sin ning\u00fan tipo de subvenci\u00f3n o apoyo p\u00fablico.<\/p>\n<p>ASAJA. Le\u00f3n, 16 de septiembre de 2022.<\/p>\n","protected":false},"excerpt":{"rendered":"<p>La organizaci\u00f3n agraria ASAJA de Le\u00f3n, mayoritaria en el sector, comenz\u00f3 el pasado lunes 12 de septiembre una campa\u00f1a dirigida a informar y formar a los agricultores y ganaderos sobre la normativa que regular\u00e1 las ayudas de la PAC a partir de 2023. Esta informaci\u00f3n es posible una vez que la UE ha publicado sus [&hellip;]<\/p>\n","protected":false},"author":8,"featured_media":13665,"comment_status":"open","ping_status":"open","sticky":false,"template":"","format":"standard","meta":{"footnotes":""},"categories":[4,9],"tags":[],"yoast_head":"<!-- This site is optimized with the Yoast SEO plugin v24.5 - https:\/\/yoast.com\/wordpress\/plugins\/seo\/ -->\n<title>ASAJA de Le\u00f3n despliega una gran campa\u00f1a formativa sobre la PAC, que se alargar\u00e1 hasta el mes de marzo - ASAJA Le\u00f3n<\/title>\n<meta name=\"description\" content=\"La organizaci\u00f3n agraria ASAJA de Le\u00f3n, mayoritaria en el sector, comenz\u00f3 el pasado lunes 12 de septiembre una campa\u00f1a dirigida a informar y formar a los\" \/>\n<meta name=\"robots\" content=\"index, follow, max-snippet:-1, max-image-preview:large, max-video-preview:-1\" \/>\n<link rel=\"canonical\" href=\"https:\/\/www.asajacyl.com\/leon\/asaja-leon-informa\/asaja-de-leon-despliega-una-gran-campana-formativa-sobre-la-pac-que-se-alargara-hasta-el-mes-de-marzo\" \/>\n<meta property=\"og:locale\" content=\"es_ES\" \/>\n<meta property=\"og:type\" content=\"article\" \/>\n<meta property=\"og:title\" content=\"ASAJA de Le\u00f3n despliega una gran campa\u00f1a formativa sobre la PAC, que se alargar\u00e1 hasta el mes de marzo - ASAJA Le\u00f3n\" \/>\n<meta property=\"og:description\" content=\"La organizaci\u00f3n agraria ASAJA de Le\u00f3n, mayoritaria en el sector, comenz\u00f3 el pasado lunes 12 de septiembre una campa\u00f1a dirigida a informar y formar a los\" \/>\n<meta property=\"og:url\" content=\"https:\/\/www.asajacyl.com\/leon\/asaja-leon-informa\/asaja-de-leon-despliega-una-gran-campana-formativa-sobre-la-pac-que-se-alargara-hasta-el-mes-de-marzo\" \/>\n<meta property=\"og:site_name\" content=\"ASAJA Le\u00f3n\" \/>\n<meta property=\"article:published_time\" content=\"2022-09-16T08:11:23+00:00\" \/>\n<meta property=\"article:modified_time\" content=\"2022-09-23T08:32:33+00:00\" \/>\n<meta property=\"og:image\" content=\"https:\/\/www.asajacyl.com\/leon\/wp-content\/uploads\/sites\/6\/2022\/09\/CHARLA-INFORMATIVA.jpeg\" \/>\n\t<meta property=\"og:image:width\" content=\"768\" \/>\n\t<meta property=\"og:image:height\" content=\"1024\" \/>\n\t<meta property=\"og:image:type\" content=\"image\/jpeg\" \/>\n<meta name=\"author\" content=\"Eduardo\" \/>\n<meta name=\"twitter:card\" content=\"summary_large_image\" \/>\n<meta name=\"twitter:label1\" content=\"Escrito por\" \/>\n\t<meta name=\"twitter:data1\" content=\"Eduardo\" \/>\n\t<meta name=\"twitter:label2\" content=\"Tiempo de lectura\" \/>\n\t<meta name=\"twitter:data2\" content=\"2 minutos\" \/>\n<script type=\"application\/ld+json\" class=\"yoast-schema-graph\">{\"@context\":\"https:\/\/schema.org\",\"@graph\":[{\"@type\":\"WebPage\",\"@id\":\"https:\/\/www.asajacyl.com\/leon\/asaja-leon-informa\/asaja-de-leon-despliega-una-gran-campana-formativa-sobre-la-pac-que-se-alargara-hasta-el-mes-de-marzo\",\"url\":\"https:\/\/www.asajacyl.com\/leon\/asaja-leon-informa\/asaja-de-leon-despliega-una-gran-campana-formativa-sobre-la-pac-que-se-alargara-hasta-el-mes-de-marzo\",\"name\":\"ASAJA de Le\u00f3n despliega una gran campa\u00f1a formativa sobre la PAC, que se alargar\u00e1 hasta el mes de marzo - ASAJA Le\u00f3n\",\"isPartOf\":{\"@id\":\"https:\/\/www.asajacyl.com\/leon\/#website\"},\"primaryImageOfPage\":{\"@id\":\"https:\/\/www.asajacyl.com\/leon\/asaja-leon-informa\/asaja-de-leon-despliega-una-gran-campana-formativa-sobre-la-pac-que-se-alargara-hasta-el-mes-de-marzo#primaryimage\"},\"image\":{\"@id\":\"https:\/\/www.asajacyl.com\/leon\/asaja-leon-informa\/asaja-de-leon-despliega-una-gran-campana-formativa-sobre-la-pac-que-se-alargara-hasta-el-mes-de-marzo#primaryimage\"},\"thumbnailUrl\":\"https:\/\/www.asajacyl.com\/leon\/wp-content\/uploads\/sites\/6\/2022\/09\/CHARLA-INFORMATIVA.jpeg\",\"datePublished\":\"2022-09-16T08:11:23+00:00\",\"dateModified\":\"2022-09-23T08:32:33+00:00\",\"author\":{\"@id\":\"https:\/\/www.asajacyl.com\/leon\/#\/schema\/person\/a39ff3609fc182e4c789ab486e865d32\"},\"description\":\"La organizaci\u00f3n agraria ASAJA de Le\u00f3n, mayoritaria en el sector, comenz\u00f3 el pasado lunes 12 de septiembre una campa\u00f1a dirigida a informar y formar a los\",\"breadcrumb\":{\"@id\":\"https:\/\/www.asajacyl.com\/leon\/asaja-leon-informa\/asaja-de-leon-despliega-una-gran-campana-formativa-sobre-la-pac-que-se-alargara-hasta-el-mes-de-marzo#breadcrumb\"},\"inLanguage\":\"es\",\"potentialAction\":[{\"@type\":\"ReadAction\",\"target\":[\"https:\/\/www.asajacyl.com\/leon\/asaja-leon-informa\/asaja-de-leon-despliega-una-gran-campana-formativa-sobre-la-pac-que-se-alargara-hasta-el-mes-de-marzo\"]}]},{\"@type\":\"ImageObject\",\"inLanguage\":\"es\",\"@id\":\"https:\/\/www.asajacyl.com\/leon\/asaja-leon-informa\/asaja-de-leon-despliega-una-gran-campana-formativa-sobre-la-pac-que-se-alargara-hasta-el-mes-de-marzo#primaryimage\",\"url\":\"https:\/\/www.asajacyl.com\/leon\/wp-content\/uploads\/sites\/6\/2022\/09\/CHARLA-INFORMATIVA.jpeg\",\"contentUrl\":\"https:\/\/www.asajacyl.com\/leon\/wp-content\/uploads\/sites\/6\/2022\/09\/CHARLA-INFORMATIVA.jpeg\",\"width\":768,\"height\":1024},{\"@type\":\"BreadcrumbList\",\"@id\":\"https:\/\/www.asajacyl.com\/leon\/asaja-leon-informa\/asaja-de-leon-despliega-una-gran-campana-formativa-sobre-la-pac-que-se-alargara-hasta-el-mes-de-marzo#breadcrumb\",\"itemListElement\":[{\"@type\":\"ListItem\",\"position\":1,\"name\":\"Portada\",\"item\":\"https:\/\/www.asajacyl.com\/leon\/\"},{\"@type\":\"ListItem\",\"position\":2,\"name\":\"ASAJA de Le\u00f3n despliega una gran campa\u00f1a formativa sobre la PAC, que se alargar\u00e1 hasta el mes de marzo\"}]},{\"@type\":\"WebSite\",\"@id\":\"https:\/\/www.asajacyl.com\/leon\/#website\",\"url\":\"https:\/\/www.asajacyl.com\/leon\/\",\"name\":\"ASAJA Le\u00f3n\",\"description\":\"Otro sitio m\u00e1s de Provincias ASAJA Castilla y Le\u00f3n\",\"potentialAction\":[{\"@type\":\"SearchAction\",\"target\":{\"@type\":\"EntryPoint\",\"urlTemplate\":\"https:\/\/www.asajacyl.com\/leon\/?s={search_term_string}\"},\"query-input\":{\"@type\":\"PropertyValueSpecification\",\"valueRequired\":true,\"valueName\":\"search_term_string\"}}],\"inLanguage\":\"es\"},{\"@type\":\"Person\",\"@id\":\"https:\/\/www.asajacyl.com\/leon\/#\/schema\/person\/a39ff3609fc182e4c789ab486e865d32\",\"name\":\"Eduardo\",\"image\":{\"@type\":\"ImageObject\",\"inLanguage\":\"es\",\"@id\":\"https:\/\/www.asajacyl.com\/leon\/#\/schema\/person\/image\/\",\"url\":\"https:\/\/secure.gravatar.com\/avatar\/9ebd6aba21d817dcf9595bc9ca505af5?s=96&d=mm&r=g\",\"contentUrl\":\"https:\/\/secure.gravatar.com\/avatar\/9ebd6aba21d817dcf9595bc9ca505af5?s=96&d=mm&r=g\",\"caption\":\"Eduardo\"},\"url\":\"https:\/\/www.asajacyl.com\/leon\/author\/eduardovv\"}]}<\/script>\n<!-- \/ Yoast SEO plugin. -->","yoast_head_json":{"title":"ASAJA de Le\u00f3n despliega una gran campa\u00f1a formativa sobre la PAC, que se alargar\u00e1 hasta el mes de marzo - ASAJA Le\u00f3n","description":"La organizaci\u00f3n agraria ASAJA de Le\u00f3n, mayoritaria en el sector, comenz\u00f3 el pasado lunes 12 de septiembre una campa\u00f1a dirigida a informar y formar a los","robots":{"index":"index","follow":"follow","max-snippet":"max-snippet:-1","max-image-preview":"max-image-preview:large","max-video-preview":"max-video-preview:-1"},"canonical":"https:\/\/www.asajacyl.com\/leon\/asaja-leon-informa\/asaja-de-leon-despliega-una-gran-campana-formativa-sobre-la-pac-que-se-alargara-hasta-el-mes-de-marzo","og_locale":"es_ES","og_type":"article","og_title":"ASAJA de Le\u00f3n despliega una gran campa\u00f1a formativa sobre la PAC, que se alargar\u00e1 hasta el mes de marzo - ASAJA Le\u00f3n","og_description":"La organizaci\u00f3n agraria ASAJA de Le\u00f3n, mayoritaria en el sector, comenz\u00f3 el pasado lunes 12 de septiembre una campa\u00f1a dirigida a informar y formar a los","og_url":"https:\/\/www.asajacyl.com\/leon\/asaja-leon-informa\/asaja-de-leon-despliega-una-gran-campana-formativa-sobre-la-pac-que-se-alargara-hasta-el-mes-de-marzo","og_site_name":"ASAJA Le\u00f3n","article_published_time":"2022-09-16T08:11:23+00:00","article_modified_time":"2022-09-23T08:32:33+00:00","og_image":[{"width":768,"height":1024,"url":"https:\/\/www.asajacyl.com\/leon\/wp-content\/uploads\/sites\/6\/2022\/09\/CHARLA-INFORMATIVA.jpeg","type":"image\/jpeg"}],"author":"Eduardo","twitter_card":"summary_large_image","twitter_misc":{"Escrito por":"Eduardo","Tiempo de lectura":"2 minutos"},"schema":{"@context":"https:\/\/schema.org","@graph":[{"@type":"WebPage","@id":"https:\/\/www.asajacyl.com\/leon\/asaja-leon-informa\/asaja-de-leon-despliega-una-gran-campana-formativa-sobre-la-pac-que-se-alargara-hasta-el-mes-de-marzo","url":"https:\/\/www.asajacyl.com\/leon\/asaja-leon-informa\/asaja-de-leon-despliega-una-gran-campana-formativa-sobre-la-pac-que-se-alargara-hasta-el-mes-de-marzo","name":"ASAJA de Le\u00f3n despliega una gran campa\u00f1a formativa sobre la PAC, que se alargar\u00e1 hasta el mes de marzo - ASAJA Le\u00f3n","isPartOf":{"@id":"https:\/\/www.asajacyl.com\/leon\/#website"},"primaryImageOfPage":{"@id":"https:\/\/www.asajacyl.com\/leon\/asaja-leon-informa\/asaja-de-leon-despliega-una-gran-campana-formativa-sobre-la-pac-que-se-alargara-hasta-el-mes-de-marzo#primaryimage"},"image":{"@id":"https:\/\/www.asajacyl.com\/leon\/asaja-leon-informa\/asaja-de-leon-despliega-una-gran-campana-formativa-sobre-la-pac-que-se-alargara-hasta-el-mes-de-marzo#primaryimage"},"thumbnailUrl":"https:\/\/www.asajacyl.com\/leon\/wp-content\/uploads\/sites\/6\/2022\/09\/CHARLA-INFORMATIVA.jpeg","datePublished":"2022-09-16T08:11:23+00:00","dateModified":"2022-09-23T08:32:33+00:00","author":{"@id":"https:\/\/www.asajacyl.com\/leon\/#\/schema\/person\/a39ff3609fc182e4c789ab486e865d32"},"description":"La organizaci\u00f3n agraria ASAJA de Le\u00f3n, mayoritaria en el sector, comenz\u00f3 el pasado lunes 12 de septiembre una campa\u00f1a dirigida a informar y formar a los","breadcrumb":{"@id":"https:\/\/www.asajacyl.com\/leon\/asaja-leon-informa\/asaja-de-leon-despliega-una-gran-campana-formativa-sobre-la-pac-que-se-alargara-hasta-el-mes-de-marzo#breadcrumb"},"inLanguage":"es","potentialAction":[{"@type":"ReadAction","target":["https:\/\/www.asajacyl.com\/leon\/asaja-leon-informa\/asaja-de-leon-despliega-una-gran-campana-formativa-sobre-la-pac-que-se-alargara-hasta-el-mes-de-marzo"]}]},{"@type":"ImageObject","inLanguage":"es","@id":"https:\/\/www.asajacyl.com\/leon\/asaja-leon-informa\/asaja-de-leon-despliega-una-gran-campana-formativa-sobre-la-pac-que-se-alargara-hasta-el-mes-de-marzo#primaryimage","url":"https:\/\/www.asajacyl.com\/leon\/wp-content\/uploads\/sites\/6\/2022\/09\/CHARLA-INFORMATIVA.jpeg","contentUrl":"https:\/\/www.asajacyl.com\/leon\/wp-content\/uploads\/sites\/6\/2022\/09\/CHARLA-INFORMATIVA.jpeg","width":768,"height":1024},{"@type":"BreadcrumbList","@id":"https:\/\/www.asajacyl.com\/leon\/asaja-leon-informa\/asaja-de-leon-despliega-una-gran-campana-formativa-sobre-la-pac-que-se-alargara-hasta-el-mes-de-marzo#breadcrumb","itemListElement":[{"@type":"ListItem","position":1,"name":"Portada","item":"https:\/\/www.asajacyl.com\/leon\/"},{"@type":"ListItem","position":2,"name":"ASAJA de Le\u00f3n despliega una gran campa\u00f1a formativa sobre la PAC, que se alargar\u00e1 hasta el mes de marzo"}]},{"@type":"WebSite","@id":"https:\/\/www.asajacyl.com\/leon\/#website","url":"https:\/\/www.asajacyl.com\/leon\/","name":"ASAJA Le\u00f3n","description":"Otro sitio m\u00e1s de Provincias ASAJA Castilla y Le\u00f3n","potentialAction":[{"@type":"SearchAction","target":{"@type":"EntryPoint","urlTemplate":"https:\/\/www.asajacyl.com\/leon\/?s={search_term_string}"},"query-input":{"@type":"PropertyValueSpecification","valueRequired":true,"valueName":"search_term_string"}}],"inLanguage":"es"},{"@type":"Person","@id":"https:\/\/www.asajacyl.com\/leon\/#\/schema\/person\/a39ff3609fc182e4c789ab486e865d32","name":"Eduardo","image":{"@type":"ImageObject","inLanguage":"es","@id":"https:\/\/www.asajacyl.com\/leon\/#\/schema\/person\/image\/","url":"https:\/\/secure.gravatar.com\/avatar\/9ebd6aba21d817dcf9595bc9ca505af5?s=96&d=mm&r=g","contentUrl":"https:\/\/secure.gravatar.com\/avatar\/9ebd6aba21d817dcf9595bc9ca505af5?s=96&d=mm&r=g","caption":"Eduardo"},"url":"https:\/\/www.asajacyl.com\/leon\/author\/eduardovv"}]}},"_links":{"self":[{"href":"https:\/\/www.asajacyl.com\/leon\/wp-json\/wp\/v2\/posts\/13664"}],"collection":[{"href":"https:\/\/www.asajacyl.com\/leon\/wp-json\/wp\/v2\/posts"}],"about":[{"href":"https:\/\/www.asajacyl.com\/leon\/wp-json\/wp\/v2\/types\/post"}],"author":[{"embeddable":true,"href":"https:\/\/www.asajacyl.com\/leon\/wp-json\/wp\/v2\/users\/8"}],"replies":[{"embeddable":true,"href":"https:\/\/www.asajacyl.com\/leon\/wp-json\/wp\/v2\/comments?post=13664"}],"version-history":[{"count":2,"href":"https:\/\/www.asajacyl.com\/leon\/wp-json\/wp\/v2\/posts\/13664\/revisions"}],"predecessor-version":[{"id":13667,"href":"https:\/\/www.asajacyl.com\/leon\/wp-json\/wp\/v2\/posts\/13664\/revisions\/13667"}],"wp:featuredmedia":[{"embeddable":true,"href":"https:\/\/www.asajacyl.com\/leon\/wp-json\/wp\/v2\/media\/13665"}],"wp:attachment":[{"href":"https:\/\/www.asajacyl.com\/leon\/wp-json\/wp\/v2\/media?parent=13664"}],"wp:term":[{"taxonomy":"category","embeddable":true,"href":"https:\/\/www.asajacyl.com\/leon\/wp-json\/wp\/v2\/categories?post=13664"},{"taxonomy":"post_tag","embeddable":true,"href":"https:\/\/www.asajacyl.com\/leon\/wp-json\/wp\/v2\/tags?post=13664"}],"curies":[{"name":"wp","href":"https:\/\/api.w.org\/{rel}","templated":true}]}}