{"id":13713,"date":"2022-09-30T14:43:11","date_gmt":"2022-09-30T12:43:11","guid":{"rendered":"https:\/\/www.asajacyl.com\/leon\/?p=13713"},"modified":"2022-09-30T14:43:13","modified_gmt":"2022-09-30T12:43:13","slug":"nuevos-horarios-a-pie-del-campo","status":"publish","type":"post","link":"https:\/\/www.asajacyl.com\/leon\/servicios-socio\/nuevos-horarios-a-pie-del-campo","title":{"rendered":"Nuevos horarios &#8216;A PIE DEL CAMPO&#8217;"},"content":{"rendered":"\n<p>El programa <strong><em>A pie del campo<\/em><\/strong>, que se emite desde el a\u00f1o 2013 en La 8 de Le\u00f3n y La 8 de Ponferrada, patrocinado y redactado por ASAJA, y con la colaboraci\u00f3n de casas comerciales, tiene nuevos horarios en la nueva programaci\u00f3n de la temporada.<\/p>\n<p>La nueva emisi\u00f3n es los s\u00e1bados a las 13:15 horas y a las 21:30 horas, y los domingos a las 14:00 horas, para los pueblos en los que emite La 8 de Le\u00f3n. Para la comarca de El Bierzo, donde emite La 8 de Ponferrada, la emisi\u00f3n es los s\u00e1bados a las 14:10 horas y los domingos a las 12:30 horas.<\/p>\n<p>ASAJA. Le\u00f3n, 30 de octubre de 2022.<\/p>\n","protected":false},"excerpt":{"rendered":"<p>El programa A pie del campo, que se emite desde el a\u00f1o 2013 en La 8 de Le\u00f3n y La 8 de Ponferrada, patrocinado y redactado por ASAJA, y con la colaboraci\u00f3n de casas comerciales, tiene nuevos horarios en la nueva programaci\u00f3n de la temporada. La nueva emisi\u00f3n es los s\u00e1bados a las 13:15 horas [&hellip;]<\/p>\n","protected":false},"author":8,"featured_media":13714,"comment_status":"open","ping_status":"open","sticky":false,"template":"","format":"standard","meta":{"footnotes":""},"categories":[12,5],"tags":[],"yoast_head":"<!-- This site is optimized with the Yoast SEO plugin v24.5 - https:\/\/yoast.com\/wordpress\/plugins\/seo\/ -->\n<title>Nuevos horarios &#039;A PIE DEL CAMPO&#039; - ASAJA Le\u00f3n<\/title>\n<meta name=\"description\" content=\"El programa A pie del campo, que se emite desde el a\u00f1o 2013 en La 8 de Le\u00f3n y La 8 de Ponferrada, patrocinado y redactado por ASAJA, y con la colaboraci\u00f3n\" \/>\n<meta name=\"robots\" content=\"index, follow, max-snippet:-1, max-image-preview:large, max-video-preview:-1\" \/>\n<link rel=\"canonical\" href=\"https:\/\/www.asajacyl.com\/leon\/servicios-socio\/nuevos-horarios-a-pie-del-campo\" \/>\n<meta property=\"og:locale\" content=\"es_ES\" \/>\n<meta property=\"og:type\" content=\"article\" \/>\n<meta property=\"og:title\" content=\"Nuevos horarios &#039;A PIE DEL CAMPO&#039; - ASAJA Le\u00f3n\" \/>\n<meta property=\"og:description\" content=\"El programa A pie del campo, que se emite desde el a\u00f1o 2013 en La 8 de Le\u00f3n y La 8 de Ponferrada, patrocinado y redactado por ASAJA, y con la colaboraci\u00f3n\" \/>\n<meta property=\"og:url\" content=\"https:\/\/www.asajacyl.com\/leon\/servicios-socio\/nuevos-horarios-a-pie-del-campo\" \/>\n<meta property=\"og:site_name\" content=\"ASAJA Le\u00f3n\" \/>\n<meta property=\"article:published_time\" content=\"2022-09-30T12:43:11+00:00\" \/>\n<meta property=\"article:modified_time\" content=\"2022-09-30T12:43:13+00:00\" \/>\n<meta property=\"og:image\" content=\"https:\/\/www.asajacyl.com\/leon\/wp-content\/uploads\/sites\/6\/2022\/09\/A-PIE-DE-CAMPO.jpg\" \/>\n\t<meta property=\"og:image:width\" content=\"1000\" \/>\n\t<meta property=\"og:image:height\" content=\"562\" \/>\n\t<meta property=\"og:image:type\" content=\"image\/jpeg\" \/>\n<meta name=\"author\" content=\"Eduardo\" \/>\n<meta name=\"twitter:card\" content=\"summary_large_image\" \/>\n<meta name=\"twitter:label1\" content=\"Escrito por\" \/>\n\t<meta name=\"twitter:data1\" content=\"Eduardo\" \/>\n\t<meta name=\"twitter:label2\" content=\"Tiempo de lectura\" \/>\n\t<meta name=\"twitter:data2\" content=\"1 minuto\" \/>\n<script type=\"application\/ld+json\" class=\"yoast-schema-graph\">{\"@context\":\"https:\/\/schema.org\",\"@graph\":[{\"@type\":\"WebPage\",\"@id\":\"https:\/\/www.asajacyl.com\/leon\/servicios-socio\/nuevos-horarios-a-pie-del-campo\",\"url\":\"https:\/\/www.asajacyl.com\/leon\/servicios-socio\/nuevos-horarios-a-pie-del-campo\",\"name\":\"Nuevos horarios 'A PIE DEL CAMPO' - ASAJA Le\u00f3n\",\"isPartOf\":{\"@id\":\"https:\/\/www.asajacyl.com\/leon\/#website\"},\"primaryImageOfPage\":{\"@id\":\"https:\/\/www.asajacyl.com\/leon\/servicios-socio\/nuevos-horarios-a-pie-del-campo#primaryimage\"},\"image\":{\"@id\":\"https:\/\/www.asajacyl.com\/leon\/servicios-socio\/nuevos-horarios-a-pie-del-campo#primaryimage\"},\"thumbnailUrl\":\"https:\/\/www.asajacyl.com\/leon\/wp-content\/uploads\/sites\/6\/2022\/09\/A-PIE-DE-CAMPO.jpg\",\"datePublished\":\"2022-09-30T12:43:11+00:00\",\"dateModified\":\"2022-09-30T12:43:13+00:00\",\"author\":{\"@id\":\"https:\/\/www.asajacyl.com\/leon\/#\/schema\/person\/a39ff3609fc182e4c789ab486e865d32\"},\"description\":\"El programa A pie del campo, que se emite desde el a\u00f1o 2013 en La 8 de Le\u00f3n y La 8 de Ponferrada, patrocinado y redactado por ASAJA, y con la colaboraci\u00f3n\",\"breadcrumb\":{\"@id\":\"https:\/\/www.asajacyl.com\/leon\/servicios-socio\/nuevos-horarios-a-pie-del-campo#breadcrumb\"},\"inLanguage\":\"es\",\"potentialAction\":[{\"@type\":\"ReadAction\",\"target\":[\"https:\/\/www.asajacyl.com\/leon\/servicios-socio\/nuevos-horarios-a-pie-del-campo\"]}]},{\"@type\":\"ImageObject\",\"inLanguage\":\"es\",\"@id\":\"https:\/\/www.asajacyl.com\/leon\/servicios-socio\/nuevos-horarios-a-pie-del-campo#primaryimage\",\"url\":\"https:\/\/www.asajacyl.com\/leon\/wp-content\/uploads\/sites\/6\/2022\/09\/A-PIE-DE-CAMPO.jpg\",\"contentUrl\":\"https:\/\/www.asajacyl.com\/leon\/wp-content\/uploads\/sites\/6\/2022\/09\/A-PIE-DE-CAMPO.jpg\",\"width\":1000,\"height\":562},{\"@type\":\"BreadcrumbList\",\"@id\":\"https:\/\/www.asajacyl.com\/leon\/servicios-socio\/nuevos-horarios-a-pie-del-campo#breadcrumb\",\"itemListElement\":[{\"@type\":\"ListItem\",\"position\":1,\"name\":\"Portada\",\"item\":\"https:\/\/www.asajacyl.com\/leon\/\"},{\"@type\":\"ListItem\",\"position\":2,\"name\":\"Nuevos horarios &#8216;A PIE DEL CAMPO&#8217;\"}]},{\"@type\":\"WebSite\",\"@id\":\"https:\/\/www.asajacyl.com\/leon\/#website\",\"url\":\"https:\/\/www.asajacyl.com\/leon\/\",\"name\":\"ASAJA Le\u00f3n\",\"description\":\"Otro sitio m\u00e1s de Provincias ASAJA Castilla y Le\u00f3n\",\"potentialAction\":[{\"@type\":\"SearchAction\",\"target\":{\"@type\":\"EntryPoint\",\"urlTemplate\":\"https:\/\/www.asajacyl.com\/leon\/?s={search_term_string}\"},\"query-input\":{\"@type\":\"PropertyValueSpecification\",\"valueRequired\":true,\"valueName\":\"search_term_string\"}}],\"inLanguage\":\"es\"},{\"@type\":\"Person\",\"@id\":\"https:\/\/www.asajacyl.com\/leon\/#\/schema\/person\/a39ff3609fc182e4c789ab486e865d32\",\"name\":\"Eduardo\",\"image\":{\"@type\":\"ImageObject\",\"inLanguage\":\"es\",\"@id\":\"https:\/\/www.asajacyl.com\/leon\/#\/schema\/person\/image\/\",\"url\":\"https:\/\/secure.gravatar.com\/avatar\/9ebd6aba21d817dcf9595bc9ca505af5?s=96&d=mm&r=g\",\"contentUrl\":\"https:\/\/secure.gravatar.com\/avatar\/9ebd6aba21d817dcf9595bc9ca505af5?s=96&d=mm&r=g\",\"caption\":\"Eduardo\"},\"url\":\"https:\/\/www.asajacyl.com\/leon\/author\/eduardovv\"}]}<\/script>\n<!-- \/ Yoast SEO plugin. -->","yoast_head_json":{"title":"Nuevos horarios 'A PIE DEL CAMPO' - ASAJA Le\u00f3n","description":"El programa A pie del campo, que se emite desde el a\u00f1o 2013 en La 8 de Le\u00f3n y La 8 de Ponferrada, patrocinado y redactado por ASAJA, y con la colaboraci\u00f3n","robots":{"index":"index","follow":"follow","max-snippet":"max-snippet:-1","max-image-preview":"max-image-preview:large","max-video-preview":"max-video-preview:-1"},"canonical":"https:\/\/www.asajacyl.com\/leon\/servicios-socio\/nuevos-horarios-a-pie-del-campo","og_locale":"es_ES","og_type":"article","og_title":"Nuevos horarios 'A PIE DEL CAMPO' - ASAJA Le\u00f3n","og_description":"El programa A pie del campo, que se emite desde el a\u00f1o 2013 en La 8 de Le\u00f3n y La 8 de Ponferrada, patrocinado y redactado por ASAJA, y con la colaboraci\u00f3n","og_url":"https:\/\/www.asajacyl.com\/leon\/servicios-socio\/nuevos-horarios-a-pie-del-campo","og_site_name":"ASAJA Le\u00f3n","article_published_time":"2022-09-30T12:43:11+00:00","article_modified_time":"2022-09-30T12:43:13+00:00","og_image":[{"width":1000,"height":562,"url":"https:\/\/www.asajacyl.com\/leon\/wp-content\/uploads\/sites\/6\/2022\/09\/A-PIE-DE-CAMPO.jpg","type":"image\/jpeg"}],"author":"Eduardo","twitter_card":"summary_large_image","twitter_misc":{"Escrito por":"Eduardo","Tiempo de lectura":"1 minuto"},"schema":{"@context":"https:\/\/schema.org","@graph":[{"@type":"WebPage","@id":"https:\/\/www.asajacyl.com\/leon\/servicios-socio\/nuevos-horarios-a-pie-del-campo","url":"https:\/\/www.asajacyl.com\/leon\/servicios-socio\/nuevos-horarios-a-pie-del-campo","name":"Nuevos horarios 'A PIE DEL CAMPO' - ASAJA Le\u00f3n","isPartOf":{"@id":"https:\/\/www.asajacyl.com\/leon\/#website"},"primaryImageOfPage":{"@id":"https:\/\/www.asajacyl.com\/leon\/servicios-socio\/nuevos-horarios-a-pie-del-campo#primaryimage"},"image":{"@id":"https:\/\/www.asajacyl.com\/leon\/servicios-socio\/nuevos-horarios-a-pie-del-campo#primaryimage"},"thumbnailUrl":"https:\/\/www.asajacyl.com\/leon\/wp-content\/uploads\/sites\/6\/2022\/09\/A-PIE-DE-CAMPO.jpg","datePublished":"2022-09-30T12:43:11+00:00","dateModified":"2022-09-30T12:43:13+00:00","author":{"@id":"https:\/\/www.asajacyl.com\/leon\/#\/schema\/person\/a39ff3609fc182e4c789ab486e865d32"},"description":"El programa A pie del campo, que se emite desde el a\u00f1o 2013 en La 8 de Le\u00f3n y La 8 de Ponferrada, patrocinado y redactado por ASAJA, y con la colaboraci\u00f3n","breadcrumb":{"@id":"https:\/\/www.asajacyl.com\/leon\/servicios-socio\/nuevos-horarios-a-pie-del-campo#breadcrumb"},"inLanguage":"es","potentialAction":[{"@type":"ReadAction","target":["https:\/\/www.asajacyl.com\/leon\/servicios-socio\/nuevos-horarios-a-pie-del-campo"]}]},{"@type":"ImageObject","inLanguage":"es","@id":"https:\/\/www.asajacyl.com\/leon\/servicios-socio\/nuevos-horarios-a-pie-del-campo#primaryimage","url":"https:\/\/www.asajacyl.com\/leon\/wp-content\/uploads\/sites\/6\/2022\/09\/A-PIE-DE-CAMPO.jpg","contentUrl":"https:\/\/www.asajacyl.com\/leon\/wp-content\/uploads\/sites\/6\/2022\/09\/A-PIE-DE-CAMPO.jpg","width":1000,"height":562},{"@type":"BreadcrumbList","@id":"https:\/\/www.asajacyl.com\/leon\/servicios-socio\/nuevos-horarios-a-pie-del-campo#breadcrumb","itemListElement":[{"@type":"ListItem","position":1,"name":"Portada","item":"https:\/\/www.asajacyl.com\/leon\/"},{"@type":"ListItem","position":2,"name":"Nuevos horarios &#8216;A PIE DEL CAMPO&#8217;"}]},{"@type":"WebSite","@id":"https:\/\/www.asajacyl.com\/leon\/#website","url":"https:\/\/www.asajacyl.com\/leon\/","name":"ASAJA Le\u00f3n","description":"Otro sitio m\u00e1s de Provincias ASAJA Castilla y Le\u00f3n","potentialAction":[{"@type":"SearchAction","target":{"@type":"EntryPoint","urlTemplate":"https:\/\/www.asajacyl.com\/leon\/?s={search_term_string}"},"query-input":{"@type":"PropertyValueSpecification","valueRequired":true,"valueName":"search_term_string"}}],"inLanguage":"es"},{"@type":"Person","@id":"https:\/\/www.asajacyl.com\/leon\/#\/schema\/person\/a39ff3609fc182e4c789ab486e865d32","name":"Eduardo","image":{"@type":"ImageObject","inLanguage":"es","@id":"https:\/\/www.asajacyl.com\/leon\/#\/schema\/person\/image\/","url":"https:\/\/secure.gravatar.com\/avatar\/9ebd6aba21d817dcf9595bc9ca505af5?s=96&d=mm&r=g","contentUrl":"https:\/\/secure.gravatar.com\/avatar\/9ebd6aba21d817dcf9595bc9ca505af5?s=96&d=mm&r=g","caption":"Eduardo"},"url":"https:\/\/www.asajacyl.com\/leon\/author\/eduardovv"}]}},"_links":{"self":[{"href":"https:\/\/www.asajacyl.com\/leon\/wp-json\/wp\/v2\/posts\/13713"}],"collection":[{"href":"https:\/\/www.asajacyl.com\/leon\/wp-json\/wp\/v2\/posts"}],"about":[{"href":"https:\/\/www.asajacyl.com\/leon\/wp-json\/wp\/v2\/types\/post"}],"author":[{"embeddable":true,"href":"https:\/\/www.asajacyl.com\/leon\/wp-json\/wp\/v2\/users\/8"}],"replies":[{"embeddable":true,"href":"https:\/\/www.asajacyl.com\/leon\/wp-json\/wp\/v2\/comments?post=13713"}],"version-history":[{"count":1,"href":"https:\/\/www.asajacyl.com\/leon\/wp-json\/wp\/v2\/posts\/13713\/revisions"}],"predecessor-version":[{"id":13715,"href":"https:\/\/www.asajacyl.com\/leon\/wp-json\/wp\/v2\/posts\/13713\/revisions\/13715"}],"wp:featuredmedia":[{"embeddable":true,"href":"https:\/\/www.asajacyl.com\/leon\/wp-json\/wp\/v2\/media\/13714"}],"wp:attachment":[{"href":"https:\/\/www.asajacyl.com\/leon\/wp-json\/wp\/v2\/media?parent=13713"}],"wp:term":[{"taxonomy":"category","embeddable":true,"href":"https:\/\/www.asajacyl.com\/leon\/wp-json\/wp\/v2\/categories?post=13713"},{"taxonomy":"post_tag","embeddable":true,"href":"https:\/\/www.asajacyl.com\/leon\/wp-json\/wp\/v2\/tags?post=13713"}],"curies":[{"name":"wp","href":"https:\/\/api.w.org\/{rel}","templated":true}]}}