{"id":13783,"date":"2022-10-26T11:40:26","date_gmt":"2022-10-26T09:40:26","guid":{"rendered":"https:\/\/www.asajacyl.com\/leon\/?p=13783"},"modified":"2022-11-04T09:05:26","modified_gmt":"2022-11-04T08:05:26","slug":"asaja-agradece-al-gobierno-el-impulso-en-payuelos-y-le-pide-que-concrete-el-fin-de-las-obras","status":"publish","type":"post","link":"https:\/\/www.asajacyl.com\/leon\/asaja-leon-informa\/asaja-agradece-al-gobierno-el-impulso-en-payuelos-y-le-pide-que-concrete-el-fin-de-las-obras","title":{"rendered":"Asaja agradece al Gobierno el impulso en Payuelos y le pide que concrete el fin de las obras"},"content":{"rendered":"\n<h6>La organizaci\u00f3n agraria ASAJA, mayoritaria en el sector, agradece al Gobierno de Espa\u00f1a el nuevo impulso que le ha dado ayer martes 25 de octubre al desarrollo de los regad\u00edos de Payuelos al aprobar en Consejo de Ministros obras por importe de 12,6 millones de euros destinados al desarrollo del regad\u00edo en 1.887 nuevas hect\u00e1reas, y que corresponden al denominado Sector X. Al estar encargadas a la empresa p\u00fablica Tragsa el inicio de las obras puede ser inmediato.<\/h6>\n<h6>Se trata de un paso m\u00e1s para poner en regad\u00edo las 39.500 hect\u00e1reas que contempla la zona regable de Payuelos, dependiente del Pantano de Ria\u00f1o, donde han intervenido el Estado y la Junta de Castilla y Le\u00f3n mediante un Plan Coordinado de Obras. Con esta actuaci\u00f3n, lo que queda <strong>pendiente de licitar son 7.728 hect\u00e1reas<\/strong>, y dicha licitaci\u00f3n corresponde al Estado, ya que la Junta est\u00e1 finalizando sus compromisos con obras ya puestas en marcha.<\/h6>\n<h6>ASAJA pide al Gobierno de Espa\u00f1a que antes del final de la presente legislatura pol\u00edtica deje resueltos los regad\u00edos de Payuelos licitando o encargando a la empresa p\u00fablica Tragsa las obras de las 7.728 hect\u00e1reas, en los sectores VI, VII, XI, XII, XIII y XIV. Por otra parte, el Estado debe de presentar un plan para acometer la red de caminos y desag\u00fces en los sectores de desarrollo de regad\u00edos en los que ha actuado en los \u00faltimos a\u00f1os, ya que ha dado prioridad al desarrollo de la red de riego y ha dejado pendientes esas obras de mejora.<\/h6>\n<h6>Los regad\u00edos de Payuelos, en el sur este de la provincia, son ya una de las zonas m\u00e1s pujantes en el desarrollo agrario de\u00a0 Le\u00f3n, donde se est\u00e1n acometiendo importantes inversiones p\u00fablicas y privadas, y se est\u00e1n obteniendo altas producciones en cultivos como los cereales, forrajes, remolacha o ma\u00edz, a la vez que se est\u00e1 invirtiendo en empresas de comercializaci\u00f3n y servicios.<\/h6>\n<p>ASAJA. Le\u00f3n, 26 de octubre de 2022. \u00a0\u00a0\u00a0<\/p>\n","protected":false},"excerpt":{"rendered":"<p>La organizaci\u00f3n agraria ASAJA, mayoritaria en el sector, agradece al Gobierno de Espa\u00f1a el nuevo impulso que le ha dado ayer martes 25 de octubre al desarrollo de los regad\u00edos de Payuelos al aprobar en Consejo de Ministros obras por importe de 12,6 millones de euros destinados al desarrollo del regad\u00edo en 1.887 nuevas hect\u00e1reas, [&hellip;]<\/p>\n","protected":false},"author":8,"featured_media":12992,"comment_status":"open","ping_status":"open","sticky":false,"template":"","format":"standard","meta":{"footnotes":""},"categories":[4,9],"tags":[],"yoast_head":"<!-- This site is optimized with the Yoast SEO plugin v24.5 - https:\/\/yoast.com\/wordpress\/plugins\/seo\/ -->\n<title>Asaja agradece al Gobierno el impulso en Payuelos y le pide que concrete el fin de las obras - ASAJA Le\u00f3n<\/title>\n<meta name=\"description\" content=\"La organizaci\u00f3n agraria ASAJA, mayoritaria en el sector, agradece al Gobierno de Espa\u00f1a el nuevo impulso que le ha dado ayer martes 25 de octubre al\" \/>\n<meta name=\"robots\" content=\"index, follow, max-snippet:-1, max-image-preview:large, max-video-preview:-1\" \/>\n<link rel=\"canonical\" href=\"https:\/\/www.asajacyl.com\/leon\/asaja-leon-informa\/asaja-agradece-al-gobierno-el-impulso-en-payuelos-y-le-pide-que-concrete-el-fin-de-las-obras\" \/>\n<meta property=\"og:locale\" content=\"es_ES\" \/>\n<meta property=\"og:type\" content=\"article\" \/>\n<meta property=\"og:title\" content=\"Asaja agradece al Gobierno el impulso en Payuelos y le pide que concrete el fin de las obras - ASAJA Le\u00f3n\" \/>\n<meta property=\"og:description\" content=\"La organizaci\u00f3n agraria ASAJA, mayoritaria en el sector, agradece al Gobierno de Espa\u00f1a el nuevo impulso que le ha dado ayer martes 25 de octubre al\" \/>\n<meta property=\"og:url\" content=\"https:\/\/www.asajacyl.com\/leon\/asaja-leon-informa\/asaja-agradece-al-gobierno-el-impulso-en-payuelos-y-le-pide-que-concrete-el-fin-de-las-obras\" \/>\n<meta property=\"og:site_name\" content=\"ASAJA Le\u00f3n\" \/>\n<meta property=\"article:published_time\" content=\"2022-10-26T09:40:26+00:00\" \/>\n<meta property=\"article:modified_time\" content=\"2022-11-04T08:05:26+00:00\" \/>\n<meta property=\"og:image\" content=\"https:\/\/www.asajacyl.com\/leon\/wp-content\/uploads\/sites\/6\/2022\/01\/BALSA-4.jpg\" \/>\n\t<meta property=\"og:image:width\" content=\"2048\" \/>\n\t<meta property=\"og:image:height\" content=\"1536\" \/>\n\t<meta property=\"og:image:type\" content=\"image\/jpeg\" \/>\n<meta name=\"author\" content=\"Eduardo\" \/>\n<meta name=\"twitter:card\" content=\"summary_large_image\" \/>\n<meta name=\"twitter:label1\" content=\"Escrito por\" \/>\n\t<meta name=\"twitter:data1\" content=\"Eduardo\" \/>\n\t<meta name=\"twitter:label2\" content=\"Tiempo de lectura\" \/>\n\t<meta name=\"twitter:data2\" content=\"2 minutos\" \/>\n<script type=\"application\/ld+json\" class=\"yoast-schema-graph\">{\"@context\":\"https:\/\/schema.org\",\"@graph\":[{\"@type\":\"WebPage\",\"@id\":\"https:\/\/www.asajacyl.com\/leon\/asaja-leon-informa\/asaja-agradece-al-gobierno-el-impulso-en-payuelos-y-le-pide-que-concrete-el-fin-de-las-obras\",\"url\":\"https:\/\/www.asajacyl.com\/leon\/asaja-leon-informa\/asaja-agradece-al-gobierno-el-impulso-en-payuelos-y-le-pide-que-concrete-el-fin-de-las-obras\",\"name\":\"Asaja agradece al Gobierno el impulso en Payuelos y le pide que concrete el fin de las obras - ASAJA Le\u00f3n\",\"isPartOf\":{\"@id\":\"https:\/\/www.asajacyl.com\/leon\/#website\"},\"primaryImageOfPage\":{\"@id\":\"https:\/\/www.asajacyl.com\/leon\/asaja-leon-informa\/asaja-agradece-al-gobierno-el-impulso-en-payuelos-y-le-pide-que-concrete-el-fin-de-las-obras#primaryimage\"},\"image\":{\"@id\":\"https:\/\/www.asajacyl.com\/leon\/asaja-leon-informa\/asaja-agradece-al-gobierno-el-impulso-en-payuelos-y-le-pide-que-concrete-el-fin-de-las-obras#primaryimage\"},\"thumbnailUrl\":\"https:\/\/www.asajacyl.com\/leon\/wp-content\/uploads\/sites\/6\/2022\/01\/BALSA-4.jpg\",\"datePublished\":\"2022-10-26T09:40:26+00:00\",\"dateModified\":\"2022-11-04T08:05:26+00:00\",\"author\":{\"@id\":\"https:\/\/www.asajacyl.com\/leon\/#\/schema\/person\/a39ff3609fc182e4c789ab486e865d32\"},\"description\":\"La organizaci\u00f3n agraria ASAJA, mayoritaria en el sector, agradece al Gobierno de Espa\u00f1a el nuevo impulso que le ha dado ayer martes 25 de octubre al\",\"breadcrumb\":{\"@id\":\"https:\/\/www.asajacyl.com\/leon\/asaja-leon-informa\/asaja-agradece-al-gobierno-el-impulso-en-payuelos-y-le-pide-que-concrete-el-fin-de-las-obras#breadcrumb\"},\"inLanguage\":\"es\",\"potentialAction\":[{\"@type\":\"ReadAction\",\"target\":[\"https:\/\/www.asajacyl.com\/leon\/asaja-leon-informa\/asaja-agradece-al-gobierno-el-impulso-en-payuelos-y-le-pide-que-concrete-el-fin-de-las-obras\"]}]},{\"@type\":\"ImageObject\",\"inLanguage\":\"es\",\"@id\":\"https:\/\/www.asajacyl.com\/leon\/asaja-leon-informa\/asaja-agradece-al-gobierno-el-impulso-en-payuelos-y-le-pide-que-concrete-el-fin-de-las-obras#primaryimage\",\"url\":\"https:\/\/www.asajacyl.com\/leon\/wp-content\/uploads\/sites\/6\/2022\/01\/BALSA-4.jpg\",\"contentUrl\":\"https:\/\/www.asajacyl.com\/leon\/wp-content\/uploads\/sites\/6\/2022\/01\/BALSA-4.jpg\",\"width\":2048,\"height\":1536},{\"@type\":\"BreadcrumbList\",\"@id\":\"https:\/\/www.asajacyl.com\/leon\/asaja-leon-informa\/asaja-agradece-al-gobierno-el-impulso-en-payuelos-y-le-pide-que-concrete-el-fin-de-las-obras#breadcrumb\",\"itemListElement\":[{\"@type\":\"ListItem\",\"position\":1,\"name\":\"Portada\",\"item\":\"https:\/\/www.asajacyl.com\/leon\/\"},{\"@type\":\"ListItem\",\"position\":2,\"name\":\"Asaja agradece al Gobierno el impulso en Payuelos y le pide que concrete el fin de las obras\"}]},{\"@type\":\"WebSite\",\"@id\":\"https:\/\/www.asajacyl.com\/leon\/#website\",\"url\":\"https:\/\/www.asajacyl.com\/leon\/\",\"name\":\"ASAJA Le\u00f3n\",\"description\":\"Otro sitio m\u00e1s de Provincias ASAJA Castilla y Le\u00f3n\",\"potentialAction\":[{\"@type\":\"SearchAction\",\"target\":{\"@type\":\"EntryPoint\",\"urlTemplate\":\"https:\/\/www.asajacyl.com\/leon\/?s={search_term_string}\"},\"query-input\":{\"@type\":\"PropertyValueSpecification\",\"valueRequired\":true,\"valueName\":\"search_term_string\"}}],\"inLanguage\":\"es\"},{\"@type\":\"Person\",\"@id\":\"https:\/\/www.asajacyl.com\/leon\/#\/schema\/person\/a39ff3609fc182e4c789ab486e865d32\",\"name\":\"Eduardo\",\"image\":{\"@type\":\"ImageObject\",\"inLanguage\":\"es\",\"@id\":\"https:\/\/www.asajacyl.com\/leon\/#\/schema\/person\/image\/\",\"url\":\"https:\/\/secure.gravatar.com\/avatar\/9ebd6aba21d817dcf9595bc9ca505af5?s=96&d=mm&r=g\",\"contentUrl\":\"https:\/\/secure.gravatar.com\/avatar\/9ebd6aba21d817dcf9595bc9ca505af5?s=96&d=mm&r=g\",\"caption\":\"Eduardo\"},\"url\":\"https:\/\/www.asajacyl.com\/leon\/author\/eduardovv\"}]}<\/script>\n<!-- \/ Yoast SEO plugin. -->","yoast_head_json":{"title":"Asaja agradece al Gobierno el impulso en Payuelos y le pide que concrete el fin de las obras - ASAJA Le\u00f3n","description":"La organizaci\u00f3n agraria ASAJA, mayoritaria en el sector, agradece al Gobierno de Espa\u00f1a el nuevo impulso que le ha dado ayer martes 25 de octubre al","robots":{"index":"index","follow":"follow","max-snippet":"max-snippet:-1","max-image-preview":"max-image-preview:large","max-video-preview":"max-video-preview:-1"},"canonical":"https:\/\/www.asajacyl.com\/leon\/asaja-leon-informa\/asaja-agradece-al-gobierno-el-impulso-en-payuelos-y-le-pide-que-concrete-el-fin-de-las-obras","og_locale":"es_ES","og_type":"article","og_title":"Asaja agradece al Gobierno el impulso en Payuelos y le pide que concrete el fin de las obras - ASAJA Le\u00f3n","og_description":"La organizaci\u00f3n agraria ASAJA, mayoritaria en el sector, agradece al Gobierno de Espa\u00f1a el nuevo impulso que le ha dado ayer martes 25 de octubre al","og_url":"https:\/\/www.asajacyl.com\/leon\/asaja-leon-informa\/asaja-agradece-al-gobierno-el-impulso-en-payuelos-y-le-pide-que-concrete-el-fin-de-las-obras","og_site_name":"ASAJA Le\u00f3n","article_published_time":"2022-10-26T09:40:26+00:00","article_modified_time":"2022-11-04T08:05:26+00:00","og_image":[{"width":2048,"height":1536,"url":"https:\/\/www.asajacyl.com\/leon\/wp-content\/uploads\/sites\/6\/2022\/01\/BALSA-4.jpg","type":"image\/jpeg"}],"author":"Eduardo","twitter_card":"summary_large_image","twitter_misc":{"Escrito por":"Eduardo","Tiempo de lectura":"2 minutos"},"schema":{"@context":"https:\/\/schema.org","@graph":[{"@type":"WebPage","@id":"https:\/\/www.asajacyl.com\/leon\/asaja-leon-informa\/asaja-agradece-al-gobierno-el-impulso-en-payuelos-y-le-pide-que-concrete-el-fin-de-las-obras","url":"https:\/\/www.asajacyl.com\/leon\/asaja-leon-informa\/asaja-agradece-al-gobierno-el-impulso-en-payuelos-y-le-pide-que-concrete-el-fin-de-las-obras","name":"Asaja agradece al Gobierno el impulso en Payuelos y le pide que concrete el fin de las obras - ASAJA Le\u00f3n","isPartOf":{"@id":"https:\/\/www.asajacyl.com\/leon\/#website"},"primaryImageOfPage":{"@id":"https:\/\/www.asajacyl.com\/leon\/asaja-leon-informa\/asaja-agradece-al-gobierno-el-impulso-en-payuelos-y-le-pide-que-concrete-el-fin-de-las-obras#primaryimage"},"image":{"@id":"https:\/\/www.asajacyl.com\/leon\/asaja-leon-informa\/asaja-agradece-al-gobierno-el-impulso-en-payuelos-y-le-pide-que-concrete-el-fin-de-las-obras#primaryimage"},"thumbnailUrl":"https:\/\/www.asajacyl.com\/leon\/wp-content\/uploads\/sites\/6\/2022\/01\/BALSA-4.jpg","datePublished":"2022-10-26T09:40:26+00:00","dateModified":"2022-11-04T08:05:26+00:00","author":{"@id":"https:\/\/www.asajacyl.com\/leon\/#\/schema\/person\/a39ff3609fc182e4c789ab486e865d32"},"description":"La organizaci\u00f3n agraria ASAJA, mayoritaria en el sector, agradece al Gobierno de Espa\u00f1a el nuevo impulso que le ha dado ayer martes 25 de octubre al","breadcrumb":{"@id":"https:\/\/www.asajacyl.com\/leon\/asaja-leon-informa\/asaja-agradece-al-gobierno-el-impulso-en-payuelos-y-le-pide-que-concrete-el-fin-de-las-obras#breadcrumb"},"inLanguage":"es","potentialAction":[{"@type":"ReadAction","target":["https:\/\/www.asajacyl.com\/leon\/asaja-leon-informa\/asaja-agradece-al-gobierno-el-impulso-en-payuelos-y-le-pide-que-concrete-el-fin-de-las-obras"]}]},{"@type":"ImageObject","inLanguage":"es","@id":"https:\/\/www.asajacyl.com\/leon\/asaja-leon-informa\/asaja-agradece-al-gobierno-el-impulso-en-payuelos-y-le-pide-que-concrete-el-fin-de-las-obras#primaryimage","url":"https:\/\/www.asajacyl.com\/leon\/wp-content\/uploads\/sites\/6\/2022\/01\/BALSA-4.jpg","contentUrl":"https:\/\/www.asajacyl.com\/leon\/wp-content\/uploads\/sites\/6\/2022\/01\/BALSA-4.jpg","width":2048,"height":1536},{"@type":"BreadcrumbList","@id":"https:\/\/www.asajacyl.com\/leon\/asaja-leon-informa\/asaja-agradece-al-gobierno-el-impulso-en-payuelos-y-le-pide-que-concrete-el-fin-de-las-obras#breadcrumb","itemListElement":[{"@type":"ListItem","position":1,"name":"Portada","item":"https:\/\/www.asajacyl.com\/leon\/"},{"@type":"ListItem","position":2,"name":"Asaja agradece al Gobierno el impulso en Payuelos y le pide que concrete el fin de las obras"}]},{"@type":"WebSite","@id":"https:\/\/www.asajacyl.com\/leon\/#website","url":"https:\/\/www.asajacyl.com\/leon\/","name":"ASAJA Le\u00f3n","description":"Otro sitio m\u00e1s de Provincias ASAJA Castilla y Le\u00f3n","potentialAction":[{"@type":"SearchAction","target":{"@type":"EntryPoint","urlTemplate":"https:\/\/www.asajacyl.com\/leon\/?s={search_term_string}"},"query-input":{"@type":"PropertyValueSpecification","valueRequired":true,"valueName":"search_term_string"}}],"inLanguage":"es"},{"@type":"Person","@id":"https:\/\/www.asajacyl.com\/leon\/#\/schema\/person\/a39ff3609fc182e4c789ab486e865d32","name":"Eduardo","image":{"@type":"ImageObject","inLanguage":"es","@id":"https:\/\/www.asajacyl.com\/leon\/#\/schema\/person\/image\/","url":"https:\/\/secure.gravatar.com\/avatar\/9ebd6aba21d817dcf9595bc9ca505af5?s=96&d=mm&r=g","contentUrl":"https:\/\/secure.gravatar.com\/avatar\/9ebd6aba21d817dcf9595bc9ca505af5?s=96&d=mm&r=g","caption":"Eduardo"},"url":"https:\/\/www.asajacyl.com\/leon\/author\/eduardovv"}]}},"_links":{"self":[{"href":"https:\/\/www.asajacyl.com\/leon\/wp-json\/wp\/v2\/posts\/13783"}],"collection":[{"href":"https:\/\/www.asajacyl.com\/leon\/wp-json\/wp\/v2\/posts"}],"about":[{"href":"https:\/\/www.asajacyl.com\/leon\/wp-json\/wp\/v2\/types\/post"}],"author":[{"embeddable":true,"href":"https:\/\/www.asajacyl.com\/leon\/wp-json\/wp\/v2\/users\/8"}],"replies":[{"embeddable":true,"href":"https:\/\/www.asajacyl.com\/leon\/wp-json\/wp\/v2\/comments?post=13783"}],"version-history":[{"count":1,"href":"https:\/\/www.asajacyl.com\/leon\/wp-json\/wp\/v2\/posts\/13783\/revisions"}],"predecessor-version":[{"id":13784,"href":"https:\/\/www.asajacyl.com\/leon\/wp-json\/wp\/v2\/posts\/13783\/revisions\/13784"}],"wp:featuredmedia":[{"embeddable":true,"href":"https:\/\/www.asajacyl.com\/leon\/wp-json\/wp\/v2\/media\/12992"}],"wp:attachment":[{"href":"https:\/\/www.asajacyl.com\/leon\/wp-json\/wp\/v2\/media?parent=13783"}],"wp:term":[{"taxonomy":"category","embeddable":true,"href":"https:\/\/www.asajacyl.com\/leon\/wp-json\/wp\/v2\/categories?post=13783"},{"taxonomy":"post_tag","embeddable":true,"href":"https:\/\/www.asajacyl.com\/leon\/wp-json\/wp\/v2\/tags?post=13783"}],"curies":[{"name":"wp","href":"https:\/\/api.w.org\/{rel}","templated":true}]}}