{"id":13817,"date":"2022-11-11T09:41:50","date_gmt":"2022-11-11T08:41:50","guid":{"rendered":"https:\/\/www.asajacyl.com\/leon\/?p=13817"},"modified":"2022-11-11T09:42:59","modified_gmt":"2022-11-11T08:42:59","slug":"charla_valderrueda","status":"publish","type":"post","link":"https:\/\/www.asajacyl.com\/leon\/buzon\/charla_valderrueda","title":{"rendered":"charla_valderrueda"},"content":{"rendered":"\n<h2><strong>CHARLA INFORMATIVA PARA LOS GANADEROS SOBRE LA REFORMA DE LA PAC<\/strong><strong>\u00a0<\/strong><\/h2>\n<p><strong>\u00a0<\/strong><\/p>\n<h6>El Ayuntamiento de Valderrueda, en colaboraci\u00f3n con la organizaci\u00f3n ASAJA, imparte una charla informativa sobre la Reforma de la PAC 2023-2027, a la que est\u00e1n invitados todos los agricultores y ganaderos del Municipio y de otros lim\u00edtrofes.<\/h6>\n<p>\u00a0<\/p>\n<p><strong>D\u00cdA: MI\u00c9RCOLES 16 DE NOVIEMBRE<\/strong><\/p>\n<p><strong>HORA: 12 DEL MEDIOD\u00cdA<\/strong><\/p>\n<p><strong>LUGAR: SAL\u00d3N DE PLENOS DEL AYUNTAMIENTO EN PUENTE ALMUHEY<\/strong><\/p>\n","protected":false},"excerpt":{"rendered":"<p>CHARLA INFORMATIVA PARA LOS GANADEROS SOBRE LA REFORMA DE LA PAC\u00a0 \u00a0 El Ayuntamiento de Valderrueda, en colaboraci\u00f3n con la organizaci\u00f3n ASAJA, imparte una charla informativa sobre la Reforma de la PAC 2023-2027, a la que est\u00e1n invitados todos los agricultores y ganaderos del Municipio y de otros lim\u00edtrofes. \u00a0 D\u00cdA: MI\u00c9RCOLES 16 DE NOVIEMBRE [&hellip;]<\/p>\n","protected":false},"author":8,"featured_media":13519,"comment_status":"open","ping_status":"open","sticky":false,"template":"","format":"standard","meta":{"footnotes":""},"categories":[78],"tags":[],"yoast_head":"<!-- This site is optimized with the Yoast SEO plugin v24.5 - https:\/\/yoast.com\/wordpress\/plugins\/seo\/ -->\n<title>charla_valderrueda - ASAJA Le\u00f3n<\/title>\n<meta name=\"description\" content=\"CHARLA INFORMATIVA PARA LOS GANADEROS SOBRE LA REFORMA DE LA PAC\u00a0 \u00a0 El Ayuntamiento de Valderrueda, en colaboraci\u00f3n con la organizaci\u00f3n ASAJA, imparte una\" \/>\n<meta name=\"robots\" content=\"index, follow, max-snippet:-1, max-image-preview:large, max-video-preview:-1\" \/>\n<link rel=\"canonical\" href=\"https:\/\/www.asajacyl.com\/leon\/buzon\/charla_valderrueda\" \/>\n<meta property=\"og:locale\" content=\"es_ES\" \/>\n<meta property=\"og:type\" content=\"article\" \/>\n<meta property=\"og:title\" content=\"charla_valderrueda - ASAJA Le\u00f3n\" \/>\n<meta property=\"og:description\" content=\"CHARLA INFORMATIVA PARA LOS GANADEROS SOBRE LA REFORMA DE LA PAC\u00a0 \u00a0 El Ayuntamiento de Valderrueda, en colaboraci\u00f3n con la organizaci\u00f3n ASAJA, imparte una\" \/>\n<meta property=\"og:url\" content=\"https:\/\/www.asajacyl.com\/leon\/buzon\/charla_valderrueda\" \/>\n<meta property=\"og:site_name\" content=\"ASAJA Le\u00f3n\" \/>\n<meta property=\"article:published_time\" content=\"2022-11-11T08:41:50+00:00\" \/>\n<meta property=\"article:modified_time\" content=\"2022-11-11T08:42:59+00:00\" \/>\n<meta property=\"og:image\" content=\"https:\/\/www.asajacyl.com\/leon\/wp-content\/uploads\/sites\/6\/2022\/07\/IMG_0015.jpg\" \/>\n\t<meta property=\"og:image:width\" content=\"2500\" \/>\n\t<meta property=\"og:image:height\" content=\"1875\" \/>\n\t<meta property=\"og:image:type\" content=\"image\/jpeg\" \/>\n<meta name=\"author\" content=\"Eduardo\" \/>\n<meta name=\"twitter:card\" content=\"summary_large_image\" \/>\n<meta name=\"twitter:label1\" content=\"Escrito por\" \/>\n\t<meta name=\"twitter:data1\" content=\"Eduardo\" \/>\n\t<meta name=\"twitter:label2\" content=\"Tiempo de lectura\" \/>\n\t<meta name=\"twitter:data2\" content=\"1 minuto\" \/>\n<script type=\"application\/ld+json\" class=\"yoast-schema-graph\">{\"@context\":\"https:\/\/schema.org\",\"@graph\":[{\"@type\":\"WebPage\",\"@id\":\"https:\/\/www.asajacyl.com\/leon\/buzon\/charla_valderrueda\",\"url\":\"https:\/\/www.asajacyl.com\/leon\/buzon\/charla_valderrueda\",\"name\":\"charla_valderrueda - ASAJA Le\u00f3n\",\"isPartOf\":{\"@id\":\"https:\/\/www.asajacyl.com\/leon\/#website\"},\"primaryImageOfPage\":{\"@id\":\"https:\/\/www.asajacyl.com\/leon\/buzon\/charla_valderrueda#primaryimage\"},\"image\":{\"@id\":\"https:\/\/www.asajacyl.com\/leon\/buzon\/charla_valderrueda#primaryimage\"},\"thumbnailUrl\":\"https:\/\/www.asajacyl.com\/leon\/wp-content\/uploads\/sites\/6\/2022\/07\/IMG_0015.jpg\",\"datePublished\":\"2022-11-11T08:41:50+00:00\",\"dateModified\":\"2022-11-11T08:42:59+00:00\",\"author\":{\"@id\":\"https:\/\/www.asajacyl.com\/leon\/#\/schema\/person\/a39ff3609fc182e4c789ab486e865d32\"},\"description\":\"CHARLA INFORMATIVA PARA LOS GANADEROS SOBRE LA REFORMA DE LA PAC\u00a0 \u00a0 El Ayuntamiento de Valderrueda, en colaboraci\u00f3n con la organizaci\u00f3n ASAJA, imparte una\",\"breadcrumb\":{\"@id\":\"https:\/\/www.asajacyl.com\/leon\/buzon\/charla_valderrueda#breadcrumb\"},\"inLanguage\":\"es\",\"potentialAction\":[{\"@type\":\"ReadAction\",\"target\":[\"https:\/\/www.asajacyl.com\/leon\/buzon\/charla_valderrueda\"]}]},{\"@type\":\"ImageObject\",\"inLanguage\":\"es\",\"@id\":\"https:\/\/www.asajacyl.com\/leon\/buzon\/charla_valderrueda#primaryimage\",\"url\":\"https:\/\/www.asajacyl.com\/leon\/wp-content\/uploads\/sites\/6\/2022\/07\/IMG_0015.jpg\",\"contentUrl\":\"https:\/\/www.asajacyl.com\/leon\/wp-content\/uploads\/sites\/6\/2022\/07\/IMG_0015.jpg\",\"width\":2500,\"height\":1875},{\"@type\":\"BreadcrumbList\",\"@id\":\"https:\/\/www.asajacyl.com\/leon\/buzon\/charla_valderrueda#breadcrumb\",\"itemListElement\":[{\"@type\":\"ListItem\",\"position\":1,\"name\":\"Portada\",\"item\":\"https:\/\/www.asajacyl.com\/leon\/\"},{\"@type\":\"ListItem\",\"position\":2,\"name\":\"charla_valderrueda\"}]},{\"@type\":\"WebSite\",\"@id\":\"https:\/\/www.asajacyl.com\/leon\/#website\",\"url\":\"https:\/\/www.asajacyl.com\/leon\/\",\"name\":\"ASAJA Le\u00f3n\",\"description\":\"Otro sitio m\u00e1s de Provincias ASAJA Castilla y Le\u00f3n\",\"potentialAction\":[{\"@type\":\"SearchAction\",\"target\":{\"@type\":\"EntryPoint\",\"urlTemplate\":\"https:\/\/www.asajacyl.com\/leon\/?s={search_term_string}\"},\"query-input\":{\"@type\":\"PropertyValueSpecification\",\"valueRequired\":true,\"valueName\":\"search_term_string\"}}],\"inLanguage\":\"es\"},{\"@type\":\"Person\",\"@id\":\"https:\/\/www.asajacyl.com\/leon\/#\/schema\/person\/a39ff3609fc182e4c789ab486e865d32\",\"name\":\"Eduardo\",\"image\":{\"@type\":\"ImageObject\",\"inLanguage\":\"es\",\"@id\":\"https:\/\/www.asajacyl.com\/leon\/#\/schema\/person\/image\/\",\"url\":\"https:\/\/secure.gravatar.com\/avatar\/9ebd6aba21d817dcf9595bc9ca505af5?s=96&d=mm&r=g\",\"contentUrl\":\"https:\/\/secure.gravatar.com\/avatar\/9ebd6aba21d817dcf9595bc9ca505af5?s=96&d=mm&r=g\",\"caption\":\"Eduardo\"},\"url\":\"https:\/\/www.asajacyl.com\/leon\/author\/eduardovv\"}]}<\/script>\n<!-- \/ Yoast SEO plugin. -->","yoast_head_json":{"title":"charla_valderrueda - ASAJA Le\u00f3n","description":"CHARLA INFORMATIVA PARA LOS GANADEROS SOBRE LA REFORMA DE LA PAC\u00a0 \u00a0 El Ayuntamiento de Valderrueda, en colaboraci\u00f3n con la organizaci\u00f3n ASAJA, imparte una","robots":{"index":"index","follow":"follow","max-snippet":"max-snippet:-1","max-image-preview":"max-image-preview:large","max-video-preview":"max-video-preview:-1"},"canonical":"https:\/\/www.asajacyl.com\/leon\/buzon\/charla_valderrueda","og_locale":"es_ES","og_type":"article","og_title":"charla_valderrueda - ASAJA Le\u00f3n","og_description":"CHARLA INFORMATIVA PARA LOS GANADEROS SOBRE LA REFORMA DE LA PAC\u00a0 \u00a0 El Ayuntamiento de Valderrueda, en colaboraci\u00f3n con la organizaci\u00f3n ASAJA, imparte una","og_url":"https:\/\/www.asajacyl.com\/leon\/buzon\/charla_valderrueda","og_site_name":"ASAJA Le\u00f3n","article_published_time":"2022-11-11T08:41:50+00:00","article_modified_time":"2022-11-11T08:42:59+00:00","og_image":[{"width":2500,"height":1875,"url":"https:\/\/www.asajacyl.com\/leon\/wp-content\/uploads\/sites\/6\/2022\/07\/IMG_0015.jpg","type":"image\/jpeg"}],"author":"Eduardo","twitter_card":"summary_large_image","twitter_misc":{"Escrito por":"Eduardo","Tiempo de lectura":"1 minuto"},"schema":{"@context":"https:\/\/schema.org","@graph":[{"@type":"WebPage","@id":"https:\/\/www.asajacyl.com\/leon\/buzon\/charla_valderrueda","url":"https:\/\/www.asajacyl.com\/leon\/buzon\/charla_valderrueda","name":"charla_valderrueda - ASAJA Le\u00f3n","isPartOf":{"@id":"https:\/\/www.asajacyl.com\/leon\/#website"},"primaryImageOfPage":{"@id":"https:\/\/www.asajacyl.com\/leon\/buzon\/charla_valderrueda#primaryimage"},"image":{"@id":"https:\/\/www.asajacyl.com\/leon\/buzon\/charla_valderrueda#primaryimage"},"thumbnailUrl":"https:\/\/www.asajacyl.com\/leon\/wp-content\/uploads\/sites\/6\/2022\/07\/IMG_0015.jpg","datePublished":"2022-11-11T08:41:50+00:00","dateModified":"2022-11-11T08:42:59+00:00","author":{"@id":"https:\/\/www.asajacyl.com\/leon\/#\/schema\/person\/a39ff3609fc182e4c789ab486e865d32"},"description":"CHARLA INFORMATIVA PARA LOS GANADEROS SOBRE LA REFORMA DE LA PAC\u00a0 \u00a0 El Ayuntamiento de Valderrueda, en colaboraci\u00f3n con la organizaci\u00f3n ASAJA, imparte una","breadcrumb":{"@id":"https:\/\/www.asajacyl.com\/leon\/buzon\/charla_valderrueda#breadcrumb"},"inLanguage":"es","potentialAction":[{"@type":"ReadAction","target":["https:\/\/www.asajacyl.com\/leon\/buzon\/charla_valderrueda"]}]},{"@type":"ImageObject","inLanguage":"es","@id":"https:\/\/www.asajacyl.com\/leon\/buzon\/charla_valderrueda#primaryimage","url":"https:\/\/www.asajacyl.com\/leon\/wp-content\/uploads\/sites\/6\/2022\/07\/IMG_0015.jpg","contentUrl":"https:\/\/www.asajacyl.com\/leon\/wp-content\/uploads\/sites\/6\/2022\/07\/IMG_0015.jpg","width":2500,"height":1875},{"@type":"BreadcrumbList","@id":"https:\/\/www.asajacyl.com\/leon\/buzon\/charla_valderrueda#breadcrumb","itemListElement":[{"@type":"ListItem","position":1,"name":"Portada","item":"https:\/\/www.asajacyl.com\/leon\/"},{"@type":"ListItem","position":2,"name":"charla_valderrueda"}]},{"@type":"WebSite","@id":"https:\/\/www.asajacyl.com\/leon\/#website","url":"https:\/\/www.asajacyl.com\/leon\/","name":"ASAJA Le\u00f3n","description":"Otro sitio m\u00e1s de Provincias ASAJA Castilla y Le\u00f3n","potentialAction":[{"@type":"SearchAction","target":{"@type":"EntryPoint","urlTemplate":"https:\/\/www.asajacyl.com\/leon\/?s={search_term_string}"},"query-input":{"@type":"PropertyValueSpecification","valueRequired":true,"valueName":"search_term_string"}}],"inLanguage":"es"},{"@type":"Person","@id":"https:\/\/www.asajacyl.com\/leon\/#\/schema\/person\/a39ff3609fc182e4c789ab486e865d32","name":"Eduardo","image":{"@type":"ImageObject","inLanguage":"es","@id":"https:\/\/www.asajacyl.com\/leon\/#\/schema\/person\/image\/","url":"https:\/\/secure.gravatar.com\/avatar\/9ebd6aba21d817dcf9595bc9ca505af5?s=96&d=mm&r=g","contentUrl":"https:\/\/secure.gravatar.com\/avatar\/9ebd6aba21d817dcf9595bc9ca505af5?s=96&d=mm&r=g","caption":"Eduardo"},"url":"https:\/\/www.asajacyl.com\/leon\/author\/eduardovv"}]}},"_links":{"self":[{"href":"https:\/\/www.asajacyl.com\/leon\/wp-json\/wp\/v2\/posts\/13817"}],"collection":[{"href":"https:\/\/www.asajacyl.com\/leon\/wp-json\/wp\/v2\/posts"}],"about":[{"href":"https:\/\/www.asajacyl.com\/leon\/wp-json\/wp\/v2\/types\/post"}],"author":[{"embeddable":true,"href":"https:\/\/www.asajacyl.com\/leon\/wp-json\/wp\/v2\/users\/8"}],"replies":[{"embeddable":true,"href":"https:\/\/www.asajacyl.com\/leon\/wp-json\/wp\/v2\/comments?post=13817"}],"version-history":[{"count":2,"href":"https:\/\/www.asajacyl.com\/leon\/wp-json\/wp\/v2\/posts\/13817\/revisions"}],"predecessor-version":[{"id":13819,"href":"https:\/\/www.asajacyl.com\/leon\/wp-json\/wp\/v2\/posts\/13817\/revisions\/13819"}],"wp:featuredmedia":[{"embeddable":true,"href":"https:\/\/www.asajacyl.com\/leon\/wp-json\/wp\/v2\/media\/13519"}],"wp:attachment":[{"href":"https:\/\/www.asajacyl.com\/leon\/wp-json\/wp\/v2\/media?parent=13817"}],"wp:term":[{"taxonomy":"category","embeddable":true,"href":"https:\/\/www.asajacyl.com\/leon\/wp-json\/wp\/v2\/categories?post=13817"},{"taxonomy":"post_tag","embeddable":true,"href":"https:\/\/www.asajacyl.com\/leon\/wp-json\/wp\/v2\/tags?post=13817"}],"curies":[{"name":"wp","href":"https:\/\/api.w.org\/{rel}","templated":true}]}}