{"id":13828,"date":"2022-11-11T14:06:48","date_gmt":"2022-11-11T13:06:48","guid":{"rendered":"https:\/\/www.asajacyl.com\/leon\/?p=13828"},"modified":"2022-11-11T14:10:56","modified_gmt":"2022-11-11T13:10:56","slug":"charla_carrizo","status":"publish","type":"post","link":"https:\/\/www.asajacyl.com\/leon\/buzon\/charla_carrizo","title":{"rendered":"charla_carrizo"},"content":{"rendered":"\n<h2 class=\"wp-block-heading\"><strong><u>REUNI\u00d3N INFORMATIVA SOBRE LA PAC<\/u><\/strong><\/h2>\n\n\n\n<p>Se convoca a los agricultores y ganaderos de la zona de influencia de la oficina de ASAJA en Carrizo de la Ribera a la reuni\u00f3n informativa sobre LA NUEVA PAC 2023-2027, que tendr\u00e1 lugar el MARTES D\u00cdA 15 DE NOVIEMBRE, A LAS 12 DEL MEDIOD\u00cdA, en la CASA DE LA CULTURA de CARRIZO DE LA RIBERA.\u00a0<\/p>\n<p>Se ruega asistencia y puntualidad.\u00a0<\/p>\n<p>ASAJA. Le\u00f3n, 11 de noviembre de 2022.<\/p>\n","protected":false},"excerpt":{"rendered":"<p>REUNI\u00d3N INFORMATIVA SOBRE LA PAC Se convoca a los agricultores y ganaderos de la zona de influencia de la oficina de ASAJA en Carrizo de la Ribera a la reuni\u00f3n informativa sobre LA NUEVA PAC 2023-2027, que tendr\u00e1 lugar el MARTES D\u00cdA 15 DE NOVIEMBRE, A LAS 12 DEL MEDIOD\u00cdA, en la CASA DE LA [&hellip;]<\/p>\n","protected":false},"author":8,"featured_media":8840,"comment_status":"open","ping_status":"open","sticky":false,"template":"","format":"standard","meta":{"footnotes":""},"categories":[78],"tags":[],"yoast_head":"<!-- This site is optimized with the Yoast SEO plugin v24.5 - https:\/\/yoast.com\/wordpress\/plugins\/seo\/ -->\n<title>charla_carrizo - ASAJA Le\u00f3n<\/title>\n<meta name=\"description\" content=\"REUNI\u00d3N INFORMATIVA SOBRE LA PAC Se convoca a los agricultores y ganaderos de la zona de influencia de la oficina de ASAJA en Carrizo de la Ribera a la\" \/>\n<meta name=\"robots\" content=\"index, follow, max-snippet:-1, max-image-preview:large, max-video-preview:-1\" \/>\n<link rel=\"canonical\" href=\"https:\/\/www.asajacyl.com\/leon\/buzon\/charla_carrizo\" \/>\n<meta property=\"og:locale\" content=\"es_ES\" \/>\n<meta property=\"og:type\" content=\"article\" \/>\n<meta property=\"og:title\" content=\"charla_carrizo - ASAJA Le\u00f3n\" \/>\n<meta property=\"og:description\" content=\"REUNI\u00d3N INFORMATIVA SOBRE LA PAC Se convoca a los agricultores y ganaderos de la zona de influencia de la oficina de ASAJA en Carrizo de la Ribera a la\" \/>\n<meta property=\"og:url\" content=\"https:\/\/www.asajacyl.com\/leon\/buzon\/charla_carrizo\" \/>\n<meta property=\"og:site_name\" content=\"ASAJA Le\u00f3n\" \/>\n<meta property=\"article:published_time\" content=\"2022-11-11T13:06:48+00:00\" \/>\n<meta property=\"article:modified_time\" content=\"2022-11-11T13:10:56+00:00\" \/>\n<meta property=\"og:image\" content=\"https:\/\/www.asajacyl.com\/leon\/wp-content\/uploads\/sites\/6\/2018\/04\/LUPULO1.jpg\" \/>\n\t<meta property=\"og:image:width\" content=\"2500\" \/>\n\t<meta property=\"og:image:height\" content=\"1847\" \/>\n\t<meta property=\"og:image:type\" content=\"image\/jpeg\" \/>\n<meta name=\"author\" content=\"Eduardo\" \/>\n<meta name=\"twitter:card\" content=\"summary_large_image\" \/>\n<meta name=\"twitter:label1\" content=\"Escrito por\" \/>\n\t<meta name=\"twitter:data1\" content=\"Eduardo\" \/>\n\t<meta name=\"twitter:label2\" content=\"Tiempo de lectura\" \/>\n\t<meta name=\"twitter:data2\" content=\"1 minuto\" \/>\n<script type=\"application\/ld+json\" class=\"yoast-schema-graph\">{\"@context\":\"https:\/\/schema.org\",\"@graph\":[{\"@type\":\"WebPage\",\"@id\":\"https:\/\/www.asajacyl.com\/leon\/buzon\/charla_carrizo\",\"url\":\"https:\/\/www.asajacyl.com\/leon\/buzon\/charla_carrizo\",\"name\":\"charla_carrizo - ASAJA Le\u00f3n\",\"isPartOf\":{\"@id\":\"https:\/\/www.asajacyl.com\/leon\/#website\"},\"primaryImageOfPage\":{\"@id\":\"https:\/\/www.asajacyl.com\/leon\/buzon\/charla_carrizo#primaryimage\"},\"image\":{\"@id\":\"https:\/\/www.asajacyl.com\/leon\/buzon\/charla_carrizo#primaryimage\"},\"thumbnailUrl\":\"https:\/\/www.asajacyl.com\/leon\/wp-content\/uploads\/sites\/6\/2018\/04\/LUPULO1.jpg\",\"datePublished\":\"2022-11-11T13:06:48+00:00\",\"dateModified\":\"2022-11-11T13:10:56+00:00\",\"author\":{\"@id\":\"https:\/\/www.asajacyl.com\/leon\/#\/schema\/person\/a39ff3609fc182e4c789ab486e865d32\"},\"description\":\"REUNI\u00d3N INFORMATIVA SOBRE LA PAC Se convoca a los agricultores y ganaderos de la zona de influencia de la oficina de ASAJA en Carrizo de la Ribera a la\",\"breadcrumb\":{\"@id\":\"https:\/\/www.asajacyl.com\/leon\/buzon\/charla_carrizo#breadcrumb\"},\"inLanguage\":\"es\",\"potentialAction\":[{\"@type\":\"ReadAction\",\"target\":[\"https:\/\/www.asajacyl.com\/leon\/buzon\/charla_carrizo\"]}]},{\"@type\":\"ImageObject\",\"inLanguage\":\"es\",\"@id\":\"https:\/\/www.asajacyl.com\/leon\/buzon\/charla_carrizo#primaryimage\",\"url\":\"https:\/\/www.asajacyl.com\/leon\/wp-content\/uploads\/sites\/6\/2018\/04\/LUPULO1.jpg\",\"contentUrl\":\"https:\/\/www.asajacyl.com\/leon\/wp-content\/uploads\/sites\/6\/2018\/04\/LUPULO1.jpg\",\"width\":2500,\"height\":1847},{\"@type\":\"BreadcrumbList\",\"@id\":\"https:\/\/www.asajacyl.com\/leon\/buzon\/charla_carrizo#breadcrumb\",\"itemListElement\":[{\"@type\":\"ListItem\",\"position\":1,\"name\":\"Portada\",\"item\":\"https:\/\/www.asajacyl.com\/leon\/\"},{\"@type\":\"ListItem\",\"position\":2,\"name\":\"charla_carrizo\"}]},{\"@type\":\"WebSite\",\"@id\":\"https:\/\/www.asajacyl.com\/leon\/#website\",\"url\":\"https:\/\/www.asajacyl.com\/leon\/\",\"name\":\"ASAJA Le\u00f3n\",\"description\":\"Otro sitio m\u00e1s de Provincias ASAJA Castilla y Le\u00f3n\",\"potentialAction\":[{\"@type\":\"SearchAction\",\"target\":{\"@type\":\"EntryPoint\",\"urlTemplate\":\"https:\/\/www.asajacyl.com\/leon\/?s={search_term_string}\"},\"query-input\":{\"@type\":\"PropertyValueSpecification\",\"valueRequired\":true,\"valueName\":\"search_term_string\"}}],\"inLanguage\":\"es\"},{\"@type\":\"Person\",\"@id\":\"https:\/\/www.asajacyl.com\/leon\/#\/schema\/person\/a39ff3609fc182e4c789ab486e865d32\",\"name\":\"Eduardo\",\"image\":{\"@type\":\"ImageObject\",\"inLanguage\":\"es\",\"@id\":\"https:\/\/www.asajacyl.com\/leon\/#\/schema\/person\/image\/\",\"url\":\"https:\/\/secure.gravatar.com\/avatar\/9ebd6aba21d817dcf9595bc9ca505af5?s=96&d=mm&r=g\",\"contentUrl\":\"https:\/\/secure.gravatar.com\/avatar\/9ebd6aba21d817dcf9595bc9ca505af5?s=96&d=mm&r=g\",\"caption\":\"Eduardo\"},\"url\":\"https:\/\/www.asajacyl.com\/leon\/author\/eduardovv\"}]}<\/script>\n<!-- \/ Yoast SEO plugin. -->","yoast_head_json":{"title":"charla_carrizo - ASAJA Le\u00f3n","description":"REUNI\u00d3N INFORMATIVA SOBRE LA PAC Se convoca a los agricultores y ganaderos de la zona de influencia de la oficina de ASAJA en Carrizo de la Ribera a la","robots":{"index":"index","follow":"follow","max-snippet":"max-snippet:-1","max-image-preview":"max-image-preview:large","max-video-preview":"max-video-preview:-1"},"canonical":"https:\/\/www.asajacyl.com\/leon\/buzon\/charla_carrizo","og_locale":"es_ES","og_type":"article","og_title":"charla_carrizo - ASAJA Le\u00f3n","og_description":"REUNI\u00d3N INFORMATIVA SOBRE LA PAC Se convoca a los agricultores y ganaderos de la zona de influencia de la oficina de ASAJA en Carrizo de la Ribera a la","og_url":"https:\/\/www.asajacyl.com\/leon\/buzon\/charla_carrizo","og_site_name":"ASAJA Le\u00f3n","article_published_time":"2022-11-11T13:06:48+00:00","article_modified_time":"2022-11-11T13:10:56+00:00","og_image":[{"width":2500,"height":1847,"url":"https:\/\/www.asajacyl.com\/leon\/wp-content\/uploads\/sites\/6\/2018\/04\/LUPULO1.jpg","type":"image\/jpeg"}],"author":"Eduardo","twitter_card":"summary_large_image","twitter_misc":{"Escrito por":"Eduardo","Tiempo de lectura":"1 minuto"},"schema":{"@context":"https:\/\/schema.org","@graph":[{"@type":"WebPage","@id":"https:\/\/www.asajacyl.com\/leon\/buzon\/charla_carrizo","url":"https:\/\/www.asajacyl.com\/leon\/buzon\/charla_carrizo","name":"charla_carrizo - ASAJA Le\u00f3n","isPartOf":{"@id":"https:\/\/www.asajacyl.com\/leon\/#website"},"primaryImageOfPage":{"@id":"https:\/\/www.asajacyl.com\/leon\/buzon\/charla_carrizo#primaryimage"},"image":{"@id":"https:\/\/www.asajacyl.com\/leon\/buzon\/charla_carrizo#primaryimage"},"thumbnailUrl":"https:\/\/www.asajacyl.com\/leon\/wp-content\/uploads\/sites\/6\/2018\/04\/LUPULO1.jpg","datePublished":"2022-11-11T13:06:48+00:00","dateModified":"2022-11-11T13:10:56+00:00","author":{"@id":"https:\/\/www.asajacyl.com\/leon\/#\/schema\/person\/a39ff3609fc182e4c789ab486e865d32"},"description":"REUNI\u00d3N INFORMATIVA SOBRE LA PAC Se convoca a los agricultores y ganaderos de la zona de influencia de la oficina de ASAJA en Carrizo de la Ribera a la","breadcrumb":{"@id":"https:\/\/www.asajacyl.com\/leon\/buzon\/charla_carrizo#breadcrumb"},"inLanguage":"es","potentialAction":[{"@type":"ReadAction","target":["https:\/\/www.asajacyl.com\/leon\/buzon\/charla_carrizo"]}]},{"@type":"ImageObject","inLanguage":"es","@id":"https:\/\/www.asajacyl.com\/leon\/buzon\/charla_carrizo#primaryimage","url":"https:\/\/www.asajacyl.com\/leon\/wp-content\/uploads\/sites\/6\/2018\/04\/LUPULO1.jpg","contentUrl":"https:\/\/www.asajacyl.com\/leon\/wp-content\/uploads\/sites\/6\/2018\/04\/LUPULO1.jpg","width":2500,"height":1847},{"@type":"BreadcrumbList","@id":"https:\/\/www.asajacyl.com\/leon\/buzon\/charla_carrizo#breadcrumb","itemListElement":[{"@type":"ListItem","position":1,"name":"Portada","item":"https:\/\/www.asajacyl.com\/leon\/"},{"@type":"ListItem","position":2,"name":"charla_carrizo"}]},{"@type":"WebSite","@id":"https:\/\/www.asajacyl.com\/leon\/#website","url":"https:\/\/www.asajacyl.com\/leon\/","name":"ASAJA Le\u00f3n","description":"Otro sitio m\u00e1s de Provincias ASAJA Castilla y Le\u00f3n","potentialAction":[{"@type":"SearchAction","target":{"@type":"EntryPoint","urlTemplate":"https:\/\/www.asajacyl.com\/leon\/?s={search_term_string}"},"query-input":{"@type":"PropertyValueSpecification","valueRequired":true,"valueName":"search_term_string"}}],"inLanguage":"es"},{"@type":"Person","@id":"https:\/\/www.asajacyl.com\/leon\/#\/schema\/person\/a39ff3609fc182e4c789ab486e865d32","name":"Eduardo","image":{"@type":"ImageObject","inLanguage":"es","@id":"https:\/\/www.asajacyl.com\/leon\/#\/schema\/person\/image\/","url":"https:\/\/secure.gravatar.com\/avatar\/9ebd6aba21d817dcf9595bc9ca505af5?s=96&d=mm&r=g","contentUrl":"https:\/\/secure.gravatar.com\/avatar\/9ebd6aba21d817dcf9595bc9ca505af5?s=96&d=mm&r=g","caption":"Eduardo"},"url":"https:\/\/www.asajacyl.com\/leon\/author\/eduardovv"}]}},"_links":{"self":[{"href":"https:\/\/www.asajacyl.com\/leon\/wp-json\/wp\/v2\/posts\/13828"}],"collection":[{"href":"https:\/\/www.asajacyl.com\/leon\/wp-json\/wp\/v2\/posts"}],"about":[{"href":"https:\/\/www.asajacyl.com\/leon\/wp-json\/wp\/v2\/types\/post"}],"author":[{"embeddable":true,"href":"https:\/\/www.asajacyl.com\/leon\/wp-json\/wp\/v2\/users\/8"}],"replies":[{"embeddable":true,"href":"https:\/\/www.asajacyl.com\/leon\/wp-json\/wp\/v2\/comments?post=13828"}],"version-history":[{"count":2,"href":"https:\/\/www.asajacyl.com\/leon\/wp-json\/wp\/v2\/posts\/13828\/revisions"}],"predecessor-version":[{"id":13830,"href":"https:\/\/www.asajacyl.com\/leon\/wp-json\/wp\/v2\/posts\/13828\/revisions\/13830"}],"wp:featuredmedia":[{"embeddable":true,"href":"https:\/\/www.asajacyl.com\/leon\/wp-json\/wp\/v2\/media\/8840"}],"wp:attachment":[{"href":"https:\/\/www.asajacyl.com\/leon\/wp-json\/wp\/v2\/media?parent=13828"}],"wp:term":[{"taxonomy":"category","embeddable":true,"href":"https:\/\/www.asajacyl.com\/leon\/wp-json\/wp\/v2\/categories?post=13828"},{"taxonomy":"post_tag","embeddable":true,"href":"https:\/\/www.asajacyl.com\/leon\/wp-json\/wp\/v2\/tags?post=13828"}],"curies":[{"name":"wp","href":"https:\/\/api.w.org\/{rel}","templated":true}]}}