{"id":13861,"date":"2022-11-24T11:05:51","date_gmt":"2022-11-24T10:05:51","guid":{"rendered":"https:\/\/www.asajacyl.com\/leon\/?p=13861"},"modified":"2022-11-24T11:05:53","modified_gmt":"2022-11-24T10:05:53","slug":"recordatorio-charlas-pac","status":"publish","type":"post","link":"https:\/\/www.asajacyl.com\/leon\/buzon\/recordatorio-charlas-pac","title":{"rendered":"recordatorio charlas pac"},"content":{"rendered":"\n<h2 style=\"text-align: center\"><strong>CHARLAS INFORMATIVAS SOBRE LA PAC<\/strong><\/h2>\n<h6>Seguimos impartiendo charlas sobre la nueva PAC en las aulas de nuestras oficinas comarcales y en la de Le\u00f3n capital. Si todav\u00eda no has estado en ninguna, <strong><u>ap\u00fantate ya<\/u><\/strong>. Necesitas conocer la nueva normativa para planificar tu explotaci\u00f3n. Adem\u00e1s, para tramitar la PAC en ASAJA el pr\u00f3ximo a\u00f1o, es imprescindible haber estado en al menos una de las charlas informativas.<\/h6>\n<h6>ASAJA. Le\u00f3n, 24 de noviembre de 2022.<\/h6>\n","protected":false},"excerpt":{"rendered":"<p>CHARLAS INFORMATIVAS SOBRE LA PAC Seguimos impartiendo charlas sobre la nueva PAC en las aulas de nuestras oficinas comarcales y en la de Le\u00f3n capital. Si todav\u00eda no has estado en ninguna, ap\u00fantate ya. Necesitas conocer la nueva normativa para planificar tu explotaci\u00f3n. Adem\u00e1s, para tramitar la PAC en ASAJA el pr\u00f3ximo a\u00f1o, es imprescindible [&hellip;]<\/p>\n","protected":false},"author":8,"featured_media":13665,"comment_status":"open","ping_status":"open","sticky":false,"template":"","format":"standard","meta":{"footnotes":""},"categories":[78],"tags":[],"yoast_head":"<!-- This site is optimized with the Yoast SEO plugin v24.5 - https:\/\/yoast.com\/wordpress\/plugins\/seo\/ -->\n<title>recordatorio charlas pac - ASAJA Le\u00f3n<\/title>\n<meta name=\"description\" content=\"CHARLAS INFORMATIVAS SOBRE LA PAC Seguimos impartiendo charlas sobre la nueva PAC en las aulas de nuestras oficinas comarcales y en la de Le\u00f3n capital. Si\" \/>\n<meta name=\"robots\" content=\"index, follow, max-snippet:-1, max-image-preview:large, max-video-preview:-1\" \/>\n<link rel=\"canonical\" href=\"https:\/\/www.asajacyl.com\/leon\/buzon\/recordatorio-charlas-pac\" \/>\n<meta property=\"og:locale\" content=\"es_ES\" \/>\n<meta property=\"og:type\" content=\"article\" \/>\n<meta property=\"og:title\" content=\"recordatorio charlas pac - ASAJA Le\u00f3n\" \/>\n<meta property=\"og:description\" content=\"CHARLAS INFORMATIVAS SOBRE LA PAC Seguimos impartiendo charlas sobre la nueva PAC en las aulas de nuestras oficinas comarcales y en la de Le\u00f3n capital. Si\" \/>\n<meta property=\"og:url\" content=\"https:\/\/www.asajacyl.com\/leon\/buzon\/recordatorio-charlas-pac\" \/>\n<meta property=\"og:site_name\" content=\"ASAJA Le\u00f3n\" \/>\n<meta property=\"article:published_time\" content=\"2022-11-24T10:05:51+00:00\" \/>\n<meta property=\"article:modified_time\" content=\"2022-11-24T10:05:53+00:00\" \/>\n<meta property=\"og:image\" content=\"https:\/\/www.asajacyl.com\/leon\/wp-content\/uploads\/sites\/6\/2022\/09\/CHARLA-INFORMATIVA.jpeg\" \/>\n\t<meta property=\"og:image:width\" content=\"768\" \/>\n\t<meta property=\"og:image:height\" content=\"1024\" \/>\n\t<meta property=\"og:image:type\" content=\"image\/jpeg\" \/>\n<meta name=\"author\" content=\"Eduardo\" \/>\n<meta name=\"twitter:card\" content=\"summary_large_image\" \/>\n<meta name=\"twitter:label1\" content=\"Escrito por\" \/>\n\t<meta name=\"twitter:data1\" content=\"Eduardo\" \/>\n\t<meta name=\"twitter:label2\" content=\"Tiempo de lectura\" \/>\n\t<meta name=\"twitter:data2\" content=\"1 minuto\" \/>\n<script type=\"application\/ld+json\" class=\"yoast-schema-graph\">{\"@context\":\"https:\/\/schema.org\",\"@graph\":[{\"@type\":\"WebPage\",\"@id\":\"https:\/\/www.asajacyl.com\/leon\/buzon\/recordatorio-charlas-pac\",\"url\":\"https:\/\/www.asajacyl.com\/leon\/buzon\/recordatorio-charlas-pac\",\"name\":\"recordatorio charlas pac - ASAJA Le\u00f3n\",\"isPartOf\":{\"@id\":\"https:\/\/www.asajacyl.com\/leon\/#website\"},\"primaryImageOfPage\":{\"@id\":\"https:\/\/www.asajacyl.com\/leon\/buzon\/recordatorio-charlas-pac#primaryimage\"},\"image\":{\"@id\":\"https:\/\/www.asajacyl.com\/leon\/buzon\/recordatorio-charlas-pac#primaryimage\"},\"thumbnailUrl\":\"https:\/\/www.asajacyl.com\/leon\/wp-content\/uploads\/sites\/6\/2022\/09\/CHARLA-INFORMATIVA.jpeg\",\"datePublished\":\"2022-11-24T10:05:51+00:00\",\"dateModified\":\"2022-11-24T10:05:53+00:00\",\"author\":{\"@id\":\"https:\/\/www.asajacyl.com\/leon\/#\/schema\/person\/a39ff3609fc182e4c789ab486e865d32\"},\"description\":\"CHARLAS INFORMATIVAS SOBRE LA PAC Seguimos impartiendo charlas sobre la nueva PAC en las aulas de nuestras oficinas comarcales y en la de Le\u00f3n capital. Si\",\"breadcrumb\":{\"@id\":\"https:\/\/www.asajacyl.com\/leon\/buzon\/recordatorio-charlas-pac#breadcrumb\"},\"inLanguage\":\"es\",\"potentialAction\":[{\"@type\":\"ReadAction\",\"target\":[\"https:\/\/www.asajacyl.com\/leon\/buzon\/recordatorio-charlas-pac\"]}]},{\"@type\":\"ImageObject\",\"inLanguage\":\"es\",\"@id\":\"https:\/\/www.asajacyl.com\/leon\/buzon\/recordatorio-charlas-pac#primaryimage\",\"url\":\"https:\/\/www.asajacyl.com\/leon\/wp-content\/uploads\/sites\/6\/2022\/09\/CHARLA-INFORMATIVA.jpeg\",\"contentUrl\":\"https:\/\/www.asajacyl.com\/leon\/wp-content\/uploads\/sites\/6\/2022\/09\/CHARLA-INFORMATIVA.jpeg\",\"width\":768,\"height\":1024},{\"@type\":\"BreadcrumbList\",\"@id\":\"https:\/\/www.asajacyl.com\/leon\/buzon\/recordatorio-charlas-pac#breadcrumb\",\"itemListElement\":[{\"@type\":\"ListItem\",\"position\":1,\"name\":\"Portada\",\"item\":\"https:\/\/www.asajacyl.com\/leon\/\"},{\"@type\":\"ListItem\",\"position\":2,\"name\":\"recordatorio charlas pac\"}]},{\"@type\":\"WebSite\",\"@id\":\"https:\/\/www.asajacyl.com\/leon\/#website\",\"url\":\"https:\/\/www.asajacyl.com\/leon\/\",\"name\":\"ASAJA Le\u00f3n\",\"description\":\"Otro sitio m\u00e1s de Provincias ASAJA Castilla y Le\u00f3n\",\"potentialAction\":[{\"@type\":\"SearchAction\",\"target\":{\"@type\":\"EntryPoint\",\"urlTemplate\":\"https:\/\/www.asajacyl.com\/leon\/?s={search_term_string}\"},\"query-input\":{\"@type\":\"PropertyValueSpecification\",\"valueRequired\":true,\"valueName\":\"search_term_string\"}}],\"inLanguage\":\"es\"},{\"@type\":\"Person\",\"@id\":\"https:\/\/www.asajacyl.com\/leon\/#\/schema\/person\/a39ff3609fc182e4c789ab486e865d32\",\"name\":\"Eduardo\",\"image\":{\"@type\":\"ImageObject\",\"inLanguage\":\"es\",\"@id\":\"https:\/\/www.asajacyl.com\/leon\/#\/schema\/person\/image\/\",\"url\":\"https:\/\/secure.gravatar.com\/avatar\/9ebd6aba21d817dcf9595bc9ca505af5?s=96&d=mm&r=g\",\"contentUrl\":\"https:\/\/secure.gravatar.com\/avatar\/9ebd6aba21d817dcf9595bc9ca505af5?s=96&d=mm&r=g\",\"caption\":\"Eduardo\"},\"url\":\"https:\/\/www.asajacyl.com\/leon\/author\/eduardovv\"}]}<\/script>\n<!-- \/ Yoast SEO plugin. -->","yoast_head_json":{"title":"recordatorio charlas pac - ASAJA Le\u00f3n","description":"CHARLAS INFORMATIVAS SOBRE LA PAC Seguimos impartiendo charlas sobre la nueva PAC en las aulas de nuestras oficinas comarcales y en la de Le\u00f3n capital. Si","robots":{"index":"index","follow":"follow","max-snippet":"max-snippet:-1","max-image-preview":"max-image-preview:large","max-video-preview":"max-video-preview:-1"},"canonical":"https:\/\/www.asajacyl.com\/leon\/buzon\/recordatorio-charlas-pac","og_locale":"es_ES","og_type":"article","og_title":"recordatorio charlas pac - ASAJA Le\u00f3n","og_description":"CHARLAS INFORMATIVAS SOBRE LA PAC Seguimos impartiendo charlas sobre la nueva PAC en las aulas de nuestras oficinas comarcales y en la de Le\u00f3n capital. Si","og_url":"https:\/\/www.asajacyl.com\/leon\/buzon\/recordatorio-charlas-pac","og_site_name":"ASAJA Le\u00f3n","article_published_time":"2022-11-24T10:05:51+00:00","article_modified_time":"2022-11-24T10:05:53+00:00","og_image":[{"width":768,"height":1024,"url":"https:\/\/www.asajacyl.com\/leon\/wp-content\/uploads\/sites\/6\/2022\/09\/CHARLA-INFORMATIVA.jpeg","type":"image\/jpeg"}],"author":"Eduardo","twitter_card":"summary_large_image","twitter_misc":{"Escrito por":"Eduardo","Tiempo de lectura":"1 minuto"},"schema":{"@context":"https:\/\/schema.org","@graph":[{"@type":"WebPage","@id":"https:\/\/www.asajacyl.com\/leon\/buzon\/recordatorio-charlas-pac","url":"https:\/\/www.asajacyl.com\/leon\/buzon\/recordatorio-charlas-pac","name":"recordatorio charlas pac - ASAJA Le\u00f3n","isPartOf":{"@id":"https:\/\/www.asajacyl.com\/leon\/#website"},"primaryImageOfPage":{"@id":"https:\/\/www.asajacyl.com\/leon\/buzon\/recordatorio-charlas-pac#primaryimage"},"image":{"@id":"https:\/\/www.asajacyl.com\/leon\/buzon\/recordatorio-charlas-pac#primaryimage"},"thumbnailUrl":"https:\/\/www.asajacyl.com\/leon\/wp-content\/uploads\/sites\/6\/2022\/09\/CHARLA-INFORMATIVA.jpeg","datePublished":"2022-11-24T10:05:51+00:00","dateModified":"2022-11-24T10:05:53+00:00","author":{"@id":"https:\/\/www.asajacyl.com\/leon\/#\/schema\/person\/a39ff3609fc182e4c789ab486e865d32"},"description":"CHARLAS INFORMATIVAS SOBRE LA PAC Seguimos impartiendo charlas sobre la nueva PAC en las aulas de nuestras oficinas comarcales y en la de Le\u00f3n capital. Si","breadcrumb":{"@id":"https:\/\/www.asajacyl.com\/leon\/buzon\/recordatorio-charlas-pac#breadcrumb"},"inLanguage":"es","potentialAction":[{"@type":"ReadAction","target":["https:\/\/www.asajacyl.com\/leon\/buzon\/recordatorio-charlas-pac"]}]},{"@type":"ImageObject","inLanguage":"es","@id":"https:\/\/www.asajacyl.com\/leon\/buzon\/recordatorio-charlas-pac#primaryimage","url":"https:\/\/www.asajacyl.com\/leon\/wp-content\/uploads\/sites\/6\/2022\/09\/CHARLA-INFORMATIVA.jpeg","contentUrl":"https:\/\/www.asajacyl.com\/leon\/wp-content\/uploads\/sites\/6\/2022\/09\/CHARLA-INFORMATIVA.jpeg","width":768,"height":1024},{"@type":"BreadcrumbList","@id":"https:\/\/www.asajacyl.com\/leon\/buzon\/recordatorio-charlas-pac#breadcrumb","itemListElement":[{"@type":"ListItem","position":1,"name":"Portada","item":"https:\/\/www.asajacyl.com\/leon\/"},{"@type":"ListItem","position":2,"name":"recordatorio charlas pac"}]},{"@type":"WebSite","@id":"https:\/\/www.asajacyl.com\/leon\/#website","url":"https:\/\/www.asajacyl.com\/leon\/","name":"ASAJA Le\u00f3n","description":"Otro sitio m\u00e1s de Provincias ASAJA Castilla y Le\u00f3n","potentialAction":[{"@type":"SearchAction","target":{"@type":"EntryPoint","urlTemplate":"https:\/\/www.asajacyl.com\/leon\/?s={search_term_string}"},"query-input":{"@type":"PropertyValueSpecification","valueRequired":true,"valueName":"search_term_string"}}],"inLanguage":"es"},{"@type":"Person","@id":"https:\/\/www.asajacyl.com\/leon\/#\/schema\/person\/a39ff3609fc182e4c789ab486e865d32","name":"Eduardo","image":{"@type":"ImageObject","inLanguage":"es","@id":"https:\/\/www.asajacyl.com\/leon\/#\/schema\/person\/image\/","url":"https:\/\/secure.gravatar.com\/avatar\/9ebd6aba21d817dcf9595bc9ca505af5?s=96&d=mm&r=g","contentUrl":"https:\/\/secure.gravatar.com\/avatar\/9ebd6aba21d817dcf9595bc9ca505af5?s=96&d=mm&r=g","caption":"Eduardo"},"url":"https:\/\/www.asajacyl.com\/leon\/author\/eduardovv"}]}},"_links":{"self":[{"href":"https:\/\/www.asajacyl.com\/leon\/wp-json\/wp\/v2\/posts\/13861"}],"collection":[{"href":"https:\/\/www.asajacyl.com\/leon\/wp-json\/wp\/v2\/posts"}],"about":[{"href":"https:\/\/www.asajacyl.com\/leon\/wp-json\/wp\/v2\/types\/post"}],"author":[{"embeddable":true,"href":"https:\/\/www.asajacyl.com\/leon\/wp-json\/wp\/v2\/users\/8"}],"replies":[{"embeddable":true,"href":"https:\/\/www.asajacyl.com\/leon\/wp-json\/wp\/v2\/comments?post=13861"}],"version-history":[{"count":1,"href":"https:\/\/www.asajacyl.com\/leon\/wp-json\/wp\/v2\/posts\/13861\/revisions"}],"predecessor-version":[{"id":13862,"href":"https:\/\/www.asajacyl.com\/leon\/wp-json\/wp\/v2\/posts\/13861\/revisions\/13862"}],"wp:featuredmedia":[{"embeddable":true,"href":"https:\/\/www.asajacyl.com\/leon\/wp-json\/wp\/v2\/media\/13665"}],"wp:attachment":[{"href":"https:\/\/www.asajacyl.com\/leon\/wp-json\/wp\/v2\/media?parent=13861"}],"wp:term":[{"taxonomy":"category","embeddable":true,"href":"https:\/\/www.asajacyl.com\/leon\/wp-json\/wp\/v2\/categories?post=13861"},{"taxonomy":"post_tag","embeddable":true,"href":"https:\/\/www.asajacyl.com\/leon\/wp-json\/wp\/v2\/tags?post=13861"}],"curies":[{"name":"wp","href":"https:\/\/api.w.org\/{rel}","templated":true}]}}