{"id":14002,"date":"2023-01-13T13:33:08","date_gmt":"2023-01-13T12:33:08","guid":{"rendered":"https:\/\/www.asajacyl.com\/leon\/?p=14002"},"modified":"2023-01-13T13:33:10","modified_gmt":"2023-01-13T12:33:10","slug":"charlas_2023","status":"publish","type":"post","link":"https:\/\/www.asajacyl.com\/leon\/buzon\/charlas_2023","title":{"rendered":"charlas_2023"},"content":{"rendered":"\n<h6>Estimado \/a\u00a0 amigo\/a:<\/h6>\n<h6>Nos dirigimos en esta circular a los socios o familiares directos de socios con motivo de las <strong><u>ELECCIONES AGRARIAS<\/u><\/strong> que se celebrar\u00e1n el <strong><u>domingo 12 de febrero<\/u><\/strong>. Las elecciones son de enorme importancia para fortalecer a la organizaci\u00f3n que te defiende, te representa, y de da servicios cuando los necesitas. Sin las elecciones y sin los buenos resultados que hemos obtenido otras veces, no ser\u00edamos nada ni podr\u00edamos hacer nada por ti y por el sector.<\/h6>\n<h6>Es dif\u00edcil de entender que <strong><u>un 30% de los socios habitualmente no acudan a votar<\/u><\/strong> en este proceso, socios que al d\u00eda siguiente no dudan en utilizar los medios y servicios de\u00a0 ASAJA si los necesitan. Entre todos tenemos que evitar que esto pase, no podemos permitir que los socios no acudan a votar, ya que si los socios no lo hacernos, qu\u00e9 autoridad moral podemos tener para pedirle el voto al resto. Te pedimos encarecidamente t\u00fa compromiso con ASAJA, a ti y a los tuyos, y t\u00fa militancia activa para que ninguno de los nuestros se quede en casa ese d\u00eda.<\/h6>\n<h6>Te recuerdo que si el domingo 12 no puedes estar en el pueblo o lugar en el que se vota, hay <u>plazo para ejercer el voto de forma anticipada del 23 de enero al 6 de febrero<\/u> en el edificio central de la Junta en Le\u00f3n. Preg\u00fantanos en las oficinas si tienes dudas al respecto.<\/h6>\n<h6>Al reverso de esta circular te relacionamos las <u>reuniones informativas<\/u> que\u00a0 vamos a impartir desde ahora hasta el d\u00eda de las votaciones. Te pedimos asistir a ellas y que invites, si es el caso, a otros agricultores no socios que pudieran estar interesados. Trataremos sobre la nueva PAC, las ayudas a los fertilizantes y gas\u00f3leo, los cambios fiscales, las nuevas cotizaciones a la Seguridad Social, y otros temas de inter\u00e9s.<\/h6>\n<h6>Agradeci\u00e9ndote todo el compromiso y la colaboraci\u00f3n que se te pide, aprovechamos para desearte un buen a\u00f1o en lo personal y tambi\u00e9n en lo agr\u00edcola y ganadero.<\/h6>\n<p>\u00a0<\/p>\n<p>Fdo.: Arsenio Garc\u00eda Vidal\u00a0 \u00a0\u00a0\u00a0\u00a0\u00a0\u00a0\u00a0\u00a0\u00a0\u00a0\u00a0\u00a0\u00a0\u00a0\u00a0\u00a0\u00a0\u00a0\u00a0\u00a0\u00a0\u00a0\u00a0\u00a0\u00a0\u00a0\u00a0\u00a0\u00a0\u00a0Fdo.: Jos\u00e9 Antonio Turrado<\/p>\n<p>Presidente\u00a0\u00a0\u00a0\u00a0\u00a0\u00a0\u00a0\u00a0\u00a0\u00a0\u00a0\u00a0\u00a0\u00a0\u00a0\u00a0\u00a0\u00a0\u00a0\u00a0\u00a0\u00a0\u00a0\u00a0\u00a0\u00a0 \u00a0\u00a0\u00a0\u00a0\u00a0\u00a0\u00a0 \u00a0\u00a0\u00a0\u00a0\u00a0\u00a0 \u00a0\u00a0\u00a0\u00a0\u00a0\u00a0\u00a0\u00a0\u00a0\u00a0\u00a0\u00a0\u00a0\u00a0 Secretario general<\/p>\n<p>\u00a0<\/p>\n<p>\u00a0<\/p>\n<table style=\"width: 100%;height: 2038px\" width=\"860\">\n<tbody>\n<tr style=\"height: 66px\">\n<td style=\"height: 66px\" colspan=\"5\" width=\"860\">\n<p><strong>CHARLAS INFORMATIVAS A LAS QUE EST\u00c1N CONVOCADOS TODOS LOS SOCIOS Y SIMPATIZANTES DE ASAJA<\/strong><\/p>\n<\/td>\n<\/tr>\n<tr style=\"height: 66px\">\n<td style=\"height: 66px\" colspan=\"2\" width=\"173\">\n<p><strong>FECHA<\/strong><\/p>\n<\/td>\n<td style=\"height: 66px\" width=\"248\">\n<p><strong>LOCALIDAD <\/strong><\/p>\n<\/td>\n<td style=\"height: 66px\" width=\"95\">\n<p><strong>HORARIO<\/strong><\/p>\n<\/td>\n<td style=\"height: 66px\" width=\"344\">\n<p><strong>LOCAL<\/strong><\/p>\n<\/td>\n<\/tr>\n<tr style=\"height: 92px\">\n<td style=\"height: 92px\" width=\"83\">\n<p>16\/01\/2023<\/p>\n<\/td>\n<td style=\"height: 92px\" width=\"90\">\n<p>LUNES<\/p>\n<\/td>\n<td style=\"height: 92px\" width=\"248\">\n<p>CISTIERNA<\/p>\n<\/td>\n<td style=\"height: 92px\" width=\"95\">\n<p>12:00 &#8211; 14:00<\/p>\n<\/td>\n<td style=\"height: 92px\" width=\"344\">\n<p>SAL\u00d3N DE PLENOS DEL AYUNTAMIENTO<\/p>\n<\/td>\n<\/tr>\n<tr style=\"height: 92px\">\n<td style=\"height: 92px\" width=\"83\">\n<p>17\/01\/2023<\/p>\n<\/td>\n<td style=\"height: 92px\" width=\"90\">\n<p>MARTES<\/p>\n<\/td>\n<td style=\"height: 92px\" width=\"248\">\n<p>RIA\u00d1O<\/p>\n<\/td>\n<td style=\"height: 92px\" width=\"95\">\n<p>12:00 &#8211; 14:00<\/p>\n<\/td>\n<td style=\"height: 92px\" width=\"344\">\n<p>SAL\u00d3N DE USOS M\u00daLTIPLES DEL AYUNTAMIENTO.<\/p>\n<\/td>\n<\/tr>\n<tr style=\"height: 92px\">\n<td style=\"height: 92px\" width=\"83\">\n<p>18\/01\/2023<\/p>\n<\/td>\n<td style=\"height: 92px\" width=\"90\">\n<p>MI\u00c9RCOLES<\/p>\n<\/td>\n<td style=\"height: 92px\" width=\"248\">\n<p>SAN EMILIANO<\/p>\n<\/td>\n<td style=\"height: 92px\" width=\"95\">\n<p>12:00 &#8211; 14:00<\/p>\n<\/td>\n<td style=\"height: 92px\" width=\"344\">\n<p>SAL\u00d3N DEL PUEBLO<\/p>\n<\/td>\n<\/tr>\n<tr style=\"height: 92px\">\n<td style=\"height: 92px\" width=\"83\">\n<p>19\/01\/2023<\/p>\n<\/td>\n<td style=\"height: 92px\" width=\"90\">\n<p>JUEVES<\/p>\n<\/td>\n<td style=\"height: 92px\" width=\"248\">\n<p>VILLAMAN\u00cdN<\/p>\n<\/td>\n<td style=\"height: 92px\" width=\"95\">\n<p>12:00 &#8211; 14:00<\/p>\n<\/td>\n<td style=\"height: 92px\" width=\"344\">\n<p>SAL\u00d3N DEL AYUNTAMIENTO<\/p>\n<\/td>\n<\/tr>\n<tr style=\"height: 92px\">\n<td style=\"height: 92px\" width=\"83\">\n<p>20\/01\/2023<\/p>\n<\/td>\n<td style=\"height: 92px\" width=\"90\">\n<p>VIERNES<\/p>\n<\/td>\n<td style=\"height: 92px\" width=\"248\">\n<p>VALDELUGUEROS<\/p>\n<\/td>\n<td style=\"height: 92px\" width=\"95\">\n<p>12:00 &#8211; 14:00<\/p>\n<\/td>\n<td style=\"height: 92px\" width=\"344\">\n<p>CENTRO CULTURAL (ANTIGUA CASA DEL M\u00c9DICO)<\/p>\n<\/td>\n<\/tr>\n<tr style=\"height: 92px\">\n<td style=\"height: 92px\" width=\"83\">\n<p>23\/01\/2023<\/p>\n<\/td>\n<td style=\"height: 92px\" width=\"90\">\n<p>LUNES<\/p>\n<\/td>\n<td style=\"height: 92px\" width=\"248\">\n<p>ALMANZA<\/p>\n<\/td>\n<td style=\"height: 92px\" width=\"95\">\n<p>12:00 &#8211; 14:00<\/p>\n<\/td>\n<td style=\"height: 92px\" width=\"344\">\n<p>SAL\u00d3N DE PLENOS DEL AYUNTAMIENTO<\/p>\n<\/td>\n<\/tr>\n<tr style=\"height: 92px\">\n<td style=\"height: 92px\" width=\"83\">\n<p>24\/01\/2023<\/p>\n<\/td>\n<td style=\"height: 92px\" width=\"90\">\n<p>MARTES<\/p>\n<\/td>\n<td style=\"height: 92px\" width=\"248\">\n<p>BO\u00d1AR<\/p>\n<\/td>\n<td style=\"height: 92px\" width=\"95\">\n<p>12:00 &#8211; 14:00<\/p>\n<\/td>\n<td style=\"height: 92px\" width=\"344\">\n<p>SAL\u00d3N DE USOS M\u00daLTIPLES DEL AYUNTAMIENTO<\/p>\n<\/td>\n<\/tr>\n<tr style=\"height: 92px\">\n<td style=\"height: 92px\" width=\"83\">\n<p>25\/01\/2023<\/p>\n<\/td>\n<td style=\"height: 92px\" width=\"90\">\n<p>MI\u00c9RCOLES<\/p>\n<\/td>\n<td style=\"height: 92px\" width=\"248\">\n<p>SAN JUSTO DE LA VEGA<\/p>\n<\/td>\n<td style=\"height: 92px\" width=\"95\">\n<p>12:00 &#8211; 14:00<\/p>\n<\/td>\n<td style=\"height: 92px\" width=\"344\">\n<p>CASA DEL PUEBLO<\/p>\n<\/td>\n<\/tr>\n<tr style=\"height: 92px\">\n<td style=\"height: 92px\" width=\"83\">\n<p>26\/01\/2023<\/p>\n<\/td>\n<td style=\"height: 92px\" width=\"90\">\n<p>JUEVES<\/p>\n<\/td>\n<td style=\"height: 92px\" width=\"248\">\n<p>QUINTANA DE RUEDA<\/p>\n<\/td>\n<td style=\"height: 92px\" width=\"95\">\n<p>12:00 &#8211; 14:00<\/p>\n<\/td>\n<td style=\"height: 92px\" width=\"344\">\n<p>CASA DE CULTURA<\/p>\n<\/td>\n<\/tr>\n<tr style=\"height: 92px\">\n<td style=\"height: 92px\" width=\"83\">\n<p>27\/01\/2023<\/p>\n<\/td>\n<td style=\"height: 92px\" width=\"90\">\n<p>VIERNES<\/p>\n<\/td>\n<td style=\"height: 92px\" width=\"248\">\n<p>VILLABLINO<\/p>\n<\/td>\n<td style=\"height: 92px\" width=\"95\">\n<p>12:00 &#8211; 14:00<\/p>\n<\/td>\n<td style=\"height: 92px\" width=\"344\">\n<p>CASA DE CULTURA<\/p>\n<\/td>\n<\/tr>\n<tr style=\"height: 92px\">\n<td style=\"height: 92px\" width=\"83\">\n<p>30\/01\/2023<\/p>\n<\/td>\n<td style=\"height: 92px\" width=\"90\">\n<p>LUNES<\/p>\n<\/td>\n<td style=\"height: 92px\" width=\"248\">\n<p>VALDERAS<\/p>\n<\/td>\n<td style=\"height: 92px\" width=\"95\">\n<p>12:00 &#8211; 14:00<\/p>\n<\/td>\n<td style=\"height: 92px\" width=\"344\">\n<p>CENTRO CULTURAL \u00abGONZ\u00c1LEZ DE LAMA\u00bb<\/p>\n<\/td>\n<\/tr>\n<tr style=\"height: 92px\">\n<td style=\"height: 92px\" width=\"83\">\n<p>31\/01\/2023<\/p>\n<\/td>\n<td style=\"height: 92px\" width=\"90\">\n<p>MARTES<\/p>\n<\/td>\n<td style=\"height: 92px\" width=\"248\">\n<p>CASTROTIERRA DE LA VALDUERNA<\/p>\n<\/td>\n<td style=\"height: 92px\" width=\"95\">\n<p>12:00 &#8211; 14:00<\/p>\n<\/td>\n<td style=\"height: 92px\" width=\"344\">\n<p>BAR CASTROTIERRA<\/p>\n<\/td>\n<\/tr>\n<tr style=\"height: 92px\">\n<td style=\"height: 92px\" width=\"83\">\n<p>01\/02\/2023<\/p>\n<\/td>\n<td style=\"height: 92px\" width=\"90\">\n<p>MI\u00c9RCOLES<\/p>\n<\/td>\n<td style=\"height: 92px\" width=\"248\">\n<p>PONFERRADA<\/p>\n<\/td>\n<td style=\"height: 92px\" width=\"95\">\n<p>12:00 &#8211; 14:00<\/p>\n<\/td>\n<td style=\"height: 92px\" width=\"344\">\n<p>HOTEL PONFERRADA PLAZA<\/p>\n<\/td>\n<\/tr>\n<tr style=\"height: 92px\">\n<td style=\"height: 92px\" width=\"83\">\n<p>02\/02\/2023<\/p>\n<\/td>\n<td style=\"height: 92px\" width=\"90\">\n<p>JUEVES<\/p>\n<\/td>\n<td style=\"height: 92px\" width=\"248\">\n<p>LA MAGDALENA<\/p>\n<\/td>\n<td style=\"height: 92px\" width=\"95\">\n<p>12:00 &#8211; 14:00<\/p>\n<\/td>\n<td style=\"height: 92px\" width=\"344\">\n<p>OFICINA DE USOS M\u00daLTIPLES EDIFICIO 4 VALLES<\/p>\n<\/td>\n<\/tr>\n<tr style=\"height: 92px\">\n<td style=\"height: 92px\" width=\"83\">\n<p>03\/02\/2023<\/p>\n<\/td>\n<td style=\"height: 92px\" width=\"90\">\n<p>VIERNES<\/p>\n<\/td>\n<td style=\"height: 92px\" width=\"248\">\n<p>MANSILLA DE LAS MULAS<\/p>\n<\/td>\n<td style=\"height: 92px\" width=\"95\">\n<p>12:00 &#8211; 14:00<\/p>\n<\/td>\n<td style=\"height: 92px\" width=\"344\">\n<p>CASA DE CULTURA \u00abSAN MART\u00cdN\u00bb<\/p>\n<\/td>\n<\/tr>\n<tr style=\"height: 92px\">\n<td style=\"height: 92px\" width=\"83\">\n<p>06\/02\/2023<\/p>\n<\/td>\n<td style=\"height: 92px\" width=\"90\">\n<p>LUNES<\/p>\n<\/td>\n<td style=\"height: 92px\" width=\"248\">\n<p>CARRIZO DE LA RIBERA<\/p>\n<\/td>\n<td style=\"height: 92px\" width=\"95\">\n<p>12:00 &#8211; 14:00<\/p>\n<\/td>\n<td style=\"height: 92px\" width=\"344\">\n<p>CASA DE CULTURA<\/p>\n<\/td>\n<\/tr>\n<tr style=\"height: 92px\">\n<td style=\"height: 92px\" width=\"83\">\n<p>07\/02\/2023<\/p>\n<\/td>\n<td style=\"height: 92px\" width=\"90\">\n<p>MARTES<\/p>\n<\/td>\n<td style=\"height: 92px\" width=\"248\">\n<p>SANTA MAR\u00cdA DEL P\u00c1RAMO<\/p>\n<\/td>\n<td style=\"height: 92px\" width=\"95\">\n<p>12:00 &#8211; 14:00<\/p>\n<\/td>\n<td style=\"height: 92px\" width=\"344\">\n<p>SALA DE CONFERENCIAS DEL CENTRO C\u00cdVICO<\/p>\n<\/td>\n<\/tr>\n<tr style=\"height: 92px\">\n<td style=\"height: 92px\" width=\"83\">\n<p>08\/02\/2023<\/p>\n<\/td>\n<td style=\"height: 92px\" width=\"90\">\n<p>MI\u00c9RCOLES<\/p>\n<\/td>\n<td style=\"height: 92px\" width=\"248\">\n<p>LA BA\u00d1EZA<\/p>\n<\/td>\n<td style=\"height: 92px\" width=\"95\">\n<p>12:00 &#8211; 14:00<\/p>\n<\/td>\n<td style=\"height: 92px\" width=\"344\">\n<p>HOTEL BEDUNIA<\/p>\n<\/td>\n<\/tr>\n<tr style=\"height: 92px\">\n<td style=\"height: 92px\" width=\"83\">\n<p>09\/02\/2023<\/p>\n<\/td>\n<td style=\"height: 92px\" width=\"90\">\n<p>JUEVES<\/p>\n<\/td>\n<td style=\"height: 92px\" width=\"248\">\n<p>VALENCIA DE DON JUAN<\/p>\n<\/td>\n<td style=\"height: 92px\" width=\"95\">\n<p>12:00 &#8211; 14:00<\/p>\n<\/td>\n<td style=\"height: 92px\" width=\"344\">\n<p>CASA DE CULTURA<\/p>\n<\/td>\n<\/tr>\n<tr style=\"height: 92px\">\n<td style=\"height: 92px\" width=\"83\">\n<p>10\/02\/2023<\/p>\n<\/td>\n<td style=\"height: 92px\" width=\"90\">\n<p>VIERNES<\/p>\n<\/td>\n<td style=\"height: 92px\" width=\"248\">\n<p>SAHAG\u00daN<\/p>\n<\/td>\n<td style=\"height: 92px\" width=\"95\">\n<p>12:00 &#8211; 14:00<\/p>\n<\/td>\n<td style=\"height: 92px\" width=\"344\">\n<p>CASA DE CULTURA<\/p>\n<\/td>\n<\/tr>\n<tr style=\"height: 66px\">\n<td style=\"height: 66px\" colspan=\"5\" width=\"860\">\n<p><strong>Y TODOS LOS MI\u00c9RCOLES EN EL AULA DE LA OFICINA DE ASAJA DE LE\u00d3N APUNT\u00c1NDOSE PREVIAMENTE<\/strong><\/p>\n<\/td>\n<\/tr>\n<\/tbody>\n<\/table>\n<p>\u00a0<\/p>\n<p>\u00a0\u00a0\u00a0\u00a0\u00a0\u00a0\u00a0\u00a0\u00a0\u00a0\u00a0\u00a0\u00a0\u00a0\u00a0<\/p>\n","protected":false},"excerpt":{"rendered":"<p>Estimado \/a\u00a0 amigo\/a: Nos dirigimos en esta circular a los socios o familiares directos de socios con motivo de las ELECCIONES AGRARIAS que se celebrar\u00e1n el domingo 12 de febrero. Las elecciones son de enorme importancia para fortalecer a la organizaci\u00f3n que te defiende, te representa, y de da servicios cuando los necesitas. Sin las [&hellip;]<\/p>\n","protected":false},"author":8,"featured_media":13845,"comment_status":"open","ping_status":"open","sticky":false,"template":"","format":"standard","meta":{"footnotes":""},"categories":[78],"tags":[],"yoast_head":"<!-- This site is optimized with the Yoast SEO plugin v24.5 - https:\/\/yoast.com\/wordpress\/plugins\/seo\/ -->\n<title>charlas_2023 - ASAJA Le\u00f3n<\/title>\n<meta name=\"description\" content=\"Estimado \/a\u00a0 amigo\/a: Nos dirigimos en esta circular a los socios o familiares directos de socios con motivo de las ELECCIONES AGRARIAS que se celebrar\u00e1n\" \/>\n<meta name=\"robots\" content=\"index, follow, max-snippet:-1, max-image-preview:large, max-video-preview:-1\" \/>\n<link rel=\"canonical\" href=\"https:\/\/www.asajacyl.com\/leon\/buzon\/charlas_2023\" \/>\n<meta property=\"og:locale\" content=\"es_ES\" \/>\n<meta property=\"og:type\" content=\"article\" \/>\n<meta property=\"og:title\" content=\"charlas_2023 - ASAJA Le\u00f3n\" \/>\n<meta property=\"og:description\" content=\"Estimado \/a\u00a0 amigo\/a: Nos dirigimos en esta circular a los socios o familiares directos de socios con motivo de las ELECCIONES AGRARIAS que se celebrar\u00e1n\" \/>\n<meta property=\"og:url\" content=\"https:\/\/www.asajacyl.com\/leon\/buzon\/charlas_2023\" \/>\n<meta property=\"og:site_name\" content=\"ASAJA Le\u00f3n\" \/>\n<meta property=\"article:published_time\" content=\"2023-01-13T12:33:08+00:00\" \/>\n<meta property=\"article:modified_time\" content=\"2023-01-13T12:33:10+00:00\" \/>\n<meta property=\"og:image\" content=\"https:\/\/www.asajacyl.com\/leon\/wp-content\/uploads\/sites\/6\/2022\/11\/Pastos-1.jpg\" \/>\n\t<meta property=\"og:image:width\" content=\"2500\" \/>\n\t<meta property=\"og:image:height\" content=\"1875\" \/>\n\t<meta property=\"og:image:type\" content=\"image\/jpeg\" \/>\n<meta name=\"author\" content=\"Eduardo\" \/>\n<meta name=\"twitter:card\" content=\"summary_large_image\" \/>\n<meta name=\"twitter:label1\" content=\"Escrito por\" \/>\n\t<meta name=\"twitter:data1\" content=\"Eduardo\" \/>\n\t<meta name=\"twitter:label2\" content=\"Tiempo de lectura\" \/>\n\t<meta name=\"twitter:data2\" content=\"3 minutos\" \/>\n<script type=\"application\/ld+json\" class=\"yoast-schema-graph\">{\"@context\":\"https:\/\/schema.org\",\"@graph\":[{\"@type\":\"WebPage\",\"@id\":\"https:\/\/www.asajacyl.com\/leon\/buzon\/charlas_2023\",\"url\":\"https:\/\/www.asajacyl.com\/leon\/buzon\/charlas_2023\",\"name\":\"charlas_2023 - ASAJA Le\u00f3n\",\"isPartOf\":{\"@id\":\"https:\/\/www.asajacyl.com\/leon\/#website\"},\"primaryImageOfPage\":{\"@id\":\"https:\/\/www.asajacyl.com\/leon\/buzon\/charlas_2023#primaryimage\"},\"image\":{\"@id\":\"https:\/\/www.asajacyl.com\/leon\/buzon\/charlas_2023#primaryimage\"},\"thumbnailUrl\":\"https:\/\/www.asajacyl.com\/leon\/wp-content\/uploads\/sites\/6\/2022\/11\/Pastos-1.jpg\",\"datePublished\":\"2023-01-13T12:33:08+00:00\",\"dateModified\":\"2023-01-13T12:33:10+00:00\",\"author\":{\"@id\":\"https:\/\/www.asajacyl.com\/leon\/#\/schema\/person\/a39ff3609fc182e4c789ab486e865d32\"},\"description\":\"Estimado \/a\u00a0 amigo\/a: Nos dirigimos en esta circular a los socios o familiares directos de socios con motivo de las ELECCIONES AGRARIAS que se celebrar\u00e1n\",\"breadcrumb\":{\"@id\":\"https:\/\/www.asajacyl.com\/leon\/buzon\/charlas_2023#breadcrumb\"},\"inLanguage\":\"es\",\"potentialAction\":[{\"@type\":\"ReadAction\",\"target\":[\"https:\/\/www.asajacyl.com\/leon\/buzon\/charlas_2023\"]}]},{\"@type\":\"ImageObject\",\"inLanguage\":\"es\",\"@id\":\"https:\/\/www.asajacyl.com\/leon\/buzon\/charlas_2023#primaryimage\",\"url\":\"https:\/\/www.asajacyl.com\/leon\/wp-content\/uploads\/sites\/6\/2022\/11\/Pastos-1.jpg\",\"contentUrl\":\"https:\/\/www.asajacyl.com\/leon\/wp-content\/uploads\/sites\/6\/2022\/11\/Pastos-1.jpg\",\"width\":2500,\"height\":1875},{\"@type\":\"BreadcrumbList\",\"@id\":\"https:\/\/www.asajacyl.com\/leon\/buzon\/charlas_2023#breadcrumb\",\"itemListElement\":[{\"@type\":\"ListItem\",\"position\":1,\"name\":\"Portada\",\"item\":\"https:\/\/www.asajacyl.com\/leon\/\"},{\"@type\":\"ListItem\",\"position\":2,\"name\":\"charlas_2023\"}]},{\"@type\":\"WebSite\",\"@id\":\"https:\/\/www.asajacyl.com\/leon\/#website\",\"url\":\"https:\/\/www.asajacyl.com\/leon\/\",\"name\":\"ASAJA Le\u00f3n\",\"description\":\"Otro sitio m\u00e1s de Provincias ASAJA Castilla y Le\u00f3n\",\"potentialAction\":[{\"@type\":\"SearchAction\",\"target\":{\"@type\":\"EntryPoint\",\"urlTemplate\":\"https:\/\/www.asajacyl.com\/leon\/?s={search_term_string}\"},\"query-input\":{\"@type\":\"PropertyValueSpecification\",\"valueRequired\":true,\"valueName\":\"search_term_string\"}}],\"inLanguage\":\"es\"},{\"@type\":\"Person\",\"@id\":\"https:\/\/www.asajacyl.com\/leon\/#\/schema\/person\/a39ff3609fc182e4c789ab486e865d32\",\"name\":\"Eduardo\",\"image\":{\"@type\":\"ImageObject\",\"inLanguage\":\"es\",\"@id\":\"https:\/\/www.asajacyl.com\/leon\/#\/schema\/person\/image\/\",\"url\":\"https:\/\/secure.gravatar.com\/avatar\/9ebd6aba21d817dcf9595bc9ca505af5?s=96&d=mm&r=g\",\"contentUrl\":\"https:\/\/secure.gravatar.com\/avatar\/9ebd6aba21d817dcf9595bc9ca505af5?s=96&d=mm&r=g\",\"caption\":\"Eduardo\"},\"url\":\"https:\/\/www.asajacyl.com\/leon\/author\/eduardovv\"}]}<\/script>\n<!-- \/ Yoast SEO plugin. -->","yoast_head_json":{"title":"charlas_2023 - ASAJA Le\u00f3n","description":"Estimado \/a\u00a0 amigo\/a: Nos dirigimos en esta circular a los socios o familiares directos de socios con motivo de las ELECCIONES AGRARIAS que se celebrar\u00e1n","robots":{"index":"index","follow":"follow","max-snippet":"max-snippet:-1","max-image-preview":"max-image-preview:large","max-video-preview":"max-video-preview:-1"},"canonical":"https:\/\/www.asajacyl.com\/leon\/buzon\/charlas_2023","og_locale":"es_ES","og_type":"article","og_title":"charlas_2023 - ASAJA Le\u00f3n","og_description":"Estimado \/a\u00a0 amigo\/a: Nos dirigimos en esta circular a los socios o familiares directos de socios con motivo de las ELECCIONES AGRARIAS que se celebrar\u00e1n","og_url":"https:\/\/www.asajacyl.com\/leon\/buzon\/charlas_2023","og_site_name":"ASAJA Le\u00f3n","article_published_time":"2023-01-13T12:33:08+00:00","article_modified_time":"2023-01-13T12:33:10+00:00","og_image":[{"width":2500,"height":1875,"url":"https:\/\/www.asajacyl.com\/leon\/wp-content\/uploads\/sites\/6\/2022\/11\/Pastos-1.jpg","type":"image\/jpeg"}],"author":"Eduardo","twitter_card":"summary_large_image","twitter_misc":{"Escrito por":"Eduardo","Tiempo de lectura":"3 minutos"},"schema":{"@context":"https:\/\/schema.org","@graph":[{"@type":"WebPage","@id":"https:\/\/www.asajacyl.com\/leon\/buzon\/charlas_2023","url":"https:\/\/www.asajacyl.com\/leon\/buzon\/charlas_2023","name":"charlas_2023 - ASAJA Le\u00f3n","isPartOf":{"@id":"https:\/\/www.asajacyl.com\/leon\/#website"},"primaryImageOfPage":{"@id":"https:\/\/www.asajacyl.com\/leon\/buzon\/charlas_2023#primaryimage"},"image":{"@id":"https:\/\/www.asajacyl.com\/leon\/buzon\/charlas_2023#primaryimage"},"thumbnailUrl":"https:\/\/www.asajacyl.com\/leon\/wp-content\/uploads\/sites\/6\/2022\/11\/Pastos-1.jpg","datePublished":"2023-01-13T12:33:08+00:00","dateModified":"2023-01-13T12:33:10+00:00","author":{"@id":"https:\/\/www.asajacyl.com\/leon\/#\/schema\/person\/a39ff3609fc182e4c789ab486e865d32"},"description":"Estimado \/a\u00a0 amigo\/a: Nos dirigimos en esta circular a los socios o familiares directos de socios con motivo de las ELECCIONES AGRARIAS que se celebrar\u00e1n","breadcrumb":{"@id":"https:\/\/www.asajacyl.com\/leon\/buzon\/charlas_2023#breadcrumb"},"inLanguage":"es","potentialAction":[{"@type":"ReadAction","target":["https:\/\/www.asajacyl.com\/leon\/buzon\/charlas_2023"]}]},{"@type":"ImageObject","inLanguage":"es","@id":"https:\/\/www.asajacyl.com\/leon\/buzon\/charlas_2023#primaryimage","url":"https:\/\/www.asajacyl.com\/leon\/wp-content\/uploads\/sites\/6\/2022\/11\/Pastos-1.jpg","contentUrl":"https:\/\/www.asajacyl.com\/leon\/wp-content\/uploads\/sites\/6\/2022\/11\/Pastos-1.jpg","width":2500,"height":1875},{"@type":"BreadcrumbList","@id":"https:\/\/www.asajacyl.com\/leon\/buzon\/charlas_2023#breadcrumb","itemListElement":[{"@type":"ListItem","position":1,"name":"Portada","item":"https:\/\/www.asajacyl.com\/leon\/"},{"@type":"ListItem","position":2,"name":"charlas_2023"}]},{"@type":"WebSite","@id":"https:\/\/www.asajacyl.com\/leon\/#website","url":"https:\/\/www.asajacyl.com\/leon\/","name":"ASAJA Le\u00f3n","description":"Otro sitio m\u00e1s de Provincias ASAJA Castilla y Le\u00f3n","potentialAction":[{"@type":"SearchAction","target":{"@type":"EntryPoint","urlTemplate":"https:\/\/www.asajacyl.com\/leon\/?s={search_term_string}"},"query-input":{"@type":"PropertyValueSpecification","valueRequired":true,"valueName":"search_term_string"}}],"inLanguage":"es"},{"@type":"Person","@id":"https:\/\/www.asajacyl.com\/leon\/#\/schema\/person\/a39ff3609fc182e4c789ab486e865d32","name":"Eduardo","image":{"@type":"ImageObject","inLanguage":"es","@id":"https:\/\/www.asajacyl.com\/leon\/#\/schema\/person\/image\/","url":"https:\/\/secure.gravatar.com\/avatar\/9ebd6aba21d817dcf9595bc9ca505af5?s=96&d=mm&r=g","contentUrl":"https:\/\/secure.gravatar.com\/avatar\/9ebd6aba21d817dcf9595bc9ca505af5?s=96&d=mm&r=g","caption":"Eduardo"},"url":"https:\/\/www.asajacyl.com\/leon\/author\/eduardovv"}]}},"_links":{"self":[{"href":"https:\/\/www.asajacyl.com\/leon\/wp-json\/wp\/v2\/posts\/14002"}],"collection":[{"href":"https:\/\/www.asajacyl.com\/leon\/wp-json\/wp\/v2\/posts"}],"about":[{"href":"https:\/\/www.asajacyl.com\/leon\/wp-json\/wp\/v2\/types\/post"}],"author":[{"embeddable":true,"href":"https:\/\/www.asajacyl.com\/leon\/wp-json\/wp\/v2\/users\/8"}],"replies":[{"embeddable":true,"href":"https:\/\/www.asajacyl.com\/leon\/wp-json\/wp\/v2\/comments?post=14002"}],"version-history":[{"count":1,"href":"https:\/\/www.asajacyl.com\/leon\/wp-json\/wp\/v2\/posts\/14002\/revisions"}],"predecessor-version":[{"id":14003,"href":"https:\/\/www.asajacyl.com\/leon\/wp-json\/wp\/v2\/posts\/14002\/revisions\/14003"}],"wp:featuredmedia":[{"embeddable":true,"href":"https:\/\/www.asajacyl.com\/leon\/wp-json\/wp\/v2\/media\/13845"}],"wp:attachment":[{"href":"https:\/\/www.asajacyl.com\/leon\/wp-json\/wp\/v2\/media?parent=14002"}],"wp:term":[{"taxonomy":"category","embeddable":true,"href":"https:\/\/www.asajacyl.com\/leon\/wp-json\/wp\/v2\/categories?post=14002"},{"taxonomy":"post_tag","embeddable":true,"href":"https:\/\/www.asajacyl.com\/leon\/wp-json\/wp\/v2\/tags?post=14002"}],"curies":[{"name":"wp","href":"https:\/\/api.w.org\/{rel}","templated":true}]}}