{"id":14237,"date":"2023-04-25T12:53:57","date_gmt":"2023-04-25T10:53:57","guid":{"rendered":"https:\/\/www.asajacyl.com\/leon\/?p=14237"},"modified":"2023-05-05T17:09:17","modified_gmt":"2023-05-05T15:09:17","slug":"la-reduccion-de-los-modulos-de-la-agricultura-en-la-provincia-de-leon-es-muy-positiva-pero-no-contenta-a-todos-los-sectores","status":"publish","type":"post","link":"https:\/\/www.asajacyl.com\/leon\/asaja-leon-informa\/la-reduccion-de-los-modulos-de-la-agricultura-en-la-provincia-de-leon-es-muy-positiva-pero-no-contenta-a-todos-los-sectores","title":{"rendered":"La reducci\u00f3n de los m\u00f3dulos de la agricultura, en la provincia de Le\u00f3n, es muy positiva, pero no contenta a todos los sectores"},"content":{"rendered":"\n<h2 class=\"wp-block-heading\">ASAJA recuerda que cada vez m\u00e1s agricultores se ven obligados a abandonar el sistema de \u201cm\u00f3dulos\u201d, y que para ellos nunca hay ninguna medida fiscal que responda ante circunstancias excepcionales<\/h2>\n\n\n\n<p>Hoy se publica en el BOE la Orden HFP\/405\/2023, de 18 de abril, por la que se reducen para el periodo impositivo 2022 los <strong>\u00edndices de rendimiento neto<\/strong> y la reducci\u00f3n general aplicables en el m\u00e9todo de estimaci\u00f3n objetiva del <strong>IRPF<\/strong> para las actividades agr\u00edcolas y\u00a0 ganaderas afectadas por diversas circunstancias excepcionales.<\/p>\n<p>La valoraci\u00f3n de ASAJA de Le\u00f3n es, con car\u00e1cter general, favorable, aunque no obstante <u>se han desatendido las peticiones de la organizaci\u00f3n agraria en sectores como los FORRAJES, los FRUTALES DE PEPITA, el L\u00daPULO, las ALUBIAS y las PATATAS<\/u>, para los que no ha habido ning\u00fan tipo de reducci\u00f3n. \u00a0En el olvido qued\u00f3 tambi\u00e9n el cultivo de la remolacha, la horticultura y el vi\u00f1edo. Tampoco se ha atendido una reducci\u00f3n general que se hab\u00eda pedido para los regantes del embalse de Villameca, en la comarca de Astorga, y para los regantes del embalse de Barrios de Luna, que vieron reducidas sus cosechas por una menor dotaci\u00f3n de agua.<\/p>\n<p>S\u00ed se han atendido todos los sectores ganaderos, tanto de ganader\u00eda intensiva como de ganader\u00eda extensiva, y muy particularmente se ha atendido la apicultura, cuyo \u00edndice baja del 0,26 al 0,13.<\/p>\n<p>En agricultura, la revisi\u00f3n m\u00e1s interesante, por el volumen econ\u00f3mico que representa en esta provincia, es la de los cereales, entre los que se incluye el ma\u00edz, que con car\u00e1cter general baja el \u00edndice de rendimiento neto del 0,26 al 0,18. El sector de los cereales factur\u00f3 en 2022 en la provincia de Le\u00f3n 383 millones de euros, el 41% de la producci\u00f3n final agraria. Reducciones similares se han tenido en cuenta para leguminosas y oleaginosas. El cultivo de la casta\u00f1a se ha visto reducido hasta situarse en el \u00edndice de rendimiento del 0,09 lo que en la pr\u00e1ctica significa no tributar por estas ventas.<\/p>\n<p><u>Valoraci\u00f3n para la comarca de El Bierzo<\/u><\/p>\n<p>La consideraci\u00f3n que hace ASAJA para la comarca de El Bierzo es que se han atendido las peticiones con respecto al sector ganadero, de especial relevancia en ganader\u00eda extensiva y apicultura, y que por el contrario <u>el alcance en el sector agr\u00edcola es muy limitado<\/u>. La facturaci\u00f3n en el sector agrario se centra mayoritariamente en la uva para vino con denominaci\u00f3n de origen, en la pera y en la manzana, y ninguno de estos tres subsectores se han visto afectados por la reducci\u00f3n de los \u00edndices de rendimientos netos. S\u00ed se ha visto afectada la casta\u00f1a, como ya se ha citado.<\/p>\n<p><u>La \u201cpedrea\u201d fue poco generosa<\/u><\/p>\n<p>En la revisi\u00f3n que se ha hecho por municipios, ASAJA lo valora, como en otras ocasiones, como una cuesti\u00f3n de suerte, ya que siempre se desconoce el criterio empleado para determinar qui\u00e9n entra y qui\u00e9n no. Como m\u00e1s significativo, la reducci\u00f3n adicional en cereales de 40 municipios casi todos de la comarca de Sahag\u00fan y Esla Campos, y la reducci\u00f3n\u00a0 en la uva para vino con denominaci\u00f3n de origen en el municipio de Ponferrada.<\/p>\n<p>\u00a0<\/p>\n<p>ASAJA. Le\u00f3n, 25 de abril de 2023.<\/p>\n","protected":false},"excerpt":{"rendered":"<p>ASAJA recuerda que cada vez m\u00e1s agricultores se ven obligados a abandonar el sistema de \u201cm\u00f3dulos\u201d, y que para ellos nunca hay ninguna medida fiscal que responda ante circunstancias excepcionales Hoy se publica en el BOE la Orden HFP\/405\/2023, de 18 de abril, por la que se reducen para el periodo impositivo 2022 los \u00edndices [&hellip;]<\/p>\n","protected":false},"author":8,"featured_media":10192,"comment_status":"open","ping_status":"open","sticky":false,"template":"","format":"standard","meta":{"footnotes":""},"categories":[4,9],"tags":[],"yoast_head":"<!-- This site is optimized with the Yoast SEO plugin v24.5 - https:\/\/yoast.com\/wordpress\/plugins\/seo\/ -->\n<title>La reducci\u00f3n de los m\u00f3dulos de la agricultura, en la provincia de Le\u00f3n, es muy positiva, pero no contenta a todos los sectores - ASAJA Le\u00f3n<\/title>\n<meta name=\"description\" content=\"ASAJA recuerda que cada vez m\u00e1s agricultores se ven obligados a abandonar el sistema de \u201cm\u00f3dulos\u201d, y que para ellos nunca hay ninguna medida fiscal que\" \/>\n<meta name=\"robots\" content=\"index, follow, max-snippet:-1, max-image-preview:large, max-video-preview:-1\" \/>\n<link rel=\"canonical\" href=\"https:\/\/www.asajacyl.com\/leon\/asaja-leon-informa\/la-reduccion-de-los-modulos-de-la-agricultura-en-la-provincia-de-leon-es-muy-positiva-pero-no-contenta-a-todos-los-sectores\" \/>\n<meta property=\"og:locale\" content=\"es_ES\" \/>\n<meta property=\"og:type\" content=\"article\" \/>\n<meta property=\"og:title\" content=\"La reducci\u00f3n de los m\u00f3dulos de la agricultura, en la provincia de Le\u00f3n, es muy positiva, pero no contenta a todos los sectores - ASAJA Le\u00f3n\" \/>\n<meta property=\"og:description\" content=\"ASAJA recuerda que cada vez m\u00e1s agricultores se ven obligados a abandonar el sistema de \u201cm\u00f3dulos\u201d, y que para ellos nunca hay ninguna medida fiscal que\" \/>\n<meta property=\"og:url\" content=\"https:\/\/www.asajacyl.com\/leon\/asaja-leon-informa\/la-reduccion-de-los-modulos-de-la-agricultura-en-la-provincia-de-leon-es-muy-positiva-pero-no-contenta-a-todos-los-sectores\" \/>\n<meta property=\"og:site_name\" content=\"ASAJA Le\u00f3n\" \/>\n<meta property=\"article:published_time\" content=\"2023-04-25T10:53:57+00:00\" \/>\n<meta property=\"article:modified_time\" content=\"2023-05-05T15:09:17+00:00\" \/>\n<meta property=\"og:image\" content=\"https:\/\/www.asajacyl.com\/leon\/wp-content\/uploads\/sites\/6\/2019\/06\/PLANTA_MAIZ.jpg\" \/>\n\t<meta property=\"og:image:width\" content=\"960\" \/>\n\t<meta property=\"og:image:height\" content=\"642\" \/>\n\t<meta property=\"og:image:type\" content=\"image\/jpeg\" \/>\n<meta name=\"author\" content=\"Eduardo\" \/>\n<meta name=\"twitter:card\" content=\"summary_large_image\" \/>\n<meta name=\"twitter:label1\" content=\"Escrito por\" \/>\n\t<meta name=\"twitter:data1\" content=\"Eduardo\" \/>\n\t<meta name=\"twitter:label2\" content=\"Tiempo de lectura\" \/>\n\t<meta name=\"twitter:data2\" content=\"3 minutos\" \/>\n<script type=\"application\/ld+json\" class=\"yoast-schema-graph\">{\"@context\":\"https:\/\/schema.org\",\"@graph\":[{\"@type\":\"WebPage\",\"@id\":\"https:\/\/www.asajacyl.com\/leon\/asaja-leon-informa\/la-reduccion-de-los-modulos-de-la-agricultura-en-la-provincia-de-leon-es-muy-positiva-pero-no-contenta-a-todos-los-sectores\",\"url\":\"https:\/\/www.asajacyl.com\/leon\/asaja-leon-informa\/la-reduccion-de-los-modulos-de-la-agricultura-en-la-provincia-de-leon-es-muy-positiva-pero-no-contenta-a-todos-los-sectores\",\"name\":\"La reducci\u00f3n de los m\u00f3dulos de la agricultura, en la provincia de Le\u00f3n, es muy positiva, pero no contenta a todos los sectores - ASAJA Le\u00f3n\",\"isPartOf\":{\"@id\":\"https:\/\/www.asajacyl.com\/leon\/#website\"},\"primaryImageOfPage\":{\"@id\":\"https:\/\/www.asajacyl.com\/leon\/asaja-leon-informa\/la-reduccion-de-los-modulos-de-la-agricultura-en-la-provincia-de-leon-es-muy-positiva-pero-no-contenta-a-todos-los-sectores#primaryimage\"},\"image\":{\"@id\":\"https:\/\/www.asajacyl.com\/leon\/asaja-leon-informa\/la-reduccion-de-los-modulos-de-la-agricultura-en-la-provincia-de-leon-es-muy-positiva-pero-no-contenta-a-todos-los-sectores#primaryimage\"},\"thumbnailUrl\":\"https:\/\/www.asajacyl.com\/leon\/wp-content\/uploads\/sites\/6\/2019\/06\/PLANTA_MAIZ.jpg\",\"datePublished\":\"2023-04-25T10:53:57+00:00\",\"dateModified\":\"2023-05-05T15:09:17+00:00\",\"author\":{\"@id\":\"https:\/\/www.asajacyl.com\/leon\/#\/schema\/person\/a39ff3609fc182e4c789ab486e865d32\"},\"description\":\"ASAJA recuerda que cada vez m\u00e1s agricultores se ven obligados a abandonar el sistema de \u201cm\u00f3dulos\u201d, y que para ellos nunca hay ninguna medida fiscal que\",\"breadcrumb\":{\"@id\":\"https:\/\/www.asajacyl.com\/leon\/asaja-leon-informa\/la-reduccion-de-los-modulos-de-la-agricultura-en-la-provincia-de-leon-es-muy-positiva-pero-no-contenta-a-todos-los-sectores#breadcrumb\"},\"inLanguage\":\"es\",\"potentialAction\":[{\"@type\":\"ReadAction\",\"target\":[\"https:\/\/www.asajacyl.com\/leon\/asaja-leon-informa\/la-reduccion-de-los-modulos-de-la-agricultura-en-la-provincia-de-leon-es-muy-positiva-pero-no-contenta-a-todos-los-sectores\"]}]},{\"@type\":\"ImageObject\",\"inLanguage\":\"es\",\"@id\":\"https:\/\/www.asajacyl.com\/leon\/asaja-leon-informa\/la-reduccion-de-los-modulos-de-la-agricultura-en-la-provincia-de-leon-es-muy-positiva-pero-no-contenta-a-todos-los-sectores#primaryimage\",\"url\":\"https:\/\/www.asajacyl.com\/leon\/wp-content\/uploads\/sites\/6\/2019\/06\/PLANTA_MAIZ.jpg\",\"contentUrl\":\"https:\/\/www.asajacyl.com\/leon\/wp-content\/uploads\/sites\/6\/2019\/06\/PLANTA_MAIZ.jpg\",\"width\":960,\"height\":642},{\"@type\":\"BreadcrumbList\",\"@id\":\"https:\/\/www.asajacyl.com\/leon\/asaja-leon-informa\/la-reduccion-de-los-modulos-de-la-agricultura-en-la-provincia-de-leon-es-muy-positiva-pero-no-contenta-a-todos-los-sectores#breadcrumb\",\"itemListElement\":[{\"@type\":\"ListItem\",\"position\":1,\"name\":\"Portada\",\"item\":\"https:\/\/www.asajacyl.com\/leon\/\"},{\"@type\":\"ListItem\",\"position\":2,\"name\":\"La reducci\u00f3n de los m\u00f3dulos de la agricultura, en la provincia de Le\u00f3n, es muy positiva, pero no contenta a todos los sectores\"}]},{\"@type\":\"WebSite\",\"@id\":\"https:\/\/www.asajacyl.com\/leon\/#website\",\"url\":\"https:\/\/www.asajacyl.com\/leon\/\",\"name\":\"ASAJA Le\u00f3n\",\"description\":\"Otro sitio m\u00e1s de Provincias ASAJA Castilla y Le\u00f3n\",\"potentialAction\":[{\"@type\":\"SearchAction\",\"target\":{\"@type\":\"EntryPoint\",\"urlTemplate\":\"https:\/\/www.asajacyl.com\/leon\/?s={search_term_string}\"},\"query-input\":{\"@type\":\"PropertyValueSpecification\",\"valueRequired\":true,\"valueName\":\"search_term_string\"}}],\"inLanguage\":\"es\"},{\"@type\":\"Person\",\"@id\":\"https:\/\/www.asajacyl.com\/leon\/#\/schema\/person\/a39ff3609fc182e4c789ab486e865d32\",\"name\":\"Eduardo\",\"image\":{\"@type\":\"ImageObject\",\"inLanguage\":\"es\",\"@id\":\"https:\/\/www.asajacyl.com\/leon\/#\/schema\/person\/image\/\",\"url\":\"https:\/\/secure.gravatar.com\/avatar\/9ebd6aba21d817dcf9595bc9ca505af5?s=96&d=mm&r=g\",\"contentUrl\":\"https:\/\/secure.gravatar.com\/avatar\/9ebd6aba21d817dcf9595bc9ca505af5?s=96&d=mm&r=g\",\"caption\":\"Eduardo\"},\"url\":\"https:\/\/www.asajacyl.com\/leon\/author\/eduardovv\"}]}<\/script>\n<!-- \/ Yoast SEO plugin. -->","yoast_head_json":{"title":"La reducci\u00f3n de los m\u00f3dulos de la agricultura, en la provincia de Le\u00f3n, es muy positiva, pero no contenta a todos los sectores - ASAJA Le\u00f3n","description":"ASAJA recuerda que cada vez m\u00e1s agricultores se ven obligados a abandonar el sistema de \u201cm\u00f3dulos\u201d, y que para ellos nunca hay ninguna medida fiscal que","robots":{"index":"index","follow":"follow","max-snippet":"max-snippet:-1","max-image-preview":"max-image-preview:large","max-video-preview":"max-video-preview:-1"},"canonical":"https:\/\/www.asajacyl.com\/leon\/asaja-leon-informa\/la-reduccion-de-los-modulos-de-la-agricultura-en-la-provincia-de-leon-es-muy-positiva-pero-no-contenta-a-todos-los-sectores","og_locale":"es_ES","og_type":"article","og_title":"La reducci\u00f3n de los m\u00f3dulos de la agricultura, en la provincia de Le\u00f3n, es muy positiva, pero no contenta a todos los sectores - ASAJA Le\u00f3n","og_description":"ASAJA recuerda que cada vez m\u00e1s agricultores se ven obligados a abandonar el sistema de \u201cm\u00f3dulos\u201d, y que para ellos nunca hay ninguna medida fiscal que","og_url":"https:\/\/www.asajacyl.com\/leon\/asaja-leon-informa\/la-reduccion-de-los-modulos-de-la-agricultura-en-la-provincia-de-leon-es-muy-positiva-pero-no-contenta-a-todos-los-sectores","og_site_name":"ASAJA Le\u00f3n","article_published_time":"2023-04-25T10:53:57+00:00","article_modified_time":"2023-05-05T15:09:17+00:00","og_image":[{"width":960,"height":642,"url":"https:\/\/www.asajacyl.com\/leon\/wp-content\/uploads\/sites\/6\/2019\/06\/PLANTA_MAIZ.jpg","type":"image\/jpeg"}],"author":"Eduardo","twitter_card":"summary_large_image","twitter_misc":{"Escrito por":"Eduardo","Tiempo de lectura":"3 minutos"},"schema":{"@context":"https:\/\/schema.org","@graph":[{"@type":"WebPage","@id":"https:\/\/www.asajacyl.com\/leon\/asaja-leon-informa\/la-reduccion-de-los-modulos-de-la-agricultura-en-la-provincia-de-leon-es-muy-positiva-pero-no-contenta-a-todos-los-sectores","url":"https:\/\/www.asajacyl.com\/leon\/asaja-leon-informa\/la-reduccion-de-los-modulos-de-la-agricultura-en-la-provincia-de-leon-es-muy-positiva-pero-no-contenta-a-todos-los-sectores","name":"La reducci\u00f3n de los m\u00f3dulos de la agricultura, en la provincia de Le\u00f3n, es muy positiva, pero no contenta a todos los sectores - ASAJA Le\u00f3n","isPartOf":{"@id":"https:\/\/www.asajacyl.com\/leon\/#website"},"primaryImageOfPage":{"@id":"https:\/\/www.asajacyl.com\/leon\/asaja-leon-informa\/la-reduccion-de-los-modulos-de-la-agricultura-en-la-provincia-de-leon-es-muy-positiva-pero-no-contenta-a-todos-los-sectores#primaryimage"},"image":{"@id":"https:\/\/www.asajacyl.com\/leon\/asaja-leon-informa\/la-reduccion-de-los-modulos-de-la-agricultura-en-la-provincia-de-leon-es-muy-positiva-pero-no-contenta-a-todos-los-sectores#primaryimage"},"thumbnailUrl":"https:\/\/www.asajacyl.com\/leon\/wp-content\/uploads\/sites\/6\/2019\/06\/PLANTA_MAIZ.jpg","datePublished":"2023-04-25T10:53:57+00:00","dateModified":"2023-05-05T15:09:17+00:00","author":{"@id":"https:\/\/www.asajacyl.com\/leon\/#\/schema\/person\/a39ff3609fc182e4c789ab486e865d32"},"description":"ASAJA recuerda que cada vez m\u00e1s agricultores se ven obligados a abandonar el sistema de \u201cm\u00f3dulos\u201d, y que para ellos nunca hay ninguna medida fiscal que","breadcrumb":{"@id":"https:\/\/www.asajacyl.com\/leon\/asaja-leon-informa\/la-reduccion-de-los-modulos-de-la-agricultura-en-la-provincia-de-leon-es-muy-positiva-pero-no-contenta-a-todos-los-sectores#breadcrumb"},"inLanguage":"es","potentialAction":[{"@type":"ReadAction","target":["https:\/\/www.asajacyl.com\/leon\/asaja-leon-informa\/la-reduccion-de-los-modulos-de-la-agricultura-en-la-provincia-de-leon-es-muy-positiva-pero-no-contenta-a-todos-los-sectores"]}]},{"@type":"ImageObject","inLanguage":"es","@id":"https:\/\/www.asajacyl.com\/leon\/asaja-leon-informa\/la-reduccion-de-los-modulos-de-la-agricultura-en-la-provincia-de-leon-es-muy-positiva-pero-no-contenta-a-todos-los-sectores#primaryimage","url":"https:\/\/www.asajacyl.com\/leon\/wp-content\/uploads\/sites\/6\/2019\/06\/PLANTA_MAIZ.jpg","contentUrl":"https:\/\/www.asajacyl.com\/leon\/wp-content\/uploads\/sites\/6\/2019\/06\/PLANTA_MAIZ.jpg","width":960,"height":642},{"@type":"BreadcrumbList","@id":"https:\/\/www.asajacyl.com\/leon\/asaja-leon-informa\/la-reduccion-de-los-modulos-de-la-agricultura-en-la-provincia-de-leon-es-muy-positiva-pero-no-contenta-a-todos-los-sectores#breadcrumb","itemListElement":[{"@type":"ListItem","position":1,"name":"Portada","item":"https:\/\/www.asajacyl.com\/leon\/"},{"@type":"ListItem","position":2,"name":"La reducci\u00f3n de los m\u00f3dulos de la agricultura, en la provincia de Le\u00f3n, es muy positiva, pero no contenta a todos los sectores"}]},{"@type":"WebSite","@id":"https:\/\/www.asajacyl.com\/leon\/#website","url":"https:\/\/www.asajacyl.com\/leon\/","name":"ASAJA Le\u00f3n","description":"Otro sitio m\u00e1s de Provincias ASAJA Castilla y Le\u00f3n","potentialAction":[{"@type":"SearchAction","target":{"@type":"EntryPoint","urlTemplate":"https:\/\/www.asajacyl.com\/leon\/?s={search_term_string}"},"query-input":{"@type":"PropertyValueSpecification","valueRequired":true,"valueName":"search_term_string"}}],"inLanguage":"es"},{"@type":"Person","@id":"https:\/\/www.asajacyl.com\/leon\/#\/schema\/person\/a39ff3609fc182e4c789ab486e865d32","name":"Eduardo","image":{"@type":"ImageObject","inLanguage":"es","@id":"https:\/\/www.asajacyl.com\/leon\/#\/schema\/person\/image\/","url":"https:\/\/secure.gravatar.com\/avatar\/9ebd6aba21d817dcf9595bc9ca505af5?s=96&d=mm&r=g","contentUrl":"https:\/\/secure.gravatar.com\/avatar\/9ebd6aba21d817dcf9595bc9ca505af5?s=96&d=mm&r=g","caption":"Eduardo"},"url":"https:\/\/www.asajacyl.com\/leon\/author\/eduardovv"}]}},"_links":{"self":[{"href":"https:\/\/www.asajacyl.com\/leon\/wp-json\/wp\/v2\/posts\/14237"}],"collection":[{"href":"https:\/\/www.asajacyl.com\/leon\/wp-json\/wp\/v2\/posts"}],"about":[{"href":"https:\/\/www.asajacyl.com\/leon\/wp-json\/wp\/v2\/types\/post"}],"author":[{"embeddable":true,"href":"https:\/\/www.asajacyl.com\/leon\/wp-json\/wp\/v2\/users\/8"}],"replies":[{"embeddable":true,"href":"https:\/\/www.asajacyl.com\/leon\/wp-json\/wp\/v2\/comments?post=14237"}],"version-history":[{"count":1,"href":"https:\/\/www.asajacyl.com\/leon\/wp-json\/wp\/v2\/posts\/14237\/revisions"}],"predecessor-version":[{"id":14238,"href":"https:\/\/www.asajacyl.com\/leon\/wp-json\/wp\/v2\/posts\/14237\/revisions\/14238"}],"wp:featuredmedia":[{"embeddable":true,"href":"https:\/\/www.asajacyl.com\/leon\/wp-json\/wp\/v2\/media\/10192"}],"wp:attachment":[{"href":"https:\/\/www.asajacyl.com\/leon\/wp-json\/wp\/v2\/media?parent=14237"}],"wp:term":[{"taxonomy":"category","embeddable":true,"href":"https:\/\/www.asajacyl.com\/leon\/wp-json\/wp\/v2\/categories?post=14237"},{"taxonomy":"post_tag","embeddable":true,"href":"https:\/\/www.asajacyl.com\/leon\/wp-json\/wp\/v2\/tags?post=14237"}],"curies":[{"name":"wp","href":"https:\/\/api.w.org\/{rel}","templated":true}]}}