{"id":14412,"date":"2023-07-07T09:01:00","date_gmt":"2023-07-07T07:01:00","guid":{"rendered":"https:\/\/www.asajacyl.com\/leon\/?p=14412"},"modified":"2023-07-17T13:29:19","modified_gmt":"2023-07-17T11:29:19","slug":"las-seis-noticias-agrarias-de-la-semana-07-07-2023","status":"publish","type":"post","link":"https:\/\/www.asajacyl.com\/leon\/asaja-leon-informa\/las-seis-noticias-agrarias-de-la-semana-07-07-2023","title":{"rendered":"Las seis noticias agrarias de la semana &#8211; 07\/07\/2023"},"content":{"rendered":"\n<h2 class=\"wp-block-heading\"><strong>Ayudas a los aut\u00f3nomos del sector de la resina<\/strong>, <strong>Agencia de Informaci\u00f3n y Control Alimentario<\/strong>, <strong>Erradicaci\u00f3n del avisp\u00f3n asi\u00e1tico<\/strong>, <strong>Intervenci\u00f3n sectorial ap\u00edcola<\/strong>, <strong>Juan Carlos Su\u00e1rez Qui\u00f1ones<\/strong>, <strong>Sistemas antiheladas<\/strong><\/h2>\n\n\n\n<ol>\n<li>El Bolet\u00edn Oficial de la Provincia de Le\u00f3n ha publicado las <strong>ayudas a los aut\u00f3nomos del sector de la resina<\/strong> para el a\u00f1o 2023, abriendo un plazo de solicitud hasta el 28 de julio. La ayuda ser\u00e1 de 40 c\u00e9ntimos de euro por cada pino adjudicado, con un importe m\u00e1ximo de 3.000 euros. Hay que acreditar la residencia fiscal, el ep\u00edgrafe correspondiente en la Seguridad Social, informe de vida laboral, y certificado del secretario de la entidad local indicando el monte y los pinos que se explotan.<\/li>\n<\/ol>\n<ol start=\"2\">\n<li>Desde el d\u00eda 1 de julio es obligatorio inscribir los contratos agroalimentarios en el registro telem\u00e1tico creado al efecto y gestionado por la <strong>Agencia de Informaci\u00f3n y Control Alimentario<\/strong>. Esta obligaci\u00f3n corresponde al comprador, que se enfrenta a sanciones entre 3.000 y 100.000 euros si no formaliza dichos contratos, y a sanciones entre 250 y 3.000 euros si los contratos est\u00e1n incompletos o no est\u00e1n inscritos.<\/li>\n<\/ol>\n<ol start=\"3\">\n<li>La Diputaci\u00f3n de Le\u00f3n ha publicado en el Bolet\u00edn Oficial de la Provincia del viernes 30 de junio, las bases para la concesi\u00f3n de subvenciones con destino a ayuntamientos, para la lucha, control y posible <strong>erradicaci\u00f3n del avisp\u00f3n asi\u00e1tico<\/strong> o avispa negra, en la provincia de Le\u00f3n. La ayuda ser\u00e1 del 90% del presupuesto de la actividad, con el l\u00edmite m\u00e1ximo de 5.000 euros por solicitante.<\/li>\n<\/ol>\n<ol start=\"4\">\n<li>En el Bolet\u00edn Oficial del 5 de julio se ha publicado la\u00a0 ORDEN AGR\/835\/2023, de 28 de junio, por la que se establecen las bases reguladoras de la concesi\u00f3n de las ayudas de la <strong>intervenci\u00f3n sectorial ap\u00edcola<\/strong>, en el marco del Plan Estrat\u00e9gico de la Pol\u00edtica Agr\u00edcola Com\u00fan 2023-2027 en la Comunidad de Castilla y Le\u00f3n. Para solicitar las ayudas contempladas en esta Orden hay que esperar a la publicaci\u00f3n de la correspondiente Orden de convocatoria.<\/li>\n<\/ol>\n<ol start=\"5\">\n<li>El Consejero de Medio Ambiente, <strong>Juan Carlos Su\u00e1rez Qui\u00f1ones<\/strong>, llev\u00f3 al Comit\u00e9 de las Regiones de la Uni\u00f3n Europea su cr\u00edtica por la norma espa\u00f1ola que sobre protege el lobo e impide su control para evitar sobrepoblaciones que ocasionan grandes da\u00f1os a la actividad ganadera. Reclam\u00f3 que el lobo vuelva a ser una especie que se pueda cazar cuando los censos as\u00ed lo aconsejen.<\/li>\n<\/ol>\n<ol start=\"6\">\n<li>Aunque todav\u00eda no se ha publicado la Orden de Bases, la Consejer\u00eda de Agricultura ha remitido a las organizaciones agrarias el proyecto de Orden por la que se van a convocar para el a\u00f1o 2023 las ayudas\u00a0 a la instalaci\u00f3n de <strong>sistemas anti heladas<\/strong> que permitan proteger fincas de distintos propietarios. Esta medida est\u00e1 especialmente dise\u00f1ada para los frutales del Bierzo debido al minifundismo existente. La convocatoria se espera para este mes de julio.<\/li>\n<\/ol>\n","protected":false},"excerpt":{"rendered":"<p>Ayudas a los aut\u00f3nomos del sector de la resina, Agencia de Informaci\u00f3n y Control Alimentario, Erradicaci\u00f3n del avisp\u00f3n asi\u00e1tico, Intervenci\u00f3n sectorial ap\u00edcola, Juan Carlos Su\u00e1rez Qui\u00f1ones, Sistemas antiheladas El Bolet\u00edn Oficial de la Provincia de Le\u00f3n ha publicado las ayudas a los aut\u00f3nomos del sector de la resina para el a\u00f1o 2023, abriendo un plazo [&hellip;]<\/p>\n","protected":false},"author":8,"featured_media":14422,"comment_status":"open","ping_status":"open","sticky":false,"template":"","format":"standard","meta":{"footnotes":""},"categories":[4,9],"tags":[],"yoast_head":"<!-- This site is optimized with the Yoast SEO plugin v24.5 - https:\/\/yoast.com\/wordpress\/plugins\/seo\/ -->\n<title>Las seis noticias agrarias de la semana - 07\/07\/2023 - ASAJA Le\u00f3n<\/title>\n<meta name=\"description\" content=\"Ayudas a los aut\u00f3nomos del sector de la resina, Agencia de Informaci\u00f3n y Control Alimentario, Erradicaci\u00f3n del avisp\u00f3n asi\u00e1tico, Intervenci\u00f3n sectorial\" \/>\n<meta name=\"robots\" content=\"index, follow, max-snippet:-1, max-image-preview:large, max-video-preview:-1\" \/>\n<link rel=\"canonical\" href=\"https:\/\/www.asajacyl.com\/leon\/asaja-leon-informa\/las-seis-noticias-agrarias-de-la-semana-07-07-2023\" \/>\n<meta property=\"og:locale\" content=\"es_ES\" \/>\n<meta property=\"og:type\" content=\"article\" \/>\n<meta property=\"og:title\" content=\"Las seis noticias agrarias de la semana - 07\/07\/2023 - ASAJA Le\u00f3n\" \/>\n<meta property=\"og:description\" content=\"Ayudas a los aut\u00f3nomos del sector de la resina, Agencia de Informaci\u00f3n y Control Alimentario, Erradicaci\u00f3n del avisp\u00f3n asi\u00e1tico, Intervenci\u00f3n sectorial\" \/>\n<meta property=\"og:url\" content=\"https:\/\/www.asajacyl.com\/leon\/asaja-leon-informa\/las-seis-noticias-agrarias-de-la-semana-07-07-2023\" \/>\n<meta property=\"og:site_name\" content=\"ASAJA Le\u00f3n\" \/>\n<meta property=\"article:published_time\" content=\"2023-07-07T07:01:00+00:00\" \/>\n<meta property=\"article:modified_time\" content=\"2023-07-17T11:29:19+00:00\" \/>\n<meta property=\"og:image\" content=\"https:\/\/www.asajacyl.com\/leon\/wp-content\/uploads\/sites\/6\/2023\/07\/RESINA-2-1.jpeg\" \/>\n\t<meta property=\"og:image:width\" content=\"1491\" \/>\n\t<meta property=\"og:image:height\" content=\"1450\" \/>\n\t<meta property=\"og:image:type\" content=\"image\/jpeg\" \/>\n<meta name=\"author\" content=\"Eduardo\" \/>\n<meta name=\"twitter:card\" content=\"summary_large_image\" \/>\n<meta name=\"twitter:label1\" content=\"Escrito por\" \/>\n\t<meta name=\"twitter:data1\" content=\"Eduardo\" \/>\n\t<meta name=\"twitter:label2\" content=\"Tiempo de lectura\" \/>\n\t<meta name=\"twitter:data2\" content=\"3 minutos\" \/>\n<script type=\"application\/ld+json\" class=\"yoast-schema-graph\">{\"@context\":\"https:\/\/schema.org\",\"@graph\":[{\"@type\":\"WebPage\",\"@id\":\"https:\/\/www.asajacyl.com\/leon\/asaja-leon-informa\/las-seis-noticias-agrarias-de-la-semana-07-07-2023\",\"url\":\"https:\/\/www.asajacyl.com\/leon\/asaja-leon-informa\/las-seis-noticias-agrarias-de-la-semana-07-07-2023\",\"name\":\"Las seis noticias agrarias de la semana - 07\/07\/2023 - ASAJA Le\u00f3n\",\"isPartOf\":{\"@id\":\"https:\/\/www.asajacyl.com\/leon\/#website\"},\"primaryImageOfPage\":{\"@id\":\"https:\/\/www.asajacyl.com\/leon\/asaja-leon-informa\/las-seis-noticias-agrarias-de-la-semana-07-07-2023#primaryimage\"},\"image\":{\"@id\":\"https:\/\/www.asajacyl.com\/leon\/asaja-leon-informa\/las-seis-noticias-agrarias-de-la-semana-07-07-2023#primaryimage\"},\"thumbnailUrl\":\"https:\/\/www.asajacyl.com\/leon\/wp-content\/uploads\/sites\/6\/2023\/07\/RESINA-2-1.jpeg\",\"datePublished\":\"2023-07-07T07:01:00+00:00\",\"dateModified\":\"2023-07-17T11:29:19+00:00\",\"author\":{\"@id\":\"https:\/\/www.asajacyl.com\/leon\/#\/schema\/person\/a39ff3609fc182e4c789ab486e865d32\"},\"description\":\"Ayudas a los aut\u00f3nomos del sector de la resina, Agencia de Informaci\u00f3n y Control Alimentario, Erradicaci\u00f3n del avisp\u00f3n asi\u00e1tico, Intervenci\u00f3n sectorial\",\"breadcrumb\":{\"@id\":\"https:\/\/www.asajacyl.com\/leon\/asaja-leon-informa\/las-seis-noticias-agrarias-de-la-semana-07-07-2023#breadcrumb\"},\"inLanguage\":\"es\",\"potentialAction\":[{\"@type\":\"ReadAction\",\"target\":[\"https:\/\/www.asajacyl.com\/leon\/asaja-leon-informa\/las-seis-noticias-agrarias-de-la-semana-07-07-2023\"]}]},{\"@type\":\"ImageObject\",\"inLanguage\":\"es\",\"@id\":\"https:\/\/www.asajacyl.com\/leon\/asaja-leon-informa\/las-seis-noticias-agrarias-de-la-semana-07-07-2023#primaryimage\",\"url\":\"https:\/\/www.asajacyl.com\/leon\/wp-content\/uploads\/sites\/6\/2023\/07\/RESINA-2-1.jpeg\",\"contentUrl\":\"https:\/\/www.asajacyl.com\/leon\/wp-content\/uploads\/sites\/6\/2023\/07\/RESINA-2-1.jpeg\",\"width\":1491,\"height\":1450},{\"@type\":\"BreadcrumbList\",\"@id\":\"https:\/\/www.asajacyl.com\/leon\/asaja-leon-informa\/las-seis-noticias-agrarias-de-la-semana-07-07-2023#breadcrumb\",\"itemListElement\":[{\"@type\":\"ListItem\",\"position\":1,\"name\":\"Portada\",\"item\":\"https:\/\/www.asajacyl.com\/leon\/\"},{\"@type\":\"ListItem\",\"position\":2,\"name\":\"Las seis noticias agrarias de la semana &#8211; 07\/07\/2023\"}]},{\"@type\":\"WebSite\",\"@id\":\"https:\/\/www.asajacyl.com\/leon\/#website\",\"url\":\"https:\/\/www.asajacyl.com\/leon\/\",\"name\":\"ASAJA Le\u00f3n\",\"description\":\"Otro sitio m\u00e1s de Provincias ASAJA Castilla y Le\u00f3n\",\"potentialAction\":[{\"@type\":\"SearchAction\",\"target\":{\"@type\":\"EntryPoint\",\"urlTemplate\":\"https:\/\/www.asajacyl.com\/leon\/?s={search_term_string}\"},\"query-input\":{\"@type\":\"PropertyValueSpecification\",\"valueRequired\":true,\"valueName\":\"search_term_string\"}}],\"inLanguage\":\"es\"},{\"@type\":\"Person\",\"@id\":\"https:\/\/www.asajacyl.com\/leon\/#\/schema\/person\/a39ff3609fc182e4c789ab486e865d32\",\"name\":\"Eduardo\",\"image\":{\"@type\":\"ImageObject\",\"inLanguage\":\"es\",\"@id\":\"https:\/\/www.asajacyl.com\/leon\/#\/schema\/person\/image\/\",\"url\":\"https:\/\/secure.gravatar.com\/avatar\/9ebd6aba21d817dcf9595bc9ca505af5?s=96&d=mm&r=g\",\"contentUrl\":\"https:\/\/secure.gravatar.com\/avatar\/9ebd6aba21d817dcf9595bc9ca505af5?s=96&d=mm&r=g\",\"caption\":\"Eduardo\"},\"url\":\"https:\/\/www.asajacyl.com\/leon\/author\/eduardovv\"}]}<\/script>\n<!-- \/ Yoast SEO plugin. -->","yoast_head_json":{"title":"Las seis noticias agrarias de la semana - 07\/07\/2023 - ASAJA Le\u00f3n","description":"Ayudas a los aut\u00f3nomos del sector de la resina, Agencia de Informaci\u00f3n y Control Alimentario, Erradicaci\u00f3n del avisp\u00f3n asi\u00e1tico, Intervenci\u00f3n sectorial","robots":{"index":"index","follow":"follow","max-snippet":"max-snippet:-1","max-image-preview":"max-image-preview:large","max-video-preview":"max-video-preview:-1"},"canonical":"https:\/\/www.asajacyl.com\/leon\/asaja-leon-informa\/las-seis-noticias-agrarias-de-la-semana-07-07-2023","og_locale":"es_ES","og_type":"article","og_title":"Las seis noticias agrarias de la semana - 07\/07\/2023 - ASAJA Le\u00f3n","og_description":"Ayudas a los aut\u00f3nomos del sector de la resina, Agencia de Informaci\u00f3n y Control Alimentario, Erradicaci\u00f3n del avisp\u00f3n asi\u00e1tico, Intervenci\u00f3n sectorial","og_url":"https:\/\/www.asajacyl.com\/leon\/asaja-leon-informa\/las-seis-noticias-agrarias-de-la-semana-07-07-2023","og_site_name":"ASAJA Le\u00f3n","article_published_time":"2023-07-07T07:01:00+00:00","article_modified_time":"2023-07-17T11:29:19+00:00","og_image":[{"width":1491,"height":1450,"url":"https:\/\/www.asajacyl.com\/leon\/wp-content\/uploads\/sites\/6\/2023\/07\/RESINA-2-1.jpeg","type":"image\/jpeg"}],"author":"Eduardo","twitter_card":"summary_large_image","twitter_misc":{"Escrito por":"Eduardo","Tiempo de lectura":"3 minutos"},"schema":{"@context":"https:\/\/schema.org","@graph":[{"@type":"WebPage","@id":"https:\/\/www.asajacyl.com\/leon\/asaja-leon-informa\/las-seis-noticias-agrarias-de-la-semana-07-07-2023","url":"https:\/\/www.asajacyl.com\/leon\/asaja-leon-informa\/las-seis-noticias-agrarias-de-la-semana-07-07-2023","name":"Las seis noticias agrarias de la semana - 07\/07\/2023 - ASAJA Le\u00f3n","isPartOf":{"@id":"https:\/\/www.asajacyl.com\/leon\/#website"},"primaryImageOfPage":{"@id":"https:\/\/www.asajacyl.com\/leon\/asaja-leon-informa\/las-seis-noticias-agrarias-de-la-semana-07-07-2023#primaryimage"},"image":{"@id":"https:\/\/www.asajacyl.com\/leon\/asaja-leon-informa\/las-seis-noticias-agrarias-de-la-semana-07-07-2023#primaryimage"},"thumbnailUrl":"https:\/\/www.asajacyl.com\/leon\/wp-content\/uploads\/sites\/6\/2023\/07\/RESINA-2-1.jpeg","datePublished":"2023-07-07T07:01:00+00:00","dateModified":"2023-07-17T11:29:19+00:00","author":{"@id":"https:\/\/www.asajacyl.com\/leon\/#\/schema\/person\/a39ff3609fc182e4c789ab486e865d32"},"description":"Ayudas a los aut\u00f3nomos del sector de la resina, Agencia de Informaci\u00f3n y Control Alimentario, Erradicaci\u00f3n del avisp\u00f3n asi\u00e1tico, Intervenci\u00f3n sectorial","breadcrumb":{"@id":"https:\/\/www.asajacyl.com\/leon\/asaja-leon-informa\/las-seis-noticias-agrarias-de-la-semana-07-07-2023#breadcrumb"},"inLanguage":"es","potentialAction":[{"@type":"ReadAction","target":["https:\/\/www.asajacyl.com\/leon\/asaja-leon-informa\/las-seis-noticias-agrarias-de-la-semana-07-07-2023"]}]},{"@type":"ImageObject","inLanguage":"es","@id":"https:\/\/www.asajacyl.com\/leon\/asaja-leon-informa\/las-seis-noticias-agrarias-de-la-semana-07-07-2023#primaryimage","url":"https:\/\/www.asajacyl.com\/leon\/wp-content\/uploads\/sites\/6\/2023\/07\/RESINA-2-1.jpeg","contentUrl":"https:\/\/www.asajacyl.com\/leon\/wp-content\/uploads\/sites\/6\/2023\/07\/RESINA-2-1.jpeg","width":1491,"height":1450},{"@type":"BreadcrumbList","@id":"https:\/\/www.asajacyl.com\/leon\/asaja-leon-informa\/las-seis-noticias-agrarias-de-la-semana-07-07-2023#breadcrumb","itemListElement":[{"@type":"ListItem","position":1,"name":"Portada","item":"https:\/\/www.asajacyl.com\/leon\/"},{"@type":"ListItem","position":2,"name":"Las seis noticias agrarias de la semana &#8211; 07\/07\/2023"}]},{"@type":"WebSite","@id":"https:\/\/www.asajacyl.com\/leon\/#website","url":"https:\/\/www.asajacyl.com\/leon\/","name":"ASAJA Le\u00f3n","description":"Otro sitio m\u00e1s de Provincias ASAJA Castilla y Le\u00f3n","potentialAction":[{"@type":"SearchAction","target":{"@type":"EntryPoint","urlTemplate":"https:\/\/www.asajacyl.com\/leon\/?s={search_term_string}"},"query-input":{"@type":"PropertyValueSpecification","valueRequired":true,"valueName":"search_term_string"}}],"inLanguage":"es"},{"@type":"Person","@id":"https:\/\/www.asajacyl.com\/leon\/#\/schema\/person\/a39ff3609fc182e4c789ab486e865d32","name":"Eduardo","image":{"@type":"ImageObject","inLanguage":"es","@id":"https:\/\/www.asajacyl.com\/leon\/#\/schema\/person\/image\/","url":"https:\/\/secure.gravatar.com\/avatar\/9ebd6aba21d817dcf9595bc9ca505af5?s=96&d=mm&r=g","contentUrl":"https:\/\/secure.gravatar.com\/avatar\/9ebd6aba21d817dcf9595bc9ca505af5?s=96&d=mm&r=g","caption":"Eduardo"},"url":"https:\/\/www.asajacyl.com\/leon\/author\/eduardovv"}]}},"_links":{"self":[{"href":"https:\/\/www.asajacyl.com\/leon\/wp-json\/wp\/v2\/posts\/14412"}],"collection":[{"href":"https:\/\/www.asajacyl.com\/leon\/wp-json\/wp\/v2\/posts"}],"about":[{"href":"https:\/\/www.asajacyl.com\/leon\/wp-json\/wp\/v2\/types\/post"}],"author":[{"embeddable":true,"href":"https:\/\/www.asajacyl.com\/leon\/wp-json\/wp\/v2\/users\/8"}],"replies":[{"embeddable":true,"href":"https:\/\/www.asajacyl.com\/leon\/wp-json\/wp\/v2\/comments?post=14412"}],"version-history":[{"count":3,"href":"https:\/\/www.asajacyl.com\/leon\/wp-json\/wp\/v2\/posts\/14412\/revisions"}],"predecessor-version":[{"id":14434,"href":"https:\/\/www.asajacyl.com\/leon\/wp-json\/wp\/v2\/posts\/14412\/revisions\/14434"}],"wp:featuredmedia":[{"embeddable":true,"href":"https:\/\/www.asajacyl.com\/leon\/wp-json\/wp\/v2\/media\/14422"}],"wp:attachment":[{"href":"https:\/\/www.asajacyl.com\/leon\/wp-json\/wp\/v2\/media?parent=14412"}],"wp:term":[{"taxonomy":"category","embeddable":true,"href":"https:\/\/www.asajacyl.com\/leon\/wp-json\/wp\/v2\/categories?post=14412"},{"taxonomy":"post_tag","embeddable":true,"href":"https:\/\/www.asajacyl.com\/leon\/wp-json\/wp\/v2\/tags?post=14412"}],"curies":[{"name":"wp","href":"https:\/\/api.w.org\/{rel}","templated":true}]}}