{"id":14446,"date":"2023-07-21T08:40:16","date_gmt":"2023-07-21T06:40:16","guid":{"rendered":"https:\/\/www.asajacyl.com\/leon\/?p=14446"},"modified":"2023-08-07T09:49:19","modified_gmt":"2023-08-07T07:49:19","slug":"las-seis-noticias-agrarias-de-la-semana-21-07-2023","status":"publish","type":"post","link":"https:\/\/www.asajacyl.com\/leon\/sin-categoria\/las-seis-noticias-agrarias-de-la-semana-21-07-2023","title":{"rendered":"Las seis noticias agrarias de la semana &#8211; 21\/07\/2023"},"content":{"rendered":"\n<h2 class=\"wp-block-heading\"><strong>65.543 solicitudes de la PAC<\/strong>, <strong>Control del rendimiento lechero<\/strong>, <strong>Malas condiciones meteorol\u00f3gicas<\/strong>, <strong>Medicamentos veterinarios<\/strong>, <strong>Organizaci\u00f3n interprofesional del huevo y sus productos<\/strong>, <strong>Agroseguro<\/strong><\/h2>\n\n\n\n<ol>\n<li>Castilla y Le\u00f3n ha registrado <strong>543 solicitudes de la PAC<\/strong>, de ellas 8.396 de la provincia de Le\u00f3n. ASAJA ha tramitado 3.390, siendo con gran diferencia el primer ente tramitador de estas ayudas con una cuota de mercado del 40 por ciento, y con un importe de ayudas estimado de 53 millones de euros. Los agricultores y ganadero leoneses han declarado 619.000 hect\u00e1reas, de las cuales la mitad, 316.000, corresponden a superficies de pastos para el ganado.<\/li>\n<\/ol>\n<ol start=\"2\">\n<li>Se ha publicado en el BOE el Real Decreto 663\/2023, de 18 de julio, por el que se regula el <strong>control del rendimiento lechero<\/strong> para la evaluaci\u00f3n gen\u00e9tica en las especies bovina, ovina y caprina, se establecen las bases reguladoras de las subvenciones al control de rendimiento lechero y se modifican diversos reales decretos en materia agraria.<\/li>\n<\/ol>\n<ol start=\"3\">\n<li>En el espacio de dos meses, las previsiones de cosecha, inicialmente positivas, se han visto alteradas por las <strong>malas condiciones meteorol\u00f3gicas <\/strong>en toda Europa.\u00a0 La producci\u00f3n global de la UE en oleaginosas y proteaginosas, a pesar de la dram\u00e1tica situaci\u00f3n de Espa\u00f1a e Italia, sigue siendo correcta. Sin embargo, en el caso de los cereales la situaci\u00f3n es extremadamente preocupante, con una producci\u00f3n prevista de 256 millones de toneladas, posiblemente la <strong>peor cosecha desde 2007<\/strong> y un 10% por debajo de la \u00faltima media quinquenal.<\/li>\n<\/ol>\n<ol start=\"4\">\n<li>El jueves 20 de julio se ha publicado en el Bolet\u00edn Oficial del Estado el Real Decreto 666\/2023, de 18 de julio, por el que se regula la distribuci\u00f3n, prescripci\u00f3n, dispensaci\u00f3n y uso de <strong>medicamentos veterinarios<\/strong>. La norma est\u00e1 orientada a garantizar un uso prudente y responsable de los medicamentos veterinarios a lo largo de la cadena de distribuci\u00f3n, teniendo como principal objetivo la lucha contra las resistencias antimicrobianas y la reducci\u00f3n de la necesidad de uso de los medicamentos antimicrobianos.<\/li>\n<\/ol>\n<ol start=\"5\">\n<li>El Bolet\u00edn Oficial del Estado ha publicado la Orden APA\/817\/2023, de 10 de julio, por la que se extiende el acuerdo de la <strong>organizaci\u00f3n interprofesional del huevo y sus productos<\/strong>, INPROVO, al conjunto del sector y se fija la aportaci\u00f3n econ\u00f3mica obligatoria, para la realizaci\u00f3n de acciones propias del fin social de la interprofesional, durante las campa\u00f1as 2023, 2024, 2025, 2026 y 2027.<\/li>\n<\/ol>\n<ol start=\"6\">\n<li><strong>Agroseguro<\/strong> estima que las indemnizaciones del primer semestre de 2023 se elevan hasta los 772,62 millones de euros. Esta cifra ya supera los 769 millones abonados a los productores asegurados en todo el a\u00f1o 2022, el ejercicio de mayor siniestralidad de la historia del seguro agrario, y a falta de todos los siniestros agr\u00edcolas y pecuarios que se puedan producir durante el segundo semestre. Del total, 687,44 millones corresponden a siniestros agr\u00edcolas y 85,18 millones al conjunto de seguros pecuarios.<\/li>\n<\/ol>\n","protected":false},"excerpt":{"rendered":"<p>65.543 solicitudes de la PAC, Control del rendimiento lechero, Malas condiciones meteorol\u00f3gicas, Medicamentos veterinarios, Organizaci\u00f3n interprofesional del huevo y sus productos, Agroseguro Castilla y Le\u00f3n ha registrado 543 solicitudes de la PAC, de ellas 8.396 de la provincia de Le\u00f3n. ASAJA ha tramitado 3.390, siendo con gran diferencia el primer ente tramitador de estas ayudas [&hellip;]<\/p>\n","protected":false},"author":8,"featured_media":14448,"comment_status":"open","ping_status":"open","sticky":false,"template":"","format":"standard","meta":{"footnotes":""},"categories":[9,1],"tags":[],"yoast_head":"<!-- This site is optimized with the Yoast SEO plugin v24.5 - https:\/\/yoast.com\/wordpress\/plugins\/seo\/ -->\n<title>Las seis noticias agrarias de la semana - 21\/07\/2023 - ASAJA Le\u00f3n<\/title>\n<meta name=\"description\" content=\"65.543 solicitudes de la PAC, Control del rendimiento lechero, Malas condiciones meteorol\u00f3gicas, Medicamentos veterinarios, Organizaci\u00f3n interprofesional\" \/>\n<meta name=\"robots\" content=\"index, follow, max-snippet:-1, max-image-preview:large, max-video-preview:-1\" \/>\n<link rel=\"canonical\" href=\"https:\/\/www.asajacyl.com\/leon\/sin-categoria\/las-seis-noticias-agrarias-de-la-semana-21-07-2023\" \/>\n<meta property=\"og:locale\" content=\"es_ES\" \/>\n<meta property=\"og:type\" content=\"article\" \/>\n<meta property=\"og:title\" content=\"Las seis noticias agrarias de la semana - 21\/07\/2023 - ASAJA Le\u00f3n\" \/>\n<meta property=\"og:description\" content=\"65.543 solicitudes de la PAC, Control del rendimiento lechero, Malas condiciones meteorol\u00f3gicas, Medicamentos veterinarios, Organizaci\u00f3n interprofesional\" \/>\n<meta property=\"og:url\" content=\"https:\/\/www.asajacyl.com\/leon\/sin-categoria\/las-seis-noticias-agrarias-de-la-semana-21-07-2023\" \/>\n<meta property=\"og:site_name\" content=\"ASAJA Le\u00f3n\" \/>\n<meta property=\"article:published_time\" content=\"2023-07-21T06:40:16+00:00\" \/>\n<meta property=\"article:modified_time\" content=\"2023-08-07T07:49:19+00:00\" \/>\n<meta property=\"og:image\" content=\"https:\/\/www.asajacyl.com\/leon\/wp-content\/uploads\/sites\/6\/2023\/07\/cabras.jpg\" \/>\n\t<meta property=\"og:image:width\" content=\"1280\" \/>\n\t<meta property=\"og:image:height\" content=\"886\" \/>\n\t<meta property=\"og:image:type\" content=\"image\/jpeg\" \/>\n<meta name=\"author\" content=\"Eduardo\" \/>\n<meta name=\"twitter:card\" content=\"summary_large_image\" \/>\n<meta name=\"twitter:label1\" content=\"Escrito por\" \/>\n\t<meta name=\"twitter:data1\" content=\"Eduardo\" \/>\n\t<meta name=\"twitter:label2\" content=\"Tiempo de lectura\" \/>\n\t<meta name=\"twitter:data2\" content=\"3 minutos\" \/>\n<script type=\"application\/ld+json\" class=\"yoast-schema-graph\">{\"@context\":\"https:\/\/schema.org\",\"@graph\":[{\"@type\":\"WebPage\",\"@id\":\"https:\/\/www.asajacyl.com\/leon\/sin-categoria\/las-seis-noticias-agrarias-de-la-semana-21-07-2023\",\"url\":\"https:\/\/www.asajacyl.com\/leon\/sin-categoria\/las-seis-noticias-agrarias-de-la-semana-21-07-2023\",\"name\":\"Las seis noticias agrarias de la semana - 21\/07\/2023 - ASAJA Le\u00f3n\",\"isPartOf\":{\"@id\":\"https:\/\/www.asajacyl.com\/leon\/#website\"},\"primaryImageOfPage\":{\"@id\":\"https:\/\/www.asajacyl.com\/leon\/sin-categoria\/las-seis-noticias-agrarias-de-la-semana-21-07-2023#primaryimage\"},\"image\":{\"@id\":\"https:\/\/www.asajacyl.com\/leon\/sin-categoria\/las-seis-noticias-agrarias-de-la-semana-21-07-2023#primaryimage\"},\"thumbnailUrl\":\"https:\/\/www.asajacyl.com\/leon\/wp-content\/uploads\/sites\/6\/2023\/07\/cabras.jpg\",\"datePublished\":\"2023-07-21T06:40:16+00:00\",\"dateModified\":\"2023-08-07T07:49:19+00:00\",\"author\":{\"@id\":\"https:\/\/www.asajacyl.com\/leon\/#\/schema\/person\/a39ff3609fc182e4c789ab486e865d32\"},\"description\":\"65.543 solicitudes de la PAC, Control del rendimiento lechero, Malas condiciones meteorol\u00f3gicas, Medicamentos veterinarios, Organizaci\u00f3n interprofesional\",\"breadcrumb\":{\"@id\":\"https:\/\/www.asajacyl.com\/leon\/sin-categoria\/las-seis-noticias-agrarias-de-la-semana-21-07-2023#breadcrumb\"},\"inLanguage\":\"es\",\"potentialAction\":[{\"@type\":\"ReadAction\",\"target\":[\"https:\/\/www.asajacyl.com\/leon\/sin-categoria\/las-seis-noticias-agrarias-de-la-semana-21-07-2023\"]}]},{\"@type\":\"ImageObject\",\"inLanguage\":\"es\",\"@id\":\"https:\/\/www.asajacyl.com\/leon\/sin-categoria\/las-seis-noticias-agrarias-de-la-semana-21-07-2023#primaryimage\",\"url\":\"https:\/\/www.asajacyl.com\/leon\/wp-content\/uploads\/sites\/6\/2023\/07\/cabras.jpg\",\"contentUrl\":\"https:\/\/www.asajacyl.com\/leon\/wp-content\/uploads\/sites\/6\/2023\/07\/cabras.jpg\",\"width\":1280,\"height\":886},{\"@type\":\"BreadcrumbList\",\"@id\":\"https:\/\/www.asajacyl.com\/leon\/sin-categoria\/las-seis-noticias-agrarias-de-la-semana-21-07-2023#breadcrumb\",\"itemListElement\":[{\"@type\":\"ListItem\",\"position\":1,\"name\":\"Portada\",\"item\":\"https:\/\/www.asajacyl.com\/leon\/\"},{\"@type\":\"ListItem\",\"position\":2,\"name\":\"Las seis noticias agrarias de la semana &#8211; 21\/07\/2023\"}]},{\"@type\":\"WebSite\",\"@id\":\"https:\/\/www.asajacyl.com\/leon\/#website\",\"url\":\"https:\/\/www.asajacyl.com\/leon\/\",\"name\":\"ASAJA Le\u00f3n\",\"description\":\"Otro sitio m\u00e1s de Provincias ASAJA Castilla y Le\u00f3n\",\"potentialAction\":[{\"@type\":\"SearchAction\",\"target\":{\"@type\":\"EntryPoint\",\"urlTemplate\":\"https:\/\/www.asajacyl.com\/leon\/?s={search_term_string}\"},\"query-input\":{\"@type\":\"PropertyValueSpecification\",\"valueRequired\":true,\"valueName\":\"search_term_string\"}}],\"inLanguage\":\"es\"},{\"@type\":\"Person\",\"@id\":\"https:\/\/www.asajacyl.com\/leon\/#\/schema\/person\/a39ff3609fc182e4c789ab486e865d32\",\"name\":\"Eduardo\",\"image\":{\"@type\":\"ImageObject\",\"inLanguage\":\"es\",\"@id\":\"https:\/\/www.asajacyl.com\/leon\/#\/schema\/person\/image\/\",\"url\":\"https:\/\/secure.gravatar.com\/avatar\/9ebd6aba21d817dcf9595bc9ca505af5?s=96&d=mm&r=g\",\"contentUrl\":\"https:\/\/secure.gravatar.com\/avatar\/9ebd6aba21d817dcf9595bc9ca505af5?s=96&d=mm&r=g\",\"caption\":\"Eduardo\"},\"url\":\"https:\/\/www.asajacyl.com\/leon\/author\/eduardovv\"}]}<\/script>\n<!-- \/ Yoast SEO plugin. -->","yoast_head_json":{"title":"Las seis noticias agrarias de la semana - 21\/07\/2023 - ASAJA Le\u00f3n","description":"65.543 solicitudes de la PAC, Control del rendimiento lechero, Malas condiciones meteorol\u00f3gicas, Medicamentos veterinarios, Organizaci\u00f3n interprofesional","robots":{"index":"index","follow":"follow","max-snippet":"max-snippet:-1","max-image-preview":"max-image-preview:large","max-video-preview":"max-video-preview:-1"},"canonical":"https:\/\/www.asajacyl.com\/leon\/sin-categoria\/las-seis-noticias-agrarias-de-la-semana-21-07-2023","og_locale":"es_ES","og_type":"article","og_title":"Las seis noticias agrarias de la semana - 21\/07\/2023 - ASAJA Le\u00f3n","og_description":"65.543 solicitudes de la PAC, Control del rendimiento lechero, Malas condiciones meteorol\u00f3gicas, Medicamentos veterinarios, Organizaci\u00f3n interprofesional","og_url":"https:\/\/www.asajacyl.com\/leon\/sin-categoria\/las-seis-noticias-agrarias-de-la-semana-21-07-2023","og_site_name":"ASAJA Le\u00f3n","article_published_time":"2023-07-21T06:40:16+00:00","article_modified_time":"2023-08-07T07:49:19+00:00","og_image":[{"width":1280,"height":886,"url":"https:\/\/www.asajacyl.com\/leon\/wp-content\/uploads\/sites\/6\/2023\/07\/cabras.jpg","type":"image\/jpeg"}],"author":"Eduardo","twitter_card":"summary_large_image","twitter_misc":{"Escrito por":"Eduardo","Tiempo de lectura":"3 minutos"},"schema":{"@context":"https:\/\/schema.org","@graph":[{"@type":"WebPage","@id":"https:\/\/www.asajacyl.com\/leon\/sin-categoria\/las-seis-noticias-agrarias-de-la-semana-21-07-2023","url":"https:\/\/www.asajacyl.com\/leon\/sin-categoria\/las-seis-noticias-agrarias-de-la-semana-21-07-2023","name":"Las seis noticias agrarias de la semana - 21\/07\/2023 - ASAJA Le\u00f3n","isPartOf":{"@id":"https:\/\/www.asajacyl.com\/leon\/#website"},"primaryImageOfPage":{"@id":"https:\/\/www.asajacyl.com\/leon\/sin-categoria\/las-seis-noticias-agrarias-de-la-semana-21-07-2023#primaryimage"},"image":{"@id":"https:\/\/www.asajacyl.com\/leon\/sin-categoria\/las-seis-noticias-agrarias-de-la-semana-21-07-2023#primaryimage"},"thumbnailUrl":"https:\/\/www.asajacyl.com\/leon\/wp-content\/uploads\/sites\/6\/2023\/07\/cabras.jpg","datePublished":"2023-07-21T06:40:16+00:00","dateModified":"2023-08-07T07:49:19+00:00","author":{"@id":"https:\/\/www.asajacyl.com\/leon\/#\/schema\/person\/a39ff3609fc182e4c789ab486e865d32"},"description":"65.543 solicitudes de la PAC, Control del rendimiento lechero, Malas condiciones meteorol\u00f3gicas, Medicamentos veterinarios, Organizaci\u00f3n interprofesional","breadcrumb":{"@id":"https:\/\/www.asajacyl.com\/leon\/sin-categoria\/las-seis-noticias-agrarias-de-la-semana-21-07-2023#breadcrumb"},"inLanguage":"es","potentialAction":[{"@type":"ReadAction","target":["https:\/\/www.asajacyl.com\/leon\/sin-categoria\/las-seis-noticias-agrarias-de-la-semana-21-07-2023"]}]},{"@type":"ImageObject","inLanguage":"es","@id":"https:\/\/www.asajacyl.com\/leon\/sin-categoria\/las-seis-noticias-agrarias-de-la-semana-21-07-2023#primaryimage","url":"https:\/\/www.asajacyl.com\/leon\/wp-content\/uploads\/sites\/6\/2023\/07\/cabras.jpg","contentUrl":"https:\/\/www.asajacyl.com\/leon\/wp-content\/uploads\/sites\/6\/2023\/07\/cabras.jpg","width":1280,"height":886},{"@type":"BreadcrumbList","@id":"https:\/\/www.asajacyl.com\/leon\/sin-categoria\/las-seis-noticias-agrarias-de-la-semana-21-07-2023#breadcrumb","itemListElement":[{"@type":"ListItem","position":1,"name":"Portada","item":"https:\/\/www.asajacyl.com\/leon\/"},{"@type":"ListItem","position":2,"name":"Las seis noticias agrarias de la semana &#8211; 21\/07\/2023"}]},{"@type":"WebSite","@id":"https:\/\/www.asajacyl.com\/leon\/#website","url":"https:\/\/www.asajacyl.com\/leon\/","name":"ASAJA Le\u00f3n","description":"Otro sitio m\u00e1s de Provincias ASAJA Castilla y Le\u00f3n","potentialAction":[{"@type":"SearchAction","target":{"@type":"EntryPoint","urlTemplate":"https:\/\/www.asajacyl.com\/leon\/?s={search_term_string}"},"query-input":{"@type":"PropertyValueSpecification","valueRequired":true,"valueName":"search_term_string"}}],"inLanguage":"es"},{"@type":"Person","@id":"https:\/\/www.asajacyl.com\/leon\/#\/schema\/person\/a39ff3609fc182e4c789ab486e865d32","name":"Eduardo","image":{"@type":"ImageObject","inLanguage":"es","@id":"https:\/\/www.asajacyl.com\/leon\/#\/schema\/person\/image\/","url":"https:\/\/secure.gravatar.com\/avatar\/9ebd6aba21d817dcf9595bc9ca505af5?s=96&d=mm&r=g","contentUrl":"https:\/\/secure.gravatar.com\/avatar\/9ebd6aba21d817dcf9595bc9ca505af5?s=96&d=mm&r=g","caption":"Eduardo"},"url":"https:\/\/www.asajacyl.com\/leon\/author\/eduardovv"}]}},"_links":{"self":[{"href":"https:\/\/www.asajacyl.com\/leon\/wp-json\/wp\/v2\/posts\/14446"}],"collection":[{"href":"https:\/\/www.asajacyl.com\/leon\/wp-json\/wp\/v2\/posts"}],"about":[{"href":"https:\/\/www.asajacyl.com\/leon\/wp-json\/wp\/v2\/types\/post"}],"author":[{"embeddable":true,"href":"https:\/\/www.asajacyl.com\/leon\/wp-json\/wp\/v2\/users\/8"}],"replies":[{"embeddable":true,"href":"https:\/\/www.asajacyl.com\/leon\/wp-json\/wp\/v2\/comments?post=14446"}],"version-history":[{"count":1,"href":"https:\/\/www.asajacyl.com\/leon\/wp-json\/wp\/v2\/posts\/14446\/revisions"}],"predecessor-version":[{"id":14449,"href":"https:\/\/www.asajacyl.com\/leon\/wp-json\/wp\/v2\/posts\/14446\/revisions\/14449"}],"wp:featuredmedia":[{"embeddable":true,"href":"https:\/\/www.asajacyl.com\/leon\/wp-json\/wp\/v2\/media\/14448"}],"wp:attachment":[{"href":"https:\/\/www.asajacyl.com\/leon\/wp-json\/wp\/v2\/media?parent=14446"}],"wp:term":[{"taxonomy":"category","embeddable":true,"href":"https:\/\/www.asajacyl.com\/leon\/wp-json\/wp\/v2\/categories?post=14446"},{"taxonomy":"post_tag","embeddable":true,"href":"https:\/\/www.asajacyl.com\/leon\/wp-json\/wp\/v2\/tags?post=14446"}],"curies":[{"name":"wp","href":"https:\/\/api.w.org\/{rel}","templated":true}]}}