{"id":14476,"date":"2023-07-31T08:51:03","date_gmt":"2023-07-31T06:51:03","guid":{"rendered":"https:\/\/www.asajacyl.com\/leon\/?p=14476"},"modified":"2023-07-31T08:51:05","modified_gmt":"2023-07-31T06:51:05","slug":"vendo-julio-agosto-2023-4","status":"publish","type":"post","link":"https:\/\/www.asajacyl.com\/leon\/servicios-socio\/mercadillo\/vendo-julio-agosto-2023-4","title":{"rendered":"Vendo julio-agosto 2023"},"content":{"rendered":"<p>VENDO: Dos parcelas en Villar del Yermo, pol\u00edgono 812, parcelas 57 y 58 de 22ha y otra en pol\u00edgono 816, parcela 63 de 3ha.<\/p>\n<p>Tel\u00e9fono: 620 618130<\/p>\n<p>VENDO: Parcela r\u00fastica de regad\u00edo de 10,5 Ha en Acebes del P\u00e1ramo, lindando con el casco urbano y con CL-621 a Santa Mar\u00eda del P\u00e1ramo.<\/p>\n<p>Tel\u00e9fono: 987 804612<\/p>\n<p>VENDO: 2000 tejas.<\/p>\n<p>Tel\u00e9fono: 647 497316<\/p>\n<p>VENDO: 29.76 derechos de regad\u00edo R.7 y una nave agr\u00edcola con luz y agua en Villamu\u00f1\u00edo.<\/p>\n<p>Tel\u00e9fono: 609 834235<\/p>\n<p>VENDO: Cubierta Firestone de tractor en buen estado.<\/p>\n<p>Tel\u00e9fono: 679 405596<\/p>\n<p>VENDO O ALQUILO: 11ha de riego y 13.7Ha de secano en la zona del El Burgo Ranero.<\/p>\n<p>Tel\u00e9fono: 661 714430<\/p>\n<p>VENDO: Casa con vivienda para reformar de ladrillo de 100m en dos plantas. Almac\u00e9n, cuadras, 200m de patio y 1700m de huerta. Est\u00e1 a 12Km de Le\u00f3n, zona Puente Villarente.<\/p>\n<p>Tel\u00e9fono: 607 956630 \u2013 636 002496<\/p>\n<p>VENDO: Solar urbano en Villab\u00farbula.<\/p>\n<p>Tel\u00e9fono: 649 485519<\/p>\n<p>VENDO\/ALQUILO: nave y finca a 18Km de Leon, propia para cr\u00eda de champi\u00f1\u00f3n y 4Ha de terreno con servicios de agua y luz independientes.<\/p>\n<p>Tel\u00e9fono: 630 525317<\/p>\n<p>VENDO: Parcelas en el t\u00e9rmino municipal de Riello. Son\u00a0 65.74Ha de las que 49.48Ha son admisibles.<\/p>\n<p>Tel\u00e9fono: 615 403394<\/p>\n<p>VENDO: Casa usada para reparar. Con finca de 6000m. Tiene agua y luz.<\/p>\n<p>Tel\u00e9fono: 610 400056<\/p>\n<p>VENDO: Peugeot 407, audi A4<\/p>\n<p>Tel\u00e9fono: 610 400056<\/p>\n<p>VENDO: 2 naves agr\u00edcolas a 2 km de la autov\u00eda Le\u00f3n-Burgos, zona Santas Martas, con finca de 1 Ha. y dep\u00f3sito de gas\u00f3leo de 2500 litros<\/p>\n<p>Tel\u00e9fono: 610 400056<\/p>\n<p>VENDO: Le\u00f1a de roble en Banecidas y ocho parcelas peque\u00f1as en La Seca.<\/p>\n<p>Tel\u00e9fono: 676 652815<\/p>\n<p>VENDO: Plant\u00f3n de chopo. UNAL, BEAUPRE, I-214, I-MC y RASPALGE.<\/p>\n<p>Tel\u00e9fono: 639 403235<\/p>\n<p>CAMBIO: parcela de la zona de Matanza (18Ha) a la zona de Los Oteros.<\/p>\n<p>Tel\u00e9fono: 646 649032<\/p>\n<p>ARRIENDO: Finca de regad\u00edo de 17ha en la zona de Sahag\u00fan.<\/p>\n<p>Tel\u00e9fono: 686 932139<\/p>\n","protected":false},"excerpt":{"rendered":"<p>VENDO: Dos parcelas en Villar del Yermo, pol\u00edgono 812, parcelas 57 y 58 de 22ha y otra en pol\u00edgono 816, parcela 63 de 3ha. Tel\u00e9fono: 620 618130 VENDO: Parcela r\u00fastica de regad\u00edo de 10,5 Ha en Acebes del P\u00e1ramo, lindando con el casco urbano y con CL-621 a Santa Mar\u00eda del P\u00e1ramo. Tel\u00e9fono: 987 804612 [&hellip;]<\/p>\n","protected":false},"author":8,"featured_media":8174,"comment_status":"open","ping_status":"open","sticky":false,"template":"","format":"standard","meta":{"footnotes":""},"categories":[22,46],"tags":[],"yoast_head":"<!-- This site is optimized with the Yoast SEO plugin v24.5 - https:\/\/yoast.com\/wordpress\/plugins\/seo\/ -->\n<title>Vendo julio-agosto 2023 - ASAJA Le\u00f3n<\/title>\n<meta name=\"description\" content=\"VENDO: Dos parcelas en Villar del Yermo, pol\u00edgono 812, parcelas 57 y 58 de 22ha y otra en pol\u00edgono 816, parcela 63 de 3ha. Tel\u00e9fono: 620 618130 VENDO:\" \/>\n<meta name=\"robots\" content=\"index, follow, max-snippet:-1, max-image-preview:large, max-video-preview:-1\" \/>\n<link rel=\"canonical\" href=\"https:\/\/www.asajacyl.com\/leon\/servicios-socio\/mercadillo\/vendo-julio-agosto-2023-4\" \/>\n<meta property=\"og:locale\" content=\"es_ES\" \/>\n<meta property=\"og:type\" content=\"article\" \/>\n<meta property=\"og:title\" content=\"Vendo julio-agosto 2023 - ASAJA Le\u00f3n\" \/>\n<meta property=\"og:description\" content=\"VENDO: Dos parcelas en Villar del Yermo, pol\u00edgono 812, parcelas 57 y 58 de 22ha y otra en pol\u00edgono 816, parcela 63 de 3ha. Tel\u00e9fono: 620 618130 VENDO:\" \/>\n<meta property=\"og:url\" content=\"https:\/\/www.asajacyl.com\/leon\/servicios-socio\/mercadillo\/vendo-julio-agosto-2023-4\" \/>\n<meta property=\"og:site_name\" content=\"ASAJA Le\u00f3n\" \/>\n<meta property=\"article:published_time\" content=\"2023-07-31T06:51:03+00:00\" \/>\n<meta property=\"article:modified_time\" content=\"2023-07-31T06:51:05+00:00\" \/>\n<meta name=\"author\" content=\"Eduardo\" \/>\n<meta name=\"twitter:card\" content=\"summary_large_image\" \/>\n<meta name=\"twitter:label1\" content=\"Escrito por\" \/>\n\t<meta name=\"twitter:data1\" content=\"Eduardo\" \/>\n\t<meta name=\"twitter:label2\" content=\"Tiempo de lectura\" \/>\n\t<meta name=\"twitter:data2\" content=\"2 minutos\" \/>\n<script type=\"application\/ld+json\" class=\"yoast-schema-graph\">{\"@context\":\"https:\/\/schema.org\",\"@graph\":[{\"@type\":\"WebPage\",\"@id\":\"https:\/\/www.asajacyl.com\/leon\/servicios-socio\/mercadillo\/vendo-julio-agosto-2023-4\",\"url\":\"https:\/\/www.asajacyl.com\/leon\/servicios-socio\/mercadillo\/vendo-julio-agosto-2023-4\",\"name\":\"Vendo julio-agosto 2023 - ASAJA Le\u00f3n\",\"isPartOf\":{\"@id\":\"https:\/\/www.asajacyl.com\/leon\/#website\"},\"primaryImageOfPage\":{\"@id\":\"https:\/\/www.asajacyl.com\/leon\/servicios-socio\/mercadillo\/vendo-julio-agosto-2023-4#primaryimage\"},\"image\":{\"@id\":\"https:\/\/www.asajacyl.com\/leon\/servicios-socio\/mercadillo\/vendo-julio-agosto-2023-4#primaryimage\"},\"thumbnailUrl\":\"https:\/\/www.asajacyl.com\/leon\/wp-content\/uploads\/sites\/6\/2017\/11\/im_predefinida_1920x1080.jpg\",\"datePublished\":\"2023-07-31T06:51:03+00:00\",\"dateModified\":\"2023-07-31T06:51:05+00:00\",\"author\":{\"@id\":\"https:\/\/www.asajacyl.com\/leon\/#\/schema\/person\/a39ff3609fc182e4c789ab486e865d32\"},\"description\":\"VENDO: Dos parcelas en Villar del Yermo, pol\u00edgono 812, parcelas 57 y 58 de 22ha y otra en pol\u00edgono 816, parcela 63 de 3ha. Tel\u00e9fono: 620 618130 VENDO:\",\"breadcrumb\":{\"@id\":\"https:\/\/www.asajacyl.com\/leon\/servicios-socio\/mercadillo\/vendo-julio-agosto-2023-4#breadcrumb\"},\"inLanguage\":\"es\",\"potentialAction\":[{\"@type\":\"ReadAction\",\"target\":[\"https:\/\/www.asajacyl.com\/leon\/servicios-socio\/mercadillo\/vendo-julio-agosto-2023-4\"]}]},{\"@type\":\"ImageObject\",\"inLanguage\":\"es\",\"@id\":\"https:\/\/www.asajacyl.com\/leon\/servicios-socio\/mercadillo\/vendo-julio-agosto-2023-4#primaryimage\",\"url\":\"https:\/\/www.asajacyl.com\/leon\/wp-content\/uploads\/sites\/6\/2017\/11\/im_predefinida_1920x1080.jpg\",\"contentUrl\":\"https:\/\/www.asajacyl.com\/leon\/wp-content\/uploads\/sites\/6\/2017\/11\/im_predefinida_1920x1080.jpg\",\"width\":1920,\"height\":1080,\"caption\":\"Logotipo ASAJA Le\u00f3n\"},{\"@type\":\"BreadcrumbList\",\"@id\":\"https:\/\/www.asajacyl.com\/leon\/servicios-socio\/mercadillo\/vendo-julio-agosto-2023-4#breadcrumb\",\"itemListElement\":[{\"@type\":\"ListItem\",\"position\":1,\"name\":\"Portada\",\"item\":\"https:\/\/www.asajacyl.com\/leon\/\"},{\"@type\":\"ListItem\",\"position\":2,\"name\":\"Vendo julio-agosto 2023\"}]},{\"@type\":\"WebSite\",\"@id\":\"https:\/\/www.asajacyl.com\/leon\/#website\",\"url\":\"https:\/\/www.asajacyl.com\/leon\/\",\"name\":\"ASAJA Le\u00f3n\",\"description\":\"Otro sitio m\u00e1s de Provincias ASAJA Castilla y Le\u00f3n\",\"potentialAction\":[{\"@type\":\"SearchAction\",\"target\":{\"@type\":\"EntryPoint\",\"urlTemplate\":\"https:\/\/www.asajacyl.com\/leon\/?s={search_term_string}\"},\"query-input\":{\"@type\":\"PropertyValueSpecification\",\"valueRequired\":true,\"valueName\":\"search_term_string\"}}],\"inLanguage\":\"es\"},{\"@type\":\"Person\",\"@id\":\"https:\/\/www.asajacyl.com\/leon\/#\/schema\/person\/a39ff3609fc182e4c789ab486e865d32\",\"name\":\"Eduardo\",\"image\":{\"@type\":\"ImageObject\",\"inLanguage\":\"es\",\"@id\":\"https:\/\/www.asajacyl.com\/leon\/#\/schema\/person\/image\/\",\"url\":\"https:\/\/secure.gravatar.com\/avatar\/9ebd6aba21d817dcf9595bc9ca505af5?s=96&d=mm&r=g\",\"contentUrl\":\"https:\/\/secure.gravatar.com\/avatar\/9ebd6aba21d817dcf9595bc9ca505af5?s=96&d=mm&r=g\",\"caption\":\"Eduardo\"},\"url\":\"https:\/\/www.asajacyl.com\/leon\/author\/eduardovv\"}]}<\/script>\n<!-- \/ Yoast SEO plugin. -->","yoast_head_json":{"title":"Vendo julio-agosto 2023 - ASAJA Le\u00f3n","description":"VENDO: Dos parcelas en Villar del Yermo, pol\u00edgono 812, parcelas 57 y 58 de 22ha y otra en pol\u00edgono 816, parcela 63 de 3ha. Tel\u00e9fono: 620 618130 VENDO:","robots":{"index":"index","follow":"follow","max-snippet":"max-snippet:-1","max-image-preview":"max-image-preview:large","max-video-preview":"max-video-preview:-1"},"canonical":"https:\/\/www.asajacyl.com\/leon\/servicios-socio\/mercadillo\/vendo-julio-agosto-2023-4","og_locale":"es_ES","og_type":"article","og_title":"Vendo julio-agosto 2023 - ASAJA Le\u00f3n","og_description":"VENDO: Dos parcelas en Villar del Yermo, pol\u00edgono 812, parcelas 57 y 58 de 22ha y otra en pol\u00edgono 816, parcela 63 de 3ha. Tel\u00e9fono: 620 618130 VENDO:","og_url":"https:\/\/www.asajacyl.com\/leon\/servicios-socio\/mercadillo\/vendo-julio-agosto-2023-4","og_site_name":"ASAJA Le\u00f3n","article_published_time":"2023-07-31T06:51:03+00:00","article_modified_time":"2023-07-31T06:51:05+00:00","author":"Eduardo","twitter_card":"summary_large_image","twitter_misc":{"Escrito por":"Eduardo","Tiempo de lectura":"2 minutos"},"schema":{"@context":"https:\/\/schema.org","@graph":[{"@type":"WebPage","@id":"https:\/\/www.asajacyl.com\/leon\/servicios-socio\/mercadillo\/vendo-julio-agosto-2023-4","url":"https:\/\/www.asajacyl.com\/leon\/servicios-socio\/mercadillo\/vendo-julio-agosto-2023-4","name":"Vendo julio-agosto 2023 - ASAJA Le\u00f3n","isPartOf":{"@id":"https:\/\/www.asajacyl.com\/leon\/#website"},"primaryImageOfPage":{"@id":"https:\/\/www.asajacyl.com\/leon\/servicios-socio\/mercadillo\/vendo-julio-agosto-2023-4#primaryimage"},"image":{"@id":"https:\/\/www.asajacyl.com\/leon\/servicios-socio\/mercadillo\/vendo-julio-agosto-2023-4#primaryimage"},"thumbnailUrl":"https:\/\/www.asajacyl.com\/leon\/wp-content\/uploads\/sites\/6\/2017\/11\/im_predefinida_1920x1080.jpg","datePublished":"2023-07-31T06:51:03+00:00","dateModified":"2023-07-31T06:51:05+00:00","author":{"@id":"https:\/\/www.asajacyl.com\/leon\/#\/schema\/person\/a39ff3609fc182e4c789ab486e865d32"},"description":"VENDO: Dos parcelas en Villar del Yermo, pol\u00edgono 812, parcelas 57 y 58 de 22ha y otra en pol\u00edgono 816, parcela 63 de 3ha. Tel\u00e9fono: 620 618130 VENDO:","breadcrumb":{"@id":"https:\/\/www.asajacyl.com\/leon\/servicios-socio\/mercadillo\/vendo-julio-agosto-2023-4#breadcrumb"},"inLanguage":"es","potentialAction":[{"@type":"ReadAction","target":["https:\/\/www.asajacyl.com\/leon\/servicios-socio\/mercadillo\/vendo-julio-agosto-2023-4"]}]},{"@type":"ImageObject","inLanguage":"es","@id":"https:\/\/www.asajacyl.com\/leon\/servicios-socio\/mercadillo\/vendo-julio-agosto-2023-4#primaryimage","url":"https:\/\/www.asajacyl.com\/leon\/wp-content\/uploads\/sites\/6\/2017\/11\/im_predefinida_1920x1080.jpg","contentUrl":"https:\/\/www.asajacyl.com\/leon\/wp-content\/uploads\/sites\/6\/2017\/11\/im_predefinida_1920x1080.jpg","width":1920,"height":1080,"caption":"Logotipo ASAJA Le\u00f3n"},{"@type":"BreadcrumbList","@id":"https:\/\/www.asajacyl.com\/leon\/servicios-socio\/mercadillo\/vendo-julio-agosto-2023-4#breadcrumb","itemListElement":[{"@type":"ListItem","position":1,"name":"Portada","item":"https:\/\/www.asajacyl.com\/leon\/"},{"@type":"ListItem","position":2,"name":"Vendo julio-agosto 2023"}]},{"@type":"WebSite","@id":"https:\/\/www.asajacyl.com\/leon\/#website","url":"https:\/\/www.asajacyl.com\/leon\/","name":"ASAJA Le\u00f3n","description":"Otro sitio m\u00e1s de Provincias ASAJA Castilla y Le\u00f3n","potentialAction":[{"@type":"SearchAction","target":{"@type":"EntryPoint","urlTemplate":"https:\/\/www.asajacyl.com\/leon\/?s={search_term_string}"},"query-input":{"@type":"PropertyValueSpecification","valueRequired":true,"valueName":"search_term_string"}}],"inLanguage":"es"},{"@type":"Person","@id":"https:\/\/www.asajacyl.com\/leon\/#\/schema\/person\/a39ff3609fc182e4c789ab486e865d32","name":"Eduardo","image":{"@type":"ImageObject","inLanguage":"es","@id":"https:\/\/www.asajacyl.com\/leon\/#\/schema\/person\/image\/","url":"https:\/\/secure.gravatar.com\/avatar\/9ebd6aba21d817dcf9595bc9ca505af5?s=96&d=mm&r=g","contentUrl":"https:\/\/secure.gravatar.com\/avatar\/9ebd6aba21d817dcf9595bc9ca505af5?s=96&d=mm&r=g","caption":"Eduardo"},"url":"https:\/\/www.asajacyl.com\/leon\/author\/eduardovv"}]}},"_links":{"self":[{"href":"https:\/\/www.asajacyl.com\/leon\/wp-json\/wp\/v2\/posts\/14476"}],"collection":[{"href":"https:\/\/www.asajacyl.com\/leon\/wp-json\/wp\/v2\/posts"}],"about":[{"href":"https:\/\/www.asajacyl.com\/leon\/wp-json\/wp\/v2\/types\/post"}],"author":[{"embeddable":true,"href":"https:\/\/www.asajacyl.com\/leon\/wp-json\/wp\/v2\/users\/8"}],"replies":[{"embeddable":true,"href":"https:\/\/www.asajacyl.com\/leon\/wp-json\/wp\/v2\/comments?post=14476"}],"version-history":[{"count":1,"href":"https:\/\/www.asajacyl.com\/leon\/wp-json\/wp\/v2\/posts\/14476\/revisions"}],"predecessor-version":[{"id":14477,"href":"https:\/\/www.asajacyl.com\/leon\/wp-json\/wp\/v2\/posts\/14476\/revisions\/14477"}],"wp:featuredmedia":[{"embeddable":true,"href":"https:\/\/www.asajacyl.com\/leon\/wp-json\/wp\/v2\/media\/8174"}],"wp:attachment":[{"href":"https:\/\/www.asajacyl.com\/leon\/wp-json\/wp\/v2\/media?parent=14476"}],"wp:term":[{"taxonomy":"category","embeddable":true,"href":"https:\/\/www.asajacyl.com\/leon\/wp-json\/wp\/v2\/categories?post=14476"},{"taxonomy":"post_tag","embeddable":true,"href":"https:\/\/www.asajacyl.com\/leon\/wp-json\/wp\/v2\/tags?post=14476"}],"curies":[{"name":"wp","href":"https:\/\/api.w.org\/{rel}","templated":true}]}}