{"id":14612,"date":"2023-09-08T09:16:03","date_gmt":"2023-09-08T07:16:03","guid":{"rendered":"https:\/\/www.asajacyl.com\/leon\/?p=14612"},"modified":"2023-09-08T09:16:06","modified_gmt":"2023-09-08T07:16:06","slug":"europeistas","status":"publish","type":"post","link":"https:\/\/www.asajacyl.com\/leon\/asaja-leon-informa\/opinion-asaja\/europeistas","title":{"rendered":"Europe\u00edstas"},"content":{"rendered":"\n<p>Siempre que se produce un acto de protesta, la autoridad gubernamental trata de deslegitimar a los convocantes, y as\u00ed lo hizo de nuevo el ministro de Agricultura, Luis Planas, con motivo de la concentraci\u00f3n de agricultores, en C\u00f3rdoba, coincidiendo con una reuni\u00f3n informal de ministros del ramo de la Uni\u00f3n Europea. Han venido a decir algo as\u00ed como que somos un tanto desagradecidos, los agricultores, por cuestionar las estructuras pol\u00edticas de la Uni\u00f3n Europea cuando tanto ha recibido el sector de dichas instituciones desde nuestro ingreso all\u00e1 por 1986. Los funcionarios del ministerio, y por supuesto los altos cargos, saben sobradamente que los agricultores y ganaderos somos europe\u00edstas convencidos, tanto que, con car\u00e1cter general, confiamos m\u00e1s en los gobernantes europeos que en los de nuestro propio pa\u00eds. Pero ser europe\u00edstas no significa que tengamos que dar los parabienes a todas las decisiones que toma la Uni\u00f3n, y menos a las que est\u00e1 tomando con motivo de la deriva que se viene sucediendo, reforma tras reforma, en la pol\u00edtica agraria. No admitimos lecciones de europe\u00edsmo, y menos de bur\u00f3cratas, como lo ha sido Luis Planas, m\u00e1s pendientes de sus privilegios, que de sus obligaciones con la sociedad a la que representan. Por eso, cuando las cosas no nos gustan, con toda legitimidad lo decimos, con toda legitimidad nos manifestamos, y con toda legitimidad pedimos cambios para que se respeten nuestros intereses, para que se respete el sector agrario al que representamos, para que se respete el papel de qui\u00e9n tiene el reto de producir alimentos sanos y al alcance de todos los bolsillos. Es leg\u00edtimo que el campo le recordara a Europa que Espa\u00f1a padece una sequ\u00eda casi end\u00e9mica, que le recordara que no podemos ser receptores de alimentos que se producen en otras partes del mundo con menores exigencias sanitarias y medioambientales, que recordara nuestra dependencia de terceros pa\u00edses respecto a los insumos, o que le recordara la indefensi\u00f3n a la hora de poner precio a lo que vende. Luis Planas, como buen bur\u00f3crata, quiz\u00e1s no lo entienda.<\/p>\n<p><em>Art\u00edculo de opini\u00f3n de Jos\u00e9 Antonio Turrado publicado en La Nueva Cr\u00f3nica del viernes 8 de septiembre de 2023<\/em><\/p>\n","protected":false},"excerpt":{"rendered":"<p>Siempre que se produce un acto de protesta, la autoridad gubernamental trata de deslegitimar a los convocantes, y as\u00ed lo hizo de nuevo el ministro de Agricultura, Luis Planas, con motivo de la concentraci\u00f3n de agricultores, en C\u00f3rdoba, coincidiendo con una reuni\u00f3n informal de ministros del ramo de la Uni\u00f3n Europea. Han venido a decir [&hellip;]<\/p>\n","protected":false},"author":8,"featured_media":14613,"comment_status":"open","ping_status":"open","sticky":false,"template":"","format":"standard","meta":{"footnotes":""},"categories":[4,11],"tags":[],"yoast_head":"<!-- This site is optimized with the Yoast SEO plugin v24.5 - https:\/\/yoast.com\/wordpress\/plugins\/seo\/ -->\n<title>Europe\u00edstas - ASAJA Le\u00f3n<\/title>\n<meta name=\"description\" content=\"Siempre que se produce un acto de protesta, la autoridad gubernamental trata de deslegitimar a los convocantes, y as\u00ed lo hizo de nuevo el ministro de\" \/>\n<meta name=\"robots\" content=\"index, follow, max-snippet:-1, max-image-preview:large, max-video-preview:-1\" \/>\n<link rel=\"canonical\" href=\"https:\/\/www.asajacyl.com\/leon\/asaja-leon-informa\/opinion-asaja\/europeistas\" \/>\n<meta property=\"og:locale\" content=\"es_ES\" \/>\n<meta property=\"og:type\" content=\"article\" \/>\n<meta property=\"og:title\" content=\"Europe\u00edstas - ASAJA Le\u00f3n\" \/>\n<meta property=\"og:description\" content=\"Siempre que se produce un acto de protesta, la autoridad gubernamental trata de deslegitimar a los convocantes, y as\u00ed lo hizo de nuevo el ministro de\" \/>\n<meta property=\"og:url\" content=\"https:\/\/www.asajacyl.com\/leon\/asaja-leon-informa\/opinion-asaja\/europeistas\" \/>\n<meta property=\"og:site_name\" content=\"ASAJA Le\u00f3n\" \/>\n<meta property=\"article:published_time\" content=\"2023-09-08T07:16:03+00:00\" \/>\n<meta property=\"article:modified_time\" content=\"2023-09-08T07:16:06+00:00\" \/>\n<meta property=\"og:image\" content=\"https:\/\/www.asajacyl.com\/leon\/wp-content\/uploads\/sites\/6\/2023\/09\/protesta-cordoba-21.jpg\" \/>\n\t<meta property=\"og:image:width\" content=\"1024\" \/>\n\t<meta property=\"og:image:height\" content=\"768\" \/>\n\t<meta property=\"og:image:type\" content=\"image\/jpeg\" \/>\n<meta name=\"author\" content=\"Eduardo\" \/>\n<meta name=\"twitter:card\" content=\"summary_large_image\" \/>\n<meta name=\"twitter:label1\" content=\"Escrito por\" \/>\n\t<meta name=\"twitter:data1\" content=\"Eduardo\" \/>\n\t<meta name=\"twitter:label2\" content=\"Tiempo de lectura\" \/>\n\t<meta name=\"twitter:data2\" content=\"2 minutos\" \/>\n<script type=\"application\/ld+json\" class=\"yoast-schema-graph\">{\"@context\":\"https:\/\/schema.org\",\"@graph\":[{\"@type\":\"WebPage\",\"@id\":\"https:\/\/www.asajacyl.com\/leon\/asaja-leon-informa\/opinion-asaja\/europeistas\",\"url\":\"https:\/\/www.asajacyl.com\/leon\/asaja-leon-informa\/opinion-asaja\/europeistas\",\"name\":\"Europe\u00edstas - ASAJA Le\u00f3n\",\"isPartOf\":{\"@id\":\"https:\/\/www.asajacyl.com\/leon\/#website\"},\"primaryImageOfPage\":{\"@id\":\"https:\/\/www.asajacyl.com\/leon\/asaja-leon-informa\/opinion-asaja\/europeistas#primaryimage\"},\"image\":{\"@id\":\"https:\/\/www.asajacyl.com\/leon\/asaja-leon-informa\/opinion-asaja\/europeistas#primaryimage\"},\"thumbnailUrl\":\"https:\/\/www.asajacyl.com\/leon\/wp-content\/uploads\/sites\/6\/2023\/09\/protesta-cordoba-21.jpg\",\"datePublished\":\"2023-09-08T07:16:03+00:00\",\"dateModified\":\"2023-09-08T07:16:06+00:00\",\"author\":{\"@id\":\"https:\/\/www.asajacyl.com\/leon\/#\/schema\/person\/a39ff3609fc182e4c789ab486e865d32\"},\"description\":\"Siempre que se produce un acto de protesta, la autoridad gubernamental trata de deslegitimar a los convocantes, y as\u00ed lo hizo de nuevo el ministro de\",\"breadcrumb\":{\"@id\":\"https:\/\/www.asajacyl.com\/leon\/asaja-leon-informa\/opinion-asaja\/europeistas#breadcrumb\"},\"inLanguage\":\"es\",\"potentialAction\":[{\"@type\":\"ReadAction\",\"target\":[\"https:\/\/www.asajacyl.com\/leon\/asaja-leon-informa\/opinion-asaja\/europeistas\"]}]},{\"@type\":\"ImageObject\",\"inLanguage\":\"es\",\"@id\":\"https:\/\/www.asajacyl.com\/leon\/asaja-leon-informa\/opinion-asaja\/europeistas#primaryimage\",\"url\":\"https:\/\/www.asajacyl.com\/leon\/wp-content\/uploads\/sites\/6\/2023\/09\/protesta-cordoba-21.jpg\",\"contentUrl\":\"https:\/\/www.asajacyl.com\/leon\/wp-content\/uploads\/sites\/6\/2023\/09\/protesta-cordoba-21.jpg\",\"width\":1024,\"height\":768},{\"@type\":\"BreadcrumbList\",\"@id\":\"https:\/\/www.asajacyl.com\/leon\/asaja-leon-informa\/opinion-asaja\/europeistas#breadcrumb\",\"itemListElement\":[{\"@type\":\"ListItem\",\"position\":1,\"name\":\"Portada\",\"item\":\"https:\/\/www.asajacyl.com\/leon\/\"},{\"@type\":\"ListItem\",\"position\":2,\"name\":\"Europe\u00edstas\"}]},{\"@type\":\"WebSite\",\"@id\":\"https:\/\/www.asajacyl.com\/leon\/#website\",\"url\":\"https:\/\/www.asajacyl.com\/leon\/\",\"name\":\"ASAJA Le\u00f3n\",\"description\":\"Otro sitio m\u00e1s de Provincias ASAJA Castilla y Le\u00f3n\",\"potentialAction\":[{\"@type\":\"SearchAction\",\"target\":{\"@type\":\"EntryPoint\",\"urlTemplate\":\"https:\/\/www.asajacyl.com\/leon\/?s={search_term_string}\"},\"query-input\":{\"@type\":\"PropertyValueSpecification\",\"valueRequired\":true,\"valueName\":\"search_term_string\"}}],\"inLanguage\":\"es\"},{\"@type\":\"Person\",\"@id\":\"https:\/\/www.asajacyl.com\/leon\/#\/schema\/person\/a39ff3609fc182e4c789ab486e865d32\",\"name\":\"Eduardo\",\"image\":{\"@type\":\"ImageObject\",\"inLanguage\":\"es\",\"@id\":\"https:\/\/www.asajacyl.com\/leon\/#\/schema\/person\/image\/\",\"url\":\"https:\/\/secure.gravatar.com\/avatar\/9ebd6aba21d817dcf9595bc9ca505af5?s=96&d=mm&r=g\",\"contentUrl\":\"https:\/\/secure.gravatar.com\/avatar\/9ebd6aba21d817dcf9595bc9ca505af5?s=96&d=mm&r=g\",\"caption\":\"Eduardo\"},\"url\":\"https:\/\/www.asajacyl.com\/leon\/author\/eduardovv\"}]}<\/script>\n<!-- \/ Yoast SEO plugin. -->","yoast_head_json":{"title":"Europe\u00edstas - ASAJA Le\u00f3n","description":"Siempre que se produce un acto de protesta, la autoridad gubernamental trata de deslegitimar a los convocantes, y as\u00ed lo hizo de nuevo el ministro de","robots":{"index":"index","follow":"follow","max-snippet":"max-snippet:-1","max-image-preview":"max-image-preview:large","max-video-preview":"max-video-preview:-1"},"canonical":"https:\/\/www.asajacyl.com\/leon\/asaja-leon-informa\/opinion-asaja\/europeistas","og_locale":"es_ES","og_type":"article","og_title":"Europe\u00edstas - ASAJA Le\u00f3n","og_description":"Siempre que se produce un acto de protesta, la autoridad gubernamental trata de deslegitimar a los convocantes, y as\u00ed lo hizo de nuevo el ministro de","og_url":"https:\/\/www.asajacyl.com\/leon\/asaja-leon-informa\/opinion-asaja\/europeistas","og_site_name":"ASAJA Le\u00f3n","article_published_time":"2023-09-08T07:16:03+00:00","article_modified_time":"2023-09-08T07:16:06+00:00","og_image":[{"width":1024,"height":768,"url":"https:\/\/www.asajacyl.com\/leon\/wp-content\/uploads\/sites\/6\/2023\/09\/protesta-cordoba-21.jpg","type":"image\/jpeg"}],"author":"Eduardo","twitter_card":"summary_large_image","twitter_misc":{"Escrito por":"Eduardo","Tiempo de lectura":"2 minutos"},"schema":{"@context":"https:\/\/schema.org","@graph":[{"@type":"WebPage","@id":"https:\/\/www.asajacyl.com\/leon\/asaja-leon-informa\/opinion-asaja\/europeistas","url":"https:\/\/www.asajacyl.com\/leon\/asaja-leon-informa\/opinion-asaja\/europeistas","name":"Europe\u00edstas - ASAJA Le\u00f3n","isPartOf":{"@id":"https:\/\/www.asajacyl.com\/leon\/#website"},"primaryImageOfPage":{"@id":"https:\/\/www.asajacyl.com\/leon\/asaja-leon-informa\/opinion-asaja\/europeistas#primaryimage"},"image":{"@id":"https:\/\/www.asajacyl.com\/leon\/asaja-leon-informa\/opinion-asaja\/europeistas#primaryimage"},"thumbnailUrl":"https:\/\/www.asajacyl.com\/leon\/wp-content\/uploads\/sites\/6\/2023\/09\/protesta-cordoba-21.jpg","datePublished":"2023-09-08T07:16:03+00:00","dateModified":"2023-09-08T07:16:06+00:00","author":{"@id":"https:\/\/www.asajacyl.com\/leon\/#\/schema\/person\/a39ff3609fc182e4c789ab486e865d32"},"description":"Siempre que se produce un acto de protesta, la autoridad gubernamental trata de deslegitimar a los convocantes, y as\u00ed lo hizo de nuevo el ministro de","breadcrumb":{"@id":"https:\/\/www.asajacyl.com\/leon\/asaja-leon-informa\/opinion-asaja\/europeistas#breadcrumb"},"inLanguage":"es","potentialAction":[{"@type":"ReadAction","target":["https:\/\/www.asajacyl.com\/leon\/asaja-leon-informa\/opinion-asaja\/europeistas"]}]},{"@type":"ImageObject","inLanguage":"es","@id":"https:\/\/www.asajacyl.com\/leon\/asaja-leon-informa\/opinion-asaja\/europeistas#primaryimage","url":"https:\/\/www.asajacyl.com\/leon\/wp-content\/uploads\/sites\/6\/2023\/09\/protesta-cordoba-21.jpg","contentUrl":"https:\/\/www.asajacyl.com\/leon\/wp-content\/uploads\/sites\/6\/2023\/09\/protesta-cordoba-21.jpg","width":1024,"height":768},{"@type":"BreadcrumbList","@id":"https:\/\/www.asajacyl.com\/leon\/asaja-leon-informa\/opinion-asaja\/europeistas#breadcrumb","itemListElement":[{"@type":"ListItem","position":1,"name":"Portada","item":"https:\/\/www.asajacyl.com\/leon\/"},{"@type":"ListItem","position":2,"name":"Europe\u00edstas"}]},{"@type":"WebSite","@id":"https:\/\/www.asajacyl.com\/leon\/#website","url":"https:\/\/www.asajacyl.com\/leon\/","name":"ASAJA Le\u00f3n","description":"Otro sitio m\u00e1s de Provincias ASAJA Castilla y Le\u00f3n","potentialAction":[{"@type":"SearchAction","target":{"@type":"EntryPoint","urlTemplate":"https:\/\/www.asajacyl.com\/leon\/?s={search_term_string}"},"query-input":{"@type":"PropertyValueSpecification","valueRequired":true,"valueName":"search_term_string"}}],"inLanguage":"es"},{"@type":"Person","@id":"https:\/\/www.asajacyl.com\/leon\/#\/schema\/person\/a39ff3609fc182e4c789ab486e865d32","name":"Eduardo","image":{"@type":"ImageObject","inLanguage":"es","@id":"https:\/\/www.asajacyl.com\/leon\/#\/schema\/person\/image\/","url":"https:\/\/secure.gravatar.com\/avatar\/9ebd6aba21d817dcf9595bc9ca505af5?s=96&d=mm&r=g","contentUrl":"https:\/\/secure.gravatar.com\/avatar\/9ebd6aba21d817dcf9595bc9ca505af5?s=96&d=mm&r=g","caption":"Eduardo"},"url":"https:\/\/www.asajacyl.com\/leon\/author\/eduardovv"}]}},"_links":{"self":[{"href":"https:\/\/www.asajacyl.com\/leon\/wp-json\/wp\/v2\/posts\/14612"}],"collection":[{"href":"https:\/\/www.asajacyl.com\/leon\/wp-json\/wp\/v2\/posts"}],"about":[{"href":"https:\/\/www.asajacyl.com\/leon\/wp-json\/wp\/v2\/types\/post"}],"author":[{"embeddable":true,"href":"https:\/\/www.asajacyl.com\/leon\/wp-json\/wp\/v2\/users\/8"}],"replies":[{"embeddable":true,"href":"https:\/\/www.asajacyl.com\/leon\/wp-json\/wp\/v2\/comments?post=14612"}],"version-history":[{"count":1,"href":"https:\/\/www.asajacyl.com\/leon\/wp-json\/wp\/v2\/posts\/14612\/revisions"}],"predecessor-version":[{"id":14614,"href":"https:\/\/www.asajacyl.com\/leon\/wp-json\/wp\/v2\/posts\/14612\/revisions\/14614"}],"wp:featuredmedia":[{"embeddable":true,"href":"https:\/\/www.asajacyl.com\/leon\/wp-json\/wp\/v2\/media\/14613"}],"wp:attachment":[{"href":"https:\/\/www.asajacyl.com\/leon\/wp-json\/wp\/v2\/media?parent=14612"}],"wp:term":[{"taxonomy":"category","embeddable":true,"href":"https:\/\/www.asajacyl.com\/leon\/wp-json\/wp\/v2\/categories?post=14612"},{"taxonomy":"post_tag","embeddable":true,"href":"https:\/\/www.asajacyl.com\/leon\/wp-json\/wp\/v2\/tags?post=14612"}],"curies":[{"name":"wp","href":"https:\/\/api.w.org\/{rel}","templated":true}]}}