{"id":15117,"date":"2024-02-15T08:44:48","date_gmt":"2024-02-15T07:44:48","guid":{"rendered":"https:\/\/www.asajacyl.com\/leon\/?p=15117"},"modified":"2024-02-15T08:46:14","modified_gmt":"2024-02-15T07:46:14","slug":"reivindicaciones-en-las-movilizaciones-de-agricultores-y-ganaderos-de-en-la-provincia-de-leon","status":"publish","type":"post","link":"https:\/\/www.asajacyl.com\/leon\/servicios-socio\/reivindicaciones-en-las-movilizaciones-de-agricultores-y-ganaderos-de-en-la-provincia-de-leon","title":{"rendered":"Reivindicaciones en las movilizaciones de agricultores y ganaderos en la provincia de Le\u00f3n"},"content":{"rendered":"\n<ul>\n<li>Pedimos una revisi\u00f3n del <strong>Plan Estrat\u00e9gico de la PAC<\/strong> para Espa\u00f1a para flexibilizar las exigencias medioambientales, y en particular eliminar el barbecho, la rotaci\u00f3n y la diversificaci\u00f3n de cultivos. Que no haya ninguna limitaci\u00f3n a la siembra de ma\u00edz.<\/li>\n<li>Pedimos <strong>reciprocidad en las relaciones comerciales<\/strong> con terceros pa\u00edses, exigiendo las mismas normas de producci\u00f3n y comercializaci\u00f3n que en la Uni\u00f3n Europea. Pedimos tratar a Ucrania como un pa\u00eds tercero y por lo tanto imponer cuotas y aranceles a sus exportaciones.<\/li>\n<li>Acabar con el <strong>oligopolio de los abonos<\/strong>, facilitando la importaci\u00f3n de terceros pa\u00edses, y dar apoyo normativo y econ\u00f3mico a la fertilizaci\u00f3n con abonado org\u00e1nico.<\/li>\n<li>Reducir los impuestos especiales y el IVA <strong>de los carburantes y de la electricidad<\/strong> y promover la libre competencia para que haya una bajada de los precios.<\/li>\n<li>Actuar a trav\u00e9s de la Ley de la Cadena Alimentaria para <strong>impedir la venta a p\u00e9rdidas y reforzar el papel del productor<\/strong> en la negociaci\u00f3n de los contratos.<\/li>\n<li>Revisi\u00f3n de toda la normativa en materia de <strong>sanidad y bienestar animal, tratamientos fitosanitarios y abonado<\/strong> de los suelos agr\u00edcolas.<\/li>\n<li>Pedimos la mejora de los pastos en los montes p\u00fablicos con desbroces y quemas controladas, prioridad en las adjudicaciones a los ganaderos locales o de la provincia, y la <strong>revisi\u00f3n del Sigpac para adecuar el coeficiente de subvencionabilidad en pastos a la realidad<\/strong>.<\/li>\n<li>Solicitamos <strong>que el lobo deje de ser especie especialmente protegida<\/strong> para que se puedan controlar los censos, y que se indemnicen la totalidad de los da\u00f1os que provoquen las especies salvajes en la caba\u00f1a ganadera y en los cultivos.<\/li>\n<li>Autorizar el uso de <strong>Nuevas T\u00e9cnicas Gen\u00e9ticas (NTG) y Organismo Modificados Gen\u00e9ticamente (OMG)<\/strong> para obtener productos m\u00e1s resistentes al cambio clim\u00e1tico y a las plagas y enfermedades, y facilitar el control de las malas<\/li>\n<li>Pedimos respuestas r\u00e1pidas y eficaces en la autorizaci\u00f3n de productos fitosanitarios para combatir plagas y enfermedades de <strong>cultivos menores<\/strong> como el l\u00fapulo o las alubias, permitiendo tratamientos con productos usados para otros cultivos y con productos autorizados en otros pa\u00edses de la Uni\u00f3n Europea. Dotaci\u00f3n presupuestaria para que las administraciones afronten las autorizaciones.<\/li>\n<li>Pedimos <strong>planes de sanidad animal<\/strong> que afronten los retos de las enfermedades tradicionales, como la tuberculosis bovina, y las nuevas enfermedades como la EHE, consensuados entre el Estado y las comunidades aut\u00f3nomas, dando prioridad a las medidas preventivas (vacunaci\u00f3n), y compensando al ganadero, por la v\u00eda del seguro u otras v\u00edas, de la totalidad de las p\u00e9rdidas que le ocasionen.<\/li>\n<li>Normalizar todas las <strong>ayudas a la modernizaci\u00f3n de explotaciones<\/strong>, dotarlas de fondos para que la subvenci\u00f3n base alcance el 40% del coste real de la inversi\u00f3n, y priorizar la medida en el agricultor profesional.<\/li>\n<li>Elevar a 350.000 euros el importe m\u00e1ximo de facturaci\u00f3n para permanecer en el <strong>sistema de m\u00f3dulos fiscales<\/strong> de la agricultura.<\/li>\n<li><strong>Derogar el Plan Hidrol\u00f3gico de la Cuenca del Duero<\/strong> y negociar uno nuevo que cuente con el consenso del sector y de todas las administraciones agrarias implicadas.<\/li>\n<li>Un plan ambicioso para <strong>cerrar el mapa de la modernizaci\u00f3n del regad\u00edo y de los nuevos regad\u00edos<\/strong> en la provincia de Le\u00f3n, as\u00ed como un plan de inversiones para aumentar la capacidad de agua embalsada.<\/li>\n<li>Pedimos un <strong>ambicioso plan de seguros agrarios<\/strong> en el que se asegure por la producci\u00f3n real esperada, se indemnice el cien por cien de los da\u00f1os del siniestro y se subvencionen las p\u00f3lizas con los importes m\u00e1ximos permitidos por la Uni\u00f3n Europea.<\/li>\n<li>Pedimos legislaci\u00f3n que proteja de forma estricta nuestras tierras agr\u00edcolas y de pastos de los proyectos de <strong>macro parques fotovoltaicos<\/strong> y de sus l\u00edneas de evacuaci\u00f3n.<\/li>\n<\/ul>\n<p>\u00a0<\/p>\n<p>Le\u00f3n, 29 de enero de 2024.<\/p>\n","protected":false},"excerpt":{"rendered":"<p>Pedimos una revisi\u00f3n del Plan Estrat\u00e9gico de la PAC para Espa\u00f1a para flexibilizar las exigencias medioambientales, y en particular eliminar el barbecho, la rotaci\u00f3n y la diversificaci\u00f3n de cultivos. Que no haya ninguna limitaci\u00f3n a la siembra de ma\u00edz. Pedimos reciprocidad en las relaciones comerciales con terceros pa\u00edses, exigiendo las mismas normas de producci\u00f3n y [&hellip;]<\/p>\n","protected":false},"author":8,"featured_media":6542,"comment_status":"open","ping_status":"open","sticky":false,"template":"","format":"standard","meta":{"footnotes":""},"categories":[12,5],"tags":[],"yoast_head":"<!-- This site is optimized with the Yoast SEO plugin v24.5 - https:\/\/yoast.com\/wordpress\/plugins\/seo\/ -->\n<title>Reivindicaciones en las movilizaciones de agricultores y ganaderos en la provincia de Le\u00f3n - ASAJA Le\u00f3n<\/title>\n<meta name=\"description\" content=\"Pedimos una revisi\u00f3n del Plan Estrat\u00e9gico de la PAC para Espa\u00f1a para flexibilizar las exigencias medioambientales, y en particular eliminar el barbecho,\" \/>\n<meta name=\"robots\" content=\"index, follow, max-snippet:-1, max-image-preview:large, max-video-preview:-1\" \/>\n<link rel=\"canonical\" href=\"https:\/\/www.asajacyl.com\/leon\/servicios-socio\/reivindicaciones-en-las-movilizaciones-de-agricultores-y-ganaderos-de-en-la-provincia-de-leon\" \/>\n<meta property=\"og:locale\" content=\"es_ES\" \/>\n<meta property=\"og:type\" content=\"article\" \/>\n<meta property=\"og:title\" content=\"Reivindicaciones en las movilizaciones de agricultores y ganaderos en la provincia de Le\u00f3n - ASAJA Le\u00f3n\" \/>\n<meta property=\"og:description\" content=\"Pedimos una revisi\u00f3n del Plan Estrat\u00e9gico de la PAC para Espa\u00f1a para flexibilizar las exigencias medioambientales, y en particular eliminar el barbecho,\" \/>\n<meta property=\"og:url\" content=\"https:\/\/www.asajacyl.com\/leon\/servicios-socio\/reivindicaciones-en-las-movilizaciones-de-agricultores-y-ganaderos-de-en-la-provincia-de-leon\" \/>\n<meta property=\"og:site_name\" content=\"ASAJA Le\u00f3n\" \/>\n<meta property=\"article:published_time\" content=\"2024-02-15T07:44:48+00:00\" \/>\n<meta property=\"article:modified_time\" content=\"2024-02-15T07:46:14+00:00\" \/>\n<meta property=\"og:image\" content=\"https:\/\/www.asajacyl.com\/leon\/wp-content\/uploads\/sites\/6\/2017\/11\/logotipo_272x92.png\" \/>\n\t<meta property=\"og:image:width\" content=\"272\" \/>\n\t<meta property=\"og:image:height\" content=\"92\" \/>\n\t<meta property=\"og:image:type\" content=\"image\/png\" \/>\n<meta name=\"author\" content=\"Eduardo\" \/>\n<meta name=\"twitter:card\" content=\"summary_large_image\" \/>\n<meta name=\"twitter:label1\" content=\"Escrito por\" \/>\n\t<meta name=\"twitter:data1\" content=\"Eduardo\" \/>\n\t<meta name=\"twitter:label2\" content=\"Tiempo de lectura\" \/>\n\t<meta name=\"twitter:data2\" content=\"3 minutos\" \/>\n<script type=\"application\/ld+json\" class=\"yoast-schema-graph\">{\"@context\":\"https:\/\/schema.org\",\"@graph\":[{\"@type\":\"WebPage\",\"@id\":\"https:\/\/www.asajacyl.com\/leon\/servicios-socio\/reivindicaciones-en-las-movilizaciones-de-agricultores-y-ganaderos-de-en-la-provincia-de-leon\",\"url\":\"https:\/\/www.asajacyl.com\/leon\/servicios-socio\/reivindicaciones-en-las-movilizaciones-de-agricultores-y-ganaderos-de-en-la-provincia-de-leon\",\"name\":\"Reivindicaciones en las movilizaciones de agricultores y ganaderos en la provincia de Le\u00f3n - ASAJA Le\u00f3n\",\"isPartOf\":{\"@id\":\"https:\/\/www.asajacyl.com\/leon\/#website\"},\"primaryImageOfPage\":{\"@id\":\"https:\/\/www.asajacyl.com\/leon\/servicios-socio\/reivindicaciones-en-las-movilizaciones-de-agricultores-y-ganaderos-de-en-la-provincia-de-leon#primaryimage\"},\"image\":{\"@id\":\"https:\/\/www.asajacyl.com\/leon\/servicios-socio\/reivindicaciones-en-las-movilizaciones-de-agricultores-y-ganaderos-de-en-la-provincia-de-leon#primaryimage\"},\"thumbnailUrl\":\"https:\/\/www.asajacyl.com\/leon\/wp-content\/uploads\/sites\/6\/2017\/11\/logotipo_272x92.png\",\"datePublished\":\"2024-02-15T07:44:48+00:00\",\"dateModified\":\"2024-02-15T07:46:14+00:00\",\"author\":{\"@id\":\"https:\/\/www.asajacyl.com\/leon\/#\/schema\/person\/a39ff3609fc182e4c789ab486e865d32\"},\"description\":\"Pedimos una revisi\u00f3n del Plan Estrat\u00e9gico de la PAC para Espa\u00f1a para flexibilizar las exigencias medioambientales, y en particular eliminar el barbecho,\",\"breadcrumb\":{\"@id\":\"https:\/\/www.asajacyl.com\/leon\/servicios-socio\/reivindicaciones-en-las-movilizaciones-de-agricultores-y-ganaderos-de-en-la-provincia-de-leon#breadcrumb\"},\"inLanguage\":\"es\",\"potentialAction\":[{\"@type\":\"ReadAction\",\"target\":[\"https:\/\/www.asajacyl.com\/leon\/servicios-socio\/reivindicaciones-en-las-movilizaciones-de-agricultores-y-ganaderos-de-en-la-provincia-de-leon\"]}]},{\"@type\":\"ImageObject\",\"inLanguage\":\"es\",\"@id\":\"https:\/\/www.asajacyl.com\/leon\/servicios-socio\/reivindicaciones-en-las-movilizaciones-de-agricultores-y-ganaderos-de-en-la-provincia-de-leon#primaryimage\",\"url\":\"https:\/\/www.asajacyl.com\/leon\/wp-content\/uploads\/sites\/6\/2017\/11\/logotipo_272x92.png\",\"contentUrl\":\"https:\/\/www.asajacyl.com\/leon\/wp-content\/uploads\/sites\/6\/2017\/11\/logotipo_272x92.png\",\"width\":272,\"height\":92,\"caption\":\"Logotipo ASAJA Le\u00f3n\"},{\"@type\":\"BreadcrumbList\",\"@id\":\"https:\/\/www.asajacyl.com\/leon\/servicios-socio\/reivindicaciones-en-las-movilizaciones-de-agricultores-y-ganaderos-de-en-la-provincia-de-leon#breadcrumb\",\"itemListElement\":[{\"@type\":\"ListItem\",\"position\":1,\"name\":\"Portada\",\"item\":\"https:\/\/www.asajacyl.com\/leon\/\"},{\"@type\":\"ListItem\",\"position\":2,\"name\":\"Reivindicaciones en las movilizaciones de agricultores y ganaderos en la provincia de Le\u00f3n\"}]},{\"@type\":\"WebSite\",\"@id\":\"https:\/\/www.asajacyl.com\/leon\/#website\",\"url\":\"https:\/\/www.asajacyl.com\/leon\/\",\"name\":\"ASAJA Le\u00f3n\",\"description\":\"Otro sitio m\u00e1s de Provincias ASAJA Castilla y Le\u00f3n\",\"potentialAction\":[{\"@type\":\"SearchAction\",\"target\":{\"@type\":\"EntryPoint\",\"urlTemplate\":\"https:\/\/www.asajacyl.com\/leon\/?s={search_term_string}\"},\"query-input\":{\"@type\":\"PropertyValueSpecification\",\"valueRequired\":true,\"valueName\":\"search_term_string\"}}],\"inLanguage\":\"es\"},{\"@type\":\"Person\",\"@id\":\"https:\/\/www.asajacyl.com\/leon\/#\/schema\/person\/a39ff3609fc182e4c789ab486e865d32\",\"name\":\"Eduardo\",\"image\":{\"@type\":\"ImageObject\",\"inLanguage\":\"es\",\"@id\":\"https:\/\/www.asajacyl.com\/leon\/#\/schema\/person\/image\/\",\"url\":\"https:\/\/secure.gravatar.com\/avatar\/9ebd6aba21d817dcf9595bc9ca505af5?s=96&d=mm&r=g\",\"contentUrl\":\"https:\/\/secure.gravatar.com\/avatar\/9ebd6aba21d817dcf9595bc9ca505af5?s=96&d=mm&r=g\",\"caption\":\"Eduardo\"},\"url\":\"https:\/\/www.asajacyl.com\/leon\/author\/eduardovv\"}]}<\/script>\n<!-- \/ Yoast SEO plugin. -->","yoast_head_json":{"title":"Reivindicaciones en las movilizaciones de agricultores y ganaderos en la provincia de Le\u00f3n - ASAJA Le\u00f3n","description":"Pedimos una revisi\u00f3n del Plan Estrat\u00e9gico de la PAC para Espa\u00f1a para flexibilizar las exigencias medioambientales, y en particular eliminar el barbecho,","robots":{"index":"index","follow":"follow","max-snippet":"max-snippet:-1","max-image-preview":"max-image-preview:large","max-video-preview":"max-video-preview:-1"},"canonical":"https:\/\/www.asajacyl.com\/leon\/servicios-socio\/reivindicaciones-en-las-movilizaciones-de-agricultores-y-ganaderos-de-en-la-provincia-de-leon","og_locale":"es_ES","og_type":"article","og_title":"Reivindicaciones en las movilizaciones de agricultores y ganaderos en la provincia de Le\u00f3n - ASAJA Le\u00f3n","og_description":"Pedimos una revisi\u00f3n del Plan Estrat\u00e9gico de la PAC para Espa\u00f1a para flexibilizar las exigencias medioambientales, y en particular eliminar el barbecho,","og_url":"https:\/\/www.asajacyl.com\/leon\/servicios-socio\/reivindicaciones-en-las-movilizaciones-de-agricultores-y-ganaderos-de-en-la-provincia-de-leon","og_site_name":"ASAJA Le\u00f3n","article_published_time":"2024-02-15T07:44:48+00:00","article_modified_time":"2024-02-15T07:46:14+00:00","og_image":[{"width":272,"height":92,"url":"https:\/\/www.asajacyl.com\/leon\/wp-content\/uploads\/sites\/6\/2017\/11\/logotipo_272x92.png","type":"image\/png"}],"author":"Eduardo","twitter_card":"summary_large_image","twitter_misc":{"Escrito por":"Eduardo","Tiempo de lectura":"3 minutos"},"schema":{"@context":"https:\/\/schema.org","@graph":[{"@type":"WebPage","@id":"https:\/\/www.asajacyl.com\/leon\/servicios-socio\/reivindicaciones-en-las-movilizaciones-de-agricultores-y-ganaderos-de-en-la-provincia-de-leon","url":"https:\/\/www.asajacyl.com\/leon\/servicios-socio\/reivindicaciones-en-las-movilizaciones-de-agricultores-y-ganaderos-de-en-la-provincia-de-leon","name":"Reivindicaciones en las movilizaciones de agricultores y ganaderos en la provincia de Le\u00f3n - ASAJA Le\u00f3n","isPartOf":{"@id":"https:\/\/www.asajacyl.com\/leon\/#website"},"primaryImageOfPage":{"@id":"https:\/\/www.asajacyl.com\/leon\/servicios-socio\/reivindicaciones-en-las-movilizaciones-de-agricultores-y-ganaderos-de-en-la-provincia-de-leon#primaryimage"},"image":{"@id":"https:\/\/www.asajacyl.com\/leon\/servicios-socio\/reivindicaciones-en-las-movilizaciones-de-agricultores-y-ganaderos-de-en-la-provincia-de-leon#primaryimage"},"thumbnailUrl":"https:\/\/www.asajacyl.com\/leon\/wp-content\/uploads\/sites\/6\/2017\/11\/logotipo_272x92.png","datePublished":"2024-02-15T07:44:48+00:00","dateModified":"2024-02-15T07:46:14+00:00","author":{"@id":"https:\/\/www.asajacyl.com\/leon\/#\/schema\/person\/a39ff3609fc182e4c789ab486e865d32"},"description":"Pedimos una revisi\u00f3n del Plan Estrat\u00e9gico de la PAC para Espa\u00f1a para flexibilizar las exigencias medioambientales, y en particular eliminar el barbecho,","breadcrumb":{"@id":"https:\/\/www.asajacyl.com\/leon\/servicios-socio\/reivindicaciones-en-las-movilizaciones-de-agricultores-y-ganaderos-de-en-la-provincia-de-leon#breadcrumb"},"inLanguage":"es","potentialAction":[{"@type":"ReadAction","target":["https:\/\/www.asajacyl.com\/leon\/servicios-socio\/reivindicaciones-en-las-movilizaciones-de-agricultores-y-ganaderos-de-en-la-provincia-de-leon"]}]},{"@type":"ImageObject","inLanguage":"es","@id":"https:\/\/www.asajacyl.com\/leon\/servicios-socio\/reivindicaciones-en-las-movilizaciones-de-agricultores-y-ganaderos-de-en-la-provincia-de-leon#primaryimage","url":"https:\/\/www.asajacyl.com\/leon\/wp-content\/uploads\/sites\/6\/2017\/11\/logotipo_272x92.png","contentUrl":"https:\/\/www.asajacyl.com\/leon\/wp-content\/uploads\/sites\/6\/2017\/11\/logotipo_272x92.png","width":272,"height":92,"caption":"Logotipo ASAJA Le\u00f3n"},{"@type":"BreadcrumbList","@id":"https:\/\/www.asajacyl.com\/leon\/servicios-socio\/reivindicaciones-en-las-movilizaciones-de-agricultores-y-ganaderos-de-en-la-provincia-de-leon#breadcrumb","itemListElement":[{"@type":"ListItem","position":1,"name":"Portada","item":"https:\/\/www.asajacyl.com\/leon\/"},{"@type":"ListItem","position":2,"name":"Reivindicaciones en las movilizaciones de agricultores y ganaderos en la provincia de Le\u00f3n"}]},{"@type":"WebSite","@id":"https:\/\/www.asajacyl.com\/leon\/#website","url":"https:\/\/www.asajacyl.com\/leon\/","name":"ASAJA Le\u00f3n","description":"Otro sitio m\u00e1s de Provincias ASAJA Castilla y Le\u00f3n","potentialAction":[{"@type":"SearchAction","target":{"@type":"EntryPoint","urlTemplate":"https:\/\/www.asajacyl.com\/leon\/?s={search_term_string}"},"query-input":{"@type":"PropertyValueSpecification","valueRequired":true,"valueName":"search_term_string"}}],"inLanguage":"es"},{"@type":"Person","@id":"https:\/\/www.asajacyl.com\/leon\/#\/schema\/person\/a39ff3609fc182e4c789ab486e865d32","name":"Eduardo","image":{"@type":"ImageObject","inLanguage":"es","@id":"https:\/\/www.asajacyl.com\/leon\/#\/schema\/person\/image\/","url":"https:\/\/secure.gravatar.com\/avatar\/9ebd6aba21d817dcf9595bc9ca505af5?s=96&d=mm&r=g","contentUrl":"https:\/\/secure.gravatar.com\/avatar\/9ebd6aba21d817dcf9595bc9ca505af5?s=96&d=mm&r=g","caption":"Eduardo"},"url":"https:\/\/www.asajacyl.com\/leon\/author\/eduardovv"}]}},"_links":{"self":[{"href":"https:\/\/www.asajacyl.com\/leon\/wp-json\/wp\/v2\/posts\/15117"}],"collection":[{"href":"https:\/\/www.asajacyl.com\/leon\/wp-json\/wp\/v2\/posts"}],"about":[{"href":"https:\/\/www.asajacyl.com\/leon\/wp-json\/wp\/v2\/types\/post"}],"author":[{"embeddable":true,"href":"https:\/\/www.asajacyl.com\/leon\/wp-json\/wp\/v2\/users\/8"}],"replies":[{"embeddable":true,"href":"https:\/\/www.asajacyl.com\/leon\/wp-json\/wp\/v2\/comments?post=15117"}],"version-history":[{"count":2,"href":"https:\/\/www.asajacyl.com\/leon\/wp-json\/wp\/v2\/posts\/15117\/revisions"}],"predecessor-version":[{"id":15119,"href":"https:\/\/www.asajacyl.com\/leon\/wp-json\/wp\/v2\/posts\/15117\/revisions\/15119"}],"wp:featuredmedia":[{"embeddable":true,"href":"https:\/\/www.asajacyl.com\/leon\/wp-json\/wp\/v2\/media\/6542"}],"wp:attachment":[{"href":"https:\/\/www.asajacyl.com\/leon\/wp-json\/wp\/v2\/media?parent=15117"}],"wp:term":[{"taxonomy":"category","embeddable":true,"href":"https:\/\/www.asajacyl.com\/leon\/wp-json\/wp\/v2\/categories?post=15117"},{"taxonomy":"post_tag","embeddable":true,"href":"https:\/\/www.asajacyl.com\/leon\/wp-json\/wp\/v2\/tags?post=15117"}],"curies":[{"name":"wp","href":"https:\/\/api.w.org\/{rel}","templated":true}]}}