{"id":15233,"date":"2024-03-22T17:06:26","date_gmt":"2024-03-22T16:06:26","guid":{"rendered":"https:\/\/www.asajacyl.com\/leon\/?p=15233"},"modified":"2024-03-22T17:07:56","modified_gmt":"2024-03-22T16:07:56","slug":"llegar-a-tiempo","status":"publish","type":"post","link":"https:\/\/www.asajacyl.com\/leon\/sin-categoria\/llegar-a-tiempo","title":{"rendered":"Llegar a tiempo"},"content":{"rendered":"\n<p>Doy por bueno, mal que me pese, ese refr\u00e1n popular que dice que \u201cvale m\u00e1s llegar a tiempo que rondar un a\u00f1o\u201d. Porque hasta ahora, \u00a0no hemos encontrado m\u00e1s que puertas cerradas cuando hemos pretendido cambiar la Pol\u00edtica Agraria Comunitaria (PAC), y tanto al dirigirnos a la administraci\u00f3n de la Junta, como a la del Estado, como a la de la Uni\u00f3n Europea. Planteamientos inamovibles con el pretexto de que las medidas que se propon\u00edan ten\u00edan como finalidad la lucha contra el cambio clim\u00e1tico, la conservaci\u00f3n del medio ambiente, o el indiscutible bienestar animal. Lo que era un dogma inamovible se ha convertido, en algunos casos, en algo tan ef\u00edmero que apenas ha durado un a\u00f1o, y ahora se cambia por la v\u00eda de urgencia aplic\u00e1ndolo incluso con retroactividad. El motivo, las protestas del campo en gran parte de Europa, incluida Espa\u00f1a, el fin de legislatura y por lo tano el estar en puertas a unas elecciones al Parlamento Europeo, y tambi\u00e9n y sobre todo, el miedo a que esas quejas del campo las abanderen partidos de extrema derecha que en muchos casos cuestionan el proyecto comunitario. Es evidente que el comisario de\u00a0 Agricultura, Janusz Wojciechowski, es sospechoso de apuntarse a los movimientos populistas, y como le ocurre a nuestro consejero de Agricultura en Castilla y Le\u00f3n, Gerardo Due\u00f1as, critica el sistema siendo \u00e9l pate del sistema, siendo \u00e9l qui\u00e9n toma las decisiones. La p\u00e9rdida de confianza, y el hecho de ser fin de legislatura (en otras circunstancias no se hubiera atrevido) es lo que llev\u00f3 a la presidenta de la Comisi\u00f3n, Ursula von der Leyen, a coger las riendas de la negociaci\u00f3n y estar dispuesta a aceptar cambios en aquello que m\u00e1s lesivo estaba siendo en cada pa\u00eds para sus agricultores. Lo que era imposible cambiar se ha cambiado de la noche a la ma\u00f1ana, suscitando el consenso del Parlamento, de la Comisi\u00f3n, del Consejo, y por lo que vamos viendo, sin gran oposici\u00f3n del movimiento verde europeo. Peque\u00f1os cambios que facilitan la vida de nuestros agricultores y ganaderos haciendo m\u00e1s f\u00e1cil su trabajo y ser m\u00e1s competitivos.<\/p>\n<p>*Art\u00edculo de opini\u00f3n de Jos\u00e9 Antonio Turrado Fern\u00e1ndez publicado en La Nueva Cr\u00f3nica del viernes 22 de marzo de 2024.<\/p>\n","protected":false},"excerpt":{"rendered":"<p>Doy por bueno, mal que me pese, ese refr\u00e1n popular que dice que \u201cvale m\u00e1s llegar a tiempo que rondar un a\u00f1o\u201d. Porque hasta ahora, \u00a0no hemos encontrado m\u00e1s que puertas cerradas cuando hemos pretendido cambiar la Pol\u00edtica Agraria Comunitaria (PAC), y tanto al dirigirnos a la administraci\u00f3n de la Junta, como a la del [&hellip;]<\/p>\n","protected":false},"author":8,"featured_media":15236,"comment_status":"open","ping_status":"open","sticky":false,"template":"","format":"standard","meta":{"footnotes":""},"categories":[4,11,1],"tags":[],"yoast_head":"<!-- This site is optimized with the Yoast SEO plugin v24.5 - https:\/\/yoast.com\/wordpress\/plugins\/seo\/ -->\n<title>Llegar a tiempo - ASAJA Le\u00f3n<\/title>\n<meta name=\"description\" content=\"Doy por bueno, mal que me pese, ese refr\u00e1n popular que dice que \u201cvale m\u00e1s llegar a tiempo que rondar un a\u00f1o\u201d. Porque hasta ahora, \u00a0no hemos encontrado m\u00e1s\" \/>\n<meta name=\"robots\" content=\"index, follow, max-snippet:-1, max-image-preview:large, max-video-preview:-1\" \/>\n<link rel=\"canonical\" href=\"https:\/\/www.asajacyl.com\/leon\/sin-categoria\/llegar-a-tiempo\" \/>\n<meta property=\"og:locale\" content=\"es_ES\" \/>\n<meta property=\"og:type\" content=\"article\" \/>\n<meta property=\"og:title\" content=\"Llegar a tiempo - ASAJA Le\u00f3n\" \/>\n<meta property=\"og:description\" content=\"Doy por bueno, mal que me pese, ese refr\u00e1n popular que dice que \u201cvale m\u00e1s llegar a tiempo que rondar un a\u00f1o\u201d. Porque hasta ahora, \u00a0no hemos encontrado m\u00e1s\" \/>\n<meta property=\"og:url\" content=\"https:\/\/www.asajacyl.com\/leon\/sin-categoria\/llegar-a-tiempo\" \/>\n<meta property=\"og:site_name\" content=\"ASAJA Le\u00f3n\" \/>\n<meta property=\"article:published_time\" content=\"2024-03-22T16:06:26+00:00\" \/>\n<meta property=\"article:modified_time\" content=\"2024-03-22T16:07:56+00:00\" \/>\n<meta property=\"og:image\" content=\"https:\/\/www.asajacyl.com\/leon\/wp-content\/uploads\/sites\/6\/2024\/03\/7646d0c5-9655-41de-a388-ae5a41d636cb_16-9-discover-aspect-ratio_default_0.jpg\" \/>\n\t<meta property=\"og:image:width\" content=\"1200\" \/>\n\t<meta property=\"og:image:height\" content=\"675\" \/>\n\t<meta property=\"og:image:type\" content=\"image\/jpeg\" \/>\n<meta name=\"author\" content=\"Eduardo\" \/>\n<meta name=\"twitter:card\" content=\"summary_large_image\" \/>\n<meta name=\"twitter:label1\" content=\"Escrito por\" \/>\n\t<meta name=\"twitter:data1\" content=\"Eduardo\" \/>\n\t<meta name=\"twitter:label2\" content=\"Tiempo de lectura\" \/>\n\t<meta name=\"twitter:data2\" content=\"2 minutos\" \/>\n<script type=\"application\/ld+json\" class=\"yoast-schema-graph\">{\"@context\":\"https:\/\/schema.org\",\"@graph\":[{\"@type\":\"WebPage\",\"@id\":\"https:\/\/www.asajacyl.com\/leon\/sin-categoria\/llegar-a-tiempo\",\"url\":\"https:\/\/www.asajacyl.com\/leon\/sin-categoria\/llegar-a-tiempo\",\"name\":\"Llegar a tiempo - ASAJA Le\u00f3n\",\"isPartOf\":{\"@id\":\"https:\/\/www.asajacyl.com\/leon\/#website\"},\"primaryImageOfPage\":{\"@id\":\"https:\/\/www.asajacyl.com\/leon\/sin-categoria\/llegar-a-tiempo#primaryimage\"},\"image\":{\"@id\":\"https:\/\/www.asajacyl.com\/leon\/sin-categoria\/llegar-a-tiempo#primaryimage\"},\"thumbnailUrl\":\"https:\/\/www.asajacyl.com\/leon\/wp-content\/uploads\/sites\/6\/2024\/03\/7646d0c5-9655-41de-a388-ae5a41d636cb_16-9-discover-aspect-ratio_default_0.jpg\",\"datePublished\":\"2024-03-22T16:06:26+00:00\",\"dateModified\":\"2024-03-22T16:07:56+00:00\",\"author\":{\"@id\":\"https:\/\/www.asajacyl.com\/leon\/#\/schema\/person\/a39ff3609fc182e4c789ab486e865d32\"},\"description\":\"Doy por bueno, mal que me pese, ese refr\u00e1n popular que dice que \u201cvale m\u00e1s llegar a tiempo que rondar un a\u00f1o\u201d. Porque hasta ahora, \u00a0no hemos encontrado m\u00e1s\",\"breadcrumb\":{\"@id\":\"https:\/\/www.asajacyl.com\/leon\/sin-categoria\/llegar-a-tiempo#breadcrumb\"},\"inLanguage\":\"es\",\"potentialAction\":[{\"@type\":\"ReadAction\",\"target\":[\"https:\/\/www.asajacyl.com\/leon\/sin-categoria\/llegar-a-tiempo\"]}]},{\"@type\":\"ImageObject\",\"inLanguage\":\"es\",\"@id\":\"https:\/\/www.asajacyl.com\/leon\/sin-categoria\/llegar-a-tiempo#primaryimage\",\"url\":\"https:\/\/www.asajacyl.com\/leon\/wp-content\/uploads\/sites\/6\/2024\/03\/7646d0c5-9655-41de-a388-ae5a41d636cb_16-9-discover-aspect-ratio_default_0.jpg\",\"contentUrl\":\"https:\/\/www.asajacyl.com\/leon\/wp-content\/uploads\/sites\/6\/2024\/03\/7646d0c5-9655-41de-a388-ae5a41d636cb_16-9-discover-aspect-ratio_default_0.jpg\",\"width\":1200,\"height\":675},{\"@type\":\"BreadcrumbList\",\"@id\":\"https:\/\/www.asajacyl.com\/leon\/sin-categoria\/llegar-a-tiempo#breadcrumb\",\"itemListElement\":[{\"@type\":\"ListItem\",\"position\":1,\"name\":\"Portada\",\"item\":\"https:\/\/www.asajacyl.com\/leon\/\"},{\"@type\":\"ListItem\",\"position\":2,\"name\":\"Llegar a tiempo\"}]},{\"@type\":\"WebSite\",\"@id\":\"https:\/\/www.asajacyl.com\/leon\/#website\",\"url\":\"https:\/\/www.asajacyl.com\/leon\/\",\"name\":\"ASAJA Le\u00f3n\",\"description\":\"Otro sitio m\u00e1s de Provincias ASAJA Castilla y Le\u00f3n\",\"potentialAction\":[{\"@type\":\"SearchAction\",\"target\":{\"@type\":\"EntryPoint\",\"urlTemplate\":\"https:\/\/www.asajacyl.com\/leon\/?s={search_term_string}\"},\"query-input\":{\"@type\":\"PropertyValueSpecification\",\"valueRequired\":true,\"valueName\":\"search_term_string\"}}],\"inLanguage\":\"es\"},{\"@type\":\"Person\",\"@id\":\"https:\/\/www.asajacyl.com\/leon\/#\/schema\/person\/a39ff3609fc182e4c789ab486e865d32\",\"name\":\"Eduardo\",\"image\":{\"@type\":\"ImageObject\",\"inLanguage\":\"es\",\"@id\":\"https:\/\/www.asajacyl.com\/leon\/#\/schema\/person\/image\/\",\"url\":\"https:\/\/secure.gravatar.com\/avatar\/9ebd6aba21d817dcf9595bc9ca505af5?s=96&d=mm&r=g\",\"contentUrl\":\"https:\/\/secure.gravatar.com\/avatar\/9ebd6aba21d817dcf9595bc9ca505af5?s=96&d=mm&r=g\",\"caption\":\"Eduardo\"},\"url\":\"https:\/\/www.asajacyl.com\/leon\/author\/eduardovv\"}]}<\/script>\n<!-- \/ Yoast SEO plugin. -->","yoast_head_json":{"title":"Llegar a tiempo - ASAJA Le\u00f3n","description":"Doy por bueno, mal que me pese, ese refr\u00e1n popular que dice que \u201cvale m\u00e1s llegar a tiempo que rondar un a\u00f1o\u201d. Porque hasta ahora, \u00a0no hemos encontrado m\u00e1s","robots":{"index":"index","follow":"follow","max-snippet":"max-snippet:-1","max-image-preview":"max-image-preview:large","max-video-preview":"max-video-preview:-1"},"canonical":"https:\/\/www.asajacyl.com\/leon\/sin-categoria\/llegar-a-tiempo","og_locale":"es_ES","og_type":"article","og_title":"Llegar a tiempo - ASAJA Le\u00f3n","og_description":"Doy por bueno, mal que me pese, ese refr\u00e1n popular que dice que \u201cvale m\u00e1s llegar a tiempo que rondar un a\u00f1o\u201d. Porque hasta ahora, \u00a0no hemos encontrado m\u00e1s","og_url":"https:\/\/www.asajacyl.com\/leon\/sin-categoria\/llegar-a-tiempo","og_site_name":"ASAJA Le\u00f3n","article_published_time":"2024-03-22T16:06:26+00:00","article_modified_time":"2024-03-22T16:07:56+00:00","og_image":[{"width":1200,"height":675,"url":"https:\/\/www.asajacyl.com\/leon\/wp-content\/uploads\/sites\/6\/2024\/03\/7646d0c5-9655-41de-a388-ae5a41d636cb_16-9-discover-aspect-ratio_default_0.jpg","type":"image\/jpeg"}],"author":"Eduardo","twitter_card":"summary_large_image","twitter_misc":{"Escrito por":"Eduardo","Tiempo de lectura":"2 minutos"},"schema":{"@context":"https:\/\/schema.org","@graph":[{"@type":"WebPage","@id":"https:\/\/www.asajacyl.com\/leon\/sin-categoria\/llegar-a-tiempo","url":"https:\/\/www.asajacyl.com\/leon\/sin-categoria\/llegar-a-tiempo","name":"Llegar a tiempo - ASAJA Le\u00f3n","isPartOf":{"@id":"https:\/\/www.asajacyl.com\/leon\/#website"},"primaryImageOfPage":{"@id":"https:\/\/www.asajacyl.com\/leon\/sin-categoria\/llegar-a-tiempo#primaryimage"},"image":{"@id":"https:\/\/www.asajacyl.com\/leon\/sin-categoria\/llegar-a-tiempo#primaryimage"},"thumbnailUrl":"https:\/\/www.asajacyl.com\/leon\/wp-content\/uploads\/sites\/6\/2024\/03\/7646d0c5-9655-41de-a388-ae5a41d636cb_16-9-discover-aspect-ratio_default_0.jpg","datePublished":"2024-03-22T16:06:26+00:00","dateModified":"2024-03-22T16:07:56+00:00","author":{"@id":"https:\/\/www.asajacyl.com\/leon\/#\/schema\/person\/a39ff3609fc182e4c789ab486e865d32"},"description":"Doy por bueno, mal que me pese, ese refr\u00e1n popular que dice que \u201cvale m\u00e1s llegar a tiempo que rondar un a\u00f1o\u201d. Porque hasta ahora, \u00a0no hemos encontrado m\u00e1s","breadcrumb":{"@id":"https:\/\/www.asajacyl.com\/leon\/sin-categoria\/llegar-a-tiempo#breadcrumb"},"inLanguage":"es","potentialAction":[{"@type":"ReadAction","target":["https:\/\/www.asajacyl.com\/leon\/sin-categoria\/llegar-a-tiempo"]}]},{"@type":"ImageObject","inLanguage":"es","@id":"https:\/\/www.asajacyl.com\/leon\/sin-categoria\/llegar-a-tiempo#primaryimage","url":"https:\/\/www.asajacyl.com\/leon\/wp-content\/uploads\/sites\/6\/2024\/03\/7646d0c5-9655-41de-a388-ae5a41d636cb_16-9-discover-aspect-ratio_default_0.jpg","contentUrl":"https:\/\/www.asajacyl.com\/leon\/wp-content\/uploads\/sites\/6\/2024\/03\/7646d0c5-9655-41de-a388-ae5a41d636cb_16-9-discover-aspect-ratio_default_0.jpg","width":1200,"height":675},{"@type":"BreadcrumbList","@id":"https:\/\/www.asajacyl.com\/leon\/sin-categoria\/llegar-a-tiempo#breadcrumb","itemListElement":[{"@type":"ListItem","position":1,"name":"Portada","item":"https:\/\/www.asajacyl.com\/leon\/"},{"@type":"ListItem","position":2,"name":"Llegar a tiempo"}]},{"@type":"WebSite","@id":"https:\/\/www.asajacyl.com\/leon\/#website","url":"https:\/\/www.asajacyl.com\/leon\/","name":"ASAJA Le\u00f3n","description":"Otro sitio m\u00e1s de Provincias ASAJA Castilla y Le\u00f3n","potentialAction":[{"@type":"SearchAction","target":{"@type":"EntryPoint","urlTemplate":"https:\/\/www.asajacyl.com\/leon\/?s={search_term_string}"},"query-input":{"@type":"PropertyValueSpecification","valueRequired":true,"valueName":"search_term_string"}}],"inLanguage":"es"},{"@type":"Person","@id":"https:\/\/www.asajacyl.com\/leon\/#\/schema\/person\/a39ff3609fc182e4c789ab486e865d32","name":"Eduardo","image":{"@type":"ImageObject","inLanguage":"es","@id":"https:\/\/www.asajacyl.com\/leon\/#\/schema\/person\/image\/","url":"https:\/\/secure.gravatar.com\/avatar\/9ebd6aba21d817dcf9595bc9ca505af5?s=96&d=mm&r=g","contentUrl":"https:\/\/secure.gravatar.com\/avatar\/9ebd6aba21d817dcf9595bc9ca505af5?s=96&d=mm&r=g","caption":"Eduardo"},"url":"https:\/\/www.asajacyl.com\/leon\/author\/eduardovv"}]}},"_links":{"self":[{"href":"https:\/\/www.asajacyl.com\/leon\/wp-json\/wp\/v2\/posts\/15233"}],"collection":[{"href":"https:\/\/www.asajacyl.com\/leon\/wp-json\/wp\/v2\/posts"}],"about":[{"href":"https:\/\/www.asajacyl.com\/leon\/wp-json\/wp\/v2\/types\/post"}],"author":[{"embeddable":true,"href":"https:\/\/www.asajacyl.com\/leon\/wp-json\/wp\/v2\/users\/8"}],"replies":[{"embeddable":true,"href":"https:\/\/www.asajacyl.com\/leon\/wp-json\/wp\/v2\/comments?post=15233"}],"version-history":[{"count":1,"href":"https:\/\/www.asajacyl.com\/leon\/wp-json\/wp\/v2\/posts\/15233\/revisions"}],"predecessor-version":[{"id":15235,"href":"https:\/\/www.asajacyl.com\/leon\/wp-json\/wp\/v2\/posts\/15233\/revisions\/15235"}],"wp:featuredmedia":[{"embeddable":true,"href":"https:\/\/www.asajacyl.com\/leon\/wp-json\/wp\/v2\/media\/15236"}],"wp:attachment":[{"href":"https:\/\/www.asajacyl.com\/leon\/wp-json\/wp\/v2\/media?parent=15233"}],"wp:term":[{"taxonomy":"category","embeddable":true,"href":"https:\/\/www.asajacyl.com\/leon\/wp-json\/wp\/v2\/categories?post=15233"},{"taxonomy":"post_tag","embeddable":true,"href":"https:\/\/www.asajacyl.com\/leon\/wp-json\/wp\/v2\/tags?post=15233"}],"curies":[{"name":"wp","href":"https:\/\/api.w.org\/{rel}","templated":true}]}}