{"id":15360,"date":"2024-05-14T12:50:09","date_gmt":"2024-05-14T10:50:09","guid":{"rendered":"https:\/\/www.asajacyl.com\/leon\/?p=15360"},"modified":"2024-05-14T12:50:11","modified_gmt":"2024-05-14T10:50:11","slug":"festividad-san-isidro-labrador","status":"publish","type":"post","link":"https:\/\/www.asajacyl.com\/leon\/servicios-socio\/festividad-san-isidro-labrador","title":{"rendered":"Festividad San Isidro Labrador"},"content":{"rendered":"\n<p>Con motivo de la festividad de San Isidro Labrador, patrono de los agricultores,\u00a0 ma\u00f1ana mi\u00e9rcoles 15 de mayo, queremos felicitar a todos nuestros agricultores y\u00a0 ganaderos\u00a0 y desearles un buen a\u00f1o en producciones y en rentabilidad, pero sobre todo queremos desear salud y \u00e1nimo para seguir trabajando.<\/p>\n<p>Esta organizaci\u00f3n, que es de todos, sigue defendiendo los intereses del campo y de la ganader\u00eda con la misma fuerza de siempre, con m\u00e1s razones que nunca, y con absoluta independencia. En nuestras oficinas se siguen prestando los mejores servicios al sector, como bien pueden comprobar los que estos d\u00edas tramitan sus ayudas PAC, cumplen con sus obligaciones fiscales, o formalizan la p\u00f3liza de su seguro agrario, por citar algunos ejemplos. Para nuestros empleados ma\u00f1ana es d\u00eda de trabajo porque estas obligaciones no pueden esperar.<\/p>\n<p>Nuestra representaci\u00f3n institucional estar\u00e1 en la Misa en honor a San Isidro que retransmitir\u00e1 en directo La 8 de RTVCYL, a las 13:00 horas, desde la parroquia de Quintana de Rueda, y que ser\u00e1 oficiada por el Sr. Obispo de Le\u00f3n, Luis \u00c1ngel de las\u00a0 Heras.<\/p>\n<p>ASAJA. Le\u00f3n, 14 de mayo de 2024.<\/p>\n<p>Arsenio Garc\u00eda Vidal<\/p>\n<p>Jos\u00e9 Antonio Turrado<\/p>\n","protected":false},"excerpt":{"rendered":"<p>Con motivo de la festividad de San Isidro Labrador, patrono de los agricultores,\u00a0 ma\u00f1ana mi\u00e9rcoles 15 de mayo, queremos felicitar a todos nuestros agricultores y\u00a0 ganaderos\u00a0 y desearles un buen a\u00f1o en producciones y en rentabilidad, pero sobre todo queremos desear salud y \u00e1nimo para seguir trabajando. Esta organizaci\u00f3n, que es de todos, sigue defendiendo [&hellip;]<\/p>\n","protected":false},"author":8,"featured_media":15361,"comment_status":"open","ping_status":"open","sticky":false,"template":"","format":"standard","meta":{"footnotes":""},"categories":[12,5],"tags":[],"yoast_head":"<!-- This site is optimized with the Yoast SEO plugin v24.5 - https:\/\/yoast.com\/wordpress\/plugins\/seo\/ -->\n<title>Festividad San Isidro Labrador - ASAJA Le\u00f3n<\/title>\n<meta name=\"description\" content=\"Con motivo de la festividad de San Isidro Labrador, patrono de los agricultores,\u00a0 ma\u00f1ana mi\u00e9rcoles 15 de mayo, queremos felicitar a todos nuestros\" \/>\n<meta name=\"robots\" content=\"index, follow, max-snippet:-1, max-image-preview:large, max-video-preview:-1\" \/>\n<link rel=\"canonical\" href=\"https:\/\/www.asajacyl.com\/leon\/servicios-socio\/festividad-san-isidro-labrador\" \/>\n<meta property=\"og:locale\" content=\"es_ES\" \/>\n<meta property=\"og:type\" content=\"article\" \/>\n<meta property=\"og:title\" content=\"Festividad San Isidro Labrador - ASAJA Le\u00f3n\" \/>\n<meta property=\"og:description\" content=\"Con motivo de la festividad de San Isidro Labrador, patrono de los agricultores,\u00a0 ma\u00f1ana mi\u00e9rcoles 15 de mayo, queremos felicitar a todos nuestros\" \/>\n<meta property=\"og:url\" content=\"https:\/\/www.asajacyl.com\/leon\/servicios-socio\/festividad-san-isidro-labrador\" \/>\n<meta property=\"og:site_name\" content=\"ASAJA Le\u00f3n\" \/>\n<meta property=\"article:published_time\" content=\"2024-05-14T10:50:09+00:00\" \/>\n<meta property=\"article:modified_time\" content=\"2024-05-14T10:50:11+00:00\" \/>\n<meta property=\"og:image\" content=\"https:\/\/www.asajacyl.com\/leon\/wp-content\/uploads\/sites\/6\/2024\/05\/san-isidro.jpg\" \/>\n\t<meta property=\"og:image:width\" content=\"500\" \/>\n\t<meta property=\"og:image:height\" content=\"500\" \/>\n\t<meta property=\"og:image:type\" content=\"image\/jpeg\" \/>\n<meta name=\"author\" content=\"Eduardo\" \/>\n<meta name=\"twitter:card\" content=\"summary_large_image\" \/>\n<meta name=\"twitter:label1\" content=\"Escrito por\" \/>\n\t<meta name=\"twitter:data1\" content=\"Eduardo\" \/>\n\t<meta name=\"twitter:label2\" content=\"Tiempo de lectura\" \/>\n\t<meta name=\"twitter:data2\" content=\"2 minutos\" \/>\n<script type=\"application\/ld+json\" class=\"yoast-schema-graph\">{\"@context\":\"https:\/\/schema.org\",\"@graph\":[{\"@type\":\"WebPage\",\"@id\":\"https:\/\/www.asajacyl.com\/leon\/servicios-socio\/festividad-san-isidro-labrador\",\"url\":\"https:\/\/www.asajacyl.com\/leon\/servicios-socio\/festividad-san-isidro-labrador\",\"name\":\"Festividad San Isidro Labrador - ASAJA Le\u00f3n\",\"isPartOf\":{\"@id\":\"https:\/\/www.asajacyl.com\/leon\/#website\"},\"primaryImageOfPage\":{\"@id\":\"https:\/\/www.asajacyl.com\/leon\/servicios-socio\/festividad-san-isidro-labrador#primaryimage\"},\"image\":{\"@id\":\"https:\/\/www.asajacyl.com\/leon\/servicios-socio\/festividad-san-isidro-labrador#primaryimage\"},\"thumbnailUrl\":\"https:\/\/www.asajacyl.com\/leon\/wp-content\/uploads\/sites\/6\/2024\/05\/san-isidro.jpg\",\"datePublished\":\"2024-05-14T10:50:09+00:00\",\"dateModified\":\"2024-05-14T10:50:11+00:00\",\"author\":{\"@id\":\"https:\/\/www.asajacyl.com\/leon\/#\/schema\/person\/a39ff3609fc182e4c789ab486e865d32\"},\"description\":\"Con motivo de la festividad de San Isidro Labrador, patrono de los agricultores,\u00a0 ma\u00f1ana mi\u00e9rcoles 15 de mayo, queremos felicitar a todos nuestros\",\"breadcrumb\":{\"@id\":\"https:\/\/www.asajacyl.com\/leon\/servicios-socio\/festividad-san-isidro-labrador#breadcrumb\"},\"inLanguage\":\"es\",\"potentialAction\":[{\"@type\":\"ReadAction\",\"target\":[\"https:\/\/www.asajacyl.com\/leon\/servicios-socio\/festividad-san-isidro-labrador\"]}]},{\"@type\":\"ImageObject\",\"inLanguage\":\"es\",\"@id\":\"https:\/\/www.asajacyl.com\/leon\/servicios-socio\/festividad-san-isidro-labrador#primaryimage\",\"url\":\"https:\/\/www.asajacyl.com\/leon\/wp-content\/uploads\/sites\/6\/2024\/05\/san-isidro.jpg\",\"contentUrl\":\"https:\/\/www.asajacyl.com\/leon\/wp-content\/uploads\/sites\/6\/2024\/05\/san-isidro.jpg\",\"width\":500,\"height\":500},{\"@type\":\"BreadcrumbList\",\"@id\":\"https:\/\/www.asajacyl.com\/leon\/servicios-socio\/festividad-san-isidro-labrador#breadcrumb\",\"itemListElement\":[{\"@type\":\"ListItem\",\"position\":1,\"name\":\"Portada\",\"item\":\"https:\/\/www.asajacyl.com\/leon\/\"},{\"@type\":\"ListItem\",\"position\":2,\"name\":\"Festividad San Isidro Labrador\"}]},{\"@type\":\"WebSite\",\"@id\":\"https:\/\/www.asajacyl.com\/leon\/#website\",\"url\":\"https:\/\/www.asajacyl.com\/leon\/\",\"name\":\"ASAJA Le\u00f3n\",\"description\":\"Otro sitio m\u00e1s de Provincias ASAJA Castilla y Le\u00f3n\",\"potentialAction\":[{\"@type\":\"SearchAction\",\"target\":{\"@type\":\"EntryPoint\",\"urlTemplate\":\"https:\/\/www.asajacyl.com\/leon\/?s={search_term_string}\"},\"query-input\":{\"@type\":\"PropertyValueSpecification\",\"valueRequired\":true,\"valueName\":\"search_term_string\"}}],\"inLanguage\":\"es\"},{\"@type\":\"Person\",\"@id\":\"https:\/\/www.asajacyl.com\/leon\/#\/schema\/person\/a39ff3609fc182e4c789ab486e865d32\",\"name\":\"Eduardo\",\"image\":{\"@type\":\"ImageObject\",\"inLanguage\":\"es\",\"@id\":\"https:\/\/www.asajacyl.com\/leon\/#\/schema\/person\/image\/\",\"url\":\"https:\/\/secure.gravatar.com\/avatar\/9ebd6aba21d817dcf9595bc9ca505af5?s=96&d=mm&r=g\",\"contentUrl\":\"https:\/\/secure.gravatar.com\/avatar\/9ebd6aba21d817dcf9595bc9ca505af5?s=96&d=mm&r=g\",\"caption\":\"Eduardo\"},\"url\":\"https:\/\/www.asajacyl.com\/leon\/author\/eduardovv\"}]}<\/script>\n<!-- \/ Yoast SEO plugin. -->","yoast_head_json":{"title":"Festividad San Isidro Labrador - ASAJA Le\u00f3n","description":"Con motivo de la festividad de San Isidro Labrador, patrono de los agricultores,\u00a0 ma\u00f1ana mi\u00e9rcoles 15 de mayo, queremos felicitar a todos nuestros","robots":{"index":"index","follow":"follow","max-snippet":"max-snippet:-1","max-image-preview":"max-image-preview:large","max-video-preview":"max-video-preview:-1"},"canonical":"https:\/\/www.asajacyl.com\/leon\/servicios-socio\/festividad-san-isidro-labrador","og_locale":"es_ES","og_type":"article","og_title":"Festividad San Isidro Labrador - ASAJA Le\u00f3n","og_description":"Con motivo de la festividad de San Isidro Labrador, patrono de los agricultores,\u00a0 ma\u00f1ana mi\u00e9rcoles 15 de mayo, queremos felicitar a todos nuestros","og_url":"https:\/\/www.asajacyl.com\/leon\/servicios-socio\/festividad-san-isidro-labrador","og_site_name":"ASAJA Le\u00f3n","article_published_time":"2024-05-14T10:50:09+00:00","article_modified_time":"2024-05-14T10:50:11+00:00","og_image":[{"width":500,"height":500,"url":"https:\/\/www.asajacyl.com\/leon\/wp-content\/uploads\/sites\/6\/2024\/05\/san-isidro.jpg","type":"image\/jpeg"}],"author":"Eduardo","twitter_card":"summary_large_image","twitter_misc":{"Escrito por":"Eduardo","Tiempo de lectura":"2 minutos"},"schema":{"@context":"https:\/\/schema.org","@graph":[{"@type":"WebPage","@id":"https:\/\/www.asajacyl.com\/leon\/servicios-socio\/festividad-san-isidro-labrador","url":"https:\/\/www.asajacyl.com\/leon\/servicios-socio\/festividad-san-isidro-labrador","name":"Festividad San Isidro Labrador - ASAJA Le\u00f3n","isPartOf":{"@id":"https:\/\/www.asajacyl.com\/leon\/#website"},"primaryImageOfPage":{"@id":"https:\/\/www.asajacyl.com\/leon\/servicios-socio\/festividad-san-isidro-labrador#primaryimage"},"image":{"@id":"https:\/\/www.asajacyl.com\/leon\/servicios-socio\/festividad-san-isidro-labrador#primaryimage"},"thumbnailUrl":"https:\/\/www.asajacyl.com\/leon\/wp-content\/uploads\/sites\/6\/2024\/05\/san-isidro.jpg","datePublished":"2024-05-14T10:50:09+00:00","dateModified":"2024-05-14T10:50:11+00:00","author":{"@id":"https:\/\/www.asajacyl.com\/leon\/#\/schema\/person\/a39ff3609fc182e4c789ab486e865d32"},"description":"Con motivo de la festividad de San Isidro Labrador, patrono de los agricultores,\u00a0 ma\u00f1ana mi\u00e9rcoles 15 de mayo, queremos felicitar a todos nuestros","breadcrumb":{"@id":"https:\/\/www.asajacyl.com\/leon\/servicios-socio\/festividad-san-isidro-labrador#breadcrumb"},"inLanguage":"es","potentialAction":[{"@type":"ReadAction","target":["https:\/\/www.asajacyl.com\/leon\/servicios-socio\/festividad-san-isidro-labrador"]}]},{"@type":"ImageObject","inLanguage":"es","@id":"https:\/\/www.asajacyl.com\/leon\/servicios-socio\/festividad-san-isidro-labrador#primaryimage","url":"https:\/\/www.asajacyl.com\/leon\/wp-content\/uploads\/sites\/6\/2024\/05\/san-isidro.jpg","contentUrl":"https:\/\/www.asajacyl.com\/leon\/wp-content\/uploads\/sites\/6\/2024\/05\/san-isidro.jpg","width":500,"height":500},{"@type":"BreadcrumbList","@id":"https:\/\/www.asajacyl.com\/leon\/servicios-socio\/festividad-san-isidro-labrador#breadcrumb","itemListElement":[{"@type":"ListItem","position":1,"name":"Portada","item":"https:\/\/www.asajacyl.com\/leon\/"},{"@type":"ListItem","position":2,"name":"Festividad San Isidro Labrador"}]},{"@type":"WebSite","@id":"https:\/\/www.asajacyl.com\/leon\/#website","url":"https:\/\/www.asajacyl.com\/leon\/","name":"ASAJA Le\u00f3n","description":"Otro sitio m\u00e1s de Provincias ASAJA Castilla y Le\u00f3n","potentialAction":[{"@type":"SearchAction","target":{"@type":"EntryPoint","urlTemplate":"https:\/\/www.asajacyl.com\/leon\/?s={search_term_string}"},"query-input":{"@type":"PropertyValueSpecification","valueRequired":true,"valueName":"search_term_string"}}],"inLanguage":"es"},{"@type":"Person","@id":"https:\/\/www.asajacyl.com\/leon\/#\/schema\/person\/a39ff3609fc182e4c789ab486e865d32","name":"Eduardo","image":{"@type":"ImageObject","inLanguage":"es","@id":"https:\/\/www.asajacyl.com\/leon\/#\/schema\/person\/image\/","url":"https:\/\/secure.gravatar.com\/avatar\/9ebd6aba21d817dcf9595bc9ca505af5?s=96&d=mm&r=g","contentUrl":"https:\/\/secure.gravatar.com\/avatar\/9ebd6aba21d817dcf9595bc9ca505af5?s=96&d=mm&r=g","caption":"Eduardo"},"url":"https:\/\/www.asajacyl.com\/leon\/author\/eduardovv"}]}},"_links":{"self":[{"href":"https:\/\/www.asajacyl.com\/leon\/wp-json\/wp\/v2\/posts\/15360"}],"collection":[{"href":"https:\/\/www.asajacyl.com\/leon\/wp-json\/wp\/v2\/posts"}],"about":[{"href":"https:\/\/www.asajacyl.com\/leon\/wp-json\/wp\/v2\/types\/post"}],"author":[{"embeddable":true,"href":"https:\/\/www.asajacyl.com\/leon\/wp-json\/wp\/v2\/users\/8"}],"replies":[{"embeddable":true,"href":"https:\/\/www.asajacyl.com\/leon\/wp-json\/wp\/v2\/comments?post=15360"}],"version-history":[{"count":1,"href":"https:\/\/www.asajacyl.com\/leon\/wp-json\/wp\/v2\/posts\/15360\/revisions"}],"predecessor-version":[{"id":15362,"href":"https:\/\/www.asajacyl.com\/leon\/wp-json\/wp\/v2\/posts\/15360\/revisions\/15362"}],"wp:featuredmedia":[{"embeddable":true,"href":"https:\/\/www.asajacyl.com\/leon\/wp-json\/wp\/v2\/media\/15361"}],"wp:attachment":[{"href":"https:\/\/www.asajacyl.com\/leon\/wp-json\/wp\/v2\/media?parent=15360"}],"wp:term":[{"taxonomy":"category","embeddable":true,"href":"https:\/\/www.asajacyl.com\/leon\/wp-json\/wp\/v2\/categories?post=15360"},{"taxonomy":"post_tag","embeddable":true,"href":"https:\/\/www.asajacyl.com\/leon\/wp-json\/wp\/v2\/tags?post=15360"}],"curies":[{"name":"wp","href":"https:\/\/api.w.org\/{rel}","templated":true}]}}