{"id":15757,"date":"2024-10-15T13:51:51","date_gmt":"2024-10-15T11:51:51","guid":{"rendered":"https:\/\/www.asajacyl.com\/leon\/?p=15757"},"modified":"2024-10-15T13:51:53","modified_gmt":"2024-10-15T11:51:53","slug":"convocatoria-de-reuniones-informativas-3","status":"publish","type":"post","link":"https:\/\/www.asajacyl.com\/leon\/servicios-socio\/convocatoria-de-reuniones-informativas-3","title":{"rendered":"Convocatoria de reuniones informativas"},"content":{"rendered":"\n<p>Comenzamos una primera ronda de reuniones informativas que se van a celebrar mayormente en las aulas de nuestras oficinas. En todas ellas hablaremos de la <strong><em><u>planificaci\u00f3n de las explotaciones de cara a la PAC de 2025, del KIT DIGITAL, de los seguros agrarios y ganaderos, de la sanidad animal, y de fiscalidad, entre otras cuestiones<\/u><\/em><\/strong>, adem\u00e1s de cuantas otras puedan surgir.<\/p>\n<p>Debido a que son espacios reducidos, rogamos <strong><u>apuntarse con antelaci\u00f3n<\/u><\/strong>, de forma personal en nuestras oficinas, llamando por tel\u00e9fono, con un mensaje de texto al WhatsApp\u00a0 639 944 464, o al correo electr\u00f3nico <a href=\"mailto:asaja@asajaleon.com\">asaja@asajaleon.com<\/a><\/p>\n<p>Todas las reuniones comenzar\u00e1n a las 11:30 horas, y el mi\u00e9rcoles tambi\u00e9n a las 16:00 horas.<\/p>\n<ul>\n<li>Lunes 21 y 28 octubre, aula ASAJA <strong>Valencia de Don Juan<\/strong>.<\/li>\n<li>Martes 22 y 29 octubre, aula ASAJA <strong>Sahag\u00fan<\/strong>.<\/li>\n<li>Mi\u00e9rcoles 23 y 30 octubre, aula ASAJA <strong>Le\u00f3n<\/strong> (una jornada de ma\u00f1ana y otra de tarde, para elegir).<\/li>\n<li>Jueves 24 y 31 de octubre, aula de ASAJA en <strong>Santa Mar\u00eda del P\u00e1ramo<\/strong>.<\/li>\n<li>Viernes 25 de octubre, aula de ASAJA en <strong>La Ba\u00f1eza<\/strong>.<\/li>\n<li>Lunes 4 de noviembre, <strong>Cistierna<\/strong> (lugar por determinar).<\/li>\n<li>Martes 5 de noviembre, casa de la cultura de <strong>Quintana de Rueda.<\/strong><\/li>\n<li>Mi\u00e9rcoles 6 de noviembre, aula de ASAJA en <strong>Ponferrada <\/strong>(una por la ma\u00f1ana y otra por la tarde).<\/li>\n<li>Jueves 7 de noviembre, casa de la cultura de <strong>Carrizo<\/strong>.<\/li>\n<li>Viernes 8 de noviembre, oficina de ASAJA en <strong>Villablino<\/strong> (Casa de la Cultura).<\/li>\n<\/ul>\n<p>Se te agradece la presencia y puntualidad.<\/p>\n<p>Le\u00f3n, 15 de octubre de 2024.<\/p>\n","protected":false},"excerpt":{"rendered":"<p>Comenzamos una primera ronda de reuniones informativas que se van a celebrar mayormente en las aulas de nuestras oficinas. En todas ellas hablaremos de la planificaci\u00f3n de las explotaciones de cara a la PAC de 2025, del KIT DIGITAL, de los seguros agrarios y ganaderos, de la sanidad animal, y de fiscalidad, entre otras cuestiones, [&hellip;]<\/p>\n","protected":false},"author":8,"featured_media":15758,"comment_status":"open","ping_status":"open","sticky":false,"template":"","format":"standard","meta":{"footnotes":""},"categories":[13,5],"tags":[],"yoast_head":"<!-- This site is optimized with the Yoast SEO plugin v24.5 - https:\/\/yoast.com\/wordpress\/plugins\/seo\/ -->\n<title>Convocatoria de reuniones informativas - ASAJA Le\u00f3n<\/title>\n<meta name=\"description\" content=\"Comenzamos una primera ronda de reuniones informativas que se van a celebrar mayormente en las aulas de nuestras oficinas. En todas ellas hablaremos de la\" \/>\n<meta name=\"robots\" content=\"index, follow, max-snippet:-1, max-image-preview:large, max-video-preview:-1\" \/>\n<link rel=\"canonical\" href=\"https:\/\/www.asajacyl.com\/leon\/servicios-socio\/convocatoria-de-reuniones-informativas-3\" \/>\n<meta property=\"og:locale\" content=\"es_ES\" \/>\n<meta property=\"og:type\" content=\"article\" \/>\n<meta property=\"og:title\" content=\"Convocatoria de reuniones informativas - ASAJA Le\u00f3n\" \/>\n<meta property=\"og:description\" content=\"Comenzamos una primera ronda de reuniones informativas que se van a celebrar mayormente en las aulas de nuestras oficinas. En todas ellas hablaremos de la\" \/>\n<meta property=\"og:url\" content=\"https:\/\/www.asajacyl.com\/leon\/servicios-socio\/convocatoria-de-reuniones-informativas-3\" \/>\n<meta property=\"og:site_name\" content=\"ASAJA Le\u00f3n\" \/>\n<meta property=\"article:published_time\" content=\"2024-10-15T11:51:51+00:00\" \/>\n<meta property=\"article:modified_time\" content=\"2024-10-15T11:51:53+00:00\" \/>\n<meta property=\"og:image\" content=\"https:\/\/www.asajacyl.com\/leon\/wp-content\/uploads\/sites\/6\/2024\/10\/image00001.jpeg\" \/>\n\t<meta property=\"og:image:width\" content=\"2297\" \/>\n\t<meta property=\"og:image:height\" content=\"2500\" \/>\n\t<meta property=\"og:image:type\" content=\"image\/jpeg\" \/>\n<meta name=\"author\" content=\"Eduardo\" \/>\n<meta name=\"twitter:card\" content=\"summary_large_image\" \/>\n<meta name=\"twitter:label1\" content=\"Escrito por\" \/>\n\t<meta name=\"twitter:data1\" content=\"Eduardo\" \/>\n\t<meta name=\"twitter:label2\" content=\"Tiempo de lectura\" \/>\n\t<meta name=\"twitter:data2\" content=\"2 minutos\" \/>\n<script type=\"application\/ld+json\" class=\"yoast-schema-graph\">{\"@context\":\"https:\/\/schema.org\",\"@graph\":[{\"@type\":\"WebPage\",\"@id\":\"https:\/\/www.asajacyl.com\/leon\/servicios-socio\/convocatoria-de-reuniones-informativas-3\",\"url\":\"https:\/\/www.asajacyl.com\/leon\/servicios-socio\/convocatoria-de-reuniones-informativas-3\",\"name\":\"Convocatoria de reuniones informativas - ASAJA Le\u00f3n\",\"isPartOf\":{\"@id\":\"https:\/\/www.asajacyl.com\/leon\/#website\"},\"primaryImageOfPage\":{\"@id\":\"https:\/\/www.asajacyl.com\/leon\/servicios-socio\/convocatoria-de-reuniones-informativas-3#primaryimage\"},\"image\":{\"@id\":\"https:\/\/www.asajacyl.com\/leon\/servicios-socio\/convocatoria-de-reuniones-informativas-3#primaryimage\"},\"thumbnailUrl\":\"https:\/\/www.asajacyl.com\/leon\/wp-content\/uploads\/sites\/6\/2024\/10\/image00001.jpeg\",\"datePublished\":\"2024-10-15T11:51:51+00:00\",\"dateModified\":\"2024-10-15T11:51:53+00:00\",\"author\":{\"@id\":\"https:\/\/www.asajacyl.com\/leon\/#\/schema\/person\/a39ff3609fc182e4c789ab486e865d32\"},\"description\":\"Comenzamos una primera ronda de reuniones informativas que se van a celebrar mayormente en las aulas de nuestras oficinas. En todas ellas hablaremos de la\",\"breadcrumb\":{\"@id\":\"https:\/\/www.asajacyl.com\/leon\/servicios-socio\/convocatoria-de-reuniones-informativas-3#breadcrumb\"},\"inLanguage\":\"es\",\"potentialAction\":[{\"@type\":\"ReadAction\",\"target\":[\"https:\/\/www.asajacyl.com\/leon\/servicios-socio\/convocatoria-de-reuniones-informativas-3\"]}]},{\"@type\":\"ImageObject\",\"inLanguage\":\"es\",\"@id\":\"https:\/\/www.asajacyl.com\/leon\/servicios-socio\/convocatoria-de-reuniones-informativas-3#primaryimage\",\"url\":\"https:\/\/www.asajacyl.com\/leon\/wp-content\/uploads\/sites\/6\/2024\/10\/image00001.jpeg\",\"contentUrl\":\"https:\/\/www.asajacyl.com\/leon\/wp-content\/uploads\/sites\/6\/2024\/10\/image00001.jpeg\",\"width\":2297,\"height\":2500},{\"@type\":\"BreadcrumbList\",\"@id\":\"https:\/\/www.asajacyl.com\/leon\/servicios-socio\/convocatoria-de-reuniones-informativas-3#breadcrumb\",\"itemListElement\":[{\"@type\":\"ListItem\",\"position\":1,\"name\":\"Portada\",\"item\":\"https:\/\/www.asajacyl.com\/leon\/\"},{\"@type\":\"ListItem\",\"position\":2,\"name\":\"Convocatoria de reuniones informativas\"}]},{\"@type\":\"WebSite\",\"@id\":\"https:\/\/www.asajacyl.com\/leon\/#website\",\"url\":\"https:\/\/www.asajacyl.com\/leon\/\",\"name\":\"ASAJA Le\u00f3n\",\"description\":\"Otro sitio m\u00e1s de Provincias ASAJA Castilla y Le\u00f3n\",\"potentialAction\":[{\"@type\":\"SearchAction\",\"target\":{\"@type\":\"EntryPoint\",\"urlTemplate\":\"https:\/\/www.asajacyl.com\/leon\/?s={search_term_string}\"},\"query-input\":{\"@type\":\"PropertyValueSpecification\",\"valueRequired\":true,\"valueName\":\"search_term_string\"}}],\"inLanguage\":\"es\"},{\"@type\":\"Person\",\"@id\":\"https:\/\/www.asajacyl.com\/leon\/#\/schema\/person\/a39ff3609fc182e4c789ab486e865d32\",\"name\":\"Eduardo\",\"image\":{\"@type\":\"ImageObject\",\"inLanguage\":\"es\",\"@id\":\"https:\/\/www.asajacyl.com\/leon\/#\/schema\/person\/image\/\",\"url\":\"https:\/\/secure.gravatar.com\/avatar\/9ebd6aba21d817dcf9595bc9ca505af5?s=96&d=mm&r=g\",\"contentUrl\":\"https:\/\/secure.gravatar.com\/avatar\/9ebd6aba21d817dcf9595bc9ca505af5?s=96&d=mm&r=g\",\"caption\":\"Eduardo\"},\"url\":\"https:\/\/www.asajacyl.com\/leon\/author\/eduardovv\"}]}<\/script>\n<!-- \/ Yoast SEO plugin. -->","yoast_head_json":{"title":"Convocatoria de reuniones informativas - ASAJA Le\u00f3n","description":"Comenzamos una primera ronda de reuniones informativas que se van a celebrar mayormente en las aulas de nuestras oficinas. En todas ellas hablaremos de la","robots":{"index":"index","follow":"follow","max-snippet":"max-snippet:-1","max-image-preview":"max-image-preview:large","max-video-preview":"max-video-preview:-1"},"canonical":"https:\/\/www.asajacyl.com\/leon\/servicios-socio\/convocatoria-de-reuniones-informativas-3","og_locale":"es_ES","og_type":"article","og_title":"Convocatoria de reuniones informativas - ASAJA Le\u00f3n","og_description":"Comenzamos una primera ronda de reuniones informativas que se van a celebrar mayormente en las aulas de nuestras oficinas. En todas ellas hablaremos de la","og_url":"https:\/\/www.asajacyl.com\/leon\/servicios-socio\/convocatoria-de-reuniones-informativas-3","og_site_name":"ASAJA Le\u00f3n","article_published_time":"2024-10-15T11:51:51+00:00","article_modified_time":"2024-10-15T11:51:53+00:00","og_image":[{"width":2297,"height":2500,"url":"https:\/\/www.asajacyl.com\/leon\/wp-content\/uploads\/sites\/6\/2024\/10\/image00001.jpeg","type":"image\/jpeg"}],"author":"Eduardo","twitter_card":"summary_large_image","twitter_misc":{"Escrito por":"Eduardo","Tiempo de lectura":"2 minutos"},"schema":{"@context":"https:\/\/schema.org","@graph":[{"@type":"WebPage","@id":"https:\/\/www.asajacyl.com\/leon\/servicios-socio\/convocatoria-de-reuniones-informativas-3","url":"https:\/\/www.asajacyl.com\/leon\/servicios-socio\/convocatoria-de-reuniones-informativas-3","name":"Convocatoria de reuniones informativas - ASAJA Le\u00f3n","isPartOf":{"@id":"https:\/\/www.asajacyl.com\/leon\/#website"},"primaryImageOfPage":{"@id":"https:\/\/www.asajacyl.com\/leon\/servicios-socio\/convocatoria-de-reuniones-informativas-3#primaryimage"},"image":{"@id":"https:\/\/www.asajacyl.com\/leon\/servicios-socio\/convocatoria-de-reuniones-informativas-3#primaryimage"},"thumbnailUrl":"https:\/\/www.asajacyl.com\/leon\/wp-content\/uploads\/sites\/6\/2024\/10\/image00001.jpeg","datePublished":"2024-10-15T11:51:51+00:00","dateModified":"2024-10-15T11:51:53+00:00","author":{"@id":"https:\/\/www.asajacyl.com\/leon\/#\/schema\/person\/a39ff3609fc182e4c789ab486e865d32"},"description":"Comenzamos una primera ronda de reuniones informativas que se van a celebrar mayormente en las aulas de nuestras oficinas. En todas ellas hablaremos de la","breadcrumb":{"@id":"https:\/\/www.asajacyl.com\/leon\/servicios-socio\/convocatoria-de-reuniones-informativas-3#breadcrumb"},"inLanguage":"es","potentialAction":[{"@type":"ReadAction","target":["https:\/\/www.asajacyl.com\/leon\/servicios-socio\/convocatoria-de-reuniones-informativas-3"]}]},{"@type":"ImageObject","inLanguage":"es","@id":"https:\/\/www.asajacyl.com\/leon\/servicios-socio\/convocatoria-de-reuniones-informativas-3#primaryimage","url":"https:\/\/www.asajacyl.com\/leon\/wp-content\/uploads\/sites\/6\/2024\/10\/image00001.jpeg","contentUrl":"https:\/\/www.asajacyl.com\/leon\/wp-content\/uploads\/sites\/6\/2024\/10\/image00001.jpeg","width":2297,"height":2500},{"@type":"BreadcrumbList","@id":"https:\/\/www.asajacyl.com\/leon\/servicios-socio\/convocatoria-de-reuniones-informativas-3#breadcrumb","itemListElement":[{"@type":"ListItem","position":1,"name":"Portada","item":"https:\/\/www.asajacyl.com\/leon\/"},{"@type":"ListItem","position":2,"name":"Convocatoria de reuniones informativas"}]},{"@type":"WebSite","@id":"https:\/\/www.asajacyl.com\/leon\/#website","url":"https:\/\/www.asajacyl.com\/leon\/","name":"ASAJA Le\u00f3n","description":"Otro sitio m\u00e1s de Provincias ASAJA Castilla y Le\u00f3n","potentialAction":[{"@type":"SearchAction","target":{"@type":"EntryPoint","urlTemplate":"https:\/\/www.asajacyl.com\/leon\/?s={search_term_string}"},"query-input":{"@type":"PropertyValueSpecification","valueRequired":true,"valueName":"search_term_string"}}],"inLanguage":"es"},{"@type":"Person","@id":"https:\/\/www.asajacyl.com\/leon\/#\/schema\/person\/a39ff3609fc182e4c789ab486e865d32","name":"Eduardo","image":{"@type":"ImageObject","inLanguage":"es","@id":"https:\/\/www.asajacyl.com\/leon\/#\/schema\/person\/image\/","url":"https:\/\/secure.gravatar.com\/avatar\/9ebd6aba21d817dcf9595bc9ca505af5?s=96&d=mm&r=g","contentUrl":"https:\/\/secure.gravatar.com\/avatar\/9ebd6aba21d817dcf9595bc9ca505af5?s=96&d=mm&r=g","caption":"Eduardo"},"url":"https:\/\/www.asajacyl.com\/leon\/author\/eduardovv"}]}},"_links":{"self":[{"href":"https:\/\/www.asajacyl.com\/leon\/wp-json\/wp\/v2\/posts\/15757"}],"collection":[{"href":"https:\/\/www.asajacyl.com\/leon\/wp-json\/wp\/v2\/posts"}],"about":[{"href":"https:\/\/www.asajacyl.com\/leon\/wp-json\/wp\/v2\/types\/post"}],"author":[{"embeddable":true,"href":"https:\/\/www.asajacyl.com\/leon\/wp-json\/wp\/v2\/users\/8"}],"replies":[{"embeddable":true,"href":"https:\/\/www.asajacyl.com\/leon\/wp-json\/wp\/v2\/comments?post=15757"}],"version-history":[{"count":1,"href":"https:\/\/www.asajacyl.com\/leon\/wp-json\/wp\/v2\/posts\/15757\/revisions"}],"predecessor-version":[{"id":15759,"href":"https:\/\/www.asajacyl.com\/leon\/wp-json\/wp\/v2\/posts\/15757\/revisions\/15759"}],"wp:featuredmedia":[{"embeddable":true,"href":"https:\/\/www.asajacyl.com\/leon\/wp-json\/wp\/v2\/media\/15758"}],"wp:attachment":[{"href":"https:\/\/www.asajacyl.com\/leon\/wp-json\/wp\/v2\/media?parent=15757"}],"wp:term":[{"taxonomy":"category","embeddable":true,"href":"https:\/\/www.asajacyl.com\/leon\/wp-json\/wp\/v2\/categories?post=15757"},{"taxonomy":"post_tag","embeddable":true,"href":"https:\/\/www.asajacyl.com\/leon\/wp-json\/wp\/v2\/tags?post=15757"}],"curies":[{"name":"wp","href":"https:\/\/api.w.org\/{rel}","templated":true}]}}