{"id":15794,"date":"2024-11-08T11:01:33","date_gmt":"2024-11-08T10:01:33","guid":{"rendered":"https:\/\/www.asajacyl.com\/leon\/?p=15794"},"modified":"2024-11-08T11:02:55","modified_gmt":"2024-11-08T10:02:55","slug":"personas-o-maquinas","status":"publish","type":"post","link":"https:\/\/www.asajacyl.com\/leon\/asaja-leon-informa\/personas-o-maquinas","title":{"rendered":"Personas o m\u00e1quinas"},"content":{"rendered":"\n<p>En un debate, con muchas aristas, sobre la respuesta de las autoridades a la cat\u00e1strofe causada por la Dana en la provincia de Valencia, es evidente que en las tareas de limpieza de espacios p\u00fablicos, incluida la retirada de veh\u00edculos, se ha actuado tarde y con medios escasos y no adecuados, por lo que da la sensaci\u00f3n de que no se avanza y que cada d\u00eda el desastre es igual que el del d\u00eda anterior. Digo medios no adecuados porque en los tiempos que corren hay tareas que ya no se hacen con herramientas en manos de muchos voluntarios que adem\u00e1s por lo general no saben manejarlas, se hacen con m\u00e1quinas llevadas por operarios experimentados. Bien sabemos los agricultores que una m\u00e1quina, un tractor, hace el trabajo de cientos de personas, y por similitud, una retroexcavadora mueve en un d\u00eda mucha m\u00e1s tierra de la que pueden mover cientos de trabajadores con sus manos. Siendo as\u00ed, los recursos en maquinaria pesada para este tipo de labores de limpieza y retirada de destrozos de la v\u00eda y espacios p\u00fablicos los tiene la administraci\u00f3n local, aunque escasos, los tiene el ej\u00e9rcito, por supuesto la UME, y lo tienen las empresas. Una empresa del Estado como Tragsa, puntera en obra civil, con 23.000 empleados y 1.900 veh\u00edculos y m\u00e1quinas, bien podr\u00eda haber parado los trabajos que est\u00e1 haciendo, y centrarse en esta prioridad, pero el Gobierno no ha dado esa orden. Pero es m\u00e1s, parece mentira que en un pa\u00eds como el nuestro, que tenemos empresas se\u00f1eras haciendo obra civil en medio mundo, con m\u00e1quinas para aburrir y operarios experimentados, no hayan sido llamadas a realizar estos trabajos de desescombro, cueste lo que cueste, o sin costar nada, y por las buenas o por las bravas. Porque, si las empresas no est\u00e1n dispuestas, o los obreros no aceptan ese sacrificio laboral, o ambas cosas a la vez, el Estado tiene resortes legales para obligar, aunque quiz\u00e1s para ello tenga que declarar el estado de emergencia, y eso no le interese hacerlo. Mientras tanto, veremos a los voluntarios con muy buenas intenciones, pero pasar\u00e1n los d\u00edas y habr\u00e1n hecho poco tajo.<\/p>\n<p><em>*Art\u00edculo de opini\u00f3n de Jos\u00e9 Antonio Turrado publicado en La Nueva Cr\u00f3nica del viernes 8 de noviembre de 2024.<\/em><\/p>\n<p>Foto: EFE\/ Manuel Bruque<\/p>\n","protected":false},"excerpt":{"rendered":"<p>En un debate, con muchas aristas, sobre la respuesta de las autoridades a la cat\u00e1strofe causada por la Dana en la provincia de Valencia, es evidente que en las tareas de limpieza de espacios p\u00fablicos, incluida la retirada de veh\u00edculos, se ha actuado tarde y con medios escasos y no adecuados, por lo que da [&hellip;]<\/p>\n","protected":false},"author":8,"featured_media":15795,"comment_status":"open","ping_status":"open","sticky":false,"template":"","format":"standard","meta":{"footnotes":""},"categories":[4,11],"tags":[],"yoast_head":"<!-- This site is optimized with the Yoast SEO plugin v24.5 - https:\/\/yoast.com\/wordpress\/plugins\/seo\/ -->\n<title>Personas o m\u00e1quinas - ASAJA Le\u00f3n<\/title>\n<meta name=\"description\" content=\"En un debate, con muchas aristas, sobre la respuesta de las autoridades a la cat\u00e1strofe causada por la Dana en la provincia de Valencia, es evidente que\" \/>\n<meta name=\"robots\" content=\"index, follow, max-snippet:-1, max-image-preview:large, max-video-preview:-1\" \/>\n<link rel=\"canonical\" href=\"https:\/\/www.asajacyl.com\/leon\/asaja-leon-informa\/personas-o-maquinas\" \/>\n<meta property=\"og:locale\" content=\"es_ES\" \/>\n<meta property=\"og:type\" content=\"article\" \/>\n<meta property=\"og:title\" content=\"Personas o m\u00e1quinas - ASAJA Le\u00f3n\" \/>\n<meta property=\"og:description\" content=\"En un debate, con muchas aristas, sobre la respuesta de las autoridades a la cat\u00e1strofe causada por la Dana en la provincia de Valencia, es evidente que\" \/>\n<meta property=\"og:url\" content=\"https:\/\/www.asajacyl.com\/leon\/asaja-leon-informa\/personas-o-maquinas\" \/>\n<meta property=\"og:site_name\" content=\"ASAJA Le\u00f3n\" \/>\n<meta property=\"article:published_time\" content=\"2024-11-08T10:01:33+00:00\" \/>\n<meta property=\"article:modified_time\" content=\"2024-11-08T10:02:55+00:00\" \/>\n<meta property=\"og:image\" content=\"https:\/\/www.asajacyl.com\/leon\/wp-content\/uploads\/sites\/6\/2024\/11\/UME.jpg\" \/>\n\t<meta property=\"og:image:width\" content=\"904\" \/>\n\t<meta property=\"og:image:height\" content=\"601\" \/>\n\t<meta property=\"og:image:type\" content=\"image\/jpeg\" \/>\n<meta name=\"author\" content=\"Eduardo\" \/>\n<meta name=\"twitter:card\" content=\"summary_large_image\" \/>\n<meta name=\"twitter:label1\" content=\"Escrito por\" \/>\n\t<meta name=\"twitter:data1\" content=\"Eduardo\" \/>\n\t<meta name=\"twitter:label2\" content=\"Tiempo de lectura\" \/>\n\t<meta name=\"twitter:data2\" content=\"2 minutos\" \/>\n<script type=\"application\/ld+json\" class=\"yoast-schema-graph\">{\"@context\":\"https:\/\/schema.org\",\"@graph\":[{\"@type\":\"WebPage\",\"@id\":\"https:\/\/www.asajacyl.com\/leon\/asaja-leon-informa\/personas-o-maquinas\",\"url\":\"https:\/\/www.asajacyl.com\/leon\/asaja-leon-informa\/personas-o-maquinas\",\"name\":\"Personas o m\u00e1quinas - ASAJA Le\u00f3n\",\"isPartOf\":{\"@id\":\"https:\/\/www.asajacyl.com\/leon\/#website\"},\"primaryImageOfPage\":{\"@id\":\"https:\/\/www.asajacyl.com\/leon\/asaja-leon-informa\/personas-o-maquinas#primaryimage\"},\"image\":{\"@id\":\"https:\/\/www.asajacyl.com\/leon\/asaja-leon-informa\/personas-o-maquinas#primaryimage\"},\"thumbnailUrl\":\"https:\/\/www.asajacyl.com\/leon\/wp-content\/uploads\/sites\/6\/2024\/11\/UME.jpg\",\"datePublished\":\"2024-11-08T10:01:33+00:00\",\"dateModified\":\"2024-11-08T10:02:55+00:00\",\"author\":{\"@id\":\"https:\/\/www.asajacyl.com\/leon\/#\/schema\/person\/a39ff3609fc182e4c789ab486e865d32\"},\"description\":\"En un debate, con muchas aristas, sobre la respuesta de las autoridades a la cat\u00e1strofe causada por la Dana en la provincia de Valencia, es evidente que\",\"breadcrumb\":{\"@id\":\"https:\/\/www.asajacyl.com\/leon\/asaja-leon-informa\/personas-o-maquinas#breadcrumb\"},\"inLanguage\":\"es\",\"potentialAction\":[{\"@type\":\"ReadAction\",\"target\":[\"https:\/\/www.asajacyl.com\/leon\/asaja-leon-informa\/personas-o-maquinas\"]}]},{\"@type\":\"ImageObject\",\"inLanguage\":\"es\",\"@id\":\"https:\/\/www.asajacyl.com\/leon\/asaja-leon-informa\/personas-o-maquinas#primaryimage\",\"url\":\"https:\/\/www.asajacyl.com\/leon\/wp-content\/uploads\/sites\/6\/2024\/11\/UME.jpg\",\"contentUrl\":\"https:\/\/www.asajacyl.com\/leon\/wp-content\/uploads\/sites\/6\/2024\/11\/UME.jpg\",\"width\":904,\"height\":601},{\"@type\":\"BreadcrumbList\",\"@id\":\"https:\/\/www.asajacyl.com\/leon\/asaja-leon-informa\/personas-o-maquinas#breadcrumb\",\"itemListElement\":[{\"@type\":\"ListItem\",\"position\":1,\"name\":\"Portada\",\"item\":\"https:\/\/www.asajacyl.com\/leon\/\"},{\"@type\":\"ListItem\",\"position\":2,\"name\":\"Personas o m\u00e1quinas\"}]},{\"@type\":\"WebSite\",\"@id\":\"https:\/\/www.asajacyl.com\/leon\/#website\",\"url\":\"https:\/\/www.asajacyl.com\/leon\/\",\"name\":\"ASAJA Le\u00f3n\",\"description\":\"Otro sitio m\u00e1s de Provincias ASAJA Castilla y Le\u00f3n\",\"potentialAction\":[{\"@type\":\"SearchAction\",\"target\":{\"@type\":\"EntryPoint\",\"urlTemplate\":\"https:\/\/www.asajacyl.com\/leon\/?s={search_term_string}\"},\"query-input\":{\"@type\":\"PropertyValueSpecification\",\"valueRequired\":true,\"valueName\":\"search_term_string\"}}],\"inLanguage\":\"es\"},{\"@type\":\"Person\",\"@id\":\"https:\/\/www.asajacyl.com\/leon\/#\/schema\/person\/a39ff3609fc182e4c789ab486e865d32\",\"name\":\"Eduardo\",\"image\":{\"@type\":\"ImageObject\",\"inLanguage\":\"es\",\"@id\":\"https:\/\/www.asajacyl.com\/leon\/#\/schema\/person\/image\/\",\"url\":\"https:\/\/secure.gravatar.com\/avatar\/9ebd6aba21d817dcf9595bc9ca505af5?s=96&d=mm&r=g\",\"contentUrl\":\"https:\/\/secure.gravatar.com\/avatar\/9ebd6aba21d817dcf9595bc9ca505af5?s=96&d=mm&r=g\",\"caption\":\"Eduardo\"},\"url\":\"https:\/\/www.asajacyl.com\/leon\/author\/eduardovv\"}]}<\/script>\n<!-- \/ Yoast SEO plugin. -->","yoast_head_json":{"title":"Personas o m\u00e1quinas - ASAJA Le\u00f3n","description":"En un debate, con muchas aristas, sobre la respuesta de las autoridades a la cat\u00e1strofe causada por la Dana en la provincia de Valencia, es evidente que","robots":{"index":"index","follow":"follow","max-snippet":"max-snippet:-1","max-image-preview":"max-image-preview:large","max-video-preview":"max-video-preview:-1"},"canonical":"https:\/\/www.asajacyl.com\/leon\/asaja-leon-informa\/personas-o-maquinas","og_locale":"es_ES","og_type":"article","og_title":"Personas o m\u00e1quinas - ASAJA Le\u00f3n","og_description":"En un debate, con muchas aristas, sobre la respuesta de las autoridades a la cat\u00e1strofe causada por la Dana en la provincia de Valencia, es evidente que","og_url":"https:\/\/www.asajacyl.com\/leon\/asaja-leon-informa\/personas-o-maquinas","og_site_name":"ASAJA Le\u00f3n","article_published_time":"2024-11-08T10:01:33+00:00","article_modified_time":"2024-11-08T10:02:55+00:00","og_image":[{"width":904,"height":601,"url":"https:\/\/www.asajacyl.com\/leon\/wp-content\/uploads\/sites\/6\/2024\/11\/UME.jpg","type":"image\/jpeg"}],"author":"Eduardo","twitter_card":"summary_large_image","twitter_misc":{"Escrito por":"Eduardo","Tiempo de lectura":"2 minutos"},"schema":{"@context":"https:\/\/schema.org","@graph":[{"@type":"WebPage","@id":"https:\/\/www.asajacyl.com\/leon\/asaja-leon-informa\/personas-o-maquinas","url":"https:\/\/www.asajacyl.com\/leon\/asaja-leon-informa\/personas-o-maquinas","name":"Personas o m\u00e1quinas - ASAJA Le\u00f3n","isPartOf":{"@id":"https:\/\/www.asajacyl.com\/leon\/#website"},"primaryImageOfPage":{"@id":"https:\/\/www.asajacyl.com\/leon\/asaja-leon-informa\/personas-o-maquinas#primaryimage"},"image":{"@id":"https:\/\/www.asajacyl.com\/leon\/asaja-leon-informa\/personas-o-maquinas#primaryimage"},"thumbnailUrl":"https:\/\/www.asajacyl.com\/leon\/wp-content\/uploads\/sites\/6\/2024\/11\/UME.jpg","datePublished":"2024-11-08T10:01:33+00:00","dateModified":"2024-11-08T10:02:55+00:00","author":{"@id":"https:\/\/www.asajacyl.com\/leon\/#\/schema\/person\/a39ff3609fc182e4c789ab486e865d32"},"description":"En un debate, con muchas aristas, sobre la respuesta de las autoridades a la cat\u00e1strofe causada por la Dana en la provincia de Valencia, es evidente que","breadcrumb":{"@id":"https:\/\/www.asajacyl.com\/leon\/asaja-leon-informa\/personas-o-maquinas#breadcrumb"},"inLanguage":"es","potentialAction":[{"@type":"ReadAction","target":["https:\/\/www.asajacyl.com\/leon\/asaja-leon-informa\/personas-o-maquinas"]}]},{"@type":"ImageObject","inLanguage":"es","@id":"https:\/\/www.asajacyl.com\/leon\/asaja-leon-informa\/personas-o-maquinas#primaryimage","url":"https:\/\/www.asajacyl.com\/leon\/wp-content\/uploads\/sites\/6\/2024\/11\/UME.jpg","contentUrl":"https:\/\/www.asajacyl.com\/leon\/wp-content\/uploads\/sites\/6\/2024\/11\/UME.jpg","width":904,"height":601},{"@type":"BreadcrumbList","@id":"https:\/\/www.asajacyl.com\/leon\/asaja-leon-informa\/personas-o-maquinas#breadcrumb","itemListElement":[{"@type":"ListItem","position":1,"name":"Portada","item":"https:\/\/www.asajacyl.com\/leon\/"},{"@type":"ListItem","position":2,"name":"Personas o m\u00e1quinas"}]},{"@type":"WebSite","@id":"https:\/\/www.asajacyl.com\/leon\/#website","url":"https:\/\/www.asajacyl.com\/leon\/","name":"ASAJA Le\u00f3n","description":"Otro sitio m\u00e1s de Provincias ASAJA Castilla y Le\u00f3n","potentialAction":[{"@type":"SearchAction","target":{"@type":"EntryPoint","urlTemplate":"https:\/\/www.asajacyl.com\/leon\/?s={search_term_string}"},"query-input":{"@type":"PropertyValueSpecification","valueRequired":true,"valueName":"search_term_string"}}],"inLanguage":"es"},{"@type":"Person","@id":"https:\/\/www.asajacyl.com\/leon\/#\/schema\/person\/a39ff3609fc182e4c789ab486e865d32","name":"Eduardo","image":{"@type":"ImageObject","inLanguage":"es","@id":"https:\/\/www.asajacyl.com\/leon\/#\/schema\/person\/image\/","url":"https:\/\/secure.gravatar.com\/avatar\/9ebd6aba21d817dcf9595bc9ca505af5?s=96&d=mm&r=g","contentUrl":"https:\/\/secure.gravatar.com\/avatar\/9ebd6aba21d817dcf9595bc9ca505af5?s=96&d=mm&r=g","caption":"Eduardo"},"url":"https:\/\/www.asajacyl.com\/leon\/author\/eduardovv"}]}},"_links":{"self":[{"href":"https:\/\/www.asajacyl.com\/leon\/wp-json\/wp\/v2\/posts\/15794"}],"collection":[{"href":"https:\/\/www.asajacyl.com\/leon\/wp-json\/wp\/v2\/posts"}],"about":[{"href":"https:\/\/www.asajacyl.com\/leon\/wp-json\/wp\/v2\/types\/post"}],"author":[{"embeddable":true,"href":"https:\/\/www.asajacyl.com\/leon\/wp-json\/wp\/v2\/users\/8"}],"replies":[{"embeddable":true,"href":"https:\/\/www.asajacyl.com\/leon\/wp-json\/wp\/v2\/comments?post=15794"}],"version-history":[{"count":3,"href":"https:\/\/www.asajacyl.com\/leon\/wp-json\/wp\/v2\/posts\/15794\/revisions"}],"predecessor-version":[{"id":15798,"href":"https:\/\/www.asajacyl.com\/leon\/wp-json\/wp\/v2\/posts\/15794\/revisions\/15798"}],"wp:featuredmedia":[{"embeddable":true,"href":"https:\/\/www.asajacyl.com\/leon\/wp-json\/wp\/v2\/media\/15795"}],"wp:attachment":[{"href":"https:\/\/www.asajacyl.com\/leon\/wp-json\/wp\/v2\/media?parent=15794"}],"wp:term":[{"taxonomy":"category","embeddable":true,"href":"https:\/\/www.asajacyl.com\/leon\/wp-json\/wp\/v2\/categories?post=15794"},{"taxonomy":"post_tag","embeddable":true,"href":"https:\/\/www.asajacyl.com\/leon\/wp-json\/wp\/v2\/tags?post=15794"}],"curies":[{"name":"wp","href":"https:\/\/api.w.org\/{rel}","templated":true}]}}