{"id":16138,"date":"2025-03-17T17:08:25","date_gmt":"2025-03-17T16:08:25","guid":{"rendered":"https:\/\/www.asajacyl.com\/leon\/?p=16138"},"modified":"2025-03-17T17:08:27","modified_gmt":"2025-03-17T16:08:27","slug":"nota-informativa-sobre-la-ayuda-agroambiental-de-la-remolacha-en-castilla-y-leon","status":"publish","type":"post","link":"https:\/\/www.asajacyl.com\/leon\/servicios-socio\/nota-informativa-sobre-la-ayuda-agroambiental-de-la-remolacha-en-castilla-y-leon","title":{"rendered":"Nota informativa sobre la ayuda agroambiental de la remolacha en Castilla y Le\u00f3n"},"content":{"rendered":"\n<h6>Despu\u00e9s de la petici\u00f3n formulada por ASAJA a mediados de febrero, referente a la ayuda agroambiental de la remolacha, hoy lunes 17 de marzo se ha tratado la cuesti\u00f3n en el Consejo Agrario de Castilla y Le\u00f3n presidido por la consejera de Agricultura, Mar\u00eda Gonz\u00e1lez Corral.<\/h6>\n<h6>El acuerdo alcanzado, y a todos los efectos ya firme, es el siguiente:<\/h6>\n<ol>\n<li>\n<h6>Los agricultores que tienen contrato en vigor desde el a\u00f1o 2023 (han agotado dos de los cinco a\u00f1os), pueden NO SEMBRAR REMOLACHA, si as\u00ed lo estiman, en este a\u00f1o 2025, sin que ello suponga perder el contrato ni tener que devolver importes recibidos. Esto se permite por la \u201ccausa de fuerza mayor\u201d de fuerte ca\u00edda de los precios y suponer para muchos productores una \u201cventa a p\u00e9rdidas\u201d.<\/h6>\n<\/li>\n<li>\n<h6>De cara al a\u00f1o 2026, que ser\u00eda el cuarto de los cinco a\u00f1os, si persiste la situaci\u00f3n de bajos precios, la Consejer\u00eda adoptar\u00e1 los acuerdos necesarios para poder rescindir el contrato agroambiental sin penalizaci\u00f3n alguna, es decir, sin tener que devolver lo percibido.<\/h6>\n<\/li>\n<li>\n<h6>Para los agricultores que solicitaron la ayuda por vez primera en el a\u00f1o 2024, en pr\u00f3ximas fechas le comunicar\u00e1n si la tienen o no aprobada. En estos casos, la \u00fanica opci\u00f3n que contempla la Consejer\u00eda, para qui\u00e9n teni\u00e9ndolo aprobado no quiera sembrar remolacha, es que no firme el contrato (esto supone tambi\u00e9n que no se cobra la ayuda correspondiente al a\u00f1o 2024).<\/h6>\n<\/li>\n<\/ol>\n<h6>ASAJA se siente satisfecha con este acuerdo, ya que deja libertad al agricultor para adoptar la decisi\u00f3n que m\u00e1s le convenga sin estar condicionado por el compromiso de cinco a\u00f1os de la ayuda agroambiental.<\/h6>\n<h6>En otro orden de cosas,\u00a0 pero relacionado tambi\u00e9n con esto, hemos pedido a la Junta un <strong><u>control de todos los contratos<\/u><\/strong> para comprobar que las condiciones no suponen una \u201cventa a p\u00e9rdidas\u201d, prohibida por Ley. Tambi\u00e9n, hemos denunciado en distintas estancias administrativas regulatorias el hecho de que <strong><u>Azucarera obligue a suscribir el seguro<\/u><\/strong>, del que Azucarera paga el 40% de la prima y el 60% restante el agricultor a trav\u00e9s de las subvenciones, y que sea Azucarera la beneficiaria del 100% de la indemnizaci\u00f3n en el caso de siniestro.<\/h6>\n<p>\u00a0<\/p>\n<p>ASAJA. Le\u00f3n, 17 de marzo de 2025<\/p>\n","protected":false},"excerpt":{"rendered":"<p>Despu\u00e9s de la petici\u00f3n formulada por ASAJA a mediados de febrero, referente a la ayuda agroambiental de la remolacha, hoy lunes 17 de marzo se ha tratado la cuesti\u00f3n en el Consejo Agrario de Castilla y Le\u00f3n presidido por la consejera de Agricultura, Mar\u00eda Gonz\u00e1lez Corral. El acuerdo alcanzado, y a todos los efectos ya [&hellip;]<\/p>\n","protected":false},"author":8,"featured_media":8222,"comment_status":"open","ping_status":"open","sticky":false,"template":"","format":"standard","meta":{"footnotes":""},"categories":[12,5],"tags":[],"yoast_head":"<!-- This site is optimized with the Yoast SEO plugin v24.5 - https:\/\/yoast.com\/wordpress\/plugins\/seo\/ -->\n<title>Nota informativa sobre la ayuda agroambiental de la remolacha en Castilla y Le\u00f3n - ASAJA Le\u00f3n<\/title>\n<meta name=\"description\" content=\"Despu\u00e9s de la petici\u00f3n formulada por ASAJA a mediados de febrero, referente a la ayuda agroambiental de la remolacha, hoy lunes 17 de marzo se ha tratado\" \/>\n<meta name=\"robots\" content=\"index, follow, max-snippet:-1, max-image-preview:large, max-video-preview:-1\" \/>\n<link rel=\"canonical\" href=\"https:\/\/www.asajacyl.com\/leon\/servicios-socio\/nota-informativa-sobre-la-ayuda-agroambiental-de-la-remolacha-en-castilla-y-leon\" \/>\n<meta property=\"og:locale\" content=\"es_ES\" \/>\n<meta property=\"og:type\" content=\"article\" \/>\n<meta property=\"og:title\" content=\"Nota informativa sobre la ayuda agroambiental de la remolacha en Castilla y Le\u00f3n - ASAJA Le\u00f3n\" \/>\n<meta property=\"og:description\" content=\"Despu\u00e9s de la petici\u00f3n formulada por ASAJA a mediados de febrero, referente a la ayuda agroambiental de la remolacha, hoy lunes 17 de marzo se ha tratado\" \/>\n<meta property=\"og:url\" content=\"https:\/\/www.asajacyl.com\/leon\/servicios-socio\/nota-informativa-sobre-la-ayuda-agroambiental-de-la-remolacha-en-castilla-y-leon\" \/>\n<meta property=\"og:site_name\" content=\"ASAJA Le\u00f3n\" \/>\n<meta property=\"article:published_time\" content=\"2025-03-17T16:08:25+00:00\" \/>\n<meta property=\"article:modified_time\" content=\"2025-03-17T16:08:27+00:00\" \/>\n<meta property=\"og:image\" content=\"https:\/\/www.asajacyl.com\/leon\/wp-content\/uploads\/sites\/6\/2017\/11\/REMOLACHA_STA-MARIA-PARAMO_20-11-2009-005-13.jpg\" \/>\n\t<meta property=\"og:image:width\" content=\"2500\" \/>\n\t<meta property=\"og:image:height\" content=\"1667\" \/>\n\t<meta property=\"og:image:type\" content=\"image\/jpeg\" \/>\n<meta name=\"author\" content=\"Eduardo\" \/>\n<meta name=\"twitter:card\" content=\"summary_large_image\" \/>\n<meta name=\"twitter:label1\" content=\"Escrito por\" \/>\n\t<meta name=\"twitter:data1\" content=\"Eduardo\" \/>\n\t<meta name=\"twitter:label2\" content=\"Tiempo de lectura\" \/>\n\t<meta name=\"twitter:data2\" content=\"2 minutos\" \/>\n<script type=\"application\/ld+json\" class=\"yoast-schema-graph\">{\"@context\":\"https:\/\/schema.org\",\"@graph\":[{\"@type\":\"WebPage\",\"@id\":\"https:\/\/www.asajacyl.com\/leon\/servicios-socio\/nota-informativa-sobre-la-ayuda-agroambiental-de-la-remolacha-en-castilla-y-leon\",\"url\":\"https:\/\/www.asajacyl.com\/leon\/servicios-socio\/nota-informativa-sobre-la-ayuda-agroambiental-de-la-remolacha-en-castilla-y-leon\",\"name\":\"Nota informativa sobre la ayuda agroambiental de la remolacha en Castilla y Le\u00f3n - ASAJA Le\u00f3n\",\"isPartOf\":{\"@id\":\"https:\/\/www.asajacyl.com\/leon\/#website\"},\"primaryImageOfPage\":{\"@id\":\"https:\/\/www.asajacyl.com\/leon\/servicios-socio\/nota-informativa-sobre-la-ayuda-agroambiental-de-la-remolacha-en-castilla-y-leon#primaryimage\"},\"image\":{\"@id\":\"https:\/\/www.asajacyl.com\/leon\/servicios-socio\/nota-informativa-sobre-la-ayuda-agroambiental-de-la-remolacha-en-castilla-y-leon#primaryimage\"},\"thumbnailUrl\":\"https:\/\/www.asajacyl.com\/leon\/wp-content\/uploads\/sites\/6\/2017\/11\/REMOLACHA_STA-MARIA-PARAMO_20-11-2009-005-13.jpg\",\"datePublished\":\"2025-03-17T16:08:25+00:00\",\"dateModified\":\"2025-03-17T16:08:27+00:00\",\"author\":{\"@id\":\"https:\/\/www.asajacyl.com\/leon\/#\/schema\/person\/a39ff3609fc182e4c789ab486e865d32\"},\"description\":\"Despu\u00e9s de la petici\u00f3n formulada por ASAJA a mediados de febrero, referente a la ayuda agroambiental de la remolacha, hoy lunes 17 de marzo se ha tratado\",\"breadcrumb\":{\"@id\":\"https:\/\/www.asajacyl.com\/leon\/servicios-socio\/nota-informativa-sobre-la-ayuda-agroambiental-de-la-remolacha-en-castilla-y-leon#breadcrumb\"},\"inLanguage\":\"es\",\"potentialAction\":[{\"@type\":\"ReadAction\",\"target\":[\"https:\/\/www.asajacyl.com\/leon\/servicios-socio\/nota-informativa-sobre-la-ayuda-agroambiental-de-la-remolacha-en-castilla-y-leon\"]}]},{\"@type\":\"ImageObject\",\"inLanguage\":\"es\",\"@id\":\"https:\/\/www.asajacyl.com\/leon\/servicios-socio\/nota-informativa-sobre-la-ayuda-agroambiental-de-la-remolacha-en-castilla-y-leon#primaryimage\",\"url\":\"https:\/\/www.asajacyl.com\/leon\/wp-content\/uploads\/sites\/6\/2017\/11\/REMOLACHA_STA-MARIA-PARAMO_20-11-2009-005-13.jpg\",\"contentUrl\":\"https:\/\/www.asajacyl.com\/leon\/wp-content\/uploads\/sites\/6\/2017\/11\/REMOLACHA_STA-MARIA-PARAMO_20-11-2009-005-13.jpg\",\"width\":2500,\"height\":1667,\"caption\":\"Mont\u00f3n de remolacha\"},{\"@type\":\"BreadcrumbList\",\"@id\":\"https:\/\/www.asajacyl.com\/leon\/servicios-socio\/nota-informativa-sobre-la-ayuda-agroambiental-de-la-remolacha-en-castilla-y-leon#breadcrumb\",\"itemListElement\":[{\"@type\":\"ListItem\",\"position\":1,\"name\":\"Portada\",\"item\":\"https:\/\/www.asajacyl.com\/leon\/\"},{\"@type\":\"ListItem\",\"position\":2,\"name\":\"Nota informativa sobre la ayuda agroambiental de la remolacha en Castilla y Le\u00f3n\"}]},{\"@type\":\"WebSite\",\"@id\":\"https:\/\/www.asajacyl.com\/leon\/#website\",\"url\":\"https:\/\/www.asajacyl.com\/leon\/\",\"name\":\"ASAJA Le\u00f3n\",\"description\":\"Otro sitio m\u00e1s de Provincias ASAJA Castilla y Le\u00f3n\",\"potentialAction\":[{\"@type\":\"SearchAction\",\"target\":{\"@type\":\"EntryPoint\",\"urlTemplate\":\"https:\/\/www.asajacyl.com\/leon\/?s={search_term_string}\"},\"query-input\":{\"@type\":\"PropertyValueSpecification\",\"valueRequired\":true,\"valueName\":\"search_term_string\"}}],\"inLanguage\":\"es\"},{\"@type\":\"Person\",\"@id\":\"https:\/\/www.asajacyl.com\/leon\/#\/schema\/person\/a39ff3609fc182e4c789ab486e865d32\",\"name\":\"Eduardo\",\"image\":{\"@type\":\"ImageObject\",\"inLanguage\":\"es\",\"@id\":\"https:\/\/www.asajacyl.com\/leon\/#\/schema\/person\/image\/\",\"url\":\"https:\/\/secure.gravatar.com\/avatar\/9ebd6aba21d817dcf9595bc9ca505af5?s=96&d=mm&r=g\",\"contentUrl\":\"https:\/\/secure.gravatar.com\/avatar\/9ebd6aba21d817dcf9595bc9ca505af5?s=96&d=mm&r=g\",\"caption\":\"Eduardo\"},\"url\":\"https:\/\/www.asajacyl.com\/leon\/author\/eduardovv\"}]}<\/script>\n<!-- \/ Yoast SEO plugin. -->","yoast_head_json":{"title":"Nota informativa sobre la ayuda agroambiental de la remolacha en Castilla y Le\u00f3n - ASAJA Le\u00f3n","description":"Despu\u00e9s de la petici\u00f3n formulada por ASAJA a mediados de febrero, referente a la ayuda agroambiental de la remolacha, hoy lunes 17 de marzo se ha tratado","robots":{"index":"index","follow":"follow","max-snippet":"max-snippet:-1","max-image-preview":"max-image-preview:large","max-video-preview":"max-video-preview:-1"},"canonical":"https:\/\/www.asajacyl.com\/leon\/servicios-socio\/nota-informativa-sobre-la-ayuda-agroambiental-de-la-remolacha-en-castilla-y-leon","og_locale":"es_ES","og_type":"article","og_title":"Nota informativa sobre la ayuda agroambiental de la remolacha en Castilla y Le\u00f3n - ASAJA Le\u00f3n","og_description":"Despu\u00e9s de la petici\u00f3n formulada por ASAJA a mediados de febrero, referente a la ayuda agroambiental de la remolacha, hoy lunes 17 de marzo se ha tratado","og_url":"https:\/\/www.asajacyl.com\/leon\/servicios-socio\/nota-informativa-sobre-la-ayuda-agroambiental-de-la-remolacha-en-castilla-y-leon","og_site_name":"ASAJA Le\u00f3n","article_published_time":"2025-03-17T16:08:25+00:00","article_modified_time":"2025-03-17T16:08:27+00:00","og_image":[{"width":2500,"height":1667,"url":"https:\/\/www.asajacyl.com\/leon\/wp-content\/uploads\/sites\/6\/2017\/11\/REMOLACHA_STA-MARIA-PARAMO_20-11-2009-005-13.jpg","type":"image\/jpeg"}],"author":"Eduardo","twitter_card":"summary_large_image","twitter_misc":{"Escrito por":"Eduardo","Tiempo de lectura":"2 minutos"},"schema":{"@context":"https:\/\/schema.org","@graph":[{"@type":"WebPage","@id":"https:\/\/www.asajacyl.com\/leon\/servicios-socio\/nota-informativa-sobre-la-ayuda-agroambiental-de-la-remolacha-en-castilla-y-leon","url":"https:\/\/www.asajacyl.com\/leon\/servicios-socio\/nota-informativa-sobre-la-ayuda-agroambiental-de-la-remolacha-en-castilla-y-leon","name":"Nota informativa sobre la ayuda agroambiental de la remolacha en Castilla y Le\u00f3n - ASAJA Le\u00f3n","isPartOf":{"@id":"https:\/\/www.asajacyl.com\/leon\/#website"},"primaryImageOfPage":{"@id":"https:\/\/www.asajacyl.com\/leon\/servicios-socio\/nota-informativa-sobre-la-ayuda-agroambiental-de-la-remolacha-en-castilla-y-leon#primaryimage"},"image":{"@id":"https:\/\/www.asajacyl.com\/leon\/servicios-socio\/nota-informativa-sobre-la-ayuda-agroambiental-de-la-remolacha-en-castilla-y-leon#primaryimage"},"thumbnailUrl":"https:\/\/www.asajacyl.com\/leon\/wp-content\/uploads\/sites\/6\/2017\/11\/REMOLACHA_STA-MARIA-PARAMO_20-11-2009-005-13.jpg","datePublished":"2025-03-17T16:08:25+00:00","dateModified":"2025-03-17T16:08:27+00:00","author":{"@id":"https:\/\/www.asajacyl.com\/leon\/#\/schema\/person\/a39ff3609fc182e4c789ab486e865d32"},"description":"Despu\u00e9s de la petici\u00f3n formulada por ASAJA a mediados de febrero, referente a la ayuda agroambiental de la remolacha, hoy lunes 17 de marzo se ha tratado","breadcrumb":{"@id":"https:\/\/www.asajacyl.com\/leon\/servicios-socio\/nota-informativa-sobre-la-ayuda-agroambiental-de-la-remolacha-en-castilla-y-leon#breadcrumb"},"inLanguage":"es","potentialAction":[{"@type":"ReadAction","target":["https:\/\/www.asajacyl.com\/leon\/servicios-socio\/nota-informativa-sobre-la-ayuda-agroambiental-de-la-remolacha-en-castilla-y-leon"]}]},{"@type":"ImageObject","inLanguage":"es","@id":"https:\/\/www.asajacyl.com\/leon\/servicios-socio\/nota-informativa-sobre-la-ayuda-agroambiental-de-la-remolacha-en-castilla-y-leon#primaryimage","url":"https:\/\/www.asajacyl.com\/leon\/wp-content\/uploads\/sites\/6\/2017\/11\/REMOLACHA_STA-MARIA-PARAMO_20-11-2009-005-13.jpg","contentUrl":"https:\/\/www.asajacyl.com\/leon\/wp-content\/uploads\/sites\/6\/2017\/11\/REMOLACHA_STA-MARIA-PARAMO_20-11-2009-005-13.jpg","width":2500,"height":1667,"caption":"Mont\u00f3n de remolacha"},{"@type":"BreadcrumbList","@id":"https:\/\/www.asajacyl.com\/leon\/servicios-socio\/nota-informativa-sobre-la-ayuda-agroambiental-de-la-remolacha-en-castilla-y-leon#breadcrumb","itemListElement":[{"@type":"ListItem","position":1,"name":"Portada","item":"https:\/\/www.asajacyl.com\/leon\/"},{"@type":"ListItem","position":2,"name":"Nota informativa sobre la ayuda agroambiental de la remolacha en Castilla y Le\u00f3n"}]},{"@type":"WebSite","@id":"https:\/\/www.asajacyl.com\/leon\/#website","url":"https:\/\/www.asajacyl.com\/leon\/","name":"ASAJA Le\u00f3n","description":"Otro sitio m\u00e1s de Provincias ASAJA Castilla y Le\u00f3n","potentialAction":[{"@type":"SearchAction","target":{"@type":"EntryPoint","urlTemplate":"https:\/\/www.asajacyl.com\/leon\/?s={search_term_string}"},"query-input":{"@type":"PropertyValueSpecification","valueRequired":true,"valueName":"search_term_string"}}],"inLanguage":"es"},{"@type":"Person","@id":"https:\/\/www.asajacyl.com\/leon\/#\/schema\/person\/a39ff3609fc182e4c789ab486e865d32","name":"Eduardo","image":{"@type":"ImageObject","inLanguage":"es","@id":"https:\/\/www.asajacyl.com\/leon\/#\/schema\/person\/image\/","url":"https:\/\/secure.gravatar.com\/avatar\/9ebd6aba21d817dcf9595bc9ca505af5?s=96&d=mm&r=g","contentUrl":"https:\/\/secure.gravatar.com\/avatar\/9ebd6aba21d817dcf9595bc9ca505af5?s=96&d=mm&r=g","caption":"Eduardo"},"url":"https:\/\/www.asajacyl.com\/leon\/author\/eduardovv"}]}},"_links":{"self":[{"href":"https:\/\/www.asajacyl.com\/leon\/wp-json\/wp\/v2\/posts\/16138"}],"collection":[{"href":"https:\/\/www.asajacyl.com\/leon\/wp-json\/wp\/v2\/posts"}],"about":[{"href":"https:\/\/www.asajacyl.com\/leon\/wp-json\/wp\/v2\/types\/post"}],"author":[{"embeddable":true,"href":"https:\/\/www.asajacyl.com\/leon\/wp-json\/wp\/v2\/users\/8"}],"replies":[{"embeddable":true,"href":"https:\/\/www.asajacyl.com\/leon\/wp-json\/wp\/v2\/comments?post=16138"}],"version-history":[{"count":1,"href":"https:\/\/www.asajacyl.com\/leon\/wp-json\/wp\/v2\/posts\/16138\/revisions"}],"predecessor-version":[{"id":16140,"href":"https:\/\/www.asajacyl.com\/leon\/wp-json\/wp\/v2\/posts\/16138\/revisions\/16140"}],"wp:featuredmedia":[{"embeddable":true,"href":"https:\/\/www.asajacyl.com\/leon\/wp-json\/wp\/v2\/media\/8222"}],"wp:attachment":[{"href":"https:\/\/www.asajacyl.com\/leon\/wp-json\/wp\/v2\/media?parent=16138"}],"wp:term":[{"taxonomy":"category","embeddable":true,"href":"https:\/\/www.asajacyl.com\/leon\/wp-json\/wp\/v2\/categories?post=16138"},{"taxonomy":"post_tag","embeddable":true,"href":"https:\/\/www.asajacyl.com\/leon\/wp-json\/wp\/v2\/tags?post=16138"}],"curies":[{"name":"wp","href":"https:\/\/api.w.org\/{rel}","templated":true}]}}