{"id":16304,"date":"2025-05-30T10:09:52","date_gmt":"2025-05-30T08:09:52","guid":{"rendered":"https:\/\/www.asajacyl.com\/leon\/?p=16304"},"modified":"2025-06-05T09:47:25","modified_gmt":"2025-06-05T07:47:25","slug":"las-seis-noticias-agrarias-de-la-semana-30-05-2025","status":"publish","type":"post","link":"https:\/\/www.asajacyl.com\/leon\/asaja-leon-informa\/las-seis-noticias-agrarias-de-la-semana-30-05-2025","title":{"rendered":"Las seis noticias agrarias de la semana &#8211; 30\/05\/2025"},"content":{"rendered":"\n<h2 class=\"wp-block-heading\"><strong>Concentraci\u00f3n parcelaria de la zona Las Riberas del Cea y el Valderaduey<\/strong>, <strong>Ganaderos de ovino de la raza Assaf de la provincia de Le\u00f3n<\/strong>, <strong>Condici\u00f3n de organizaci\u00f3n profesional agraria m\u00e1s representativa<\/strong>, <strong>Vacuno de leche que realicen control lechero oficial<\/strong>, <strong>Saldo de ayudas de la PAC<\/strong>, <strong>Fomento de las razas aut\u00f3ctonas espa\u00f1olas<\/strong><\/h2>\n\n\n\n<ol>\n<li>En el BOCYL del 22 de mayo se ha publicado un anuncio de la Consejer\u00eda de Agricultura y Ganader\u00eda por el que se informa de la aprobaci\u00f3n del Estudio T\u00e9cnico Previo de la <strong>concentraci\u00f3n parcelaria de la zona Las Riberas del Cea y el Valderaduey<\/strong>, en la provincia de Le\u00f3n. Se abre as\u00ed un plazo de informaci\u00f3n p\u00fablica de 15 d\u00edas.<strong style=\"color: initial\">\u00a0<\/strong><\/li>\n<\/ol>\n<ol start=\"2\">\n<li>En el Bolet\u00edn Oficial de la Provincia de Le\u00f3n del martes 27 de mayo se han publicado las bases de la convocatoria de ayudas de la Diputaci\u00f3n\u00a0 a <strong>ganaderos de ovino de la raza Assaf de la provincia de Le\u00f3n<\/strong> que adquieran dosis seminales de la mencionada raza, en el a\u00f1o 2025.<strong style=\"color: initial\">\u00a0<\/strong><\/li>\n<\/ol>\n<ol start=\"3\">\n<li>En el BOE del 27 de mayo se ha publicado una Resoluci\u00f3n de 23 de mayo de 2025, de la Subsecretar\u00eda del Ministerio de Agricultura, por la que se determina la <strong>condici\u00f3n de organizaci\u00f3n profesional agraria m\u00e1s representativa<\/strong> en el \u00e1mbito estatal. Re\u00fanen esta condici\u00f3n las organizaciones ASAJA, COAG, UPA y\u00a0 Uni\u00f3n de Uniones de Agricultores y Ganaderos. El Ministerio las trata a las cuatro por igual aunque el nivel de afiliaci\u00f3n de cada una de ellas sea muy diferente.<strong style=\"color: initial\">\u00a0<\/strong><\/li>\n<\/ol>\n<ol start=\"4\">\n<li>En el Bolet\u00edn Oficial de la Provincia de Le\u00f3n del martes 27 de mayo se han publicado las bases de la convocatoria de ayuda a ganaderos de <strong>vacuno de leche que realicen control lechero oficial<\/strong> y mantengan sus animales inscritos en el libro geneal\u00f3gico de la raza frisona o de la raza parda alpina.<\/li>\n<\/ol>\n<ol start=\"5\">\n<li>La consejer\u00eda de Agricultura y Ganader\u00eda de la Junta de Castilla y Le\u00f3n agotar\u00e1 plazos y no pagar\u00e1 hasta finales de junio el <strong>saldo de ayudas de la PAC<\/strong> de la campa\u00f1a 2024. Con car\u00e1cter general, los importes pendientes se corresponden con el 10% de las ayudas en los diferentes conceptos.<\/li>\n<\/ol>\n<ol start=\"6\">\n<li>Se ha publicado la Orden de 23 de mayo de 2025, de la Consejer\u00eda de Agricultura, Ganader\u00eda y Desarrollo Rural, por la que se convocan las ayudas destinadas al <strong>fomento de las razas aut\u00f3ctonas espa\u00f1olas<\/strong><a href=\"https:\/\/bocyl.jcyl.es\/boletines\/2025\/05\/28\/pdf\/BOCYL-D-28052025-24.pdf\">.<\/a> Podr\u00e1n ser beneficiarios las organizaciones o asociaciones de ganaderos reconocidas por la Consejer\u00eda de Agricultura. Las actividades consisten en la creaci\u00f3n y mantenimiento de libros geneal\u00f3gicos y las derivadas del desarrollo del programa de mejora oficialmente reconocido para la raza.<\/li>\n<\/ol>\n","protected":false},"excerpt":{"rendered":"<p>Concentraci\u00f3n parcelaria de la zona Las Riberas del Cea y el Valderaduey, Ganaderos de ovino de la raza Assaf de la provincia de Le\u00f3n, Condici\u00f3n de organizaci\u00f3n profesional agraria m\u00e1s representativa, Vacuno de leche que realicen control lechero oficial, Saldo de ayudas de la PAC, Fomento de las razas aut\u00f3ctonas espa\u00f1olas En el BOCYL del [&hellip;]<\/p>\n","protected":false},"author":8,"featured_media":16309,"comment_status":"open","ping_status":"open","sticky":false,"template":"","format":"standard","meta":{"footnotes":""},"categories":[4,9],"tags":[],"yoast_head":"<!-- This site is optimized with the Yoast SEO plugin v24.5 - https:\/\/yoast.com\/wordpress\/plugins\/seo\/ -->\n<title>Las seis noticias agrarias de la semana - 30\/05\/2025 - ASAJA Le\u00f3n<\/title>\n<meta name=\"description\" content=\"Concentraci\u00f3n parcelaria de la zona Las Riberas del Cea y el Valderaduey, Ganaderos de ovino de la raza Assaf de la provincia de Le\u00f3n, Condici\u00f3n de\" \/>\n<meta name=\"robots\" content=\"index, follow, max-snippet:-1, max-image-preview:large, max-video-preview:-1\" \/>\n<link rel=\"canonical\" href=\"https:\/\/www.asajacyl.com\/leon\/asaja-leon-informa\/las-seis-noticias-agrarias-de-la-semana-30-05-2025\" \/>\n<meta property=\"og:locale\" content=\"es_ES\" \/>\n<meta property=\"og:type\" content=\"article\" \/>\n<meta property=\"og:title\" content=\"Las seis noticias agrarias de la semana - 30\/05\/2025 - ASAJA Le\u00f3n\" \/>\n<meta property=\"og:description\" content=\"Concentraci\u00f3n parcelaria de la zona Las Riberas del Cea y el Valderaduey, Ganaderos de ovino de la raza Assaf de la provincia de Le\u00f3n, Condici\u00f3n de\" \/>\n<meta property=\"og:url\" content=\"https:\/\/www.asajacyl.com\/leon\/asaja-leon-informa\/las-seis-noticias-agrarias-de-la-semana-30-05-2025\" \/>\n<meta property=\"og:site_name\" content=\"ASAJA Le\u00f3n\" \/>\n<meta property=\"article:published_time\" content=\"2025-05-30T08:09:52+00:00\" \/>\n<meta property=\"article:modified_time\" content=\"2025-06-05T07:47:25+00:00\" \/>\n<meta property=\"og:image\" content=\"https:\/\/www.asajacyl.com\/leon\/wp-content\/uploads\/sites\/6\/2025\/05\/ovejas-assaf-1.jpg\" \/>\n\t<meta property=\"og:image:width\" content=\"2500\" \/>\n\t<meta property=\"og:image:height\" content=\"1325\" \/>\n\t<meta property=\"og:image:type\" content=\"image\/jpeg\" \/>\n<meta name=\"author\" content=\"Eduardo\" \/>\n<meta name=\"twitter:card\" content=\"summary_large_image\" \/>\n<meta name=\"twitter:label1\" content=\"Escrito por\" \/>\n\t<meta name=\"twitter:data1\" content=\"Eduardo\" \/>\n\t<meta name=\"twitter:label2\" content=\"Tiempo de lectura\" \/>\n\t<meta name=\"twitter:data2\" content=\"3 minutos\" \/>\n<script type=\"application\/ld+json\" class=\"yoast-schema-graph\">{\"@context\":\"https:\/\/schema.org\",\"@graph\":[{\"@type\":\"WebPage\",\"@id\":\"https:\/\/www.asajacyl.com\/leon\/asaja-leon-informa\/las-seis-noticias-agrarias-de-la-semana-30-05-2025\",\"url\":\"https:\/\/www.asajacyl.com\/leon\/asaja-leon-informa\/las-seis-noticias-agrarias-de-la-semana-30-05-2025\",\"name\":\"Las seis noticias agrarias de la semana - 30\/05\/2025 - ASAJA Le\u00f3n\",\"isPartOf\":{\"@id\":\"https:\/\/www.asajacyl.com\/leon\/#website\"},\"primaryImageOfPage\":{\"@id\":\"https:\/\/www.asajacyl.com\/leon\/asaja-leon-informa\/las-seis-noticias-agrarias-de-la-semana-30-05-2025#primaryimage\"},\"image\":{\"@id\":\"https:\/\/www.asajacyl.com\/leon\/asaja-leon-informa\/las-seis-noticias-agrarias-de-la-semana-30-05-2025#primaryimage\"},\"thumbnailUrl\":\"https:\/\/www.asajacyl.com\/leon\/wp-content\/uploads\/sites\/6\/2025\/05\/ovejas-assaf-1.jpg\",\"datePublished\":\"2025-05-30T08:09:52+00:00\",\"dateModified\":\"2025-06-05T07:47:25+00:00\",\"author\":{\"@id\":\"https:\/\/www.asajacyl.com\/leon\/#\/schema\/person\/a39ff3609fc182e4c789ab486e865d32\"},\"description\":\"Concentraci\u00f3n parcelaria de la zona Las Riberas del Cea y el Valderaduey, Ganaderos de ovino de la raza Assaf de la provincia de Le\u00f3n, Condici\u00f3n de\",\"breadcrumb\":{\"@id\":\"https:\/\/www.asajacyl.com\/leon\/asaja-leon-informa\/las-seis-noticias-agrarias-de-la-semana-30-05-2025#breadcrumb\"},\"inLanguage\":\"es\",\"potentialAction\":[{\"@type\":\"ReadAction\",\"target\":[\"https:\/\/www.asajacyl.com\/leon\/asaja-leon-informa\/las-seis-noticias-agrarias-de-la-semana-30-05-2025\"]}]},{\"@type\":\"ImageObject\",\"inLanguage\":\"es\",\"@id\":\"https:\/\/www.asajacyl.com\/leon\/asaja-leon-informa\/las-seis-noticias-agrarias-de-la-semana-30-05-2025#primaryimage\",\"url\":\"https:\/\/www.asajacyl.com\/leon\/wp-content\/uploads\/sites\/6\/2025\/05\/ovejas-assaf-1.jpg\",\"contentUrl\":\"https:\/\/www.asajacyl.com\/leon\/wp-content\/uploads\/sites\/6\/2025\/05\/ovejas-assaf-1.jpg\",\"width\":2500,\"height\":1325},{\"@type\":\"BreadcrumbList\",\"@id\":\"https:\/\/www.asajacyl.com\/leon\/asaja-leon-informa\/las-seis-noticias-agrarias-de-la-semana-30-05-2025#breadcrumb\",\"itemListElement\":[{\"@type\":\"ListItem\",\"position\":1,\"name\":\"Portada\",\"item\":\"https:\/\/www.asajacyl.com\/leon\/\"},{\"@type\":\"ListItem\",\"position\":2,\"name\":\"Las seis noticias agrarias de la semana &#8211; 30\/05\/2025\"}]},{\"@type\":\"WebSite\",\"@id\":\"https:\/\/www.asajacyl.com\/leon\/#website\",\"url\":\"https:\/\/www.asajacyl.com\/leon\/\",\"name\":\"ASAJA Le\u00f3n\",\"description\":\"Otro sitio m\u00e1s de Provincias ASAJA Castilla y Le\u00f3n\",\"potentialAction\":[{\"@type\":\"SearchAction\",\"target\":{\"@type\":\"EntryPoint\",\"urlTemplate\":\"https:\/\/www.asajacyl.com\/leon\/?s={search_term_string}\"},\"query-input\":{\"@type\":\"PropertyValueSpecification\",\"valueRequired\":true,\"valueName\":\"search_term_string\"}}],\"inLanguage\":\"es\"},{\"@type\":\"Person\",\"@id\":\"https:\/\/www.asajacyl.com\/leon\/#\/schema\/person\/a39ff3609fc182e4c789ab486e865d32\",\"name\":\"Eduardo\",\"image\":{\"@type\":\"ImageObject\",\"inLanguage\":\"es\",\"@id\":\"https:\/\/www.asajacyl.com\/leon\/#\/schema\/person\/image\/\",\"url\":\"https:\/\/secure.gravatar.com\/avatar\/9ebd6aba21d817dcf9595bc9ca505af5?s=96&d=mm&r=g\",\"contentUrl\":\"https:\/\/secure.gravatar.com\/avatar\/9ebd6aba21d817dcf9595bc9ca505af5?s=96&d=mm&r=g\",\"caption\":\"Eduardo\"},\"url\":\"https:\/\/www.asajacyl.com\/leon\/author\/eduardovv\"}]}<\/script>\n<!-- \/ Yoast SEO plugin. -->","yoast_head_json":{"title":"Las seis noticias agrarias de la semana - 30\/05\/2025 - ASAJA Le\u00f3n","description":"Concentraci\u00f3n parcelaria de la zona Las Riberas del Cea y el Valderaduey, Ganaderos de ovino de la raza Assaf de la provincia de Le\u00f3n, Condici\u00f3n de","robots":{"index":"index","follow":"follow","max-snippet":"max-snippet:-1","max-image-preview":"max-image-preview:large","max-video-preview":"max-video-preview:-1"},"canonical":"https:\/\/www.asajacyl.com\/leon\/asaja-leon-informa\/las-seis-noticias-agrarias-de-la-semana-30-05-2025","og_locale":"es_ES","og_type":"article","og_title":"Las seis noticias agrarias de la semana - 30\/05\/2025 - ASAJA Le\u00f3n","og_description":"Concentraci\u00f3n parcelaria de la zona Las Riberas del Cea y el Valderaduey, Ganaderos de ovino de la raza Assaf de la provincia de Le\u00f3n, Condici\u00f3n de","og_url":"https:\/\/www.asajacyl.com\/leon\/asaja-leon-informa\/las-seis-noticias-agrarias-de-la-semana-30-05-2025","og_site_name":"ASAJA Le\u00f3n","article_published_time":"2025-05-30T08:09:52+00:00","article_modified_time":"2025-06-05T07:47:25+00:00","og_image":[{"width":2500,"height":1325,"url":"https:\/\/www.asajacyl.com\/leon\/wp-content\/uploads\/sites\/6\/2025\/05\/ovejas-assaf-1.jpg","type":"image\/jpeg"}],"author":"Eduardo","twitter_card":"summary_large_image","twitter_misc":{"Escrito por":"Eduardo","Tiempo de lectura":"3 minutos"},"schema":{"@context":"https:\/\/schema.org","@graph":[{"@type":"WebPage","@id":"https:\/\/www.asajacyl.com\/leon\/asaja-leon-informa\/las-seis-noticias-agrarias-de-la-semana-30-05-2025","url":"https:\/\/www.asajacyl.com\/leon\/asaja-leon-informa\/las-seis-noticias-agrarias-de-la-semana-30-05-2025","name":"Las seis noticias agrarias de la semana - 30\/05\/2025 - ASAJA Le\u00f3n","isPartOf":{"@id":"https:\/\/www.asajacyl.com\/leon\/#website"},"primaryImageOfPage":{"@id":"https:\/\/www.asajacyl.com\/leon\/asaja-leon-informa\/las-seis-noticias-agrarias-de-la-semana-30-05-2025#primaryimage"},"image":{"@id":"https:\/\/www.asajacyl.com\/leon\/asaja-leon-informa\/las-seis-noticias-agrarias-de-la-semana-30-05-2025#primaryimage"},"thumbnailUrl":"https:\/\/www.asajacyl.com\/leon\/wp-content\/uploads\/sites\/6\/2025\/05\/ovejas-assaf-1.jpg","datePublished":"2025-05-30T08:09:52+00:00","dateModified":"2025-06-05T07:47:25+00:00","author":{"@id":"https:\/\/www.asajacyl.com\/leon\/#\/schema\/person\/a39ff3609fc182e4c789ab486e865d32"},"description":"Concentraci\u00f3n parcelaria de la zona Las Riberas del Cea y el Valderaduey, Ganaderos de ovino de la raza Assaf de la provincia de Le\u00f3n, Condici\u00f3n de","breadcrumb":{"@id":"https:\/\/www.asajacyl.com\/leon\/asaja-leon-informa\/las-seis-noticias-agrarias-de-la-semana-30-05-2025#breadcrumb"},"inLanguage":"es","potentialAction":[{"@type":"ReadAction","target":["https:\/\/www.asajacyl.com\/leon\/asaja-leon-informa\/las-seis-noticias-agrarias-de-la-semana-30-05-2025"]}]},{"@type":"ImageObject","inLanguage":"es","@id":"https:\/\/www.asajacyl.com\/leon\/asaja-leon-informa\/las-seis-noticias-agrarias-de-la-semana-30-05-2025#primaryimage","url":"https:\/\/www.asajacyl.com\/leon\/wp-content\/uploads\/sites\/6\/2025\/05\/ovejas-assaf-1.jpg","contentUrl":"https:\/\/www.asajacyl.com\/leon\/wp-content\/uploads\/sites\/6\/2025\/05\/ovejas-assaf-1.jpg","width":2500,"height":1325},{"@type":"BreadcrumbList","@id":"https:\/\/www.asajacyl.com\/leon\/asaja-leon-informa\/las-seis-noticias-agrarias-de-la-semana-30-05-2025#breadcrumb","itemListElement":[{"@type":"ListItem","position":1,"name":"Portada","item":"https:\/\/www.asajacyl.com\/leon\/"},{"@type":"ListItem","position":2,"name":"Las seis noticias agrarias de la semana &#8211; 30\/05\/2025"}]},{"@type":"WebSite","@id":"https:\/\/www.asajacyl.com\/leon\/#website","url":"https:\/\/www.asajacyl.com\/leon\/","name":"ASAJA Le\u00f3n","description":"Otro sitio m\u00e1s de Provincias ASAJA Castilla y Le\u00f3n","potentialAction":[{"@type":"SearchAction","target":{"@type":"EntryPoint","urlTemplate":"https:\/\/www.asajacyl.com\/leon\/?s={search_term_string}"},"query-input":{"@type":"PropertyValueSpecification","valueRequired":true,"valueName":"search_term_string"}}],"inLanguage":"es"},{"@type":"Person","@id":"https:\/\/www.asajacyl.com\/leon\/#\/schema\/person\/a39ff3609fc182e4c789ab486e865d32","name":"Eduardo","image":{"@type":"ImageObject","inLanguage":"es","@id":"https:\/\/www.asajacyl.com\/leon\/#\/schema\/person\/image\/","url":"https:\/\/secure.gravatar.com\/avatar\/9ebd6aba21d817dcf9595bc9ca505af5?s=96&d=mm&r=g","contentUrl":"https:\/\/secure.gravatar.com\/avatar\/9ebd6aba21d817dcf9595bc9ca505af5?s=96&d=mm&r=g","caption":"Eduardo"},"url":"https:\/\/www.asajacyl.com\/leon\/author\/eduardovv"}]}},"_links":{"self":[{"href":"https:\/\/www.asajacyl.com\/leon\/wp-json\/wp\/v2\/posts\/16304"}],"collection":[{"href":"https:\/\/www.asajacyl.com\/leon\/wp-json\/wp\/v2\/posts"}],"about":[{"href":"https:\/\/www.asajacyl.com\/leon\/wp-json\/wp\/v2\/types\/post"}],"author":[{"embeddable":true,"href":"https:\/\/www.asajacyl.com\/leon\/wp-json\/wp\/v2\/users\/8"}],"replies":[{"embeddable":true,"href":"https:\/\/www.asajacyl.com\/leon\/wp-json\/wp\/v2\/comments?post=16304"}],"version-history":[{"count":1,"href":"https:\/\/www.asajacyl.com\/leon\/wp-json\/wp\/v2\/posts\/16304\/revisions"}],"predecessor-version":[{"id":16306,"href":"https:\/\/www.asajacyl.com\/leon\/wp-json\/wp\/v2\/posts\/16304\/revisions\/16306"}],"wp:featuredmedia":[{"embeddable":true,"href":"https:\/\/www.asajacyl.com\/leon\/wp-json\/wp\/v2\/media\/16309"}],"wp:attachment":[{"href":"https:\/\/www.asajacyl.com\/leon\/wp-json\/wp\/v2\/media?parent=16304"}],"wp:term":[{"taxonomy":"category","embeddable":true,"href":"https:\/\/www.asajacyl.com\/leon\/wp-json\/wp\/v2\/categories?post=16304"},{"taxonomy":"post_tag","embeddable":true,"href":"https:\/\/www.asajacyl.com\/leon\/wp-json\/wp\/v2\/tags?post=16304"}],"curies":[{"name":"wp","href":"https:\/\/api.w.org\/{rel}","templated":true}]}}