{"id":16522,"date":"2025-09-16T13:47:29","date_gmt":"2025-09-16T11:47:29","guid":{"rendered":"https:\/\/www.asajacyl.com\/leon\/?p=16522"},"modified":"2025-09-16T13:49:14","modified_gmt":"2025-09-16T11:49:14","slug":"ayuda-para-la-reposicion-de-vallados-ganaderos-danados-por-los-incendios","status":"publish","type":"post","link":"https:\/\/www.asajacyl.com\/leon\/servicios-socio\/ayuda-para-la-reposicion-de-vallados-ganaderos-danados-por-los-incendios","title":{"rendered":"Ayuda para la reposici\u00f3n de vallados ganaderos da\u00f1ados por los incendios"},"content":{"rendered":"\n<h6>La Junta de Castilla y Le\u00f3n ha publicado hoy la declaraci\u00f3n de responsable para acceder a la ayuda para la reposici\u00f3n de vallados ganaderos da\u00f1ados por los incendios, <u>esta declaraci\u00f3n se podr\u00e1 presentar hasta el 15 de octubre<\/u>.<\/h6>\n<h6>Ser\u00e1 necesario disponer de im\u00e1genes georreferenciadas y un plano que acredite los da\u00f1os sufridos en los vallados, debemos incorporara a la declaraci\u00f3n croquis en los que se se\u00f1alar\u00e1 la localizaci\u00f3n gr\u00e1fica del da\u00f1o en cada recinto.<\/h6>\n<p><strong><u>Informaci\u00f3n General:<\/u><\/strong><\/p>\n<h6><strong>Qui\u00e9n lo puede solicitar<\/strong>: Titulares p\u00fablicos (entidades locales), privados y\/o perceptores de la solicitud \u00fanica de ayudas PAC 2025, con vallados o cercados ganaderos incluidos en recintos declarados de ganader\u00eda extensiva que hayan sufrido da\u00f1os por los incendios y est\u00e9n incluidos en la relaci\u00f3n de municipios del Anexo.<\/h6>\n<h6>Precisa declaraci\u00f3n responsable disponible en la aplicaci\u00f3n inform\u00e1tica.<\/h6>\n<p><strong>Requisitos que deben cumplirse<\/strong>: La Consejer\u00eda comprobar\u00e1 de oficio los siguientes requisitos:<\/p>\n<ol>\n<li>\n<h6>Que el vallado o cercado ganadero est\u00e9 en un municipio incluido en la relaci\u00f3n oficial de municipios afectados.<\/h6>\n<\/li>\n<li>\n<h6>Que el vallado o cercado ganadero haya sufrido da\u00f1os derivados de los incendios.<\/h6>\n<\/li>\n<li>\n<h6>Que el recinto en el que se encuentra el vallado o cerramiento ganadero deber\u00e1 estar incluido en la solicitud \u00fanica de la PAC 2025 de Castilla y Le\u00f3n en alguno de los usos SIGPAC relativos a aprovechamientos ganaderos extensivos.<\/h6>\n<\/li>\n<li>\n<h6>Que la subvenci\u00f3n se destine a la reposici\u00f3n de los vallados ganaderos, y perimetrales da\u00f1ados por los incendios acaecidos.<\/h6>\n<\/li>\n<li>\n<h6>Que a efectos de posibles comprobaciones por la Administraci\u00f3n, el declarante deber\u00e1 realizar y conservar las fotos georreferenciadas de los da\u00f1os causados en los vallados afectados por el incendio.<\/h6>\n<\/li>\n<li>\n<h6>Que se acredite el cumplimiento de cualquier otro requisito que se determine en el Acuerdo de la Junta de Castilla y Le\u00f3n, por el que se autoricen la concesi\u00f3n de estas ayudas.<\/h6>\n<\/li>\n<\/ol>\n<p><strong>M\u00f3dulos de referencia:<\/strong><\/p>\n<ul>\n<li>Cerramiento con destrucci\u00f3n total\u00a0\u00a0\u00a0\u00a0\u00a0\u00a0\u00a0\u00a0\u00a0\u00a0\u00a0\u00a0\u00a0\u00a0\u00a0\u00a0\u00a0\u00a0\u00a0\u00a0\u00a0 6 \u20ac\/ml<\/li>\n<li>Cerramiento con destrucci\u00f3n parcial \u00a0\u00a0\u00a0\u00a0\u00a0\u00a0\u00a0\u00a0\u00a0\u00a0\u00a0\u00a0\u00a0\u00a0\u00a0\u00a0 \u00a03 \u20ac\/ml<\/li>\n<li>Pastor el\u00e9ctrico\u00a0\u00a0\u00a0\u00a0\u00a0\u00a0\u00a0\u00a0\u00a0\u00a0\u00a0\u00a0\u00a0\u00a0\u00a0\u00a0\u00a0\u00a0\u00a0\u00a0\u00a0\u00a0\u00a0\u00a0\u00a0\u00a0\u00a0\u00a0\u00a0\u00a0\u00a0\u00a0\u00a0\u00a0\u00a0\u00a0\u00a0\u00a0\u00a0\u00a0\u00a0\u00a0\u00a0\u00a0 750 \u20ac\/unidad<\/li>\n<\/ul>\n<p><strong>Plazo<\/strong>: El plazo de solicitud se establecer\u00e1 hasta el 15 de octubre de 2025.<\/p>\n<p>\u00a0<\/p>\n<p>Enlace declaraci\u00f3n de responsable:<\/p>\n<p><a href=\"https:\/\/www.tramitacastillayleon.jcyl.es\/web\/jcyl\/AdministracionElectronica\/es\/Plantilla100Detalle\/1251181050732\/Ayuda012\/1285557033067\/Propuesta\">Declaraci\u00f3n responsable para agricultores y ganaderos a efectos de valorar los da\u00f1os en relaci\u00f3n con las ayudas establecidas en el punto 10 del Acuerdo 34\/2025, de actuaciones para la recuperaci\u00f3n de zonas afectadas por incendios forestales verano 2025 | Sede Electr\u00f3nica | Junta de Castilla y Le\u00f3n<\/a><\/p>\n","protected":false},"excerpt":{"rendered":"<p>La Junta de Castilla y Le\u00f3n ha publicado hoy la declaraci\u00f3n de responsable para acceder a la ayuda para la reposici\u00f3n de vallados ganaderos da\u00f1ados por los incendios, esta declaraci\u00f3n se podr\u00e1 presentar hasta el 15 de octubre. Ser\u00e1 necesario disponer de im\u00e1genes georreferenciadas y un plano que acredite los da\u00f1os sufridos en los vallados, [&hellip;]<\/p>\n","protected":false},"author":8,"featured_media":16472,"comment_status":"open","ping_status":"open","sticky":false,"template":"","format":"standard","meta":{"footnotes":""},"categories":[12,5],"tags":[],"yoast_head":"<!-- This site is optimized with the Yoast SEO plugin v24.5 - https:\/\/yoast.com\/wordpress\/plugins\/seo\/ -->\n<title>Ayuda para la reposici\u00f3n de vallados ganaderos da\u00f1ados por los incendios - ASAJA Le\u00f3n<\/title>\n<meta name=\"description\" content=\"La Junta de Castilla y Le\u00f3n ha publicado hoy la declaraci\u00f3n de responsable para acceder a la ayuda para la reposici\u00f3n de vallados ganaderos da\u00f1ados por\" \/>\n<meta name=\"robots\" content=\"index, follow, max-snippet:-1, max-image-preview:large, max-video-preview:-1\" \/>\n<link rel=\"canonical\" href=\"https:\/\/www.asajacyl.com\/leon\/servicios-socio\/ayuda-para-la-reposicion-de-vallados-ganaderos-danados-por-los-incendios\" \/>\n<meta property=\"og:locale\" content=\"es_ES\" \/>\n<meta property=\"og:type\" content=\"article\" \/>\n<meta property=\"og:title\" content=\"Ayuda para la reposici\u00f3n de vallados ganaderos da\u00f1ados por los incendios - ASAJA Le\u00f3n\" \/>\n<meta property=\"og:description\" content=\"La Junta de Castilla y Le\u00f3n ha publicado hoy la declaraci\u00f3n de responsable para acceder a la ayuda para la reposici\u00f3n de vallados ganaderos da\u00f1ados por\" \/>\n<meta property=\"og:url\" content=\"https:\/\/www.asajacyl.com\/leon\/servicios-socio\/ayuda-para-la-reposicion-de-vallados-ganaderos-danados-por-los-incendios\" \/>\n<meta property=\"og:site_name\" content=\"ASAJA Le\u00f3n\" \/>\n<meta property=\"article:published_time\" content=\"2025-09-16T11:47:29+00:00\" \/>\n<meta property=\"article:modified_time\" content=\"2025-09-16T11:49:14+00:00\" \/>\n<meta property=\"og:image\" content=\"https:\/\/www.asajacyl.com\/leon\/wp-content\/uploads\/sites\/6\/2025\/08\/incendios-leon.jpeg\" \/>\n\t<meta property=\"og:image:width\" content=\"414\" \/>\n\t<meta property=\"og:image:height\" content=\"276\" \/>\n\t<meta property=\"og:image:type\" content=\"image\/jpeg\" \/>\n<meta name=\"author\" content=\"Eduardo\" \/>\n<meta name=\"twitter:card\" content=\"summary_large_image\" \/>\n<meta name=\"twitter:label1\" content=\"Escrito por\" \/>\n\t<meta name=\"twitter:data1\" content=\"Eduardo\" \/>\n\t<meta name=\"twitter:label2\" content=\"Tiempo de lectura\" \/>\n\t<meta name=\"twitter:data2\" content=\"2 minutos\" \/>\n<script type=\"application\/ld+json\" class=\"yoast-schema-graph\">{\"@context\":\"https:\/\/schema.org\",\"@graph\":[{\"@type\":\"WebPage\",\"@id\":\"https:\/\/www.asajacyl.com\/leon\/servicios-socio\/ayuda-para-la-reposicion-de-vallados-ganaderos-danados-por-los-incendios\",\"url\":\"https:\/\/www.asajacyl.com\/leon\/servicios-socio\/ayuda-para-la-reposicion-de-vallados-ganaderos-danados-por-los-incendios\",\"name\":\"Ayuda para la reposici\u00f3n de vallados ganaderos da\u00f1ados por los incendios - ASAJA Le\u00f3n\",\"isPartOf\":{\"@id\":\"https:\/\/www.asajacyl.com\/leon\/#website\"},\"primaryImageOfPage\":{\"@id\":\"https:\/\/www.asajacyl.com\/leon\/servicios-socio\/ayuda-para-la-reposicion-de-vallados-ganaderos-danados-por-los-incendios#primaryimage\"},\"image\":{\"@id\":\"https:\/\/www.asajacyl.com\/leon\/servicios-socio\/ayuda-para-la-reposicion-de-vallados-ganaderos-danados-por-los-incendios#primaryimage\"},\"thumbnailUrl\":\"https:\/\/www.asajacyl.com\/leon\/wp-content\/uploads\/sites\/6\/2025\/08\/incendios-leon.jpeg\",\"datePublished\":\"2025-09-16T11:47:29+00:00\",\"dateModified\":\"2025-09-16T11:49:14+00:00\",\"author\":{\"@id\":\"https:\/\/www.asajacyl.com\/leon\/#\/schema\/person\/a39ff3609fc182e4c789ab486e865d32\"},\"description\":\"La Junta de Castilla y Le\u00f3n ha publicado hoy la declaraci\u00f3n de responsable para acceder a la ayuda para la reposici\u00f3n de vallados ganaderos da\u00f1ados por\",\"breadcrumb\":{\"@id\":\"https:\/\/www.asajacyl.com\/leon\/servicios-socio\/ayuda-para-la-reposicion-de-vallados-ganaderos-danados-por-los-incendios#breadcrumb\"},\"inLanguage\":\"es\",\"potentialAction\":[{\"@type\":\"ReadAction\",\"target\":[\"https:\/\/www.asajacyl.com\/leon\/servicios-socio\/ayuda-para-la-reposicion-de-vallados-ganaderos-danados-por-los-incendios\"]}]},{\"@type\":\"ImageObject\",\"inLanguage\":\"es\",\"@id\":\"https:\/\/www.asajacyl.com\/leon\/servicios-socio\/ayuda-para-la-reposicion-de-vallados-ganaderos-danados-por-los-incendios#primaryimage\",\"url\":\"https:\/\/www.asajacyl.com\/leon\/wp-content\/uploads\/sites\/6\/2025\/08\/incendios-leon.jpeg\",\"contentUrl\":\"https:\/\/www.asajacyl.com\/leon\/wp-content\/uploads\/sites\/6\/2025\/08\/incendios-leon.jpeg\",\"width\":414,\"height\":276},{\"@type\":\"BreadcrumbList\",\"@id\":\"https:\/\/www.asajacyl.com\/leon\/servicios-socio\/ayuda-para-la-reposicion-de-vallados-ganaderos-danados-por-los-incendios#breadcrumb\",\"itemListElement\":[{\"@type\":\"ListItem\",\"position\":1,\"name\":\"Portada\",\"item\":\"https:\/\/www.asajacyl.com\/leon\/\"},{\"@type\":\"ListItem\",\"position\":2,\"name\":\"Ayuda para la reposici\u00f3n de vallados ganaderos da\u00f1ados por los incendios\"}]},{\"@type\":\"WebSite\",\"@id\":\"https:\/\/www.asajacyl.com\/leon\/#website\",\"url\":\"https:\/\/www.asajacyl.com\/leon\/\",\"name\":\"ASAJA Le\u00f3n\",\"description\":\"Otro sitio m\u00e1s de Provincias ASAJA Castilla y Le\u00f3n\",\"potentialAction\":[{\"@type\":\"SearchAction\",\"target\":{\"@type\":\"EntryPoint\",\"urlTemplate\":\"https:\/\/www.asajacyl.com\/leon\/?s={search_term_string}\"},\"query-input\":{\"@type\":\"PropertyValueSpecification\",\"valueRequired\":true,\"valueName\":\"search_term_string\"}}],\"inLanguage\":\"es\"},{\"@type\":\"Person\",\"@id\":\"https:\/\/www.asajacyl.com\/leon\/#\/schema\/person\/a39ff3609fc182e4c789ab486e865d32\",\"name\":\"Eduardo\",\"image\":{\"@type\":\"ImageObject\",\"inLanguage\":\"es\",\"@id\":\"https:\/\/www.asajacyl.com\/leon\/#\/schema\/person\/image\/\",\"url\":\"https:\/\/secure.gravatar.com\/avatar\/9ebd6aba21d817dcf9595bc9ca505af5?s=96&d=mm&r=g\",\"contentUrl\":\"https:\/\/secure.gravatar.com\/avatar\/9ebd6aba21d817dcf9595bc9ca505af5?s=96&d=mm&r=g\",\"caption\":\"Eduardo\"},\"url\":\"https:\/\/www.asajacyl.com\/leon\/author\/eduardovv\"}]}<\/script>\n<!-- \/ Yoast SEO plugin. -->","yoast_head_json":{"title":"Ayuda para la reposici\u00f3n de vallados ganaderos da\u00f1ados por los incendios - ASAJA Le\u00f3n","description":"La Junta de Castilla y Le\u00f3n ha publicado hoy la declaraci\u00f3n de responsable para acceder a la ayuda para la reposici\u00f3n de vallados ganaderos da\u00f1ados por","robots":{"index":"index","follow":"follow","max-snippet":"max-snippet:-1","max-image-preview":"max-image-preview:large","max-video-preview":"max-video-preview:-1"},"canonical":"https:\/\/www.asajacyl.com\/leon\/servicios-socio\/ayuda-para-la-reposicion-de-vallados-ganaderos-danados-por-los-incendios","og_locale":"es_ES","og_type":"article","og_title":"Ayuda para la reposici\u00f3n de vallados ganaderos da\u00f1ados por los incendios - ASAJA Le\u00f3n","og_description":"La Junta de Castilla y Le\u00f3n ha publicado hoy la declaraci\u00f3n de responsable para acceder a la ayuda para la reposici\u00f3n de vallados ganaderos da\u00f1ados por","og_url":"https:\/\/www.asajacyl.com\/leon\/servicios-socio\/ayuda-para-la-reposicion-de-vallados-ganaderos-danados-por-los-incendios","og_site_name":"ASAJA Le\u00f3n","article_published_time":"2025-09-16T11:47:29+00:00","article_modified_time":"2025-09-16T11:49:14+00:00","og_image":[{"width":414,"height":276,"url":"https:\/\/www.asajacyl.com\/leon\/wp-content\/uploads\/sites\/6\/2025\/08\/incendios-leon.jpeg","type":"image\/jpeg"}],"author":"Eduardo","twitter_card":"summary_large_image","twitter_misc":{"Escrito por":"Eduardo","Tiempo de lectura":"2 minutos"},"schema":{"@context":"https:\/\/schema.org","@graph":[{"@type":"WebPage","@id":"https:\/\/www.asajacyl.com\/leon\/servicios-socio\/ayuda-para-la-reposicion-de-vallados-ganaderos-danados-por-los-incendios","url":"https:\/\/www.asajacyl.com\/leon\/servicios-socio\/ayuda-para-la-reposicion-de-vallados-ganaderos-danados-por-los-incendios","name":"Ayuda para la reposici\u00f3n de vallados ganaderos da\u00f1ados por los incendios - ASAJA Le\u00f3n","isPartOf":{"@id":"https:\/\/www.asajacyl.com\/leon\/#website"},"primaryImageOfPage":{"@id":"https:\/\/www.asajacyl.com\/leon\/servicios-socio\/ayuda-para-la-reposicion-de-vallados-ganaderos-danados-por-los-incendios#primaryimage"},"image":{"@id":"https:\/\/www.asajacyl.com\/leon\/servicios-socio\/ayuda-para-la-reposicion-de-vallados-ganaderos-danados-por-los-incendios#primaryimage"},"thumbnailUrl":"https:\/\/www.asajacyl.com\/leon\/wp-content\/uploads\/sites\/6\/2025\/08\/incendios-leon.jpeg","datePublished":"2025-09-16T11:47:29+00:00","dateModified":"2025-09-16T11:49:14+00:00","author":{"@id":"https:\/\/www.asajacyl.com\/leon\/#\/schema\/person\/a39ff3609fc182e4c789ab486e865d32"},"description":"La Junta de Castilla y Le\u00f3n ha publicado hoy la declaraci\u00f3n de responsable para acceder a la ayuda para la reposici\u00f3n de vallados ganaderos da\u00f1ados por","breadcrumb":{"@id":"https:\/\/www.asajacyl.com\/leon\/servicios-socio\/ayuda-para-la-reposicion-de-vallados-ganaderos-danados-por-los-incendios#breadcrumb"},"inLanguage":"es","potentialAction":[{"@type":"ReadAction","target":["https:\/\/www.asajacyl.com\/leon\/servicios-socio\/ayuda-para-la-reposicion-de-vallados-ganaderos-danados-por-los-incendios"]}]},{"@type":"ImageObject","inLanguage":"es","@id":"https:\/\/www.asajacyl.com\/leon\/servicios-socio\/ayuda-para-la-reposicion-de-vallados-ganaderos-danados-por-los-incendios#primaryimage","url":"https:\/\/www.asajacyl.com\/leon\/wp-content\/uploads\/sites\/6\/2025\/08\/incendios-leon.jpeg","contentUrl":"https:\/\/www.asajacyl.com\/leon\/wp-content\/uploads\/sites\/6\/2025\/08\/incendios-leon.jpeg","width":414,"height":276},{"@type":"BreadcrumbList","@id":"https:\/\/www.asajacyl.com\/leon\/servicios-socio\/ayuda-para-la-reposicion-de-vallados-ganaderos-danados-por-los-incendios#breadcrumb","itemListElement":[{"@type":"ListItem","position":1,"name":"Portada","item":"https:\/\/www.asajacyl.com\/leon\/"},{"@type":"ListItem","position":2,"name":"Ayuda para la reposici\u00f3n de vallados ganaderos da\u00f1ados por los incendios"}]},{"@type":"WebSite","@id":"https:\/\/www.asajacyl.com\/leon\/#website","url":"https:\/\/www.asajacyl.com\/leon\/","name":"ASAJA Le\u00f3n","description":"Otro sitio m\u00e1s de Provincias ASAJA Castilla y Le\u00f3n","potentialAction":[{"@type":"SearchAction","target":{"@type":"EntryPoint","urlTemplate":"https:\/\/www.asajacyl.com\/leon\/?s={search_term_string}"},"query-input":{"@type":"PropertyValueSpecification","valueRequired":true,"valueName":"search_term_string"}}],"inLanguage":"es"},{"@type":"Person","@id":"https:\/\/www.asajacyl.com\/leon\/#\/schema\/person\/a39ff3609fc182e4c789ab486e865d32","name":"Eduardo","image":{"@type":"ImageObject","inLanguage":"es","@id":"https:\/\/www.asajacyl.com\/leon\/#\/schema\/person\/image\/","url":"https:\/\/secure.gravatar.com\/avatar\/9ebd6aba21d817dcf9595bc9ca505af5?s=96&d=mm&r=g","contentUrl":"https:\/\/secure.gravatar.com\/avatar\/9ebd6aba21d817dcf9595bc9ca505af5?s=96&d=mm&r=g","caption":"Eduardo"},"url":"https:\/\/www.asajacyl.com\/leon\/author\/eduardovv"}]}},"_links":{"self":[{"href":"https:\/\/www.asajacyl.com\/leon\/wp-json\/wp\/v2\/posts\/16522"}],"collection":[{"href":"https:\/\/www.asajacyl.com\/leon\/wp-json\/wp\/v2\/posts"}],"about":[{"href":"https:\/\/www.asajacyl.com\/leon\/wp-json\/wp\/v2\/types\/post"}],"author":[{"embeddable":true,"href":"https:\/\/www.asajacyl.com\/leon\/wp-json\/wp\/v2\/users\/8"}],"replies":[{"embeddable":true,"href":"https:\/\/www.asajacyl.com\/leon\/wp-json\/wp\/v2\/comments?post=16522"}],"version-history":[{"count":2,"href":"https:\/\/www.asajacyl.com\/leon\/wp-json\/wp\/v2\/posts\/16522\/revisions"}],"predecessor-version":[{"id":16524,"href":"https:\/\/www.asajacyl.com\/leon\/wp-json\/wp\/v2\/posts\/16522\/revisions\/16524"}],"wp:featuredmedia":[{"embeddable":true,"href":"https:\/\/www.asajacyl.com\/leon\/wp-json\/wp\/v2\/media\/16472"}],"wp:attachment":[{"href":"https:\/\/www.asajacyl.com\/leon\/wp-json\/wp\/v2\/media?parent=16522"}],"wp:term":[{"taxonomy":"category","embeddable":true,"href":"https:\/\/www.asajacyl.com\/leon\/wp-json\/wp\/v2\/categories?post=16522"},{"taxonomy":"post_tag","embeddable":true,"href":"https:\/\/www.asajacyl.com\/leon\/wp-json\/wp\/v2\/tags?post=16522"}],"curies":[{"name":"wp","href":"https:\/\/api.w.org\/{rel}","templated":true}]}}