{"id":16752,"date":"2026-01-09T09:15:54","date_gmt":"2026-01-09T08:15:54","guid":{"rendered":"https:\/\/www.asajacyl.com\/leon\/?p=16752"},"modified":"2026-01-23T11:13:54","modified_gmt":"2026-01-23T10:13:54","slug":"las-seis-noticias-agrarias-de-la-semana-09-01-2026","status":"publish","type":"post","link":"https:\/\/www.asajacyl.com\/leon\/asaja-leon-informa\/las-seis-noticias-agrarias-de-la-semana-09-01-2026","title":{"rendered":"Las seis noticias agrarias de la semana &#8211; 09\/01\/2026"},"content":{"rendered":"\n<h2 class=\"wp-block-heading\"><strong>Bonificaciones fiscales de tasas veterinarias<\/strong>, <strong>Nodular contagiosa<\/strong>, <strong>Jornada profesional sobre la patata<\/strong>, <strong>Pagos de la PAC de 2025<\/strong>, <strong>Recogida de Leche<\/strong>, <strong>Seguridad Social<\/strong><\/h2>\n\n\n\n<ol>\n<li>La Ley 2\/2023, de 9 de noviembre, de <strong>bonificaciones fiscales de tasas veterinarias<\/strong>, estableci\u00f3 una bonificaci\u00f3n del 95\u202f% sobre la cuota de la tasa por prestaci\u00f3n de servicios veterinarios, con vigencia hasta el 31 de diciembre de 2025. Con la Ley 2\/2025, de 1 de diciembre, publicada en el BOCYL del 31 de diciembre, dicha bonificaci\u00f3n se mantiene tambi\u00e9n durante el a\u00f1o 2026.<\/li>\n<\/ol>\n<ol start=\"2\">\n<li>En el BOCYL del 2 de enero se ha publicado la RESOLUCI\u00d3N de 23 de diciembre de 2025, de la Direcci\u00f3n General de Producci\u00f3n Agr\u00edcola y Ganadera, por la que se prorroga la vigencia de la Resoluci\u00f3n de 6 de noviembre de 2025, modificada por la Resoluci\u00f3n de 26 de noviembre de 2025, por la que se adoptan medidas cautelares frente a la <strong>dermatosis nodular contagiosa<\/strong> en la Comunidad Aut\u00f3noma de Castilla y Le\u00f3n.<\/li>\n<\/ol>\n<ol start=\"3\">\n<li>El jueves 15 de enero se va a celebrar en el Hotel El Montico, de Tordesillas (Valladolid) una <strong>jornada profesional sobre la patata<\/strong> promovida por la Organizaci\u00f3n Interprofesional de la Patata de Castilla y Le\u00f3n. En ella se tratar\u00e1 sobre la planificaci\u00f3n y futuro de la patata en Castilla y Le\u00f3n, interviniendo personalidades relevantes relacionadas con el sector y responsables de las administraciones con competencias agrarias.<\/li>\n<\/ol>\n<ol start=\"4\">\n<li>A 31 de diciembre del pasado a\u00f1o 2025 la consejer\u00eda de Agricultura y Ganader\u00eda hab\u00eda efectuado <strong>pagos de la PAC de 2025<\/strong> por importe de casi 99 millones de euros a 6.417 productores. ASAJA\u00a0 estima que queda pendiente un 20%, que se corresponde con el 10% que no se le ha abonado a ning\u00fan agricultor m\u00e1s ayudas todav\u00eda no pagadas como el cebo de vacuno, y expedientes que no han entrado en pago por encontrarse en revisi\u00f3n administrativa.<\/li>\n<\/ol>\n<ol start=\"5\">\n<li>El principiado de Asturias, como con anterioridad ya lo hiciera tambi\u00e9n el de Cantabria, ha aprobado una ayuda para compensar los mayores costes de recogida de Leche en las zonas de monta\u00f1a de dif\u00edcil acceso. Una ayuda similar le prometi\u00f3 la Junta de Castilla y Le\u00f3n, a los ganaderos leoneses de la comarca de Oma\u00f1a, hace ahora un a\u00f1o, pero dicha ayuda no ha llegado, ni se les ha dado explicaci\u00f3n alguna al respecto. El acuerdo lo alcanz\u00f3 en su d\u00eda Ugal-UPA con la Junta y ASAJA no lo suscribi\u00f3 por entender que era un enga\u00f1o.<\/li>\n<\/ol>\n<ol start=\"6\">\n<li>Varios centenares de agricultores y ganaderos de la provincia de Le\u00f3n han recibido estos d\u00edas notificaci\u00f3n de la <strong>Seguridad Social<\/strong> para regularizar las cotizaciones del a\u00f1o 2024. Esta regularizaci\u00f3n supone una devoluci\u00f3n de dinero ya pagado, ya que en funci\u00f3n de los ingresos, las bases de cotizaci\u00f3n definitivas son menores. Sin embargo, los agricultores pueden solicitar que se mantenga su base m\u00e1s alta del a\u00f1o 2022, opci\u00f3n\u00a0 que suele ser la mayoritaria ya que los agricultores no quieren perder en prestaciones.<\/li>\n<\/ol>\n","protected":false},"excerpt":{"rendered":"<p>Bonificaciones fiscales de tasas veterinarias, Nodular contagiosa, Jornada profesional sobre la patata, Pagos de la PAC de 2025, Recogida de Leche, Seguridad Social La Ley 2\/2023, de 9 de noviembre, de bonificaciones fiscales de tasas veterinarias, estableci\u00f3 una bonificaci\u00f3n del 95\u202f% sobre la cuota de la tasa por prestaci\u00f3n de servicios veterinarios, con vigencia hasta [&hellip;]<\/p>\n","protected":false},"author":8,"featured_media":14946,"comment_status":"open","ping_status":"open","sticky":false,"template":"","format":"standard","meta":{"footnotes":""},"categories":[4,9],"tags":[],"yoast_head":"<!-- This site is optimized with the Yoast SEO plugin v24.5 - https:\/\/yoast.com\/wordpress\/plugins\/seo\/ -->\n<title>Las seis noticias agrarias de la semana - 09\/01\/2026 - ASAJA Le\u00f3n<\/title>\n<meta name=\"description\" content=\"Bonificaciones fiscales de tasas veterinarias, Nodular contagiosa, Jornada profesional sobre la patata, Pagos de la PAC de 2025, Recogida de Leche,\" \/>\n<meta name=\"robots\" content=\"index, follow, max-snippet:-1, max-image-preview:large, max-video-preview:-1\" \/>\n<link rel=\"canonical\" href=\"https:\/\/www.asajacyl.com\/leon\/asaja-leon-informa\/las-seis-noticias-agrarias-de-la-semana-09-01-2026\" \/>\n<meta property=\"og:locale\" content=\"es_ES\" \/>\n<meta property=\"og:type\" content=\"article\" \/>\n<meta property=\"og:title\" content=\"Las seis noticias agrarias de la semana - 09\/01\/2026 - ASAJA Le\u00f3n\" \/>\n<meta property=\"og:description\" content=\"Bonificaciones fiscales de tasas veterinarias, Nodular contagiosa, Jornada profesional sobre la patata, Pagos de la PAC de 2025, Recogida de Leche,\" \/>\n<meta property=\"og:url\" content=\"https:\/\/www.asajacyl.com\/leon\/asaja-leon-informa\/las-seis-noticias-agrarias-de-la-semana-09-01-2026\" \/>\n<meta property=\"og:site_name\" content=\"ASAJA Le\u00f3n\" \/>\n<meta property=\"article:published_time\" content=\"2026-01-09T08:15:54+00:00\" \/>\n<meta property=\"article:modified_time\" content=\"2026-01-23T10:13:54+00:00\" \/>\n<meta property=\"og:image\" content=\"https:\/\/www.asajacyl.com\/leon\/wp-content\/uploads\/sites\/6\/2023\/12\/patata_15_12_23.jpg\" \/>\n\t<meta property=\"og:image:width\" content=\"1920\" \/>\n\t<meta property=\"og:image:height\" content=\"1280\" \/>\n\t<meta property=\"og:image:type\" content=\"image\/jpeg\" \/>\n<meta name=\"author\" content=\"Eduardo\" \/>\n<meta name=\"twitter:card\" content=\"summary_large_image\" \/>\n<meta name=\"twitter:label1\" content=\"Escrito por\" \/>\n\t<meta name=\"twitter:data1\" content=\"Eduardo\" \/>\n\t<meta name=\"twitter:label2\" content=\"Tiempo de lectura\" \/>\n\t<meta name=\"twitter:data2\" content=\"3 minutos\" \/>\n<script type=\"application\/ld+json\" class=\"yoast-schema-graph\">{\"@context\":\"https:\/\/schema.org\",\"@graph\":[{\"@type\":\"WebPage\",\"@id\":\"https:\/\/www.asajacyl.com\/leon\/asaja-leon-informa\/las-seis-noticias-agrarias-de-la-semana-09-01-2026\",\"url\":\"https:\/\/www.asajacyl.com\/leon\/asaja-leon-informa\/las-seis-noticias-agrarias-de-la-semana-09-01-2026\",\"name\":\"Las seis noticias agrarias de la semana - 09\/01\/2026 - ASAJA Le\u00f3n\",\"isPartOf\":{\"@id\":\"https:\/\/www.asajacyl.com\/leon\/#website\"},\"primaryImageOfPage\":{\"@id\":\"https:\/\/www.asajacyl.com\/leon\/asaja-leon-informa\/las-seis-noticias-agrarias-de-la-semana-09-01-2026#primaryimage\"},\"image\":{\"@id\":\"https:\/\/www.asajacyl.com\/leon\/asaja-leon-informa\/las-seis-noticias-agrarias-de-la-semana-09-01-2026#primaryimage\"},\"thumbnailUrl\":\"https:\/\/www.asajacyl.com\/leon\/wp-content\/uploads\/sites\/6\/2023\/12\/patata_15_12_23.jpg\",\"datePublished\":\"2026-01-09T08:15:54+00:00\",\"dateModified\":\"2026-01-23T10:13:54+00:00\",\"author\":{\"@id\":\"https:\/\/www.asajacyl.com\/leon\/#\/schema\/person\/a39ff3609fc182e4c789ab486e865d32\"},\"description\":\"Bonificaciones fiscales de tasas veterinarias, Nodular contagiosa, Jornada profesional sobre la patata, Pagos de la PAC de 2025, Recogida de Leche,\",\"breadcrumb\":{\"@id\":\"https:\/\/www.asajacyl.com\/leon\/asaja-leon-informa\/las-seis-noticias-agrarias-de-la-semana-09-01-2026#breadcrumb\"},\"inLanguage\":\"es\",\"potentialAction\":[{\"@type\":\"ReadAction\",\"target\":[\"https:\/\/www.asajacyl.com\/leon\/asaja-leon-informa\/las-seis-noticias-agrarias-de-la-semana-09-01-2026\"]}]},{\"@type\":\"ImageObject\",\"inLanguage\":\"es\",\"@id\":\"https:\/\/www.asajacyl.com\/leon\/asaja-leon-informa\/las-seis-noticias-agrarias-de-la-semana-09-01-2026#primaryimage\",\"url\":\"https:\/\/www.asajacyl.com\/leon\/wp-content\/uploads\/sites\/6\/2023\/12\/patata_15_12_23.jpg\",\"contentUrl\":\"https:\/\/www.asajacyl.com\/leon\/wp-content\/uploads\/sites\/6\/2023\/12\/patata_15_12_23.jpg\",\"width\":1920,\"height\":1280},{\"@type\":\"BreadcrumbList\",\"@id\":\"https:\/\/www.asajacyl.com\/leon\/asaja-leon-informa\/las-seis-noticias-agrarias-de-la-semana-09-01-2026#breadcrumb\",\"itemListElement\":[{\"@type\":\"ListItem\",\"position\":1,\"name\":\"Portada\",\"item\":\"https:\/\/www.asajacyl.com\/leon\/\"},{\"@type\":\"ListItem\",\"position\":2,\"name\":\"Las seis noticias agrarias de la semana &#8211; 09\/01\/2026\"}]},{\"@type\":\"WebSite\",\"@id\":\"https:\/\/www.asajacyl.com\/leon\/#website\",\"url\":\"https:\/\/www.asajacyl.com\/leon\/\",\"name\":\"ASAJA Le\u00f3n\",\"description\":\"Otro sitio m\u00e1s de Provincias ASAJA Castilla y Le\u00f3n\",\"potentialAction\":[{\"@type\":\"SearchAction\",\"target\":{\"@type\":\"EntryPoint\",\"urlTemplate\":\"https:\/\/www.asajacyl.com\/leon\/?s={search_term_string}\"},\"query-input\":{\"@type\":\"PropertyValueSpecification\",\"valueRequired\":true,\"valueName\":\"search_term_string\"}}],\"inLanguage\":\"es\"},{\"@type\":\"Person\",\"@id\":\"https:\/\/www.asajacyl.com\/leon\/#\/schema\/person\/a39ff3609fc182e4c789ab486e865d32\",\"name\":\"Eduardo\",\"image\":{\"@type\":\"ImageObject\",\"inLanguage\":\"es\",\"@id\":\"https:\/\/www.asajacyl.com\/leon\/#\/schema\/person\/image\/\",\"url\":\"https:\/\/secure.gravatar.com\/avatar\/9ebd6aba21d817dcf9595bc9ca505af5?s=96&d=mm&r=g\",\"contentUrl\":\"https:\/\/secure.gravatar.com\/avatar\/9ebd6aba21d817dcf9595bc9ca505af5?s=96&d=mm&r=g\",\"caption\":\"Eduardo\"},\"url\":\"https:\/\/www.asajacyl.com\/leon\/author\/eduardovv\"}]}<\/script>\n<!-- \/ Yoast SEO plugin. -->","yoast_head_json":{"title":"Las seis noticias agrarias de la semana - 09\/01\/2026 - ASAJA Le\u00f3n","description":"Bonificaciones fiscales de tasas veterinarias, Nodular contagiosa, Jornada profesional sobre la patata, Pagos de la PAC de 2025, Recogida de Leche,","robots":{"index":"index","follow":"follow","max-snippet":"max-snippet:-1","max-image-preview":"max-image-preview:large","max-video-preview":"max-video-preview:-1"},"canonical":"https:\/\/www.asajacyl.com\/leon\/asaja-leon-informa\/las-seis-noticias-agrarias-de-la-semana-09-01-2026","og_locale":"es_ES","og_type":"article","og_title":"Las seis noticias agrarias de la semana - 09\/01\/2026 - ASAJA Le\u00f3n","og_description":"Bonificaciones fiscales de tasas veterinarias, Nodular contagiosa, Jornada profesional sobre la patata, Pagos de la PAC de 2025, Recogida de Leche,","og_url":"https:\/\/www.asajacyl.com\/leon\/asaja-leon-informa\/las-seis-noticias-agrarias-de-la-semana-09-01-2026","og_site_name":"ASAJA Le\u00f3n","article_published_time":"2026-01-09T08:15:54+00:00","article_modified_time":"2026-01-23T10:13:54+00:00","og_image":[{"width":1920,"height":1280,"url":"https:\/\/www.asajacyl.com\/leon\/wp-content\/uploads\/sites\/6\/2023\/12\/patata_15_12_23.jpg","type":"image\/jpeg"}],"author":"Eduardo","twitter_card":"summary_large_image","twitter_misc":{"Escrito por":"Eduardo","Tiempo de lectura":"3 minutos"},"schema":{"@context":"https:\/\/schema.org","@graph":[{"@type":"WebPage","@id":"https:\/\/www.asajacyl.com\/leon\/asaja-leon-informa\/las-seis-noticias-agrarias-de-la-semana-09-01-2026","url":"https:\/\/www.asajacyl.com\/leon\/asaja-leon-informa\/las-seis-noticias-agrarias-de-la-semana-09-01-2026","name":"Las seis noticias agrarias de la semana - 09\/01\/2026 - ASAJA Le\u00f3n","isPartOf":{"@id":"https:\/\/www.asajacyl.com\/leon\/#website"},"primaryImageOfPage":{"@id":"https:\/\/www.asajacyl.com\/leon\/asaja-leon-informa\/las-seis-noticias-agrarias-de-la-semana-09-01-2026#primaryimage"},"image":{"@id":"https:\/\/www.asajacyl.com\/leon\/asaja-leon-informa\/las-seis-noticias-agrarias-de-la-semana-09-01-2026#primaryimage"},"thumbnailUrl":"https:\/\/www.asajacyl.com\/leon\/wp-content\/uploads\/sites\/6\/2023\/12\/patata_15_12_23.jpg","datePublished":"2026-01-09T08:15:54+00:00","dateModified":"2026-01-23T10:13:54+00:00","author":{"@id":"https:\/\/www.asajacyl.com\/leon\/#\/schema\/person\/a39ff3609fc182e4c789ab486e865d32"},"description":"Bonificaciones fiscales de tasas veterinarias, Nodular contagiosa, Jornada profesional sobre la patata, Pagos de la PAC de 2025, Recogida de Leche,","breadcrumb":{"@id":"https:\/\/www.asajacyl.com\/leon\/asaja-leon-informa\/las-seis-noticias-agrarias-de-la-semana-09-01-2026#breadcrumb"},"inLanguage":"es","potentialAction":[{"@type":"ReadAction","target":["https:\/\/www.asajacyl.com\/leon\/asaja-leon-informa\/las-seis-noticias-agrarias-de-la-semana-09-01-2026"]}]},{"@type":"ImageObject","inLanguage":"es","@id":"https:\/\/www.asajacyl.com\/leon\/asaja-leon-informa\/las-seis-noticias-agrarias-de-la-semana-09-01-2026#primaryimage","url":"https:\/\/www.asajacyl.com\/leon\/wp-content\/uploads\/sites\/6\/2023\/12\/patata_15_12_23.jpg","contentUrl":"https:\/\/www.asajacyl.com\/leon\/wp-content\/uploads\/sites\/6\/2023\/12\/patata_15_12_23.jpg","width":1920,"height":1280},{"@type":"BreadcrumbList","@id":"https:\/\/www.asajacyl.com\/leon\/asaja-leon-informa\/las-seis-noticias-agrarias-de-la-semana-09-01-2026#breadcrumb","itemListElement":[{"@type":"ListItem","position":1,"name":"Portada","item":"https:\/\/www.asajacyl.com\/leon\/"},{"@type":"ListItem","position":2,"name":"Las seis noticias agrarias de la semana &#8211; 09\/01\/2026"}]},{"@type":"WebSite","@id":"https:\/\/www.asajacyl.com\/leon\/#website","url":"https:\/\/www.asajacyl.com\/leon\/","name":"ASAJA Le\u00f3n","description":"Otro sitio m\u00e1s de Provincias ASAJA Castilla y Le\u00f3n","potentialAction":[{"@type":"SearchAction","target":{"@type":"EntryPoint","urlTemplate":"https:\/\/www.asajacyl.com\/leon\/?s={search_term_string}"},"query-input":{"@type":"PropertyValueSpecification","valueRequired":true,"valueName":"search_term_string"}}],"inLanguage":"es"},{"@type":"Person","@id":"https:\/\/www.asajacyl.com\/leon\/#\/schema\/person\/a39ff3609fc182e4c789ab486e865d32","name":"Eduardo","image":{"@type":"ImageObject","inLanguage":"es","@id":"https:\/\/www.asajacyl.com\/leon\/#\/schema\/person\/image\/","url":"https:\/\/secure.gravatar.com\/avatar\/9ebd6aba21d817dcf9595bc9ca505af5?s=96&d=mm&r=g","contentUrl":"https:\/\/secure.gravatar.com\/avatar\/9ebd6aba21d817dcf9595bc9ca505af5?s=96&d=mm&r=g","caption":"Eduardo"},"url":"https:\/\/www.asajacyl.com\/leon\/author\/eduardovv"}]}},"_links":{"self":[{"href":"https:\/\/www.asajacyl.com\/leon\/wp-json\/wp\/v2\/posts\/16752"}],"collection":[{"href":"https:\/\/www.asajacyl.com\/leon\/wp-json\/wp\/v2\/posts"}],"about":[{"href":"https:\/\/www.asajacyl.com\/leon\/wp-json\/wp\/v2\/types\/post"}],"author":[{"embeddable":true,"href":"https:\/\/www.asajacyl.com\/leon\/wp-json\/wp\/v2\/users\/8"}],"replies":[{"embeddable":true,"href":"https:\/\/www.asajacyl.com\/leon\/wp-json\/wp\/v2\/comments?post=16752"}],"version-history":[{"count":1,"href":"https:\/\/www.asajacyl.com\/leon\/wp-json\/wp\/v2\/posts\/16752\/revisions"}],"predecessor-version":[{"id":16753,"href":"https:\/\/www.asajacyl.com\/leon\/wp-json\/wp\/v2\/posts\/16752\/revisions\/16753"}],"wp:featuredmedia":[{"embeddable":true,"href":"https:\/\/www.asajacyl.com\/leon\/wp-json\/wp\/v2\/media\/14946"}],"wp:attachment":[{"href":"https:\/\/www.asajacyl.com\/leon\/wp-json\/wp\/v2\/media?parent=16752"}],"wp:term":[{"taxonomy":"category","embeddable":true,"href":"https:\/\/www.asajacyl.com\/leon\/wp-json\/wp\/v2\/categories?post=16752"},{"taxonomy":"post_tag","embeddable":true,"href":"https:\/\/www.asajacyl.com\/leon\/wp-json\/wp\/v2\/tags?post=16752"}],"curies":[{"name":"wp","href":"https:\/\/api.w.org\/{rel}","templated":true}]}}