{"id":16755,"date":"2026-01-16T08:38:07","date_gmt":"2026-01-16T07:38:07","guid":{"rendered":"https:\/\/www.asajacyl.com\/leon\/?p=16755"},"modified":"2026-01-16T08:48:25","modified_gmt":"2026-01-16T07:48:25","slug":"tierras-del-estado","status":"publish","type":"post","link":"https:\/\/www.asajacyl.com\/leon\/asaja-leon-informa\/tierras-del-estado","title":{"rendered":"Tierras del Estado"},"content":{"rendered":"\n<h6>Me cost\u00f3 ver en prensa general, ayer jueves, la rese\u00f1a sobre el acto del presidente, Pedro S\u00e1nchez, con j\u00f3venes del sector agrario, lo que denota que no debi\u00f3 de decir ni debi\u00f3 de ocurrir nada importante. Este peri\u00f3dico lo releg\u00f3 a su espacio de campo. Anunci\u00f3 de nuevo una Ley de Agricultura Familiar para la que no tiene mucho contenido sobre el que legislar, para la que no tiene tiempo parlamentario, y para la que no tiene mayor\u00edas parlamentarias suficientes, por lo tanto, un canto al sol.<\/h6>\n<h6>Pero a m\u00ed lo que me llam\u00f3 la atenci\u00f3n fue un anuncio de poner a\u00a0 disposici\u00f3n de los j\u00f3venes agricultores hasta 17.000 fincas propiedad del Estado. No dijo d\u00f3nde estaban, qu\u00e9 tipo de tierra era, ni cu\u00e1nto med\u00edan, porque no es lo mismo un huerto que una gran finca. Yo pienso que se refiere a esas fincas que pasan a propiedad del Estado, tras un proceso de concentraci\u00f3n parcelaria, formando la masa de propietarios desconocidos, y que hasta ahora se subastaban, por el Ministerio de Hacienda, al mejor postor. De estas subastas, por varios lotes,\u00a0 suele haber una o dos al a\u00f1o en la provincia de Le\u00f3n. Lo otro que se me ocurre es que le quiera dar un segundo uso a esas fincas propiedad del ej\u00e9rcito, como el campo de tiro del Teleno, o el campamento del Ferral, porque, en realidad, nada estorban las vacas y las ovejas pastando entre soldados que hacen maniobras con armas de fuego de mentira. Las confederaciones hidrogr\u00e1ficas suelen tener tambi\u00e9n prados y pastos de ribera en las zonas de polic\u00eda de r\u00edos y embalses, como en el Pantano de Ria\u00f1o. Pero bueno, lo importante, ahora, es que lo concrete y que concrete a qui\u00e9n se las quiere dar, con qu\u00e9 criterio de prioridad, en qu\u00e9 cuant\u00eda de superficie, y a qu\u00e9 precio.<\/h6>\n<h6>Lo m\u00e1s interesante que dijo, al respecto de ayudar a los j\u00f3venes, fue que no iba a permitir una PAC peor dotada presupuestariamente, pero esto ya veremos si lo cumple o no el d\u00eda que se apruebe el Marco Financiero Plurianual de la Uni\u00f3n Europea, donde como Jefe de\u00a0 Gobierno tendr\u00e1 que votar. Salvo que se anticipen elecciones y no sea \u00e9l quien decida, que tambi\u00e9n puede ocurrir.<\/h6>\n<h6><em>*Art\u00edculo de opini\u00f3n de Jos\u00e9 Antonio Turrado publicado en La Nueva Cr\u00f3nica del viernes 16 de enero de 2026<\/em><\/h6>\n","protected":false},"excerpt":{"rendered":"<p>Me cost\u00f3 ver en prensa general, ayer jueves, la rese\u00f1a sobre el acto del presidente, Pedro S\u00e1nchez, con j\u00f3venes del sector agrario, lo que denota que no debi\u00f3 de decir ni debi\u00f3 de ocurrir nada importante. Este peri\u00f3dico lo releg\u00f3 a su espacio de campo. Anunci\u00f3 de nuevo una Ley de Agricultura Familiar para la [&hellip;]<\/p>\n","protected":false},"author":8,"featured_media":16567,"comment_status":"open","ping_status":"open","sticky":false,"template":"","format":"standard","meta":{"footnotes":""},"categories":[4,11],"tags":[],"yoast_head":"<!-- This site is optimized with the Yoast SEO plugin v24.5 - https:\/\/yoast.com\/wordpress\/plugins\/seo\/ -->\n<title>Tierras del Estado - ASAJA Le\u00f3n<\/title>\n<meta name=\"description\" content=\"Me cost\u00f3 ver en prensa general, ayer jueves, la rese\u00f1a sobre el acto del presidente, Pedro S\u00e1nchez, con j\u00f3venes del sector agrario, lo que denota que no\" \/>\n<meta name=\"robots\" content=\"index, follow, max-snippet:-1, max-image-preview:large, max-video-preview:-1\" \/>\n<link rel=\"canonical\" href=\"https:\/\/www.asajacyl.com\/leon\/asaja-leon-informa\/tierras-del-estado\" \/>\n<meta property=\"og:locale\" content=\"es_ES\" \/>\n<meta property=\"og:type\" content=\"article\" \/>\n<meta property=\"og:title\" content=\"Tierras del Estado - ASAJA Le\u00f3n\" \/>\n<meta property=\"og:description\" content=\"Me cost\u00f3 ver en prensa general, ayer jueves, la rese\u00f1a sobre el acto del presidente, Pedro S\u00e1nchez, con j\u00f3venes del sector agrario, lo que denota que no\" \/>\n<meta property=\"og:url\" content=\"https:\/\/www.asajacyl.com\/leon\/asaja-leon-informa\/tierras-del-estado\" \/>\n<meta property=\"og:site_name\" content=\"ASAJA Le\u00f3n\" \/>\n<meta property=\"article:published_time\" content=\"2026-01-16T07:38:07+00:00\" \/>\n<meta property=\"article:modified_time\" content=\"2026-01-16T07:48:25+00:00\" \/>\n<meta property=\"og:image\" content=\"https:\/\/www.asajacyl.com\/leon\/wp-content\/uploads\/sites\/6\/2025\/10\/e48b595c-24c4-4e7f-b6af-aa7e6385802a.jpg\" \/>\n\t<meta property=\"og:image:width\" content=\"700\" \/>\n\t<meta property=\"og:image:height\" content=\"467\" \/>\n\t<meta property=\"og:image:type\" content=\"image\/jpeg\" \/>\n<meta name=\"author\" content=\"Eduardo\" \/>\n<meta name=\"twitter:card\" content=\"summary_large_image\" \/>\n<meta name=\"twitter:label1\" content=\"Escrito por\" \/>\n\t<meta name=\"twitter:data1\" content=\"Eduardo\" \/>\n\t<meta name=\"twitter:label2\" content=\"Tiempo de lectura\" \/>\n\t<meta name=\"twitter:data2\" content=\"3 minutos\" \/>\n<script type=\"application\/ld+json\" class=\"yoast-schema-graph\">{\"@context\":\"https:\/\/schema.org\",\"@graph\":[{\"@type\":\"WebPage\",\"@id\":\"https:\/\/www.asajacyl.com\/leon\/asaja-leon-informa\/tierras-del-estado\",\"url\":\"https:\/\/www.asajacyl.com\/leon\/asaja-leon-informa\/tierras-del-estado\",\"name\":\"Tierras del Estado - ASAJA Le\u00f3n\",\"isPartOf\":{\"@id\":\"https:\/\/www.asajacyl.com\/leon\/#website\"},\"primaryImageOfPage\":{\"@id\":\"https:\/\/www.asajacyl.com\/leon\/asaja-leon-informa\/tierras-del-estado#primaryimage\"},\"image\":{\"@id\":\"https:\/\/www.asajacyl.com\/leon\/asaja-leon-informa\/tierras-del-estado#primaryimage\"},\"thumbnailUrl\":\"https:\/\/www.asajacyl.com\/leon\/wp-content\/uploads\/sites\/6\/2025\/10\/e48b595c-24c4-4e7f-b6af-aa7e6385802a.jpg\",\"datePublished\":\"2026-01-16T07:38:07+00:00\",\"dateModified\":\"2026-01-16T07:48:25+00:00\",\"author\":{\"@id\":\"https:\/\/www.asajacyl.com\/leon\/#\/schema\/person\/a39ff3609fc182e4c789ab486e865d32\"},\"description\":\"Me cost\u00f3 ver en prensa general, ayer jueves, la rese\u00f1a sobre el acto del presidente, Pedro S\u00e1nchez, con j\u00f3venes del sector agrario, lo que denota que no\",\"breadcrumb\":{\"@id\":\"https:\/\/www.asajacyl.com\/leon\/asaja-leon-informa\/tierras-del-estado#breadcrumb\"},\"inLanguage\":\"es\",\"potentialAction\":[{\"@type\":\"ReadAction\",\"target\":[\"https:\/\/www.asajacyl.com\/leon\/asaja-leon-informa\/tierras-del-estado\"]}]},{\"@type\":\"ImageObject\",\"inLanguage\":\"es\",\"@id\":\"https:\/\/www.asajacyl.com\/leon\/asaja-leon-informa\/tierras-del-estado#primaryimage\",\"url\":\"https:\/\/www.asajacyl.com\/leon\/wp-content\/uploads\/sites\/6\/2025\/10\/e48b595c-24c4-4e7f-b6af-aa7e6385802a.jpg\",\"contentUrl\":\"https:\/\/www.asajacyl.com\/leon\/wp-content\/uploads\/sites\/6\/2025\/10\/e48b595c-24c4-4e7f-b6af-aa7e6385802a.jpg\",\"width\":700,\"height\":467},{\"@type\":\"BreadcrumbList\",\"@id\":\"https:\/\/www.asajacyl.com\/leon\/asaja-leon-informa\/tierras-del-estado#breadcrumb\",\"itemListElement\":[{\"@type\":\"ListItem\",\"position\":1,\"name\":\"Portada\",\"item\":\"https:\/\/www.asajacyl.com\/leon\/\"},{\"@type\":\"ListItem\",\"position\":2,\"name\":\"Tierras del Estado\"}]},{\"@type\":\"WebSite\",\"@id\":\"https:\/\/www.asajacyl.com\/leon\/#website\",\"url\":\"https:\/\/www.asajacyl.com\/leon\/\",\"name\":\"ASAJA Le\u00f3n\",\"description\":\"Otro sitio m\u00e1s de Provincias ASAJA Castilla y Le\u00f3n\",\"potentialAction\":[{\"@type\":\"SearchAction\",\"target\":{\"@type\":\"EntryPoint\",\"urlTemplate\":\"https:\/\/www.asajacyl.com\/leon\/?s={search_term_string}\"},\"query-input\":{\"@type\":\"PropertyValueSpecification\",\"valueRequired\":true,\"valueName\":\"search_term_string\"}}],\"inLanguage\":\"es\"},{\"@type\":\"Person\",\"@id\":\"https:\/\/www.asajacyl.com\/leon\/#\/schema\/person\/a39ff3609fc182e4c789ab486e865d32\",\"name\":\"Eduardo\",\"image\":{\"@type\":\"ImageObject\",\"inLanguage\":\"es\",\"@id\":\"https:\/\/www.asajacyl.com\/leon\/#\/schema\/person\/image\/\",\"url\":\"https:\/\/secure.gravatar.com\/avatar\/9ebd6aba21d817dcf9595bc9ca505af5?s=96&d=mm&r=g\",\"contentUrl\":\"https:\/\/secure.gravatar.com\/avatar\/9ebd6aba21d817dcf9595bc9ca505af5?s=96&d=mm&r=g\",\"caption\":\"Eduardo\"},\"url\":\"https:\/\/www.asajacyl.com\/leon\/author\/eduardovv\"}]}<\/script>\n<!-- \/ Yoast SEO plugin. -->","yoast_head_json":{"title":"Tierras del Estado - ASAJA Le\u00f3n","description":"Me cost\u00f3 ver en prensa general, ayer jueves, la rese\u00f1a sobre el acto del presidente, Pedro S\u00e1nchez, con j\u00f3venes del sector agrario, lo que denota que no","robots":{"index":"index","follow":"follow","max-snippet":"max-snippet:-1","max-image-preview":"max-image-preview:large","max-video-preview":"max-video-preview:-1"},"canonical":"https:\/\/www.asajacyl.com\/leon\/asaja-leon-informa\/tierras-del-estado","og_locale":"es_ES","og_type":"article","og_title":"Tierras del Estado - ASAJA Le\u00f3n","og_description":"Me cost\u00f3 ver en prensa general, ayer jueves, la rese\u00f1a sobre el acto del presidente, Pedro S\u00e1nchez, con j\u00f3venes del sector agrario, lo que denota que no","og_url":"https:\/\/www.asajacyl.com\/leon\/asaja-leon-informa\/tierras-del-estado","og_site_name":"ASAJA Le\u00f3n","article_published_time":"2026-01-16T07:38:07+00:00","article_modified_time":"2026-01-16T07:48:25+00:00","og_image":[{"width":700,"height":467,"url":"https:\/\/www.asajacyl.com\/leon\/wp-content\/uploads\/sites\/6\/2025\/10\/e48b595c-24c4-4e7f-b6af-aa7e6385802a.jpg","type":"image\/jpeg"}],"author":"Eduardo","twitter_card":"summary_large_image","twitter_misc":{"Escrito por":"Eduardo","Tiempo de lectura":"3 minutos"},"schema":{"@context":"https:\/\/schema.org","@graph":[{"@type":"WebPage","@id":"https:\/\/www.asajacyl.com\/leon\/asaja-leon-informa\/tierras-del-estado","url":"https:\/\/www.asajacyl.com\/leon\/asaja-leon-informa\/tierras-del-estado","name":"Tierras del Estado - ASAJA Le\u00f3n","isPartOf":{"@id":"https:\/\/www.asajacyl.com\/leon\/#website"},"primaryImageOfPage":{"@id":"https:\/\/www.asajacyl.com\/leon\/asaja-leon-informa\/tierras-del-estado#primaryimage"},"image":{"@id":"https:\/\/www.asajacyl.com\/leon\/asaja-leon-informa\/tierras-del-estado#primaryimage"},"thumbnailUrl":"https:\/\/www.asajacyl.com\/leon\/wp-content\/uploads\/sites\/6\/2025\/10\/e48b595c-24c4-4e7f-b6af-aa7e6385802a.jpg","datePublished":"2026-01-16T07:38:07+00:00","dateModified":"2026-01-16T07:48:25+00:00","author":{"@id":"https:\/\/www.asajacyl.com\/leon\/#\/schema\/person\/a39ff3609fc182e4c789ab486e865d32"},"description":"Me cost\u00f3 ver en prensa general, ayer jueves, la rese\u00f1a sobre el acto del presidente, Pedro S\u00e1nchez, con j\u00f3venes del sector agrario, lo que denota que no","breadcrumb":{"@id":"https:\/\/www.asajacyl.com\/leon\/asaja-leon-informa\/tierras-del-estado#breadcrumb"},"inLanguage":"es","potentialAction":[{"@type":"ReadAction","target":["https:\/\/www.asajacyl.com\/leon\/asaja-leon-informa\/tierras-del-estado"]}]},{"@type":"ImageObject","inLanguage":"es","@id":"https:\/\/www.asajacyl.com\/leon\/asaja-leon-informa\/tierras-del-estado#primaryimage","url":"https:\/\/www.asajacyl.com\/leon\/wp-content\/uploads\/sites\/6\/2025\/10\/e48b595c-24c4-4e7f-b6af-aa7e6385802a.jpg","contentUrl":"https:\/\/www.asajacyl.com\/leon\/wp-content\/uploads\/sites\/6\/2025\/10\/e48b595c-24c4-4e7f-b6af-aa7e6385802a.jpg","width":700,"height":467},{"@type":"BreadcrumbList","@id":"https:\/\/www.asajacyl.com\/leon\/asaja-leon-informa\/tierras-del-estado#breadcrumb","itemListElement":[{"@type":"ListItem","position":1,"name":"Portada","item":"https:\/\/www.asajacyl.com\/leon\/"},{"@type":"ListItem","position":2,"name":"Tierras del Estado"}]},{"@type":"WebSite","@id":"https:\/\/www.asajacyl.com\/leon\/#website","url":"https:\/\/www.asajacyl.com\/leon\/","name":"ASAJA Le\u00f3n","description":"Otro sitio m\u00e1s de Provincias ASAJA Castilla y Le\u00f3n","potentialAction":[{"@type":"SearchAction","target":{"@type":"EntryPoint","urlTemplate":"https:\/\/www.asajacyl.com\/leon\/?s={search_term_string}"},"query-input":{"@type":"PropertyValueSpecification","valueRequired":true,"valueName":"search_term_string"}}],"inLanguage":"es"},{"@type":"Person","@id":"https:\/\/www.asajacyl.com\/leon\/#\/schema\/person\/a39ff3609fc182e4c789ab486e865d32","name":"Eduardo","image":{"@type":"ImageObject","inLanguage":"es","@id":"https:\/\/www.asajacyl.com\/leon\/#\/schema\/person\/image\/","url":"https:\/\/secure.gravatar.com\/avatar\/9ebd6aba21d817dcf9595bc9ca505af5?s=96&d=mm&r=g","contentUrl":"https:\/\/secure.gravatar.com\/avatar\/9ebd6aba21d817dcf9595bc9ca505af5?s=96&d=mm&r=g","caption":"Eduardo"},"url":"https:\/\/www.asajacyl.com\/leon\/author\/eduardovv"}]}},"_links":{"self":[{"href":"https:\/\/www.asajacyl.com\/leon\/wp-json\/wp\/v2\/posts\/16755"}],"collection":[{"href":"https:\/\/www.asajacyl.com\/leon\/wp-json\/wp\/v2\/posts"}],"about":[{"href":"https:\/\/www.asajacyl.com\/leon\/wp-json\/wp\/v2\/types\/post"}],"author":[{"embeddable":true,"href":"https:\/\/www.asajacyl.com\/leon\/wp-json\/wp\/v2\/users\/8"}],"replies":[{"embeddable":true,"href":"https:\/\/www.asajacyl.com\/leon\/wp-json\/wp\/v2\/comments?post=16755"}],"version-history":[{"count":1,"href":"https:\/\/www.asajacyl.com\/leon\/wp-json\/wp\/v2\/posts\/16755\/revisions"}],"predecessor-version":[{"id":16756,"href":"https:\/\/www.asajacyl.com\/leon\/wp-json\/wp\/v2\/posts\/16755\/revisions\/16756"}],"wp:featuredmedia":[{"embeddable":true,"href":"https:\/\/www.asajacyl.com\/leon\/wp-json\/wp\/v2\/media\/16567"}],"wp:attachment":[{"href":"https:\/\/www.asajacyl.com\/leon\/wp-json\/wp\/v2\/media?parent=16755"}],"wp:term":[{"taxonomy":"category","embeddable":true,"href":"https:\/\/www.asajacyl.com\/leon\/wp-json\/wp\/v2\/categories?post=16755"},{"taxonomy":"post_tag","embeddable":true,"href":"https:\/\/www.asajacyl.com\/leon\/wp-json\/wp\/v2\/tags?post=16755"}],"curies":[{"name":"wp","href":"https:\/\/api.w.org\/{rel}","templated":true}]}}