{"id":1678,"date":"2003-11-20T00:00:00","date_gmt":"2003-11-19T23:00:00","guid":{"rendered":"https:\/\/www.asajacyl.com\/leon\/2003\/11\/20\/convocatoria-de-acto-de-protesta\/"},"modified":"2017-11-15T09:43:28","modified_gmt":"2017-11-15T08:43:28","slug":"convocatoria-de-acto-de-protesta","status":"publish","type":"post","link":"https:\/\/www.asajacyl.com\/leon\/servicios-socio\/convocatoria-de-acto-de-protesta","title":{"rendered":"CONVOCATORIA DE ACTO DE PROTESTA"},"content":{"rendered":"<h2>l viernes 28 de este mes de noviembre celebraremos en Valladolid una concentraci&#243;n frente a la Consejer&#237;a de Agricultura como protesta por los problemas que tenemos tanto en la resoluci&#243;n de las jubilaciones anticipadas agrarias, como en las ayudas a la incorporaci&#243;n de j&#243;venes, o las ayudas a los planes de mejora de las explotaciones.<\/h2>\n<p align=\"justify\"><b><\/p>\n<p align=\"center\"><font color=\"#009933\">CONVOCATORIA DE ACTO DE PROTESTA<\/font><\/p>\n<p><\/b>\n<\/p>\n<p align=\"justify\">\n<p align=\"right\">Le&#243;n, 20 de noviembre de 2003\n<\/p>\n<p align=\"justify\">Estimado\/a amigo\/a:\n<\/p>\n<p align=\"justify\">\n<p align=\"justify\">El <b><u>viernes 28 de este mes de noviembre<\/u><\/b><\/p>\n<p> celebraremos en Valladolid una concentraci&#243;n frente a la Consejer&#237;a de Agricultura como protesta por los problemas que tenemos tanto en la resoluci&#243;n de las jubilaciones anticipadas agrarias, como en las ayudas a la incorporaci&#243;n de j&#243;venes, o las ayudas a los planes de mejora de las explotaciones. Tres l&#237;neas de ayuda fundamentales para el sector, muy relacionadas entre ellas, y que adem&#225;s de escasa dotaci&#243;n presupuestaria est&#225;n sujetas a una normativa muchas veces absurda y todo tipo de trabas burocr&#225;ticas.<\/p>\n<p align=\"justify\">\n<p align=\"justify\">Respecto al <b>CESE ANTICIPADO<\/b>, la Junta piensa desestimar por falta de presupuesto algo m&#225;s de la mitad de los expedientes presentados, y demorar todo lo que le sea posible la certificaci&#243;n y el pago de los que est&#225;n aprobados o van a aprobar pr&#243;ximamente.\n<\/p>\n<p align=\"justify\">\n<p align=\"justify\">Y respecto a las l&#237;neas de <b>INCORPORACI&#211;N DE J&#211;VENES y PLANES DE MEJORA<\/b>, de entrada chocan con la traba de la imposibilidad de aumentar las explotaciones o crear otras nuevas si no es a costa de que otro u otros agricultores se jubilen. Pero adem&#225;s, la escasa dotaci&#243;n presupuestaria que a&#241;o tras a&#241;o se destina a ello, y las trabas de todo tipo que nos ponen, impide que la mayor&#237;a puedan acceder a estas ayudas, y los que acceden, reciben la resoluci&#243;n muy tarde, le ponen todo tipo de dificultades para certificarla, y cuando llega el dinero ya se ha gastado una buena parte en pr&#233;stamos puente con las entidades financieras.\n<\/p>\n<p align=\"justify\">\n<p align=\"justify\">En definitiva, creemos que es el momento de hacer una presi&#243;n responsable pero firme desde nuestra organizaci&#243;n, para impulsar de verdad el relevo generacional y la modernizaci&#243;n del campo, exigiendo de paso que se cumpla la promesa electoral m&#225;s importante en materia agraria que asumi&#243; el Gobierno de Juan Vicente Herrera, consistente en incorporar 1.000 j&#243;venes cada a&#241;o al sector, y que al paso que vamos es un farol y un fraude electoral m&#225;s. <b>Pedimos pues voluntad pol&#237;tica, m&#225;s presupuesto, menos trabas burocr&#225;ticas, rapidez en la resoluci&#243;n, y garant&#237;as de cobrar la ayuda en unos plazos razonables.<\/b>\n<\/p>\n<p align=\"justify\">\n<p align=\"justify\">Dispondremos de autobuses gratuitos para desplazarnos a Valladolid. Para organizar el viaje has de ponerte en contacto con nuestras oficinas, a m&#225;s tardar el <b>MIERCOLES<\/b>, con las personas de Jes&#250;s o Juan Manuel.\n<\/p>\n<p align=\"justify\">\n<p align=\"justify\">Como siempre, te agradezco el esfuerzo por colaborar cuando ASAJA te lo pide, en un asunto que redundar&#225; en t&#250; beneficio y en el de todo el sector.\n<\/p>\n<p align=\"justify\">\n<p align=\"justify\">&#160;\n<\/p>\n<p align=\"center\">Fdo: Jos&#233; Antonio Turrado Fdez.\n<\/p>\n<p align=\"center\">Secretario general.\n<\/p>\n<p align=\"justify\">\n","protected":false},"excerpt":{"rendered":"<p>l viernes 28 de este mes de noviembre celebraremos en Valladolid una concentraci&#243;n frente a la Consejer&#237;a de Agricultura como protesta por los problemas que tenemos tanto en la resoluci&#243;n de las jubilaciones anticipadas agrarias, como en las ayudas a la incorporaci&#243;n de j&#243;venes, o las ayudas a los planes de mejora de las explotaciones.<\/p>\n","protected":false},"author":3,"featured_media":8174,"comment_status":"open","ping_status":"open","sticky":false,"template":"","format":"standard","meta":{"footnotes":""},"categories":[12,5],"tags":[],"yoast_head":"<!-- This site is optimized with the Yoast SEO plugin v24.5 - https:\/\/yoast.com\/wordpress\/plugins\/seo\/ -->\n<title>CONVOCATORIA DE ACTO DE PROTESTA - ASAJA Le\u00f3n<\/title>\n<meta name=\"description\" content=\"l viernes 28 de este mes de noviembre celebraremos en Valladolid una concentraci&#243;n frente a la Consejer&#237;a de Agricultura como protesta por los problemas que tenemos tanto en la resoluci&#243;n de las jubilaciones anticipadas agrarias, como en las ayudas a la incorporaci&#243;n de j&#243;venes, o las ayudas a los planes de mejora de las explotaciones.\" \/>\n<meta name=\"robots\" content=\"index, follow, max-snippet:-1, max-image-preview:large, max-video-preview:-1\" \/>\n<link rel=\"canonical\" href=\"https:\/\/www.asajacyl.com\/leon\/servicios-socio\/convocatoria-de-acto-de-protesta\" \/>\n<meta property=\"og:locale\" content=\"es_ES\" \/>\n<meta property=\"og:type\" content=\"article\" \/>\n<meta property=\"og:title\" content=\"CONVOCATORIA DE ACTO DE PROTESTA - ASAJA Le\u00f3n\" \/>\n<meta property=\"og:description\" content=\"l viernes 28 de este mes de noviembre celebraremos en Valladolid una concentraci&#243;n frente a la Consejer&#237;a de Agricultura como protesta por los problemas que tenemos tanto en la resoluci&#243;n de las jubilaciones anticipadas agrarias, como en las ayudas a la incorporaci&#243;n de j&#243;venes, o las ayudas a los planes de mejora de las explotaciones.\" \/>\n<meta property=\"og:url\" content=\"https:\/\/www.asajacyl.com\/leon\/servicios-socio\/convocatoria-de-acto-de-protesta\" \/>\n<meta property=\"og:site_name\" content=\"ASAJA Le\u00f3n\" \/>\n<meta property=\"article:published_time\" content=\"2003-11-19T23:00:00+00:00\" \/>\n<meta property=\"article:modified_time\" content=\"2017-11-15T08:43:28+00:00\" \/>\n<meta property=\"og:image\" content=\"https:\/\/www.asajacyl.com\/leon\/wp-content\/uploads\/sites\/6\/2017\/11\/im_predefinida_1920x1080.jpg\" \/>\n\t<meta property=\"og:image:width\" content=\"1920\" \/>\n\t<meta property=\"og:image:height\" content=\"1080\" \/>\n\t<meta property=\"og:image:type\" content=\"image\/jpeg\" \/>\n<meta name=\"author\" content=\"Editor\" \/>\n<meta name=\"twitter:card\" content=\"summary_large_image\" \/>\n<meta name=\"twitter:label1\" content=\"Escrito por\" \/>\n\t<meta name=\"twitter:data1\" content=\"Editor\" \/>\n\t<meta name=\"twitter:label2\" content=\"Tiempo de lectura\" \/>\n\t<meta name=\"twitter:data2\" content=\"3 minutos\" \/>\n<script type=\"application\/ld+json\" class=\"yoast-schema-graph\">{\"@context\":\"https:\/\/schema.org\",\"@graph\":[{\"@type\":\"WebPage\",\"@id\":\"https:\/\/www.asajacyl.com\/leon\/servicios-socio\/convocatoria-de-acto-de-protesta\",\"url\":\"https:\/\/www.asajacyl.com\/leon\/servicios-socio\/convocatoria-de-acto-de-protesta\",\"name\":\"CONVOCATORIA DE ACTO DE PROTESTA - ASAJA Le\u00f3n\",\"isPartOf\":{\"@id\":\"https:\/\/www.asajacyl.com\/leon\/#website\"},\"primaryImageOfPage\":{\"@id\":\"https:\/\/www.asajacyl.com\/leon\/servicios-socio\/convocatoria-de-acto-de-protesta#primaryimage\"},\"image\":{\"@id\":\"https:\/\/www.asajacyl.com\/leon\/servicios-socio\/convocatoria-de-acto-de-protesta#primaryimage\"},\"thumbnailUrl\":\"https:\/\/www.asajacyl.com\/leon\/wp-content\/uploads\/sites\/6\/2017\/11\/im_predefinida_1920x1080.jpg\",\"datePublished\":\"2003-11-19T23:00:00+00:00\",\"dateModified\":\"2017-11-15T08:43:28+00:00\",\"author\":{\"@id\":\"https:\/\/www.asajacyl.com\/leon\/#\/schema\/person\/7e884476cee132331142e8ac9689f20c\"},\"description\":\"l viernes 28 de este mes de noviembre celebraremos en Valladolid una concentraci&#243;n frente a la Consejer&#237;a de Agricultura como protesta por los problemas que tenemos tanto en la resoluci&#243;n de las jubilaciones anticipadas agrarias, como en las ayudas a la incorporaci&#243;n de j&#243;venes, o las ayudas a los planes de mejora de las explotaciones.\",\"breadcrumb\":{\"@id\":\"https:\/\/www.asajacyl.com\/leon\/servicios-socio\/convocatoria-de-acto-de-protesta#breadcrumb\"},\"inLanguage\":\"es\",\"potentialAction\":[{\"@type\":\"ReadAction\",\"target\":[\"https:\/\/www.asajacyl.com\/leon\/servicios-socio\/convocatoria-de-acto-de-protesta\"]}]},{\"@type\":\"ImageObject\",\"inLanguage\":\"es\",\"@id\":\"https:\/\/www.asajacyl.com\/leon\/servicios-socio\/convocatoria-de-acto-de-protesta#primaryimage\",\"url\":\"https:\/\/www.asajacyl.com\/leon\/wp-content\/uploads\/sites\/6\/2017\/11\/im_predefinida_1920x1080.jpg\",\"contentUrl\":\"https:\/\/www.asajacyl.com\/leon\/wp-content\/uploads\/sites\/6\/2017\/11\/im_predefinida_1920x1080.jpg\",\"width\":1920,\"height\":1080,\"caption\":\"Logotipo ASAJA Le\u00f3n\"},{\"@type\":\"BreadcrumbList\",\"@id\":\"https:\/\/www.asajacyl.com\/leon\/servicios-socio\/convocatoria-de-acto-de-protesta#breadcrumb\",\"itemListElement\":[{\"@type\":\"ListItem\",\"position\":1,\"name\":\"Portada\",\"item\":\"https:\/\/www.asajacyl.com\/leon\/\"},{\"@type\":\"ListItem\",\"position\":2,\"name\":\"CONVOCATORIA DE ACTO DE PROTESTA\"}]},{\"@type\":\"WebSite\",\"@id\":\"https:\/\/www.asajacyl.com\/leon\/#website\",\"url\":\"https:\/\/www.asajacyl.com\/leon\/\",\"name\":\"ASAJA Le\u00f3n\",\"description\":\"Otro sitio m\u00e1s de Provincias ASAJA Castilla y Le\u00f3n\",\"potentialAction\":[{\"@type\":\"SearchAction\",\"target\":{\"@type\":\"EntryPoint\",\"urlTemplate\":\"https:\/\/www.asajacyl.com\/leon\/?s={search_term_string}\"},\"query-input\":{\"@type\":\"PropertyValueSpecification\",\"valueRequired\":true,\"valueName\":\"search_term_string\"}}],\"inLanguage\":\"es\"},{\"@type\":\"Person\",\"@id\":\"https:\/\/www.asajacyl.com\/leon\/#\/schema\/person\/7e884476cee132331142e8ac9689f20c\",\"name\":\"Editor\",\"image\":{\"@type\":\"ImageObject\",\"inLanguage\":\"es\",\"@id\":\"https:\/\/www.asajacyl.com\/leon\/#\/schema\/person\/image\/\",\"url\":\"https:\/\/secure.gravatar.com\/avatar\/a2ef43c165669686cfcfb0e1ffa59869?s=96&d=mm&r=g\",\"contentUrl\":\"https:\/\/secure.gravatar.com\/avatar\/a2ef43c165669686cfcfb0e1ffa59869?s=96&d=mm&r=g\",\"caption\":\"Editor\"},\"url\":\"https:\/\/www.asajacyl.com\/leon\/author\/oscargg\"}]}<\/script>\n<!-- \/ Yoast SEO plugin. -->","yoast_head_json":{"title":"CONVOCATORIA DE ACTO DE PROTESTA - ASAJA Le\u00f3n","description":"l viernes 28 de este mes de noviembre celebraremos en Valladolid una concentraci&#243;n frente a la Consejer&#237;a de Agricultura como protesta por los problemas que tenemos tanto en la resoluci&#243;n de las jubilaciones anticipadas agrarias, como en las ayudas a la incorporaci&#243;n de j&#243;venes, o las ayudas a los planes de mejora de las explotaciones.","robots":{"index":"index","follow":"follow","max-snippet":"max-snippet:-1","max-image-preview":"max-image-preview:large","max-video-preview":"max-video-preview:-1"},"canonical":"https:\/\/www.asajacyl.com\/leon\/servicios-socio\/convocatoria-de-acto-de-protesta","og_locale":"es_ES","og_type":"article","og_title":"CONVOCATORIA DE ACTO DE PROTESTA - ASAJA Le\u00f3n","og_description":"l viernes 28 de este mes de noviembre celebraremos en Valladolid una concentraci&#243;n frente a la Consejer&#237;a de Agricultura como protesta por los problemas que tenemos tanto en la resoluci&#243;n de las jubilaciones anticipadas agrarias, como en las ayudas a la incorporaci&#243;n de j&#243;venes, o las ayudas a los planes de mejora de las explotaciones.","og_url":"https:\/\/www.asajacyl.com\/leon\/servicios-socio\/convocatoria-de-acto-de-protesta","og_site_name":"ASAJA Le\u00f3n","article_published_time":"2003-11-19T23:00:00+00:00","article_modified_time":"2017-11-15T08:43:28+00:00","og_image":[{"width":1920,"height":1080,"url":"https:\/\/www.asajacyl.com\/leon\/wp-content\/uploads\/sites\/6\/2017\/11\/im_predefinida_1920x1080.jpg","type":"image\/jpeg"}],"author":"Editor","twitter_card":"summary_large_image","twitter_misc":{"Escrito por":"Editor","Tiempo de lectura":"3 minutos"},"schema":{"@context":"https:\/\/schema.org","@graph":[{"@type":"WebPage","@id":"https:\/\/www.asajacyl.com\/leon\/servicios-socio\/convocatoria-de-acto-de-protesta","url":"https:\/\/www.asajacyl.com\/leon\/servicios-socio\/convocatoria-de-acto-de-protesta","name":"CONVOCATORIA DE ACTO DE PROTESTA - ASAJA Le\u00f3n","isPartOf":{"@id":"https:\/\/www.asajacyl.com\/leon\/#website"},"primaryImageOfPage":{"@id":"https:\/\/www.asajacyl.com\/leon\/servicios-socio\/convocatoria-de-acto-de-protesta#primaryimage"},"image":{"@id":"https:\/\/www.asajacyl.com\/leon\/servicios-socio\/convocatoria-de-acto-de-protesta#primaryimage"},"thumbnailUrl":"https:\/\/www.asajacyl.com\/leon\/wp-content\/uploads\/sites\/6\/2017\/11\/im_predefinida_1920x1080.jpg","datePublished":"2003-11-19T23:00:00+00:00","dateModified":"2017-11-15T08:43:28+00:00","author":{"@id":"https:\/\/www.asajacyl.com\/leon\/#\/schema\/person\/7e884476cee132331142e8ac9689f20c"},"description":"l viernes 28 de este mes de noviembre celebraremos en Valladolid una concentraci&#243;n frente a la Consejer&#237;a de Agricultura como protesta por los problemas que tenemos tanto en la resoluci&#243;n de las jubilaciones anticipadas agrarias, como en las ayudas a la incorporaci&#243;n de j&#243;venes, o las ayudas a los planes de mejora de las explotaciones.","breadcrumb":{"@id":"https:\/\/www.asajacyl.com\/leon\/servicios-socio\/convocatoria-de-acto-de-protesta#breadcrumb"},"inLanguage":"es","potentialAction":[{"@type":"ReadAction","target":["https:\/\/www.asajacyl.com\/leon\/servicios-socio\/convocatoria-de-acto-de-protesta"]}]},{"@type":"ImageObject","inLanguage":"es","@id":"https:\/\/www.asajacyl.com\/leon\/servicios-socio\/convocatoria-de-acto-de-protesta#primaryimage","url":"https:\/\/www.asajacyl.com\/leon\/wp-content\/uploads\/sites\/6\/2017\/11\/im_predefinida_1920x1080.jpg","contentUrl":"https:\/\/www.asajacyl.com\/leon\/wp-content\/uploads\/sites\/6\/2017\/11\/im_predefinida_1920x1080.jpg","width":1920,"height":1080,"caption":"Logotipo ASAJA Le\u00f3n"},{"@type":"BreadcrumbList","@id":"https:\/\/www.asajacyl.com\/leon\/servicios-socio\/convocatoria-de-acto-de-protesta#breadcrumb","itemListElement":[{"@type":"ListItem","position":1,"name":"Portada","item":"https:\/\/www.asajacyl.com\/leon\/"},{"@type":"ListItem","position":2,"name":"CONVOCATORIA DE ACTO DE PROTESTA"}]},{"@type":"WebSite","@id":"https:\/\/www.asajacyl.com\/leon\/#website","url":"https:\/\/www.asajacyl.com\/leon\/","name":"ASAJA Le\u00f3n","description":"Otro sitio m\u00e1s de Provincias ASAJA Castilla y Le\u00f3n","potentialAction":[{"@type":"SearchAction","target":{"@type":"EntryPoint","urlTemplate":"https:\/\/www.asajacyl.com\/leon\/?s={search_term_string}"},"query-input":{"@type":"PropertyValueSpecification","valueRequired":true,"valueName":"search_term_string"}}],"inLanguage":"es"},{"@type":"Person","@id":"https:\/\/www.asajacyl.com\/leon\/#\/schema\/person\/7e884476cee132331142e8ac9689f20c","name":"Editor","image":{"@type":"ImageObject","inLanguage":"es","@id":"https:\/\/www.asajacyl.com\/leon\/#\/schema\/person\/image\/","url":"https:\/\/secure.gravatar.com\/avatar\/a2ef43c165669686cfcfb0e1ffa59869?s=96&d=mm&r=g","contentUrl":"https:\/\/secure.gravatar.com\/avatar\/a2ef43c165669686cfcfb0e1ffa59869?s=96&d=mm&r=g","caption":"Editor"},"url":"https:\/\/www.asajacyl.com\/leon\/author\/oscargg"}]}},"_links":{"self":[{"href":"https:\/\/www.asajacyl.com\/leon\/wp-json\/wp\/v2\/posts\/1678"}],"collection":[{"href":"https:\/\/www.asajacyl.com\/leon\/wp-json\/wp\/v2\/posts"}],"about":[{"href":"https:\/\/www.asajacyl.com\/leon\/wp-json\/wp\/v2\/types\/post"}],"author":[{"embeddable":true,"href":"https:\/\/www.asajacyl.com\/leon\/wp-json\/wp\/v2\/users\/3"}],"replies":[{"embeddable":true,"href":"https:\/\/www.asajacyl.com\/leon\/wp-json\/wp\/v2\/comments?post=1678"}],"version-history":[{"count":1,"href":"https:\/\/www.asajacyl.com\/leon\/wp-json\/wp\/v2\/posts\/1678\/revisions"}],"predecessor-version":[{"id":2071,"href":"https:\/\/www.asajacyl.com\/leon\/wp-json\/wp\/v2\/posts\/1678\/revisions\/2071"}],"wp:featuredmedia":[{"embeddable":true,"href":"https:\/\/www.asajacyl.com\/leon\/wp-json\/wp\/v2\/media\/8174"}],"wp:attachment":[{"href":"https:\/\/www.asajacyl.com\/leon\/wp-json\/wp\/v2\/media?parent=1678"}],"wp:term":[{"taxonomy":"category","embeddable":true,"href":"https:\/\/www.asajacyl.com\/leon\/wp-json\/wp\/v2\/categories?post=1678"},{"taxonomy":"post_tag","embeddable":true,"href":"https:\/\/www.asajacyl.com\/leon\/wp-json\/wp\/v2\/tags?post=1678"}],"curies":[{"name":"wp","href":"https:\/\/api.w.org\/{rel}","templated":true}]}}