{"id":16782,"date":"2026-01-23T09:29:21","date_gmt":"2026-01-23T08:29:21","guid":{"rendered":"https:\/\/www.asajacyl.com\/leon\/?p=16782"},"modified":"2026-01-23T09:47:23","modified_gmt":"2026-01-23T08:47:23","slug":"circular-a-los-socios-de-asaja-de-leon","status":"publish","type":"post","link":"https:\/\/www.asajacyl.com\/leon\/asaja-leon-informa\/circular-a-los-socios-de-asaja-de-leon","title":{"rendered":"Circular a los socios de ASAJA de Le\u00f3n"},"content":{"rendered":"\n<p>Le\u00f3n, 23 de enero de 2026.<\/p>\n\n\n\n<p>La organizaci\u00f3n ASAJA te convoca a una manifestaci\u00f3n <strong>CON TRACTORES Y A PIE<\/strong> que tendr\u00e1 lugar el <strong>JUEVES d\u00eda 29 de enero<\/strong>, con salida a las <strong>11:00 horas<\/strong> del parking del <strong>estadio de futbol Reino de Le\u00f3n.<\/strong> Ese d\u00eda hay manifestaciones de agricultores y ganadero en toda Espa\u00f1a, e igual que aqu\u00ed,\u00a0 se convocan conjuntamente por TODAS LAS ORGANIZACIONES AGRARIAS. Obviamente nuestras oficinas permanecer\u00e1n cerradas ese d\u00eda y cerrar\u00e1n tambi\u00e9n la mayor\u00eda de los establecimientos en los que compramos o vendemos los agricultores.<\/p>\n\n\n\n<p>La manifestaci\u00f3n estar\u00e1 autorizada desde la salida de los tractores de cada pueblo, y hasta su llegada, con la \u00fanica condici\u00f3n de respetar los horarios, el <strong><u>C\u00f3digo de Circulaci\u00f3n<\/u><\/strong> y otras normas que pudieran obligarnos, as\u00ed como seguir las indicaciones de las Fuerzas del Orden, y las que puedan dar las organizaciones convocantes.<\/p>\n\n\n\n<p>Las reivindicaciones son las relacionadas con los principales problemas que atraviesa el sector: falta de reciprocidad en las relaciones comerciales con terceros pa\u00edses, como es Mercosur; anuncio de recortes presupuestario en la pr\u00f3xima PAC;&nbsp; hundimiento de los precios en mercados como la patata, el cereal o la remolacha; los da\u00f1os del lobo y otras especies salvajes; los elevados costes de los abonos por los aranceles y&nbsp; los impuestos al importar; las crisis sanitarias; o la falta de expectativas para los j\u00f3venes que se incorporan. Incorporamos la <strong><u>tabla reivindicativa<\/u><\/strong> a esta circular.<\/p>\n\n\n\n<p>Te agradecemos, como siempre, que hagas un esfuerzo para asistir en familia a esta protesta de unidad del sector y legitimar con ello nuestras peticiones,&nbsp; d\u00e1ndonos fuerza para seguir negociando cuando se abre dicha posibilidad. Es muy importante el apoyo de todos, y seguramente el esfuerzo que cada uno hagamos ser\u00e1 recompensado con mejoras en las normas que nos afectan y consecuentemente en la rentabilidad de nuestras explotaciones.<\/p>\n\n\n\n<p>Recibe un saludo.<\/p>\n\n\n\n<p>Fdo.: Arsenio Garc\u00eda Vidal. Presidente.<\/p>\n\n\n\n<p>Fdo.: Jos\u00e9 Antonio Turrado Fern\u00e1ndez. Secretario general<\/p>\n","protected":false},"excerpt":{"rendered":"<p>Le\u00f3n, 23 de enero de 2026. La organizaci\u00f3n ASAJA te convoca a una manifestaci\u00f3n CON TRACTORES Y A PIE que tendr\u00e1 lugar el JUEVES d\u00eda 29 de enero, con salida a las 11:00 horas del parking del estadio de futbol Reino de Le\u00f3n. Ese d\u00eda hay manifestaciones de agricultores y ganadero en toda Espa\u00f1a, e [&hellip;]<\/p>\n","protected":false},"author":8,"featured_media":16794,"comment_status":"open","ping_status":"open","sticky":false,"template":"","format":"standard","meta":{"footnotes":""},"categories":[4,12],"tags":[],"yoast_head":"<!-- This site is optimized with the Yoast SEO plugin v24.5 - https:\/\/yoast.com\/wordpress\/plugins\/seo\/ -->\n<title>Circular a los socios de ASAJA de Le\u00f3n - ASAJA Le\u00f3n<\/title>\n<meta name=\"description\" content=\"Le\u00f3n, 23 de enero de 2026. La organizaci\u00f3n ASAJA te convoca a una manifestaci\u00f3n CON TRACTORES Y A PIE que tendr\u00e1 lugar el JUEVES d\u00eda 29 de enero, con\" \/>\n<meta name=\"robots\" content=\"index, follow, max-snippet:-1, max-image-preview:large, max-video-preview:-1\" \/>\n<link rel=\"canonical\" href=\"https:\/\/www.asajacyl.com\/leon\/asaja-leon-informa\/circular-a-los-socios-de-asaja-de-leon\" \/>\n<meta property=\"og:locale\" content=\"es_ES\" \/>\n<meta property=\"og:type\" content=\"article\" \/>\n<meta property=\"og:title\" content=\"Circular a los socios de ASAJA de Le\u00f3n - ASAJA Le\u00f3n\" \/>\n<meta property=\"og:description\" content=\"Le\u00f3n, 23 de enero de 2026. La organizaci\u00f3n ASAJA te convoca a una manifestaci\u00f3n CON TRACTORES Y A PIE que tendr\u00e1 lugar el JUEVES d\u00eda 29 de enero, con\" \/>\n<meta property=\"og:url\" content=\"https:\/\/www.asajacyl.com\/leon\/asaja-leon-informa\/circular-a-los-socios-de-asaja-de-leon\" \/>\n<meta property=\"og:site_name\" content=\"ASAJA Le\u00f3n\" \/>\n<meta property=\"article:published_time\" content=\"2026-01-23T08:29:21+00:00\" \/>\n<meta property=\"article:modified_time\" content=\"2026-01-23T08:47:23+00:00\" \/>\n<meta property=\"og:image\" content=\"https:\/\/www.asajacyl.com\/leon\/wp-content\/uploads\/sites\/6\/2026\/01\/2024_02_23_leon-2-2.jpeg\" \/>\n\t<meta property=\"og:image:width\" content=\"1600\" \/>\n\t<meta property=\"og:image:height\" content=\"806\" \/>\n\t<meta property=\"og:image:type\" content=\"image\/jpeg\" \/>\n<meta name=\"author\" content=\"Eduardo\" \/>\n<meta name=\"twitter:card\" content=\"summary_large_image\" \/>\n<meta name=\"twitter:label1\" content=\"Escrito por\" \/>\n\t<meta name=\"twitter:data1\" content=\"Eduardo\" \/>\n\t<meta name=\"twitter:label2\" content=\"Tiempo de lectura\" \/>\n\t<meta name=\"twitter:data2\" content=\"2 minutos\" \/>\n<script type=\"application\/ld+json\" class=\"yoast-schema-graph\">{\"@context\":\"https:\/\/schema.org\",\"@graph\":[{\"@type\":\"WebPage\",\"@id\":\"https:\/\/www.asajacyl.com\/leon\/asaja-leon-informa\/circular-a-los-socios-de-asaja-de-leon\",\"url\":\"https:\/\/www.asajacyl.com\/leon\/asaja-leon-informa\/circular-a-los-socios-de-asaja-de-leon\",\"name\":\"Circular a los socios de ASAJA de Le\u00f3n - ASAJA Le\u00f3n\",\"isPartOf\":{\"@id\":\"https:\/\/www.asajacyl.com\/leon\/#website\"},\"primaryImageOfPage\":{\"@id\":\"https:\/\/www.asajacyl.com\/leon\/asaja-leon-informa\/circular-a-los-socios-de-asaja-de-leon#primaryimage\"},\"image\":{\"@id\":\"https:\/\/www.asajacyl.com\/leon\/asaja-leon-informa\/circular-a-los-socios-de-asaja-de-leon#primaryimage\"},\"thumbnailUrl\":\"https:\/\/www.asajacyl.com\/leon\/wp-content\/uploads\/sites\/6\/2026\/01\/2024_02_23_leon-2-2.jpeg\",\"datePublished\":\"2026-01-23T08:29:21+00:00\",\"dateModified\":\"2026-01-23T08:47:23+00:00\",\"author\":{\"@id\":\"https:\/\/www.asajacyl.com\/leon\/#\/schema\/person\/a39ff3609fc182e4c789ab486e865d32\"},\"description\":\"Le\u00f3n, 23 de enero de 2026. La organizaci\u00f3n ASAJA te convoca a una manifestaci\u00f3n CON TRACTORES Y A PIE que tendr\u00e1 lugar el JUEVES d\u00eda 29 de enero, con\",\"breadcrumb\":{\"@id\":\"https:\/\/www.asajacyl.com\/leon\/asaja-leon-informa\/circular-a-los-socios-de-asaja-de-leon#breadcrumb\"},\"inLanguage\":\"es\",\"potentialAction\":[{\"@type\":\"ReadAction\",\"target\":[\"https:\/\/www.asajacyl.com\/leon\/asaja-leon-informa\/circular-a-los-socios-de-asaja-de-leon\"]}]},{\"@type\":\"ImageObject\",\"inLanguage\":\"es\",\"@id\":\"https:\/\/www.asajacyl.com\/leon\/asaja-leon-informa\/circular-a-los-socios-de-asaja-de-leon#primaryimage\",\"url\":\"https:\/\/www.asajacyl.com\/leon\/wp-content\/uploads\/sites\/6\/2026\/01\/2024_02_23_leon-2-2.jpeg\",\"contentUrl\":\"https:\/\/www.asajacyl.com\/leon\/wp-content\/uploads\/sites\/6\/2026\/01\/2024_02_23_leon-2-2.jpeg\",\"width\":1600,\"height\":806},{\"@type\":\"BreadcrumbList\",\"@id\":\"https:\/\/www.asajacyl.com\/leon\/asaja-leon-informa\/circular-a-los-socios-de-asaja-de-leon#breadcrumb\",\"itemListElement\":[{\"@type\":\"ListItem\",\"position\":1,\"name\":\"Portada\",\"item\":\"https:\/\/www.asajacyl.com\/leon\/\"},{\"@type\":\"ListItem\",\"position\":2,\"name\":\"Circular a los socios de ASAJA de Le\u00f3n\"}]},{\"@type\":\"WebSite\",\"@id\":\"https:\/\/www.asajacyl.com\/leon\/#website\",\"url\":\"https:\/\/www.asajacyl.com\/leon\/\",\"name\":\"ASAJA Le\u00f3n\",\"description\":\"Otro sitio m\u00e1s de Provincias ASAJA Castilla y Le\u00f3n\",\"potentialAction\":[{\"@type\":\"SearchAction\",\"target\":{\"@type\":\"EntryPoint\",\"urlTemplate\":\"https:\/\/www.asajacyl.com\/leon\/?s={search_term_string}\"},\"query-input\":{\"@type\":\"PropertyValueSpecification\",\"valueRequired\":true,\"valueName\":\"search_term_string\"}}],\"inLanguage\":\"es\"},{\"@type\":\"Person\",\"@id\":\"https:\/\/www.asajacyl.com\/leon\/#\/schema\/person\/a39ff3609fc182e4c789ab486e865d32\",\"name\":\"Eduardo\",\"image\":{\"@type\":\"ImageObject\",\"inLanguage\":\"es\",\"@id\":\"https:\/\/www.asajacyl.com\/leon\/#\/schema\/person\/image\/\",\"url\":\"https:\/\/secure.gravatar.com\/avatar\/9ebd6aba21d817dcf9595bc9ca505af5?s=96&d=mm&r=g\",\"contentUrl\":\"https:\/\/secure.gravatar.com\/avatar\/9ebd6aba21d817dcf9595bc9ca505af5?s=96&d=mm&r=g\",\"caption\":\"Eduardo\"},\"url\":\"https:\/\/www.asajacyl.com\/leon\/author\/eduardovv\"}]}<\/script>\n<!-- \/ Yoast SEO plugin. -->","yoast_head_json":{"title":"Circular a los socios de ASAJA de Le\u00f3n - ASAJA Le\u00f3n","description":"Le\u00f3n, 23 de enero de 2026. La organizaci\u00f3n ASAJA te convoca a una manifestaci\u00f3n CON TRACTORES Y A PIE que tendr\u00e1 lugar el JUEVES d\u00eda 29 de enero, con","robots":{"index":"index","follow":"follow","max-snippet":"max-snippet:-1","max-image-preview":"max-image-preview:large","max-video-preview":"max-video-preview:-1"},"canonical":"https:\/\/www.asajacyl.com\/leon\/asaja-leon-informa\/circular-a-los-socios-de-asaja-de-leon","og_locale":"es_ES","og_type":"article","og_title":"Circular a los socios de ASAJA de Le\u00f3n - ASAJA Le\u00f3n","og_description":"Le\u00f3n, 23 de enero de 2026. La organizaci\u00f3n ASAJA te convoca a una manifestaci\u00f3n CON TRACTORES Y A PIE que tendr\u00e1 lugar el JUEVES d\u00eda 29 de enero, con","og_url":"https:\/\/www.asajacyl.com\/leon\/asaja-leon-informa\/circular-a-los-socios-de-asaja-de-leon","og_site_name":"ASAJA Le\u00f3n","article_published_time":"2026-01-23T08:29:21+00:00","article_modified_time":"2026-01-23T08:47:23+00:00","og_image":[{"width":1600,"height":806,"url":"https:\/\/www.asajacyl.com\/leon\/wp-content\/uploads\/sites\/6\/2026\/01\/2024_02_23_leon-2-2.jpeg","type":"image\/jpeg"}],"author":"Eduardo","twitter_card":"summary_large_image","twitter_misc":{"Escrito por":"Eduardo","Tiempo de lectura":"2 minutos"},"schema":{"@context":"https:\/\/schema.org","@graph":[{"@type":"WebPage","@id":"https:\/\/www.asajacyl.com\/leon\/asaja-leon-informa\/circular-a-los-socios-de-asaja-de-leon","url":"https:\/\/www.asajacyl.com\/leon\/asaja-leon-informa\/circular-a-los-socios-de-asaja-de-leon","name":"Circular a los socios de ASAJA de Le\u00f3n - ASAJA Le\u00f3n","isPartOf":{"@id":"https:\/\/www.asajacyl.com\/leon\/#website"},"primaryImageOfPage":{"@id":"https:\/\/www.asajacyl.com\/leon\/asaja-leon-informa\/circular-a-los-socios-de-asaja-de-leon#primaryimage"},"image":{"@id":"https:\/\/www.asajacyl.com\/leon\/asaja-leon-informa\/circular-a-los-socios-de-asaja-de-leon#primaryimage"},"thumbnailUrl":"https:\/\/www.asajacyl.com\/leon\/wp-content\/uploads\/sites\/6\/2026\/01\/2024_02_23_leon-2-2.jpeg","datePublished":"2026-01-23T08:29:21+00:00","dateModified":"2026-01-23T08:47:23+00:00","author":{"@id":"https:\/\/www.asajacyl.com\/leon\/#\/schema\/person\/a39ff3609fc182e4c789ab486e865d32"},"description":"Le\u00f3n, 23 de enero de 2026. La organizaci\u00f3n ASAJA te convoca a una manifestaci\u00f3n CON TRACTORES Y A PIE que tendr\u00e1 lugar el JUEVES d\u00eda 29 de enero, con","breadcrumb":{"@id":"https:\/\/www.asajacyl.com\/leon\/asaja-leon-informa\/circular-a-los-socios-de-asaja-de-leon#breadcrumb"},"inLanguage":"es","potentialAction":[{"@type":"ReadAction","target":["https:\/\/www.asajacyl.com\/leon\/asaja-leon-informa\/circular-a-los-socios-de-asaja-de-leon"]}]},{"@type":"ImageObject","inLanguage":"es","@id":"https:\/\/www.asajacyl.com\/leon\/asaja-leon-informa\/circular-a-los-socios-de-asaja-de-leon#primaryimage","url":"https:\/\/www.asajacyl.com\/leon\/wp-content\/uploads\/sites\/6\/2026\/01\/2024_02_23_leon-2-2.jpeg","contentUrl":"https:\/\/www.asajacyl.com\/leon\/wp-content\/uploads\/sites\/6\/2026\/01\/2024_02_23_leon-2-2.jpeg","width":1600,"height":806},{"@type":"BreadcrumbList","@id":"https:\/\/www.asajacyl.com\/leon\/asaja-leon-informa\/circular-a-los-socios-de-asaja-de-leon#breadcrumb","itemListElement":[{"@type":"ListItem","position":1,"name":"Portada","item":"https:\/\/www.asajacyl.com\/leon\/"},{"@type":"ListItem","position":2,"name":"Circular a los socios de ASAJA de Le\u00f3n"}]},{"@type":"WebSite","@id":"https:\/\/www.asajacyl.com\/leon\/#website","url":"https:\/\/www.asajacyl.com\/leon\/","name":"ASAJA Le\u00f3n","description":"Otro sitio m\u00e1s de Provincias ASAJA Castilla y Le\u00f3n","potentialAction":[{"@type":"SearchAction","target":{"@type":"EntryPoint","urlTemplate":"https:\/\/www.asajacyl.com\/leon\/?s={search_term_string}"},"query-input":{"@type":"PropertyValueSpecification","valueRequired":true,"valueName":"search_term_string"}}],"inLanguage":"es"},{"@type":"Person","@id":"https:\/\/www.asajacyl.com\/leon\/#\/schema\/person\/a39ff3609fc182e4c789ab486e865d32","name":"Eduardo","image":{"@type":"ImageObject","inLanguage":"es","@id":"https:\/\/www.asajacyl.com\/leon\/#\/schema\/person\/image\/","url":"https:\/\/secure.gravatar.com\/avatar\/9ebd6aba21d817dcf9595bc9ca505af5?s=96&d=mm&r=g","contentUrl":"https:\/\/secure.gravatar.com\/avatar\/9ebd6aba21d817dcf9595bc9ca505af5?s=96&d=mm&r=g","caption":"Eduardo"},"url":"https:\/\/www.asajacyl.com\/leon\/author\/eduardovv"}]}},"_links":{"self":[{"href":"https:\/\/www.asajacyl.com\/leon\/wp-json\/wp\/v2\/posts\/16782"}],"collection":[{"href":"https:\/\/www.asajacyl.com\/leon\/wp-json\/wp\/v2\/posts"}],"about":[{"href":"https:\/\/www.asajacyl.com\/leon\/wp-json\/wp\/v2\/types\/post"}],"author":[{"embeddable":true,"href":"https:\/\/www.asajacyl.com\/leon\/wp-json\/wp\/v2\/users\/8"}],"replies":[{"embeddable":true,"href":"https:\/\/www.asajacyl.com\/leon\/wp-json\/wp\/v2\/comments?post=16782"}],"version-history":[{"count":1,"href":"https:\/\/www.asajacyl.com\/leon\/wp-json\/wp\/v2\/posts\/16782\/revisions"}],"predecessor-version":[{"id":16789,"href":"https:\/\/www.asajacyl.com\/leon\/wp-json\/wp\/v2\/posts\/16782\/revisions\/16789"}],"wp:featuredmedia":[{"embeddable":true,"href":"https:\/\/www.asajacyl.com\/leon\/wp-json\/wp\/v2\/media\/16794"}],"wp:attachment":[{"href":"https:\/\/www.asajacyl.com\/leon\/wp-json\/wp\/v2\/media?parent=16782"}],"wp:term":[{"taxonomy":"category","embeddable":true,"href":"https:\/\/www.asajacyl.com\/leon\/wp-json\/wp\/v2\/categories?post=16782"},{"taxonomy":"post_tag","embeddable":true,"href":"https:\/\/www.asajacyl.com\/leon\/wp-json\/wp\/v2\/tags?post=16782"}],"curies":[{"name":"wp","href":"https:\/\/api.w.org\/{rel}","templated":true}]}}