{"id":16813,"date":"2026-01-23T11:30:58","date_gmt":"2026-01-23T10:30:58","guid":{"rendered":"https:\/\/www.asajacyl.com\/leon\/?p=16813"},"modified":"2026-01-23T11:30:59","modified_gmt":"2026-01-23T10:30:59","slug":"choque-institucional","status":"publish","type":"post","link":"https:\/\/www.asajacyl.com\/leon\/asaja-leon-informa\/choque-institucional","title":{"rendered":"Choque institucional"},"content":{"rendered":"\n<p>En pocas ocasiones el Parlamento Europeo ha pegado un revolc\u00f3n a los acuerdos de la Comisi\u00f3n Europea, como ocurri\u00f3 el pasado mi\u00e9rcoles al obligar a que el tratado de Mercosur requiera del dictamen del Tribunal Superior de Justicia de la Uni\u00f3n. Un pulso en toda regla que va a crear s\u00ed o s\u00ed un conflicto institucional, y a saber si tambi\u00e9n inseguridad&nbsp; jur\u00eddica. Fue un triunfo del sector agrario conseguir remover las conciencias de muchos europarlamentarios, de todos los signos pol\u00edticos, o quiz\u00e1s de hacerles pensar sobre lo que&nbsp; m\u00e1s le conven\u00eda para sus intereses pol\u00edticos. En Espa\u00f1a no hubo disidencias al decidir el sentido del voto, como era de esperar, y as\u00ed, los representantes del PP y los del PSOE, haciendo algunos de tripas coraz\u00f3n, optaron por lo que le mandaron sus jefes, como siempre hacen.<\/p>\n\n\n\n<p>El sentido del voto traer\u00e1 de cabeza, en los comicios auton\u00f3micos que se van a celebrar pr\u00f3ximamente, entre otros territorios en Castilla y Le\u00f3n, a los dos partidos mayoritarios, el PP y el PSOE. Respecto a este \u00faltimo, quiz\u00e1s no le preocupe tanto si dan ya la batalla por perdida. Respecto al PP, han alimentado, de nuevo, el voto de la extrema derecha, el voto de Vox,&nbsp; donde claramente se viene refugiando el campo en los \u00faltimos a\u00f1os. He le\u00eddo un extenso argumentario del Grupo del PP en el Parlamento Europeo, explicando el sentido de su voto, y he de decirles que tiempo perdido: nadie lo va a leer, los agricultores no lo van a leer, y los pocos que lo leemos no lo entendemos, y no lo compartimos. Creo que han sido pol\u00edticamente muy torpes, y desde su desconexi\u00f3n con la realidad, con la realidad de los territorios que representan, le han complicado la vida al Partido Popular en Castilla y Le\u00f3n, a los candidatos que acompa\u00f1en a Ma\u00f1ueco a la cita electoral del 15 de marzo.<\/p>\n\n\n\n<p>Seguro que ahora quedan resquicios legales para unas y otras interpretaciones, pero las instituciones europeas han chocado entre ellas, los pa\u00edses se han enfrentado, los agricultores hemos ganado una primera batalla, y los pol\u00edticos han quedado en evidencia.<\/p>\n\n\n\n<p><em>*Art\u00edculo de opini\u00f3n de Jos\u00e9 Antonio Turrado&nbsp; publicado en La Nueva Cr\u00f3nica del viernes 23 de enero de 2026<\/em><\/p>\n","protected":false},"excerpt":{"rendered":"<p>En pocas ocasiones el Parlamento Europeo ha pegado un revolc\u00f3n a los acuerdos de la Comisi\u00f3n Europea, como ocurri\u00f3 el pasado mi\u00e9rcoles al obligar a que el tratado de Mercosur requiera del dictamen del Tribunal Superior de Justicia de la Uni\u00f3n. Un pulso en toda regla que va a crear s\u00ed o s\u00ed un conflicto [&hellip;]<\/p>\n","protected":false},"author":8,"featured_media":16814,"comment_status":"open","ping_status":"open","sticky":false,"template":"","format":"standard","meta":{"footnotes":""},"categories":[4,11],"tags":[],"yoast_head":"<!-- This site is optimized with the Yoast SEO plugin v24.5 - https:\/\/yoast.com\/wordpress\/plugins\/seo\/ -->\n<title>Choque institucional - ASAJA Le\u00f3n<\/title>\n<meta name=\"description\" content=\"En pocas ocasiones el Parlamento Europeo ha pegado un revolc\u00f3n a los acuerdos de la Comisi\u00f3n Europea, como ocurri\u00f3 el pasado mi\u00e9rcoles al obligar a que el\" \/>\n<meta name=\"robots\" content=\"index, follow, max-snippet:-1, max-image-preview:large, max-video-preview:-1\" \/>\n<link rel=\"canonical\" href=\"https:\/\/www.asajacyl.com\/leon\/asaja-leon-informa\/choque-institucional\" \/>\n<meta property=\"og:locale\" content=\"es_ES\" \/>\n<meta property=\"og:type\" content=\"article\" \/>\n<meta property=\"og:title\" content=\"Choque institucional - ASAJA Le\u00f3n\" \/>\n<meta property=\"og:description\" content=\"En pocas ocasiones el Parlamento Europeo ha pegado un revolc\u00f3n a los acuerdos de la Comisi\u00f3n Europea, como ocurri\u00f3 el pasado mi\u00e9rcoles al obligar a que el\" \/>\n<meta property=\"og:url\" content=\"https:\/\/www.asajacyl.com\/leon\/asaja-leon-informa\/choque-institucional\" \/>\n<meta property=\"og:site_name\" content=\"ASAJA Le\u00f3n\" \/>\n<meta property=\"article:published_time\" content=\"2026-01-23T10:30:58+00:00\" \/>\n<meta property=\"article:modified_time\" content=\"2026-01-23T10:30:59+00:00\" \/>\n<meta property=\"og:image\" content=\"https:\/\/www.asajacyl.com\/leon\/wp-content\/uploads\/sites\/6\/2026\/01\/parlamento-europeo-frena-acuerdo-con-el-mercosur.jpg\" \/>\n\t<meta property=\"og:image:width\" content=\"1331\" \/>\n\t<meta property=\"og:image:height\" content=\"886\" \/>\n\t<meta property=\"og:image:type\" content=\"image\/jpeg\" \/>\n<meta name=\"author\" content=\"Eduardo\" \/>\n<meta name=\"twitter:card\" content=\"summary_large_image\" \/>\n<meta name=\"twitter:label1\" content=\"Escrito por\" \/>\n\t<meta name=\"twitter:data1\" content=\"Eduardo\" \/>\n\t<meta name=\"twitter:label2\" content=\"Tiempo de lectura\" \/>\n\t<meta name=\"twitter:data2\" content=\"2 minutos\" \/>\n<script type=\"application\/ld+json\" class=\"yoast-schema-graph\">{\"@context\":\"https:\/\/schema.org\",\"@graph\":[{\"@type\":\"WebPage\",\"@id\":\"https:\/\/www.asajacyl.com\/leon\/asaja-leon-informa\/choque-institucional\",\"url\":\"https:\/\/www.asajacyl.com\/leon\/asaja-leon-informa\/choque-institucional\",\"name\":\"Choque institucional - ASAJA Le\u00f3n\",\"isPartOf\":{\"@id\":\"https:\/\/www.asajacyl.com\/leon\/#website\"},\"primaryImageOfPage\":{\"@id\":\"https:\/\/www.asajacyl.com\/leon\/asaja-leon-informa\/choque-institucional#primaryimage\"},\"image\":{\"@id\":\"https:\/\/www.asajacyl.com\/leon\/asaja-leon-informa\/choque-institucional#primaryimage\"},\"thumbnailUrl\":\"https:\/\/www.asajacyl.com\/leon\/wp-content\/uploads\/sites\/6\/2026\/01\/parlamento-europeo-frena-acuerdo-con-el-mercosur.jpg\",\"datePublished\":\"2026-01-23T10:30:58+00:00\",\"dateModified\":\"2026-01-23T10:30:59+00:00\",\"author\":{\"@id\":\"https:\/\/www.asajacyl.com\/leon\/#\/schema\/person\/a39ff3609fc182e4c789ab486e865d32\"},\"description\":\"En pocas ocasiones el Parlamento Europeo ha pegado un revolc\u00f3n a los acuerdos de la Comisi\u00f3n Europea, como ocurri\u00f3 el pasado mi\u00e9rcoles al obligar a que el\",\"breadcrumb\":{\"@id\":\"https:\/\/www.asajacyl.com\/leon\/asaja-leon-informa\/choque-institucional#breadcrumb\"},\"inLanguage\":\"es\",\"potentialAction\":[{\"@type\":\"ReadAction\",\"target\":[\"https:\/\/www.asajacyl.com\/leon\/asaja-leon-informa\/choque-institucional\"]}]},{\"@type\":\"ImageObject\",\"inLanguage\":\"es\",\"@id\":\"https:\/\/www.asajacyl.com\/leon\/asaja-leon-informa\/choque-institucional#primaryimage\",\"url\":\"https:\/\/www.asajacyl.com\/leon\/wp-content\/uploads\/sites\/6\/2026\/01\/parlamento-europeo-frena-acuerdo-con-el-mercosur.jpg\",\"contentUrl\":\"https:\/\/www.asajacyl.com\/leon\/wp-content\/uploads\/sites\/6\/2026\/01\/parlamento-europeo-frena-acuerdo-con-el-mercosur.jpg\",\"width\":1331,\"height\":886},{\"@type\":\"BreadcrumbList\",\"@id\":\"https:\/\/www.asajacyl.com\/leon\/asaja-leon-informa\/choque-institucional#breadcrumb\",\"itemListElement\":[{\"@type\":\"ListItem\",\"position\":1,\"name\":\"Portada\",\"item\":\"https:\/\/www.asajacyl.com\/leon\/\"},{\"@type\":\"ListItem\",\"position\":2,\"name\":\"Choque institucional\"}]},{\"@type\":\"WebSite\",\"@id\":\"https:\/\/www.asajacyl.com\/leon\/#website\",\"url\":\"https:\/\/www.asajacyl.com\/leon\/\",\"name\":\"ASAJA Le\u00f3n\",\"description\":\"Otro sitio m\u00e1s de Provincias ASAJA Castilla y Le\u00f3n\",\"potentialAction\":[{\"@type\":\"SearchAction\",\"target\":{\"@type\":\"EntryPoint\",\"urlTemplate\":\"https:\/\/www.asajacyl.com\/leon\/?s={search_term_string}\"},\"query-input\":{\"@type\":\"PropertyValueSpecification\",\"valueRequired\":true,\"valueName\":\"search_term_string\"}}],\"inLanguage\":\"es\"},{\"@type\":\"Person\",\"@id\":\"https:\/\/www.asajacyl.com\/leon\/#\/schema\/person\/a39ff3609fc182e4c789ab486e865d32\",\"name\":\"Eduardo\",\"image\":{\"@type\":\"ImageObject\",\"inLanguage\":\"es\",\"@id\":\"https:\/\/www.asajacyl.com\/leon\/#\/schema\/person\/image\/\",\"url\":\"https:\/\/secure.gravatar.com\/avatar\/9ebd6aba21d817dcf9595bc9ca505af5?s=96&d=mm&r=g\",\"contentUrl\":\"https:\/\/secure.gravatar.com\/avatar\/9ebd6aba21d817dcf9595bc9ca505af5?s=96&d=mm&r=g\",\"caption\":\"Eduardo\"},\"url\":\"https:\/\/www.asajacyl.com\/leon\/author\/eduardovv\"}]}<\/script>\n<!-- \/ Yoast SEO plugin. -->","yoast_head_json":{"title":"Choque institucional - ASAJA Le\u00f3n","description":"En pocas ocasiones el Parlamento Europeo ha pegado un revolc\u00f3n a los acuerdos de la Comisi\u00f3n Europea, como ocurri\u00f3 el pasado mi\u00e9rcoles al obligar a que el","robots":{"index":"index","follow":"follow","max-snippet":"max-snippet:-1","max-image-preview":"max-image-preview:large","max-video-preview":"max-video-preview:-1"},"canonical":"https:\/\/www.asajacyl.com\/leon\/asaja-leon-informa\/choque-institucional","og_locale":"es_ES","og_type":"article","og_title":"Choque institucional - ASAJA Le\u00f3n","og_description":"En pocas ocasiones el Parlamento Europeo ha pegado un revolc\u00f3n a los acuerdos de la Comisi\u00f3n Europea, como ocurri\u00f3 el pasado mi\u00e9rcoles al obligar a que el","og_url":"https:\/\/www.asajacyl.com\/leon\/asaja-leon-informa\/choque-institucional","og_site_name":"ASAJA Le\u00f3n","article_published_time":"2026-01-23T10:30:58+00:00","article_modified_time":"2026-01-23T10:30:59+00:00","og_image":[{"width":1331,"height":886,"url":"https:\/\/www.asajacyl.com\/leon\/wp-content\/uploads\/sites\/6\/2026\/01\/parlamento-europeo-frena-acuerdo-con-el-mercosur.jpg","type":"image\/jpeg"}],"author":"Eduardo","twitter_card":"summary_large_image","twitter_misc":{"Escrito por":"Eduardo","Tiempo de lectura":"2 minutos"},"schema":{"@context":"https:\/\/schema.org","@graph":[{"@type":"WebPage","@id":"https:\/\/www.asajacyl.com\/leon\/asaja-leon-informa\/choque-institucional","url":"https:\/\/www.asajacyl.com\/leon\/asaja-leon-informa\/choque-institucional","name":"Choque institucional - ASAJA Le\u00f3n","isPartOf":{"@id":"https:\/\/www.asajacyl.com\/leon\/#website"},"primaryImageOfPage":{"@id":"https:\/\/www.asajacyl.com\/leon\/asaja-leon-informa\/choque-institucional#primaryimage"},"image":{"@id":"https:\/\/www.asajacyl.com\/leon\/asaja-leon-informa\/choque-institucional#primaryimage"},"thumbnailUrl":"https:\/\/www.asajacyl.com\/leon\/wp-content\/uploads\/sites\/6\/2026\/01\/parlamento-europeo-frena-acuerdo-con-el-mercosur.jpg","datePublished":"2026-01-23T10:30:58+00:00","dateModified":"2026-01-23T10:30:59+00:00","author":{"@id":"https:\/\/www.asajacyl.com\/leon\/#\/schema\/person\/a39ff3609fc182e4c789ab486e865d32"},"description":"En pocas ocasiones el Parlamento Europeo ha pegado un revolc\u00f3n a los acuerdos de la Comisi\u00f3n Europea, como ocurri\u00f3 el pasado mi\u00e9rcoles al obligar a que el","breadcrumb":{"@id":"https:\/\/www.asajacyl.com\/leon\/asaja-leon-informa\/choque-institucional#breadcrumb"},"inLanguage":"es","potentialAction":[{"@type":"ReadAction","target":["https:\/\/www.asajacyl.com\/leon\/asaja-leon-informa\/choque-institucional"]}]},{"@type":"ImageObject","inLanguage":"es","@id":"https:\/\/www.asajacyl.com\/leon\/asaja-leon-informa\/choque-institucional#primaryimage","url":"https:\/\/www.asajacyl.com\/leon\/wp-content\/uploads\/sites\/6\/2026\/01\/parlamento-europeo-frena-acuerdo-con-el-mercosur.jpg","contentUrl":"https:\/\/www.asajacyl.com\/leon\/wp-content\/uploads\/sites\/6\/2026\/01\/parlamento-europeo-frena-acuerdo-con-el-mercosur.jpg","width":1331,"height":886},{"@type":"BreadcrumbList","@id":"https:\/\/www.asajacyl.com\/leon\/asaja-leon-informa\/choque-institucional#breadcrumb","itemListElement":[{"@type":"ListItem","position":1,"name":"Portada","item":"https:\/\/www.asajacyl.com\/leon\/"},{"@type":"ListItem","position":2,"name":"Choque institucional"}]},{"@type":"WebSite","@id":"https:\/\/www.asajacyl.com\/leon\/#website","url":"https:\/\/www.asajacyl.com\/leon\/","name":"ASAJA Le\u00f3n","description":"Otro sitio m\u00e1s de Provincias ASAJA Castilla y Le\u00f3n","potentialAction":[{"@type":"SearchAction","target":{"@type":"EntryPoint","urlTemplate":"https:\/\/www.asajacyl.com\/leon\/?s={search_term_string}"},"query-input":{"@type":"PropertyValueSpecification","valueRequired":true,"valueName":"search_term_string"}}],"inLanguage":"es"},{"@type":"Person","@id":"https:\/\/www.asajacyl.com\/leon\/#\/schema\/person\/a39ff3609fc182e4c789ab486e865d32","name":"Eduardo","image":{"@type":"ImageObject","inLanguage":"es","@id":"https:\/\/www.asajacyl.com\/leon\/#\/schema\/person\/image\/","url":"https:\/\/secure.gravatar.com\/avatar\/9ebd6aba21d817dcf9595bc9ca505af5?s=96&d=mm&r=g","contentUrl":"https:\/\/secure.gravatar.com\/avatar\/9ebd6aba21d817dcf9595bc9ca505af5?s=96&d=mm&r=g","caption":"Eduardo"},"url":"https:\/\/www.asajacyl.com\/leon\/author\/eduardovv"}]}},"_links":{"self":[{"href":"https:\/\/www.asajacyl.com\/leon\/wp-json\/wp\/v2\/posts\/16813"}],"collection":[{"href":"https:\/\/www.asajacyl.com\/leon\/wp-json\/wp\/v2\/posts"}],"about":[{"href":"https:\/\/www.asajacyl.com\/leon\/wp-json\/wp\/v2\/types\/post"}],"author":[{"embeddable":true,"href":"https:\/\/www.asajacyl.com\/leon\/wp-json\/wp\/v2\/users\/8"}],"replies":[{"embeddable":true,"href":"https:\/\/www.asajacyl.com\/leon\/wp-json\/wp\/v2\/comments?post=16813"}],"version-history":[{"count":1,"href":"https:\/\/www.asajacyl.com\/leon\/wp-json\/wp\/v2\/posts\/16813\/revisions"}],"predecessor-version":[{"id":16815,"href":"https:\/\/www.asajacyl.com\/leon\/wp-json\/wp\/v2\/posts\/16813\/revisions\/16815"}],"wp:featuredmedia":[{"embeddable":true,"href":"https:\/\/www.asajacyl.com\/leon\/wp-json\/wp\/v2\/media\/16814"}],"wp:attachment":[{"href":"https:\/\/www.asajacyl.com\/leon\/wp-json\/wp\/v2\/media?parent=16813"}],"wp:term":[{"taxonomy":"category","embeddable":true,"href":"https:\/\/www.asajacyl.com\/leon\/wp-json\/wp\/v2\/categories?post=16813"},{"taxonomy":"post_tag","embeddable":true,"href":"https:\/\/www.asajacyl.com\/leon\/wp-json\/wp\/v2\/tags?post=16813"}],"curies":[{"name":"wp","href":"https:\/\/api.w.org\/{rel}","templated":true}]}}