{"id":16895,"date":"2026-02-06T13:53:04","date_gmt":"2026-02-06T12:53:04","guid":{"rendered":"https:\/\/www.asajacyl.com\/leon\/?p=16895"},"modified":"2026-02-06T14:17:41","modified_gmt":"2026-02-06T13:17:41","slug":"libro-25-aniversario-de-asaja-leon-anos-1985-2010","status":"publish","type":"post","link":"https:\/\/www.asajacyl.com\/leon\/asaja-leon-informa\/descargas\/libro-25-aniversario-de-asaja-leon-anos-1985-2010","title":{"rendered":"Libro 25 aniversario de Asaja Le\u00f3n &#8211; A\u00f1os 1985-2010"},"content":{"rendered":"\n<h2>El campo, los pueblos, las ideas y las reivindicaciones<\/h2>\n<p>En este libro se recogen los acontecimientos agroganaderos m\u00e1s importantes que han marcado el devenir de la profesi\u00f3n en este periodo de tiempo.<\/p>\n<p>Escrito por Jos\u00e9 Antonio Turrado Fern\u00e1ndez y publicado en noviembre de 2010<\/p>\n<p><img loading=\"lazy\" decoding=\"async\" class=\"wp-image-5379 size-medium\" src=\"https:\/\/www.asajacyl.com\/leon\/wp-content\/uploads\/sites\/6\/2017\/11\/portada_libro_3-234x300.jpg\" alt=\"Portada libro - Asaja Le\u00f3n 25 a\u00f1os\" width=\"234\" height=\"300\" srcset=\"https:\/\/www.asajacyl.com\/leon\/wp-content\/uploads\/sites\/6\/2017\/11\/portada_libro_3-234x300.jpg 234w, https:\/\/www.asajacyl.com\/leon\/wp-content\/uploads\/sites\/6\/2017\/11\/portada_libro_3-768x987.jpg 768w, https:\/\/www.asajacyl.com\/leon\/wp-content\/uploads\/sites\/6\/2017\/11\/portada_libro_3-797x1024.jpg 797w, https:\/\/www.asajacyl.com\/leon\/wp-content\/uploads\/sites\/6\/2017\/11\/portada_libro_3-696x894.jpg 696w, https:\/\/www.asajacyl.com\/leon\/wp-content\/uploads\/sites\/6\/2017\/11\/portada_libro_3-1068x1372.jpg 1068w, https:\/\/www.asajacyl.com\/leon\/wp-content\/uploads\/sites\/6\/2017\/11\/portada_libro_3-327x420.jpg 327w, https:\/\/www.asajacyl.com\/leon\/wp-content\/uploads\/sites\/6\/2017\/11\/portada_libro_3.jpg 1093w\" sizes=\"(max-width: 234px) 100vw, 234px\" \/><\/p>\n\nPortada libro &#8211; Asaja Le\u00f3n 25 a\u00f1os\n","protected":false},"excerpt":{"rendered":"<p>El campo, los pueblos, las ideas y las reivindicaciones En este libro se recogen los acontecimientos agroganaderos m\u00e1s importantes que han marcado el devenir de la profesi\u00f3n en este periodo de tiempo. Escrito por Jos\u00e9 Antonio Turrado Fern\u00e1ndez y publicado en noviembre de 2010 Portada libro &#8211; Asaja Le\u00f3n 25 a\u00f1os<\/p>\n","protected":false},"author":8,"featured_media":5379,"comment_status":"open","ping_status":"open","sticky":false,"template":"","format":"standard","meta":{"footnotes":""},"categories":[53],"tags":[],"yoast_head":"<!-- This site is optimized with the Yoast SEO plugin v24.5 - https:\/\/yoast.com\/wordpress\/plugins\/seo\/ -->\n<title>Libro 25 aniversario de Asaja Le\u00f3n - A\u00f1os 1985-2010 - ASAJA Le\u00f3n<\/title>\n<meta name=\"description\" content=\"El campo, los pueblos, las ideas y las reivindicaciones En este libro se recogen los acontecimientos agroganaderos m\u00e1s importantes que han marcado el\" \/>\n<meta name=\"robots\" content=\"index, follow, max-snippet:-1, max-image-preview:large, max-video-preview:-1\" \/>\n<link rel=\"canonical\" href=\"https:\/\/www.asajacyl.com\/leon\/asaja-leon-informa\/descargas\/libro-25-aniversario-de-asaja-leon-anos-1985-2010\" \/>\n<meta property=\"og:locale\" content=\"es_ES\" \/>\n<meta property=\"og:type\" content=\"article\" \/>\n<meta property=\"og:title\" content=\"Libro 25 aniversario de Asaja Le\u00f3n - A\u00f1os 1985-2010 - ASAJA Le\u00f3n\" \/>\n<meta property=\"og:description\" content=\"El campo, los pueblos, las ideas y las reivindicaciones En este libro se recogen los acontecimientos agroganaderos m\u00e1s importantes que han marcado el\" \/>\n<meta property=\"og:url\" content=\"https:\/\/www.asajacyl.com\/leon\/asaja-leon-informa\/descargas\/libro-25-aniversario-de-asaja-leon-anos-1985-2010\" \/>\n<meta property=\"og:site_name\" content=\"ASAJA Le\u00f3n\" \/>\n<meta property=\"article:published_time\" content=\"2026-02-06T12:53:04+00:00\" \/>\n<meta property=\"article:modified_time\" content=\"2026-02-06T13:17:41+00:00\" \/>\n<meta property=\"og:image\" content=\"https:\/\/www.asajacyl.com\/leon\/wp-content\/uploads\/sites\/6\/2017\/11\/portada_libro_3.jpg\" \/>\n\t<meta property=\"og:image:width\" content=\"1093\" \/>\n\t<meta property=\"og:image:height\" content=\"1404\" \/>\n\t<meta property=\"og:image:type\" content=\"image\/jpeg\" \/>\n<meta name=\"author\" content=\"Eduardo\" \/>\n<meta name=\"twitter:card\" content=\"summary_large_image\" \/>\n<meta name=\"twitter:label1\" content=\"Escrito por\" \/>\n\t<meta name=\"twitter:data1\" content=\"Eduardo\" \/>\n\t<meta name=\"twitter:label2\" content=\"Tiempo de lectura\" \/>\n\t<meta name=\"twitter:data2\" content=\"1 minuto\" \/>\n<script type=\"application\/ld+json\" class=\"yoast-schema-graph\">{\"@context\":\"https:\/\/schema.org\",\"@graph\":[{\"@type\":\"WebPage\",\"@id\":\"https:\/\/www.asajacyl.com\/leon\/asaja-leon-informa\/descargas\/libro-25-aniversario-de-asaja-leon-anos-1985-2010\",\"url\":\"https:\/\/www.asajacyl.com\/leon\/asaja-leon-informa\/descargas\/libro-25-aniversario-de-asaja-leon-anos-1985-2010\",\"name\":\"Libro 25 aniversario de Asaja Le\u00f3n - A\u00f1os 1985-2010 - ASAJA Le\u00f3n\",\"isPartOf\":{\"@id\":\"https:\/\/www.asajacyl.com\/leon\/#website\"},\"primaryImageOfPage\":{\"@id\":\"https:\/\/www.asajacyl.com\/leon\/asaja-leon-informa\/descargas\/libro-25-aniversario-de-asaja-leon-anos-1985-2010#primaryimage\"},\"image\":{\"@id\":\"https:\/\/www.asajacyl.com\/leon\/asaja-leon-informa\/descargas\/libro-25-aniversario-de-asaja-leon-anos-1985-2010#primaryimage\"},\"thumbnailUrl\":\"https:\/\/www.asajacyl.com\/leon\/wp-content\/uploads\/sites\/6\/2017\/11\/portada_libro_3.jpg\",\"datePublished\":\"2026-02-06T12:53:04+00:00\",\"dateModified\":\"2026-02-06T13:17:41+00:00\",\"author\":{\"@id\":\"https:\/\/www.asajacyl.com\/leon\/#\/schema\/person\/a39ff3609fc182e4c789ab486e865d32\"},\"description\":\"El campo, los pueblos, las ideas y las reivindicaciones En este libro se recogen los acontecimientos agroganaderos m\u00e1s importantes que han marcado el\",\"breadcrumb\":{\"@id\":\"https:\/\/www.asajacyl.com\/leon\/asaja-leon-informa\/descargas\/libro-25-aniversario-de-asaja-leon-anos-1985-2010#breadcrumb\"},\"inLanguage\":\"es\",\"potentialAction\":[{\"@type\":\"ReadAction\",\"target\":[\"https:\/\/www.asajacyl.com\/leon\/asaja-leon-informa\/descargas\/libro-25-aniversario-de-asaja-leon-anos-1985-2010\"]}]},{\"@type\":\"ImageObject\",\"inLanguage\":\"es\",\"@id\":\"https:\/\/www.asajacyl.com\/leon\/asaja-leon-informa\/descargas\/libro-25-aniversario-de-asaja-leon-anos-1985-2010#primaryimage\",\"url\":\"https:\/\/www.asajacyl.com\/leon\/wp-content\/uploads\/sites\/6\/2017\/11\/portada_libro_3.jpg\",\"contentUrl\":\"https:\/\/www.asajacyl.com\/leon\/wp-content\/uploads\/sites\/6\/2017\/11\/portada_libro_3.jpg\",\"width\":1093,\"height\":1404,\"caption\":\"Portada libro - Asaja Le\u00f3n 25 a\u00f1os\"},{\"@type\":\"BreadcrumbList\",\"@id\":\"https:\/\/www.asajacyl.com\/leon\/asaja-leon-informa\/descargas\/libro-25-aniversario-de-asaja-leon-anos-1985-2010#breadcrumb\",\"itemListElement\":[{\"@type\":\"ListItem\",\"position\":1,\"name\":\"Portada\",\"item\":\"https:\/\/www.asajacyl.com\/leon\/\"},{\"@type\":\"ListItem\",\"position\":2,\"name\":\"Libro 25 aniversario de Asaja Le\u00f3n &#8211; A\u00f1os 1985-2010\"}]},{\"@type\":\"WebSite\",\"@id\":\"https:\/\/www.asajacyl.com\/leon\/#website\",\"url\":\"https:\/\/www.asajacyl.com\/leon\/\",\"name\":\"ASAJA Le\u00f3n\",\"description\":\"Otro sitio m\u00e1s de Provincias ASAJA Castilla y Le\u00f3n\",\"potentialAction\":[{\"@type\":\"SearchAction\",\"target\":{\"@type\":\"EntryPoint\",\"urlTemplate\":\"https:\/\/www.asajacyl.com\/leon\/?s={search_term_string}\"},\"query-input\":{\"@type\":\"PropertyValueSpecification\",\"valueRequired\":true,\"valueName\":\"search_term_string\"}}],\"inLanguage\":\"es\"},{\"@type\":\"Person\",\"@id\":\"https:\/\/www.asajacyl.com\/leon\/#\/schema\/person\/a39ff3609fc182e4c789ab486e865d32\",\"name\":\"Eduardo\",\"image\":{\"@type\":\"ImageObject\",\"inLanguage\":\"es\",\"@id\":\"https:\/\/www.asajacyl.com\/leon\/#\/schema\/person\/image\/\",\"url\":\"https:\/\/secure.gravatar.com\/avatar\/9ebd6aba21d817dcf9595bc9ca505af5?s=96&d=mm&r=g\",\"contentUrl\":\"https:\/\/secure.gravatar.com\/avatar\/9ebd6aba21d817dcf9595bc9ca505af5?s=96&d=mm&r=g\",\"caption\":\"Eduardo\"},\"url\":\"https:\/\/www.asajacyl.com\/leon\/author\/eduardovv\"}]}<\/script>\n<!-- \/ Yoast SEO plugin. -->","yoast_head_json":{"title":"Libro 25 aniversario de Asaja Le\u00f3n - A\u00f1os 1985-2010 - ASAJA Le\u00f3n","description":"El campo, los pueblos, las ideas y las reivindicaciones En este libro se recogen los acontecimientos agroganaderos m\u00e1s importantes que han marcado el","robots":{"index":"index","follow":"follow","max-snippet":"max-snippet:-1","max-image-preview":"max-image-preview:large","max-video-preview":"max-video-preview:-1"},"canonical":"https:\/\/www.asajacyl.com\/leon\/asaja-leon-informa\/descargas\/libro-25-aniversario-de-asaja-leon-anos-1985-2010","og_locale":"es_ES","og_type":"article","og_title":"Libro 25 aniversario de Asaja Le\u00f3n - A\u00f1os 1985-2010 - ASAJA Le\u00f3n","og_description":"El campo, los pueblos, las ideas y las reivindicaciones En este libro se recogen los acontecimientos agroganaderos m\u00e1s importantes que han marcado el","og_url":"https:\/\/www.asajacyl.com\/leon\/asaja-leon-informa\/descargas\/libro-25-aniversario-de-asaja-leon-anos-1985-2010","og_site_name":"ASAJA Le\u00f3n","article_published_time":"2026-02-06T12:53:04+00:00","article_modified_time":"2026-02-06T13:17:41+00:00","og_image":[{"width":1093,"height":1404,"url":"https:\/\/www.asajacyl.com\/leon\/wp-content\/uploads\/sites\/6\/2017\/11\/portada_libro_3.jpg","type":"image\/jpeg"}],"author":"Eduardo","twitter_card":"summary_large_image","twitter_misc":{"Escrito por":"Eduardo","Tiempo de lectura":"1 minuto"},"schema":{"@context":"https:\/\/schema.org","@graph":[{"@type":"WebPage","@id":"https:\/\/www.asajacyl.com\/leon\/asaja-leon-informa\/descargas\/libro-25-aniversario-de-asaja-leon-anos-1985-2010","url":"https:\/\/www.asajacyl.com\/leon\/asaja-leon-informa\/descargas\/libro-25-aniversario-de-asaja-leon-anos-1985-2010","name":"Libro 25 aniversario de Asaja Le\u00f3n - A\u00f1os 1985-2010 - ASAJA Le\u00f3n","isPartOf":{"@id":"https:\/\/www.asajacyl.com\/leon\/#website"},"primaryImageOfPage":{"@id":"https:\/\/www.asajacyl.com\/leon\/asaja-leon-informa\/descargas\/libro-25-aniversario-de-asaja-leon-anos-1985-2010#primaryimage"},"image":{"@id":"https:\/\/www.asajacyl.com\/leon\/asaja-leon-informa\/descargas\/libro-25-aniversario-de-asaja-leon-anos-1985-2010#primaryimage"},"thumbnailUrl":"https:\/\/www.asajacyl.com\/leon\/wp-content\/uploads\/sites\/6\/2017\/11\/portada_libro_3.jpg","datePublished":"2026-02-06T12:53:04+00:00","dateModified":"2026-02-06T13:17:41+00:00","author":{"@id":"https:\/\/www.asajacyl.com\/leon\/#\/schema\/person\/a39ff3609fc182e4c789ab486e865d32"},"description":"El campo, los pueblos, las ideas y las reivindicaciones En este libro se recogen los acontecimientos agroganaderos m\u00e1s importantes que han marcado el","breadcrumb":{"@id":"https:\/\/www.asajacyl.com\/leon\/asaja-leon-informa\/descargas\/libro-25-aniversario-de-asaja-leon-anos-1985-2010#breadcrumb"},"inLanguage":"es","potentialAction":[{"@type":"ReadAction","target":["https:\/\/www.asajacyl.com\/leon\/asaja-leon-informa\/descargas\/libro-25-aniversario-de-asaja-leon-anos-1985-2010"]}]},{"@type":"ImageObject","inLanguage":"es","@id":"https:\/\/www.asajacyl.com\/leon\/asaja-leon-informa\/descargas\/libro-25-aniversario-de-asaja-leon-anos-1985-2010#primaryimage","url":"https:\/\/www.asajacyl.com\/leon\/wp-content\/uploads\/sites\/6\/2017\/11\/portada_libro_3.jpg","contentUrl":"https:\/\/www.asajacyl.com\/leon\/wp-content\/uploads\/sites\/6\/2017\/11\/portada_libro_3.jpg","width":1093,"height":1404,"caption":"Portada libro - Asaja Le\u00f3n 25 a\u00f1os"},{"@type":"BreadcrumbList","@id":"https:\/\/www.asajacyl.com\/leon\/asaja-leon-informa\/descargas\/libro-25-aniversario-de-asaja-leon-anos-1985-2010#breadcrumb","itemListElement":[{"@type":"ListItem","position":1,"name":"Portada","item":"https:\/\/www.asajacyl.com\/leon\/"},{"@type":"ListItem","position":2,"name":"Libro 25 aniversario de Asaja Le\u00f3n &#8211; A\u00f1os 1985-2010"}]},{"@type":"WebSite","@id":"https:\/\/www.asajacyl.com\/leon\/#website","url":"https:\/\/www.asajacyl.com\/leon\/","name":"ASAJA Le\u00f3n","description":"Otro sitio m\u00e1s de Provincias ASAJA Castilla y Le\u00f3n","potentialAction":[{"@type":"SearchAction","target":{"@type":"EntryPoint","urlTemplate":"https:\/\/www.asajacyl.com\/leon\/?s={search_term_string}"},"query-input":{"@type":"PropertyValueSpecification","valueRequired":true,"valueName":"search_term_string"}}],"inLanguage":"es"},{"@type":"Person","@id":"https:\/\/www.asajacyl.com\/leon\/#\/schema\/person\/a39ff3609fc182e4c789ab486e865d32","name":"Eduardo","image":{"@type":"ImageObject","inLanguage":"es","@id":"https:\/\/www.asajacyl.com\/leon\/#\/schema\/person\/image\/","url":"https:\/\/secure.gravatar.com\/avatar\/9ebd6aba21d817dcf9595bc9ca505af5?s=96&d=mm&r=g","contentUrl":"https:\/\/secure.gravatar.com\/avatar\/9ebd6aba21d817dcf9595bc9ca505af5?s=96&d=mm&r=g","caption":"Eduardo"},"url":"https:\/\/www.asajacyl.com\/leon\/author\/eduardovv"}]}},"_links":{"self":[{"href":"https:\/\/www.asajacyl.com\/leon\/wp-json\/wp\/v2\/posts\/16895"}],"collection":[{"href":"https:\/\/www.asajacyl.com\/leon\/wp-json\/wp\/v2\/posts"}],"about":[{"href":"https:\/\/www.asajacyl.com\/leon\/wp-json\/wp\/v2\/types\/post"}],"author":[{"embeddable":true,"href":"https:\/\/www.asajacyl.com\/leon\/wp-json\/wp\/v2\/users\/8"}],"replies":[{"embeddable":true,"href":"https:\/\/www.asajacyl.com\/leon\/wp-json\/wp\/v2\/comments?post=16895"}],"version-history":[{"count":5,"href":"https:\/\/www.asajacyl.com\/leon\/wp-json\/wp\/v2\/posts\/16895\/revisions"}],"predecessor-version":[{"id":16904,"href":"https:\/\/www.asajacyl.com\/leon\/wp-json\/wp\/v2\/posts\/16895\/revisions\/16904"}],"wp:featuredmedia":[{"embeddable":true,"href":"https:\/\/www.asajacyl.com\/leon\/wp-json\/wp\/v2\/media\/5379"}],"wp:attachment":[{"href":"https:\/\/www.asajacyl.com\/leon\/wp-json\/wp\/v2\/media?parent=16895"}],"wp:term":[{"taxonomy":"category","embeddable":true,"href":"https:\/\/www.asajacyl.com\/leon\/wp-json\/wp\/v2\/categories?post=16895"},{"taxonomy":"post_tag","embeddable":true,"href":"https:\/\/www.asajacyl.com\/leon\/wp-json\/wp\/v2\/tags?post=16895"}],"curies":[{"name":"wp","href":"https:\/\/api.w.org\/{rel}","templated":true}]}}