{"id":16927,"date":"2026-02-18T12:16:15","date_gmt":"2026-02-18T11:16:15","guid":{"rendered":"https:\/\/www.asajacyl.com\/leon\/?p=16927"},"modified":"2026-02-23T11:51:37","modified_gmt":"2026-02-23T10:51:37","slug":"convocatoria-de-asamblea","status":"publish","type":"post","link":"https:\/\/www.asajacyl.com\/leon\/servicios-socio\/convocatoria-de-asamblea","title":{"rendered":"CONVOCATORIA DE ASAMBLEA"},"content":{"rendered":"\n<p>Le\u00f3n, 23 de febrero de 2026.<\/p>\n\n\n\n<p>Por la presente se convoca a todos los socios\/as a la reuni\u00f3n de la 40 ASAMBLEA GENERAL ORDINARIA de ASAJA de Le\u00f3n, que se celebrar\u00e1 el <strong><u>viernes d\u00eda 27 de febrero<\/u><\/strong>, a las <strong><u>12 del mediod\u00eda<\/u><\/strong> en segunda convocatoria, en el Sal\u00f3n del Centro C\u00edvico Magdalena Segurado (Calle Las Monjas s\/n) de <strong>SANTA MAR\u00cdA DEL P\u00c1RAMO<\/strong>,&nbsp; para tratar sobre el siguiente,<\/p>\n\n\n\n<p><strong>ORDEN DEL D\u00cdA:<\/strong><\/p>\n\n\n\n<ol>\n<li>Informe de actividades.<\/li>\n\n\n\n<li>Balance econ\u00f3mico de 2025 y presupuesto para 2026.<\/li>\n\n\n\n<li>Situaci\u00f3n de los distintos sectores agroganaderos.<\/li>\n\n\n\n<li>Situaci\u00f3n de la Reforma de la PAC y acuerdos de Mercosur.<\/li>\n\n\n\n<li>Novedades en la PAC de 2026. Excepcionalidades por la temporada de lluvias. Gesti\u00f3n PAC en las oficinas de ASAJA.<\/li>\n\n\n\n<li>Imposici\u00f3n de la Insignia de Oro de ASAJA al ex presidente, Demetrio Espadas Lazo.<\/li>\n\n\n\n<li>Otros temas. Ruegos y preguntas.<\/li>\n\n\n\n<li>Clausura del acto por el presidente regional Donaciano Dujo<\/li>\n<\/ol>\n\n\n\n<p>Contando con t\u00fa presencia y puntualidad, recibe un saludo.<\/p>\n\n\n\n<p><strong>Fdo.: Arsenio Garc\u00eda Vidal&nbsp; &nbsp;&nbsp;&nbsp;&nbsp;&nbsp;&nbsp;&nbsp;&nbsp;&nbsp;&nbsp;&nbsp;&nbsp;&nbsp;&nbsp;&nbsp;&nbsp;&nbsp;&nbsp;&nbsp;&nbsp;&nbsp; &nbsp;Fdo.: Jos\u00e9 Antonio Turrado<\/strong><\/p>\n\n\n\n<p><strong>NOTA: CON MOTIVO DE LA CELEBRACI\u00d3N DE ESTA ASAMBLEA GENERAL, TODAS NUESTRAS OFICINAS ESTAR\u00c1N CERRADAS AL P\u00daBLICO<\/strong><\/p>\n","protected":false},"excerpt":{"rendered":"<p>Le\u00f3n, 23 de febrero de 2026. Por la presente se convoca a todos los socios\/as a la reuni\u00f3n de la 40 ASAMBLEA GENERAL ORDINARIA de ASAJA de Le\u00f3n, que se celebrar\u00e1 el viernes d\u00eda 27 de febrero, a las 12 del mediod\u00eda en segunda convocatoria, en el Sal\u00f3n del Centro C\u00edvico Magdalena Segurado (Calle Las [&hellip;]<\/p>\n","protected":false},"author":8,"featured_media":16929,"comment_status":"open","ping_status":"open","sticky":false,"template":"","format":"standard","meta":{"footnotes":""},"categories":[12,5],"tags":[],"yoast_head":"<!-- This site is optimized with the Yoast SEO plugin v24.5 - https:\/\/yoast.com\/wordpress\/plugins\/seo\/ -->\n<title>CONVOCATORIA DE ASAMBLEA - ASAJA Le\u00f3n<\/title>\n<meta name=\"description\" content=\"Le\u00f3n, 23 de febrero de 2026. Por la presente se convoca a todos los socios\/as a la reuni\u00f3n de la 40 ASAMBLEA GENERAL ORDINARIA de ASAJA de Le\u00f3n, que se\" \/>\n<meta name=\"robots\" content=\"index, follow, max-snippet:-1, max-image-preview:large, max-video-preview:-1\" \/>\n<link rel=\"canonical\" href=\"https:\/\/www.asajacyl.com\/leon\/servicios-socio\/convocatoria-de-asamblea\" \/>\n<meta property=\"og:locale\" content=\"es_ES\" \/>\n<meta property=\"og:type\" content=\"article\" \/>\n<meta property=\"og:title\" content=\"CONVOCATORIA DE ASAMBLEA - ASAJA Le\u00f3n\" \/>\n<meta property=\"og:description\" content=\"Le\u00f3n, 23 de febrero de 2026. Por la presente se convoca a todos los socios\/as a la reuni\u00f3n de la 40 ASAMBLEA GENERAL ORDINARIA de ASAJA de Le\u00f3n, que se\" \/>\n<meta property=\"og:url\" content=\"https:\/\/www.asajacyl.com\/leon\/servicios-socio\/convocatoria-de-asamblea\" \/>\n<meta property=\"og:site_name\" content=\"ASAJA Le\u00f3n\" \/>\n<meta property=\"article:published_time\" content=\"2026-02-18T11:16:15+00:00\" \/>\n<meta property=\"article:modified_time\" content=\"2026-02-23T10:51:37+00:00\" \/>\n<meta property=\"og:image\" content=\"https:\/\/www.asajacyl.com\/leon\/wp-content\/uploads\/sites\/6\/2026\/02\/WhatsApp-Image-2025-03-11-at-13.59.12.jpeg\" \/>\n\t<meta property=\"og:image:width\" content=\"2500\" \/>\n\t<meta property=\"og:image:height\" content=\"1406\" \/>\n\t<meta property=\"og:image:type\" content=\"image\/jpeg\" \/>\n<meta name=\"author\" content=\"Eduardo\" \/>\n<meta name=\"twitter:card\" content=\"summary_large_image\" \/>\n<meta name=\"twitter:label1\" content=\"Escrito por\" \/>\n\t<meta name=\"twitter:data1\" content=\"Eduardo\" \/>\n\t<meta name=\"twitter:label2\" content=\"Tiempo de lectura\" \/>\n\t<meta name=\"twitter:data2\" content=\"2 minutos\" \/>\n<script type=\"application\/ld+json\" class=\"yoast-schema-graph\">{\"@context\":\"https:\/\/schema.org\",\"@graph\":[{\"@type\":\"WebPage\",\"@id\":\"https:\/\/www.asajacyl.com\/leon\/servicios-socio\/convocatoria-de-asamblea\",\"url\":\"https:\/\/www.asajacyl.com\/leon\/servicios-socio\/convocatoria-de-asamblea\",\"name\":\"CONVOCATORIA DE ASAMBLEA - ASAJA Le\u00f3n\",\"isPartOf\":{\"@id\":\"https:\/\/www.asajacyl.com\/leon\/#website\"},\"primaryImageOfPage\":{\"@id\":\"https:\/\/www.asajacyl.com\/leon\/servicios-socio\/convocatoria-de-asamblea#primaryimage\"},\"image\":{\"@id\":\"https:\/\/www.asajacyl.com\/leon\/servicios-socio\/convocatoria-de-asamblea#primaryimage\"},\"thumbnailUrl\":\"https:\/\/www.asajacyl.com\/leon\/wp-content\/uploads\/sites\/6\/2026\/02\/WhatsApp-Image-2025-03-11-at-13.59.12.jpeg\",\"datePublished\":\"2026-02-18T11:16:15+00:00\",\"dateModified\":\"2026-02-23T10:51:37+00:00\",\"author\":{\"@id\":\"https:\/\/www.asajacyl.com\/leon\/#\/schema\/person\/a39ff3609fc182e4c789ab486e865d32\"},\"description\":\"Le\u00f3n, 23 de febrero de 2026. Por la presente se convoca a todos los socios\/as a la reuni\u00f3n de la 40 ASAMBLEA GENERAL ORDINARIA de ASAJA de Le\u00f3n, que se\",\"breadcrumb\":{\"@id\":\"https:\/\/www.asajacyl.com\/leon\/servicios-socio\/convocatoria-de-asamblea#breadcrumb\"},\"inLanguage\":\"es\",\"potentialAction\":[{\"@type\":\"ReadAction\",\"target\":[\"https:\/\/www.asajacyl.com\/leon\/servicios-socio\/convocatoria-de-asamblea\"]}]},{\"@type\":\"ImageObject\",\"inLanguage\":\"es\",\"@id\":\"https:\/\/www.asajacyl.com\/leon\/servicios-socio\/convocatoria-de-asamblea#primaryimage\",\"url\":\"https:\/\/www.asajacyl.com\/leon\/wp-content\/uploads\/sites\/6\/2026\/02\/WhatsApp-Image-2025-03-11-at-13.59.12.jpeg\",\"contentUrl\":\"https:\/\/www.asajacyl.com\/leon\/wp-content\/uploads\/sites\/6\/2026\/02\/WhatsApp-Image-2025-03-11-at-13.59.12.jpeg\",\"width\":2500,\"height\":1406},{\"@type\":\"BreadcrumbList\",\"@id\":\"https:\/\/www.asajacyl.com\/leon\/servicios-socio\/convocatoria-de-asamblea#breadcrumb\",\"itemListElement\":[{\"@type\":\"ListItem\",\"position\":1,\"name\":\"Portada\",\"item\":\"https:\/\/www.asajacyl.com\/leon\/\"},{\"@type\":\"ListItem\",\"position\":2,\"name\":\"CONVOCATORIA DE ASAMBLEA\"}]},{\"@type\":\"WebSite\",\"@id\":\"https:\/\/www.asajacyl.com\/leon\/#website\",\"url\":\"https:\/\/www.asajacyl.com\/leon\/\",\"name\":\"ASAJA Le\u00f3n\",\"description\":\"Otro sitio m\u00e1s de Provincias ASAJA Castilla y Le\u00f3n\",\"potentialAction\":[{\"@type\":\"SearchAction\",\"target\":{\"@type\":\"EntryPoint\",\"urlTemplate\":\"https:\/\/www.asajacyl.com\/leon\/?s={search_term_string}\"},\"query-input\":{\"@type\":\"PropertyValueSpecification\",\"valueRequired\":true,\"valueName\":\"search_term_string\"}}],\"inLanguage\":\"es\"},{\"@type\":\"Person\",\"@id\":\"https:\/\/www.asajacyl.com\/leon\/#\/schema\/person\/a39ff3609fc182e4c789ab486e865d32\",\"name\":\"Eduardo\",\"image\":{\"@type\":\"ImageObject\",\"inLanguage\":\"es\",\"@id\":\"https:\/\/www.asajacyl.com\/leon\/#\/schema\/person\/image\/\",\"url\":\"https:\/\/secure.gravatar.com\/avatar\/9ebd6aba21d817dcf9595bc9ca505af5?s=96&d=mm&r=g\",\"contentUrl\":\"https:\/\/secure.gravatar.com\/avatar\/9ebd6aba21d817dcf9595bc9ca505af5?s=96&d=mm&r=g\",\"caption\":\"Eduardo\"},\"url\":\"https:\/\/www.asajacyl.com\/leon\/author\/eduardovv\"}]}<\/script>\n<!-- \/ Yoast SEO plugin. -->","yoast_head_json":{"title":"CONVOCATORIA DE ASAMBLEA - ASAJA Le\u00f3n","description":"Le\u00f3n, 23 de febrero de 2026. Por la presente se convoca a todos los socios\/as a la reuni\u00f3n de la 40 ASAMBLEA GENERAL ORDINARIA de ASAJA de Le\u00f3n, que se","robots":{"index":"index","follow":"follow","max-snippet":"max-snippet:-1","max-image-preview":"max-image-preview:large","max-video-preview":"max-video-preview:-1"},"canonical":"https:\/\/www.asajacyl.com\/leon\/servicios-socio\/convocatoria-de-asamblea","og_locale":"es_ES","og_type":"article","og_title":"CONVOCATORIA DE ASAMBLEA - ASAJA Le\u00f3n","og_description":"Le\u00f3n, 23 de febrero de 2026. Por la presente se convoca a todos los socios\/as a la reuni\u00f3n de la 40 ASAMBLEA GENERAL ORDINARIA de ASAJA de Le\u00f3n, que se","og_url":"https:\/\/www.asajacyl.com\/leon\/servicios-socio\/convocatoria-de-asamblea","og_site_name":"ASAJA Le\u00f3n","article_published_time":"2026-02-18T11:16:15+00:00","article_modified_time":"2026-02-23T10:51:37+00:00","og_image":[{"width":2500,"height":1406,"url":"https:\/\/www.asajacyl.com\/leon\/wp-content\/uploads\/sites\/6\/2026\/02\/WhatsApp-Image-2025-03-11-at-13.59.12.jpeg","type":"image\/jpeg"}],"author":"Eduardo","twitter_card":"summary_large_image","twitter_misc":{"Escrito por":"Eduardo","Tiempo de lectura":"2 minutos"},"schema":{"@context":"https:\/\/schema.org","@graph":[{"@type":"WebPage","@id":"https:\/\/www.asajacyl.com\/leon\/servicios-socio\/convocatoria-de-asamblea","url":"https:\/\/www.asajacyl.com\/leon\/servicios-socio\/convocatoria-de-asamblea","name":"CONVOCATORIA DE ASAMBLEA - ASAJA Le\u00f3n","isPartOf":{"@id":"https:\/\/www.asajacyl.com\/leon\/#website"},"primaryImageOfPage":{"@id":"https:\/\/www.asajacyl.com\/leon\/servicios-socio\/convocatoria-de-asamblea#primaryimage"},"image":{"@id":"https:\/\/www.asajacyl.com\/leon\/servicios-socio\/convocatoria-de-asamblea#primaryimage"},"thumbnailUrl":"https:\/\/www.asajacyl.com\/leon\/wp-content\/uploads\/sites\/6\/2026\/02\/WhatsApp-Image-2025-03-11-at-13.59.12.jpeg","datePublished":"2026-02-18T11:16:15+00:00","dateModified":"2026-02-23T10:51:37+00:00","author":{"@id":"https:\/\/www.asajacyl.com\/leon\/#\/schema\/person\/a39ff3609fc182e4c789ab486e865d32"},"description":"Le\u00f3n, 23 de febrero de 2026. Por la presente se convoca a todos los socios\/as a la reuni\u00f3n de la 40 ASAMBLEA GENERAL ORDINARIA de ASAJA de Le\u00f3n, que se","breadcrumb":{"@id":"https:\/\/www.asajacyl.com\/leon\/servicios-socio\/convocatoria-de-asamblea#breadcrumb"},"inLanguage":"es","potentialAction":[{"@type":"ReadAction","target":["https:\/\/www.asajacyl.com\/leon\/servicios-socio\/convocatoria-de-asamblea"]}]},{"@type":"ImageObject","inLanguage":"es","@id":"https:\/\/www.asajacyl.com\/leon\/servicios-socio\/convocatoria-de-asamblea#primaryimage","url":"https:\/\/www.asajacyl.com\/leon\/wp-content\/uploads\/sites\/6\/2026\/02\/WhatsApp-Image-2025-03-11-at-13.59.12.jpeg","contentUrl":"https:\/\/www.asajacyl.com\/leon\/wp-content\/uploads\/sites\/6\/2026\/02\/WhatsApp-Image-2025-03-11-at-13.59.12.jpeg","width":2500,"height":1406},{"@type":"BreadcrumbList","@id":"https:\/\/www.asajacyl.com\/leon\/servicios-socio\/convocatoria-de-asamblea#breadcrumb","itemListElement":[{"@type":"ListItem","position":1,"name":"Portada","item":"https:\/\/www.asajacyl.com\/leon\/"},{"@type":"ListItem","position":2,"name":"CONVOCATORIA DE ASAMBLEA"}]},{"@type":"WebSite","@id":"https:\/\/www.asajacyl.com\/leon\/#website","url":"https:\/\/www.asajacyl.com\/leon\/","name":"ASAJA Le\u00f3n","description":"Otro sitio m\u00e1s de Provincias ASAJA Castilla y Le\u00f3n","potentialAction":[{"@type":"SearchAction","target":{"@type":"EntryPoint","urlTemplate":"https:\/\/www.asajacyl.com\/leon\/?s={search_term_string}"},"query-input":{"@type":"PropertyValueSpecification","valueRequired":true,"valueName":"search_term_string"}}],"inLanguage":"es"},{"@type":"Person","@id":"https:\/\/www.asajacyl.com\/leon\/#\/schema\/person\/a39ff3609fc182e4c789ab486e865d32","name":"Eduardo","image":{"@type":"ImageObject","inLanguage":"es","@id":"https:\/\/www.asajacyl.com\/leon\/#\/schema\/person\/image\/","url":"https:\/\/secure.gravatar.com\/avatar\/9ebd6aba21d817dcf9595bc9ca505af5?s=96&d=mm&r=g","contentUrl":"https:\/\/secure.gravatar.com\/avatar\/9ebd6aba21d817dcf9595bc9ca505af5?s=96&d=mm&r=g","caption":"Eduardo"},"url":"https:\/\/www.asajacyl.com\/leon\/author\/eduardovv"}]}},"_links":{"self":[{"href":"https:\/\/www.asajacyl.com\/leon\/wp-json\/wp\/v2\/posts\/16927"}],"collection":[{"href":"https:\/\/www.asajacyl.com\/leon\/wp-json\/wp\/v2\/posts"}],"about":[{"href":"https:\/\/www.asajacyl.com\/leon\/wp-json\/wp\/v2\/types\/post"}],"author":[{"embeddable":true,"href":"https:\/\/www.asajacyl.com\/leon\/wp-json\/wp\/v2\/users\/8"}],"replies":[{"embeddable":true,"href":"https:\/\/www.asajacyl.com\/leon\/wp-json\/wp\/v2\/comments?post=16927"}],"version-history":[{"count":2,"href":"https:\/\/www.asajacyl.com\/leon\/wp-json\/wp\/v2\/posts\/16927\/revisions"}],"predecessor-version":[{"id":16943,"href":"https:\/\/www.asajacyl.com\/leon\/wp-json\/wp\/v2\/posts\/16927\/revisions\/16943"}],"wp:featuredmedia":[{"embeddable":true,"href":"https:\/\/www.asajacyl.com\/leon\/wp-json\/wp\/v2\/media\/16929"}],"wp:attachment":[{"href":"https:\/\/www.asajacyl.com\/leon\/wp-json\/wp\/v2\/media?parent=16927"}],"wp:term":[{"taxonomy":"category","embeddable":true,"href":"https:\/\/www.asajacyl.com\/leon\/wp-json\/wp\/v2\/categories?post=16927"},{"taxonomy":"post_tag","embeddable":true,"href":"https:\/\/www.asajacyl.com\/leon\/wp-json\/wp\/v2\/tags?post=16927"}],"curies":[{"name":"wp","href":"https:\/\/api.w.org\/{rel}","templated":true}]}}