{"id":1693,"date":"2003-03-07T00:00:00","date_gmt":"2003-03-06T23:00:00","guid":{"rendered":"https:\/\/www.asajacyl.com\/leon\/2003\/03\/07\/circular-productores-de-patatas\/"},"modified":"2017-11-15T09:43:41","modified_gmt":"2017-11-15T08:43:41","slug":"circular-productores-de-patatas","status":"publish","type":"post","link":"https:\/\/www.asajacyl.com\/leon\/servicios-socio\/circular-productores-de-patatas","title":{"rendered":"CIRCULAR PRODUCTORES DE PATATAS"},"content":{"rendered":"<h2>Nuestra organizaci&#243;n ASAJA a nivel regional ha convocado un acto de protesta por la situaci&#243;n del sector de las patatas, en la l&#237;nea de las reivindicaciones que hemos mantenido a lo largo de toda la campa&#241;a, que tendr&#225; lugar el pr&#243;ximo jueves d&#237;a 13 en Valladolid.<\/h2>\n<p><body><\/p>\n<p><font size=\"4\"><\/p>\n<p align=\"justify\" style=\"margin-top: 0; margin-bottom: 0\">&#160;<\/p>\n<p><\/font><b><i><\/p>\n<p align=\"justify\" style=\"margin-top: 0; margin-bottom: 0\"><font size=\"2\">DE:<br \/>\nASAJA DE LEON<\/font><\/p>\n<p align=\"justify\" style=\"margin-top: 0; margin-bottom: 0\"><font size=\"2\">A:<br \/>\nCULTIVADORES DE PATATAS<\/font><\/p>\n<p><font size=\"4\"><\/p>\n<p align=\"justify\" style=\"margin-top: 0; margin-bottom: 0\">&#160;<\/p>\n<p align=\"justify\" style=\"margin-top: 0; margin-bottom: 0\">&#160;<\/p>\n<p><\/font><\/i><\/b><\/p>\n<p align=\"right\" style=\"margin-top: 0; margin-bottom: 0\"><font size=\"2\">Le&#243;n, 7<br \/>\nde marzo de 2003.<\/font><\/p>\n<p><font size=\"4\"><\/p>\n<p align=\"justify\" style=\"margin-top: 0; margin-bottom: 0\">&#160;<\/p>\n<p align=\"justify\" style=\"margin-top: 0; margin-bottom: 0\">&#160;<\/p>\n<p><\/font><\/p>\n<p align=\"justify\" style=\"margin-top: 0; margin-bottom: 0\"><font size=\"2\">Estimado\/a<br \/>\namigo\/a:<\/font><\/p>\n<p><font size=\"4\"><\/p>\n<p align=\"justify\" style=\"margin-top: 0; margin-bottom: 0\">&#160;<\/p>\n<p><\/font><\/p>\n<p align=\"justify\" style=\"margin-top: 0; margin-bottom: 0\"><font size=\"2\">Nuestra<br \/>\norganizaci&#243;n ASAJA a nivel regional ha convocado un acto de protesta por la<br \/>\nsituaci&#243;n del sector de las patatas, en la l&#237;nea de las reivindicaciones que<br \/>\nhemos mantenido a lo largo de toda la campa&#241;a, que tendr&#225; lugar el pr&#243;ximo<br \/>\njueves d&#237;a 13 en Valladolid.<\/font><\/p>\n<p><font size=\"4\"><\/p>\n<p align=\"justify\" style=\"margin-top: 0; margin-bottom: 0\">&#160;<\/p>\n<p><\/font><\/p>\n<p align=\"justify\" style=\"margin-top: 0; margin-bottom: 0\"><font size=\"2\">Con<br \/>\nello pretendemos poner de manifiesto el problema econ&#243;mico de los agricultores<br \/>\nque tienen sus patatas sin vender, y que a estas alturas no existe ni precio ni<br \/>\nmercado, mientras que por el contrario se mantienen los escandalosos m&#225;rgenes<br \/>\ncomerciales de la distribuci&#243;n.<\/font><\/p>\n<p><font size=\"4\"><\/p>\n<p align=\"justify\" style=\"margin-top: 0; margin-bottom: 0\">&#160;<\/p>\n<p><\/font><\/p>\n<p align=\"justify\" style=\"margin-top: 0; margin-bottom: 0\"><font size=\"2\">El<br \/>\nescaparate de nuestras protestas es la Feria Alimentaria de Castilla y Le&#243;n que<br \/>\nse celebra en el Recinto Ferial de Valladolid. Tendremos previsto un cami&#243;n de<br \/>\npatatas, y nuestro reclamo ser&#225; &#34;dos sacos de patatas 1 euro&#34;, precio<br \/>\nal que se las &#34;venderemos&#34;(regalaremos), a los vallisoletanos que se<br \/>\nacerquen a nuestra concentraci&#243;n.<\/font><\/p>\n<p><font size=\"4\"><\/p>\n<p align=\"justify\" style=\"margin-top: 0; margin-bottom: 0\">&#160;<\/p>\n<p><\/font><\/p>\n<p align=\"justify\" style=\"margin-top: 0; margin-bottom: 0\"><font size=\"2\">Por<br \/>\ntodo esto, hacemos un llamamiento a nuestros productores de patatas de la<br \/>\nprovincia de Le&#243;n, entre los cuales te encuentras, para que nos acompa&#241;en en<br \/>\ntan importante acto.<\/font><\/p>\n<p><font size=\"4\"><\/p>\n<p align=\"justify\" style=\"margin-top: 0; margin-bottom: 0\">&#160;<\/p>\n<p><\/font><\/p>\n<blockquote>\n<blockquote><p>\n    <b><\/p>\n<p align=\"justify\" style=\"margin-top: 0; margin-bottom: 0\"><font size=\"2\">DIA:<br \/>\n    JUEVES 13 DE MARZO<\/font><\/p>\n<p align=\"justify\" style=\"margin-top: 0; margin-bottom: 0\"><font size=\"2\">HORA:<br \/>\n    11,30 DE LA MA&#209;ANA.<\/font><\/p>\n<p align=\"justify\" style=\"margin-top: 0; margin-bottom: 0\"><font size=\"2\">LUGAR:<br \/>\n    RECINTO FERIAL DE VALLADOLID<\/font><\/p>\n<p>    <\/b><font size=\"4\"><\/p>\n<p align=\"justify\" style=\"margin-top: 0; margin-bottom: 0\">&#160;<\/p>\n<p align=\"justify\" style=\"margin-top: 0; margin-bottom: 0\">&#160;<\/p>\n<p>    <\/font><\/p><\/blockquote>\n<\/blockquote>\n<p><\/body><\/p>\n","protected":false},"excerpt":{"rendered":"<p>Nuestra organizaci&#243;n ASAJA a nivel regional ha convocado un acto de protesta por la situaci&#243;n del sector de las patatas, en la l&#237;nea de las reivindicaciones que hemos mantenido a lo largo de toda la campa&#241;a, que tendr&#225; lugar el pr&#243;ximo jueves d&#237;a 13 en Valladolid.<\/p>\n","protected":false},"author":3,"featured_media":8174,"comment_status":"open","ping_status":"open","sticky":false,"template":"","format":"standard","meta":{"footnotes":""},"categories":[12,5],"tags":[],"yoast_head":"<!-- This site is optimized with the Yoast SEO plugin v24.5 - https:\/\/yoast.com\/wordpress\/plugins\/seo\/ -->\n<title>CIRCULAR PRODUCTORES DE PATATAS - ASAJA Le\u00f3n<\/title>\n<meta name=\"description\" content=\"Nuestra organizaci&#243;n ASAJA a nivel regional ha convocado un acto de protesta por la situaci&#243;n del sector de las patatas, en la l&#237;nea de las reivindicaciones que hemos mantenido a lo largo de toda la campa&#241;a, que tendr&#225; lugar el pr&#243;ximo jueves d&#237;a 13 en Valladolid.\" \/>\n<meta name=\"robots\" content=\"index, follow, max-snippet:-1, max-image-preview:large, max-video-preview:-1\" \/>\n<link rel=\"canonical\" href=\"https:\/\/www.asajacyl.com\/leon\/servicios-socio\/circular-productores-de-patatas\" \/>\n<meta property=\"og:locale\" content=\"es_ES\" \/>\n<meta property=\"og:type\" content=\"article\" \/>\n<meta property=\"og:title\" content=\"CIRCULAR PRODUCTORES DE PATATAS - ASAJA Le\u00f3n\" \/>\n<meta property=\"og:description\" content=\"Nuestra organizaci&#243;n ASAJA a nivel regional ha convocado un acto de protesta por la situaci&#243;n del sector de las patatas, en la l&#237;nea de las reivindicaciones que hemos mantenido a lo largo de toda la campa&#241;a, que tendr&#225; lugar el pr&#243;ximo jueves d&#237;a 13 en Valladolid.\" \/>\n<meta property=\"og:url\" content=\"https:\/\/www.asajacyl.com\/leon\/servicios-socio\/circular-productores-de-patatas\" \/>\n<meta property=\"og:site_name\" content=\"ASAJA Le\u00f3n\" \/>\n<meta property=\"article:published_time\" content=\"2003-03-06T23:00:00+00:00\" \/>\n<meta property=\"article:modified_time\" content=\"2017-11-15T08:43:41+00:00\" \/>\n<meta property=\"og:image\" content=\"https:\/\/www.asajacyl.com\/leon\/wp-content\/uploads\/sites\/6\/2017\/11\/im_predefinida_1920x1080.jpg\" \/>\n\t<meta property=\"og:image:width\" content=\"1920\" \/>\n\t<meta property=\"og:image:height\" content=\"1080\" \/>\n\t<meta property=\"og:image:type\" content=\"image\/jpeg\" \/>\n<meta name=\"author\" content=\"Editor\" \/>\n<meta name=\"twitter:card\" content=\"summary_large_image\" \/>\n<meta name=\"twitter:label1\" content=\"Escrito por\" \/>\n\t<meta name=\"twitter:data1\" content=\"Editor\" \/>\n\t<meta name=\"twitter:label2\" content=\"Tiempo de lectura\" \/>\n\t<meta name=\"twitter:data2\" content=\"1 minuto\" \/>\n<script type=\"application\/ld+json\" class=\"yoast-schema-graph\">{\"@context\":\"https:\/\/schema.org\",\"@graph\":[{\"@type\":\"WebPage\",\"@id\":\"https:\/\/www.asajacyl.com\/leon\/servicios-socio\/circular-productores-de-patatas\",\"url\":\"https:\/\/www.asajacyl.com\/leon\/servicios-socio\/circular-productores-de-patatas\",\"name\":\"CIRCULAR PRODUCTORES DE PATATAS - ASAJA Le\u00f3n\",\"isPartOf\":{\"@id\":\"https:\/\/www.asajacyl.com\/leon\/#website\"},\"primaryImageOfPage\":{\"@id\":\"https:\/\/www.asajacyl.com\/leon\/servicios-socio\/circular-productores-de-patatas#primaryimage\"},\"image\":{\"@id\":\"https:\/\/www.asajacyl.com\/leon\/servicios-socio\/circular-productores-de-patatas#primaryimage\"},\"thumbnailUrl\":\"https:\/\/www.asajacyl.com\/leon\/wp-content\/uploads\/sites\/6\/2017\/11\/im_predefinida_1920x1080.jpg\",\"datePublished\":\"2003-03-06T23:00:00+00:00\",\"dateModified\":\"2017-11-15T08:43:41+00:00\",\"author\":{\"@id\":\"https:\/\/www.asajacyl.com\/leon\/#\/schema\/person\/7e884476cee132331142e8ac9689f20c\"},\"description\":\"Nuestra organizaci&#243;n ASAJA a nivel regional ha convocado un acto de protesta por la situaci&#243;n del sector de las patatas, en la l&#237;nea de las reivindicaciones que hemos mantenido a lo largo de toda la campa&#241;a, que tendr&#225; lugar el pr&#243;ximo jueves d&#237;a 13 en Valladolid.\",\"breadcrumb\":{\"@id\":\"https:\/\/www.asajacyl.com\/leon\/servicios-socio\/circular-productores-de-patatas#breadcrumb\"},\"inLanguage\":\"es\",\"potentialAction\":[{\"@type\":\"ReadAction\",\"target\":[\"https:\/\/www.asajacyl.com\/leon\/servicios-socio\/circular-productores-de-patatas\"]}]},{\"@type\":\"ImageObject\",\"inLanguage\":\"es\",\"@id\":\"https:\/\/www.asajacyl.com\/leon\/servicios-socio\/circular-productores-de-patatas#primaryimage\",\"url\":\"https:\/\/www.asajacyl.com\/leon\/wp-content\/uploads\/sites\/6\/2017\/11\/im_predefinida_1920x1080.jpg\",\"contentUrl\":\"https:\/\/www.asajacyl.com\/leon\/wp-content\/uploads\/sites\/6\/2017\/11\/im_predefinida_1920x1080.jpg\",\"width\":1920,\"height\":1080,\"caption\":\"Logotipo ASAJA Le\u00f3n\"},{\"@type\":\"BreadcrumbList\",\"@id\":\"https:\/\/www.asajacyl.com\/leon\/servicios-socio\/circular-productores-de-patatas#breadcrumb\",\"itemListElement\":[{\"@type\":\"ListItem\",\"position\":1,\"name\":\"Portada\",\"item\":\"https:\/\/www.asajacyl.com\/leon\/\"},{\"@type\":\"ListItem\",\"position\":2,\"name\":\"CIRCULAR PRODUCTORES DE PATATAS\"}]},{\"@type\":\"WebSite\",\"@id\":\"https:\/\/www.asajacyl.com\/leon\/#website\",\"url\":\"https:\/\/www.asajacyl.com\/leon\/\",\"name\":\"ASAJA Le\u00f3n\",\"description\":\"Otro sitio m\u00e1s de Provincias ASAJA Castilla y Le\u00f3n\",\"potentialAction\":[{\"@type\":\"SearchAction\",\"target\":{\"@type\":\"EntryPoint\",\"urlTemplate\":\"https:\/\/www.asajacyl.com\/leon\/?s={search_term_string}\"},\"query-input\":{\"@type\":\"PropertyValueSpecification\",\"valueRequired\":true,\"valueName\":\"search_term_string\"}}],\"inLanguage\":\"es\"},{\"@type\":\"Person\",\"@id\":\"https:\/\/www.asajacyl.com\/leon\/#\/schema\/person\/7e884476cee132331142e8ac9689f20c\",\"name\":\"Editor\",\"image\":{\"@type\":\"ImageObject\",\"inLanguage\":\"es\",\"@id\":\"https:\/\/www.asajacyl.com\/leon\/#\/schema\/person\/image\/\",\"url\":\"https:\/\/secure.gravatar.com\/avatar\/a2ef43c165669686cfcfb0e1ffa59869?s=96&d=mm&r=g\",\"contentUrl\":\"https:\/\/secure.gravatar.com\/avatar\/a2ef43c165669686cfcfb0e1ffa59869?s=96&d=mm&r=g\",\"caption\":\"Editor\"},\"url\":\"https:\/\/www.asajacyl.com\/leon\/author\/oscargg\"}]}<\/script>\n<!-- \/ Yoast SEO plugin. -->","yoast_head_json":{"title":"CIRCULAR PRODUCTORES DE PATATAS - ASAJA Le\u00f3n","description":"Nuestra organizaci&#243;n ASAJA a nivel regional ha convocado un acto de protesta por la situaci&#243;n del sector de las patatas, en la l&#237;nea de las reivindicaciones que hemos mantenido a lo largo de toda la campa&#241;a, que tendr&#225; lugar el pr&#243;ximo jueves d&#237;a 13 en Valladolid.","robots":{"index":"index","follow":"follow","max-snippet":"max-snippet:-1","max-image-preview":"max-image-preview:large","max-video-preview":"max-video-preview:-1"},"canonical":"https:\/\/www.asajacyl.com\/leon\/servicios-socio\/circular-productores-de-patatas","og_locale":"es_ES","og_type":"article","og_title":"CIRCULAR PRODUCTORES DE PATATAS - ASAJA Le\u00f3n","og_description":"Nuestra organizaci&#243;n ASAJA a nivel regional ha convocado un acto de protesta por la situaci&#243;n del sector de las patatas, en la l&#237;nea de las reivindicaciones que hemos mantenido a lo largo de toda la campa&#241;a, que tendr&#225; lugar el pr&#243;ximo jueves d&#237;a 13 en Valladolid.","og_url":"https:\/\/www.asajacyl.com\/leon\/servicios-socio\/circular-productores-de-patatas","og_site_name":"ASAJA Le\u00f3n","article_published_time":"2003-03-06T23:00:00+00:00","article_modified_time":"2017-11-15T08:43:41+00:00","og_image":[{"width":1920,"height":1080,"url":"https:\/\/www.asajacyl.com\/leon\/wp-content\/uploads\/sites\/6\/2017\/11\/im_predefinida_1920x1080.jpg","type":"image\/jpeg"}],"author":"Editor","twitter_card":"summary_large_image","twitter_misc":{"Escrito por":"Editor","Tiempo de lectura":"1 minuto"},"schema":{"@context":"https:\/\/schema.org","@graph":[{"@type":"WebPage","@id":"https:\/\/www.asajacyl.com\/leon\/servicios-socio\/circular-productores-de-patatas","url":"https:\/\/www.asajacyl.com\/leon\/servicios-socio\/circular-productores-de-patatas","name":"CIRCULAR PRODUCTORES DE PATATAS - ASAJA Le\u00f3n","isPartOf":{"@id":"https:\/\/www.asajacyl.com\/leon\/#website"},"primaryImageOfPage":{"@id":"https:\/\/www.asajacyl.com\/leon\/servicios-socio\/circular-productores-de-patatas#primaryimage"},"image":{"@id":"https:\/\/www.asajacyl.com\/leon\/servicios-socio\/circular-productores-de-patatas#primaryimage"},"thumbnailUrl":"https:\/\/www.asajacyl.com\/leon\/wp-content\/uploads\/sites\/6\/2017\/11\/im_predefinida_1920x1080.jpg","datePublished":"2003-03-06T23:00:00+00:00","dateModified":"2017-11-15T08:43:41+00:00","author":{"@id":"https:\/\/www.asajacyl.com\/leon\/#\/schema\/person\/7e884476cee132331142e8ac9689f20c"},"description":"Nuestra organizaci&#243;n ASAJA a nivel regional ha convocado un acto de protesta por la situaci&#243;n del sector de las patatas, en la l&#237;nea de las reivindicaciones que hemos mantenido a lo largo de toda la campa&#241;a, que tendr&#225; lugar el pr&#243;ximo jueves d&#237;a 13 en Valladolid.","breadcrumb":{"@id":"https:\/\/www.asajacyl.com\/leon\/servicios-socio\/circular-productores-de-patatas#breadcrumb"},"inLanguage":"es","potentialAction":[{"@type":"ReadAction","target":["https:\/\/www.asajacyl.com\/leon\/servicios-socio\/circular-productores-de-patatas"]}]},{"@type":"ImageObject","inLanguage":"es","@id":"https:\/\/www.asajacyl.com\/leon\/servicios-socio\/circular-productores-de-patatas#primaryimage","url":"https:\/\/www.asajacyl.com\/leon\/wp-content\/uploads\/sites\/6\/2017\/11\/im_predefinida_1920x1080.jpg","contentUrl":"https:\/\/www.asajacyl.com\/leon\/wp-content\/uploads\/sites\/6\/2017\/11\/im_predefinida_1920x1080.jpg","width":1920,"height":1080,"caption":"Logotipo ASAJA Le\u00f3n"},{"@type":"BreadcrumbList","@id":"https:\/\/www.asajacyl.com\/leon\/servicios-socio\/circular-productores-de-patatas#breadcrumb","itemListElement":[{"@type":"ListItem","position":1,"name":"Portada","item":"https:\/\/www.asajacyl.com\/leon\/"},{"@type":"ListItem","position":2,"name":"CIRCULAR PRODUCTORES DE PATATAS"}]},{"@type":"WebSite","@id":"https:\/\/www.asajacyl.com\/leon\/#website","url":"https:\/\/www.asajacyl.com\/leon\/","name":"ASAJA Le\u00f3n","description":"Otro sitio m\u00e1s de Provincias ASAJA Castilla y Le\u00f3n","potentialAction":[{"@type":"SearchAction","target":{"@type":"EntryPoint","urlTemplate":"https:\/\/www.asajacyl.com\/leon\/?s={search_term_string}"},"query-input":{"@type":"PropertyValueSpecification","valueRequired":true,"valueName":"search_term_string"}}],"inLanguage":"es"},{"@type":"Person","@id":"https:\/\/www.asajacyl.com\/leon\/#\/schema\/person\/7e884476cee132331142e8ac9689f20c","name":"Editor","image":{"@type":"ImageObject","inLanguage":"es","@id":"https:\/\/www.asajacyl.com\/leon\/#\/schema\/person\/image\/","url":"https:\/\/secure.gravatar.com\/avatar\/a2ef43c165669686cfcfb0e1ffa59869?s=96&d=mm&r=g","contentUrl":"https:\/\/secure.gravatar.com\/avatar\/a2ef43c165669686cfcfb0e1ffa59869?s=96&d=mm&r=g","caption":"Editor"},"url":"https:\/\/www.asajacyl.com\/leon\/author\/oscargg"}]}},"_links":{"self":[{"href":"https:\/\/www.asajacyl.com\/leon\/wp-json\/wp\/v2\/posts\/1693"}],"collection":[{"href":"https:\/\/www.asajacyl.com\/leon\/wp-json\/wp\/v2\/posts"}],"about":[{"href":"https:\/\/www.asajacyl.com\/leon\/wp-json\/wp\/v2\/types\/post"}],"author":[{"embeddable":true,"href":"https:\/\/www.asajacyl.com\/leon\/wp-json\/wp\/v2\/users\/3"}],"replies":[{"embeddable":true,"href":"https:\/\/www.asajacyl.com\/leon\/wp-json\/wp\/v2\/comments?post=1693"}],"version-history":[{"count":1,"href":"https:\/\/www.asajacyl.com\/leon\/wp-json\/wp\/v2\/posts\/1693\/revisions"}],"predecessor-version":[{"id":2086,"href":"https:\/\/www.asajacyl.com\/leon\/wp-json\/wp\/v2\/posts\/1693\/revisions\/2086"}],"wp:featuredmedia":[{"embeddable":true,"href":"https:\/\/www.asajacyl.com\/leon\/wp-json\/wp\/v2\/media\/8174"}],"wp:attachment":[{"href":"https:\/\/www.asajacyl.com\/leon\/wp-json\/wp\/v2\/media?parent=1693"}],"wp:term":[{"taxonomy":"category","embeddable":true,"href":"https:\/\/www.asajacyl.com\/leon\/wp-json\/wp\/v2\/categories?post=1693"},{"taxonomy":"post_tag","embeddable":true,"href":"https:\/\/www.asajacyl.com\/leon\/wp-json\/wp\/v2\/tags?post=1693"}],"curies":[{"name":"wp","href":"https:\/\/api.w.org\/{rel}","templated":true}]}}