{"id":16975,"date":"2026-03-06T09:04:35","date_gmt":"2026-03-06T08:04:35","guid":{"rendered":"https:\/\/www.asajacyl.com\/leon\/?p=16975"},"modified":"2026-03-06T09:05:50","modified_gmt":"2026-03-06T08:05:50","slug":"plantar-arboles","status":"publish","type":"post","link":"https:\/\/www.asajacyl.com\/leon\/asaja-leon-informa\/plantar-arboles","title":{"rendered":"Plantar \u00e1rboles"},"content":{"rendered":"\n<p>No falta quienes, con buena voluntad, promuevan movimientos solidarios para plantar \u00e1rboles en los montes quemados. Otros quiz\u00e1s lo promuevan para lucirse ellos mismos. Con buena voluntad tambi\u00e9n puede que lo proponga alg\u00fan profesor de primaria para inculcar buenos h\u00e1bitos a sus alumnos o para concienciarles del papel que juega la naturaleza, el medio ambiente, en nuestras vidas. Pero plantar un \u00e1rbol en mitad del campo, y que la plantaci\u00f3n sea un \u00e9xito, no es nada f\u00e1cil. Que prendan sus ra\u00edces, que aguante la sequ\u00eda del verano, y que no lo coman o pisen los animales salvajes, es casi un milagro. Mal que pese, el plantar \u00e1rboles no est\u00e1 para cualquiera, y el \u00e9xito de la plantaci\u00f3n depender\u00e1 de que se haya elegido bien el sitio, de que se hayan elegido bien la especie, y de que se hayan hecho bien las labores de preparaci\u00f3n del terreno. Y cuando todo eso sale bien, durante los primeros a\u00f1os habr\u00e1 que limpiar la maleza que sale a su alrededor, y habr\u00e1 que podarlo, y si es posible hacerle alg\u00fan aporte de agua en verano. Y las plagas, no nos olvidemos de las plagas, que ahora atacan a todo bicho viviente, incluidos los \u00e1rboles forestales u ornamentales.<\/p>\n<p>Es un tanto desalentador, para un propietario de tierras en zonas de escaso inter\u00e9s agr\u00edcola, que bien puede ser un particular o una entidad p\u00fablica, hacer un planteamiento de forestaci\u00f3n tras los devastadores incendios del pasado verano. Se hay que preguntar, \u00bfy para qu\u00e9?. Porque lo probable es que el monte vuelva a arder antes de que la plantaci\u00f3n llegue a la edad \u00f3ptima de la corta. La edad de los montes se ha acortado en sentido inverso a la de las personas.<\/p>\n<p>Hoy, con las tendencias de los fuegos, el que tiene una plantaci\u00f3n forestal, el que tiene un monte, piensa que tiene algo y no tiene nada. M\u00e1s pronto que tarde va a arder por los cuatro costados. Despu\u00e9s te obligar\u00e1n a retirar la madera quemada, por la que no te van a dar casi nada, y si te descuidas, te cobrar\u00e1n por ello. Un negocio ruinoso en todas las especies de crecimiento lento, porque el chopo es otra cosa.<\/p>\n<p><em>*Art\u00edculo de opini\u00f3n de Jos\u00e9 Antonio Turrado publicado en La Nueva Cr\u00f3nica del viernes 6 de marzo de 2026.<\/em><\/p>\n","protected":false},"excerpt":{"rendered":"<p>No falta quienes, con buena voluntad, promuevan movimientos solidarios para plantar \u00e1rboles en los montes quemados. Otros quiz\u00e1s lo promuevan para lucirse ellos mismos. Con buena voluntad tambi\u00e9n puede que lo proponga alg\u00fan profesor de primaria para inculcar buenos h\u00e1bitos a sus alumnos o para concienciarles del papel que juega la naturaleza, el medio ambiente, [&hellip;]<\/p>\n","protected":false},"author":8,"featured_media":9427,"comment_status":"open","ping_status":"open","sticky":false,"template":"","format":"standard","meta":{"footnotes":""},"categories":[4,11],"tags":[],"yoast_head":"<!-- This site is optimized with the Yoast SEO plugin v24.5 - https:\/\/yoast.com\/wordpress\/plugins\/seo\/ -->\n<title>Plantar \u00e1rboles - ASAJA Le\u00f3n<\/title>\n<meta name=\"description\" content=\"No falta quienes, con buena voluntad, promuevan movimientos solidarios para plantar \u00e1rboles en los montes quemados. Otros quiz\u00e1s lo promuevan para lucirse\" \/>\n<meta name=\"robots\" content=\"index, follow, max-snippet:-1, max-image-preview:large, max-video-preview:-1\" \/>\n<link rel=\"canonical\" href=\"https:\/\/www.asajacyl.com\/leon\/asaja-leon-informa\/plantar-arboles\" \/>\n<meta property=\"og:locale\" content=\"es_ES\" \/>\n<meta property=\"og:type\" content=\"article\" \/>\n<meta property=\"og:title\" content=\"Plantar \u00e1rboles - ASAJA Le\u00f3n\" \/>\n<meta property=\"og:description\" content=\"No falta quienes, con buena voluntad, promuevan movimientos solidarios para plantar \u00e1rboles en los montes quemados. Otros quiz\u00e1s lo promuevan para lucirse\" \/>\n<meta property=\"og:url\" content=\"https:\/\/www.asajacyl.com\/leon\/asaja-leon-informa\/plantar-arboles\" \/>\n<meta property=\"og:site_name\" content=\"ASAJA Le\u00f3n\" \/>\n<meta property=\"article:published_time\" content=\"2026-03-06T08:04:35+00:00\" \/>\n<meta property=\"article:modified_time\" content=\"2026-03-06T08:05:50+00:00\" \/>\n<meta property=\"og:image\" content=\"https:\/\/www.asajacyl.com\/leon\/wp-content\/uploads\/sites\/6\/2018\/10\/CULTIVO-Y-ARBOLES.jpg\" \/>\n\t<meta property=\"og:image:width\" content=\"960\" \/>\n\t<meta property=\"og:image:height\" content=\"639\" \/>\n\t<meta property=\"og:image:type\" content=\"image\/jpeg\" \/>\n<meta name=\"author\" content=\"Eduardo\" \/>\n<meta name=\"twitter:card\" content=\"summary_large_image\" \/>\n<meta name=\"twitter:label1\" content=\"Escrito por\" \/>\n\t<meta name=\"twitter:data1\" content=\"Eduardo\" \/>\n\t<meta name=\"twitter:label2\" content=\"Tiempo de lectura\" \/>\n\t<meta name=\"twitter:data2\" content=\"2 minutos\" \/>\n<script type=\"application\/ld+json\" class=\"yoast-schema-graph\">{\"@context\":\"https:\/\/schema.org\",\"@graph\":[{\"@type\":\"WebPage\",\"@id\":\"https:\/\/www.asajacyl.com\/leon\/asaja-leon-informa\/plantar-arboles\",\"url\":\"https:\/\/www.asajacyl.com\/leon\/asaja-leon-informa\/plantar-arboles\",\"name\":\"Plantar \u00e1rboles - ASAJA Le\u00f3n\",\"isPartOf\":{\"@id\":\"https:\/\/www.asajacyl.com\/leon\/#website\"},\"primaryImageOfPage\":{\"@id\":\"https:\/\/www.asajacyl.com\/leon\/asaja-leon-informa\/plantar-arboles#primaryimage\"},\"image\":{\"@id\":\"https:\/\/www.asajacyl.com\/leon\/asaja-leon-informa\/plantar-arboles#primaryimage\"},\"thumbnailUrl\":\"https:\/\/www.asajacyl.com\/leon\/wp-content\/uploads\/sites\/6\/2018\/10\/CULTIVO-Y-ARBOLES.jpg\",\"datePublished\":\"2026-03-06T08:04:35+00:00\",\"dateModified\":\"2026-03-06T08:05:50+00:00\",\"author\":{\"@id\":\"https:\/\/www.asajacyl.com\/leon\/#\/schema\/person\/a39ff3609fc182e4c789ab486e865d32\"},\"description\":\"No falta quienes, con buena voluntad, promuevan movimientos solidarios para plantar \u00e1rboles en los montes quemados. Otros quiz\u00e1s lo promuevan para lucirse\",\"breadcrumb\":{\"@id\":\"https:\/\/www.asajacyl.com\/leon\/asaja-leon-informa\/plantar-arboles#breadcrumb\"},\"inLanguage\":\"es\",\"potentialAction\":[{\"@type\":\"ReadAction\",\"target\":[\"https:\/\/www.asajacyl.com\/leon\/asaja-leon-informa\/plantar-arboles\"]}]},{\"@type\":\"ImageObject\",\"inLanguage\":\"es\",\"@id\":\"https:\/\/www.asajacyl.com\/leon\/asaja-leon-informa\/plantar-arboles#primaryimage\",\"url\":\"https:\/\/www.asajacyl.com\/leon\/wp-content\/uploads\/sites\/6\/2018\/10\/CULTIVO-Y-ARBOLES.jpg\",\"contentUrl\":\"https:\/\/www.asajacyl.com\/leon\/wp-content\/uploads\/sites\/6\/2018\/10\/CULTIVO-Y-ARBOLES.jpg\",\"width\":960,\"height\":639},{\"@type\":\"BreadcrumbList\",\"@id\":\"https:\/\/www.asajacyl.com\/leon\/asaja-leon-informa\/plantar-arboles#breadcrumb\",\"itemListElement\":[{\"@type\":\"ListItem\",\"position\":1,\"name\":\"Portada\",\"item\":\"https:\/\/www.asajacyl.com\/leon\/\"},{\"@type\":\"ListItem\",\"position\":2,\"name\":\"Plantar \u00e1rboles\"}]},{\"@type\":\"WebSite\",\"@id\":\"https:\/\/www.asajacyl.com\/leon\/#website\",\"url\":\"https:\/\/www.asajacyl.com\/leon\/\",\"name\":\"ASAJA Le\u00f3n\",\"description\":\"Otro sitio m\u00e1s de Provincias ASAJA Castilla y Le\u00f3n\",\"potentialAction\":[{\"@type\":\"SearchAction\",\"target\":{\"@type\":\"EntryPoint\",\"urlTemplate\":\"https:\/\/www.asajacyl.com\/leon\/?s={search_term_string}\"},\"query-input\":{\"@type\":\"PropertyValueSpecification\",\"valueRequired\":true,\"valueName\":\"search_term_string\"}}],\"inLanguage\":\"es\"},{\"@type\":\"Person\",\"@id\":\"https:\/\/www.asajacyl.com\/leon\/#\/schema\/person\/a39ff3609fc182e4c789ab486e865d32\",\"name\":\"Eduardo\",\"image\":{\"@type\":\"ImageObject\",\"inLanguage\":\"es\",\"@id\":\"https:\/\/www.asajacyl.com\/leon\/#\/schema\/person\/image\/\",\"url\":\"https:\/\/secure.gravatar.com\/avatar\/9ebd6aba21d817dcf9595bc9ca505af5?s=96&d=mm&r=g\",\"contentUrl\":\"https:\/\/secure.gravatar.com\/avatar\/9ebd6aba21d817dcf9595bc9ca505af5?s=96&d=mm&r=g\",\"caption\":\"Eduardo\"},\"url\":\"https:\/\/www.asajacyl.com\/leon\/author\/eduardovv\"}]}<\/script>\n<!-- \/ Yoast SEO plugin. -->","yoast_head_json":{"title":"Plantar \u00e1rboles - ASAJA Le\u00f3n","description":"No falta quienes, con buena voluntad, promuevan movimientos solidarios para plantar \u00e1rboles en los montes quemados. Otros quiz\u00e1s lo promuevan para lucirse","robots":{"index":"index","follow":"follow","max-snippet":"max-snippet:-1","max-image-preview":"max-image-preview:large","max-video-preview":"max-video-preview:-1"},"canonical":"https:\/\/www.asajacyl.com\/leon\/asaja-leon-informa\/plantar-arboles","og_locale":"es_ES","og_type":"article","og_title":"Plantar \u00e1rboles - ASAJA Le\u00f3n","og_description":"No falta quienes, con buena voluntad, promuevan movimientos solidarios para plantar \u00e1rboles en los montes quemados. Otros quiz\u00e1s lo promuevan para lucirse","og_url":"https:\/\/www.asajacyl.com\/leon\/asaja-leon-informa\/plantar-arboles","og_site_name":"ASAJA Le\u00f3n","article_published_time":"2026-03-06T08:04:35+00:00","article_modified_time":"2026-03-06T08:05:50+00:00","og_image":[{"width":960,"height":639,"url":"https:\/\/www.asajacyl.com\/leon\/wp-content\/uploads\/sites\/6\/2018\/10\/CULTIVO-Y-ARBOLES.jpg","type":"image\/jpeg"}],"author":"Eduardo","twitter_card":"summary_large_image","twitter_misc":{"Escrito por":"Eduardo","Tiempo de lectura":"2 minutos"},"schema":{"@context":"https:\/\/schema.org","@graph":[{"@type":"WebPage","@id":"https:\/\/www.asajacyl.com\/leon\/asaja-leon-informa\/plantar-arboles","url":"https:\/\/www.asajacyl.com\/leon\/asaja-leon-informa\/plantar-arboles","name":"Plantar \u00e1rboles - ASAJA Le\u00f3n","isPartOf":{"@id":"https:\/\/www.asajacyl.com\/leon\/#website"},"primaryImageOfPage":{"@id":"https:\/\/www.asajacyl.com\/leon\/asaja-leon-informa\/plantar-arboles#primaryimage"},"image":{"@id":"https:\/\/www.asajacyl.com\/leon\/asaja-leon-informa\/plantar-arboles#primaryimage"},"thumbnailUrl":"https:\/\/www.asajacyl.com\/leon\/wp-content\/uploads\/sites\/6\/2018\/10\/CULTIVO-Y-ARBOLES.jpg","datePublished":"2026-03-06T08:04:35+00:00","dateModified":"2026-03-06T08:05:50+00:00","author":{"@id":"https:\/\/www.asajacyl.com\/leon\/#\/schema\/person\/a39ff3609fc182e4c789ab486e865d32"},"description":"No falta quienes, con buena voluntad, promuevan movimientos solidarios para plantar \u00e1rboles en los montes quemados. Otros quiz\u00e1s lo promuevan para lucirse","breadcrumb":{"@id":"https:\/\/www.asajacyl.com\/leon\/asaja-leon-informa\/plantar-arboles#breadcrumb"},"inLanguage":"es","potentialAction":[{"@type":"ReadAction","target":["https:\/\/www.asajacyl.com\/leon\/asaja-leon-informa\/plantar-arboles"]}]},{"@type":"ImageObject","inLanguage":"es","@id":"https:\/\/www.asajacyl.com\/leon\/asaja-leon-informa\/plantar-arboles#primaryimage","url":"https:\/\/www.asajacyl.com\/leon\/wp-content\/uploads\/sites\/6\/2018\/10\/CULTIVO-Y-ARBOLES.jpg","contentUrl":"https:\/\/www.asajacyl.com\/leon\/wp-content\/uploads\/sites\/6\/2018\/10\/CULTIVO-Y-ARBOLES.jpg","width":960,"height":639},{"@type":"BreadcrumbList","@id":"https:\/\/www.asajacyl.com\/leon\/asaja-leon-informa\/plantar-arboles#breadcrumb","itemListElement":[{"@type":"ListItem","position":1,"name":"Portada","item":"https:\/\/www.asajacyl.com\/leon\/"},{"@type":"ListItem","position":2,"name":"Plantar \u00e1rboles"}]},{"@type":"WebSite","@id":"https:\/\/www.asajacyl.com\/leon\/#website","url":"https:\/\/www.asajacyl.com\/leon\/","name":"ASAJA Le\u00f3n","description":"Otro sitio m\u00e1s de Provincias ASAJA Castilla y Le\u00f3n","potentialAction":[{"@type":"SearchAction","target":{"@type":"EntryPoint","urlTemplate":"https:\/\/www.asajacyl.com\/leon\/?s={search_term_string}"},"query-input":{"@type":"PropertyValueSpecification","valueRequired":true,"valueName":"search_term_string"}}],"inLanguage":"es"},{"@type":"Person","@id":"https:\/\/www.asajacyl.com\/leon\/#\/schema\/person\/a39ff3609fc182e4c789ab486e865d32","name":"Eduardo","image":{"@type":"ImageObject","inLanguage":"es","@id":"https:\/\/www.asajacyl.com\/leon\/#\/schema\/person\/image\/","url":"https:\/\/secure.gravatar.com\/avatar\/9ebd6aba21d817dcf9595bc9ca505af5?s=96&d=mm&r=g","contentUrl":"https:\/\/secure.gravatar.com\/avatar\/9ebd6aba21d817dcf9595bc9ca505af5?s=96&d=mm&r=g","caption":"Eduardo"},"url":"https:\/\/www.asajacyl.com\/leon\/author\/eduardovv"}]}},"_links":{"self":[{"href":"https:\/\/www.asajacyl.com\/leon\/wp-json\/wp\/v2\/posts\/16975"}],"collection":[{"href":"https:\/\/www.asajacyl.com\/leon\/wp-json\/wp\/v2\/posts"}],"about":[{"href":"https:\/\/www.asajacyl.com\/leon\/wp-json\/wp\/v2\/types\/post"}],"author":[{"embeddable":true,"href":"https:\/\/www.asajacyl.com\/leon\/wp-json\/wp\/v2\/users\/8"}],"replies":[{"embeddable":true,"href":"https:\/\/www.asajacyl.com\/leon\/wp-json\/wp\/v2\/comments?post=16975"}],"version-history":[{"count":1,"href":"https:\/\/www.asajacyl.com\/leon\/wp-json\/wp\/v2\/posts\/16975\/revisions"}],"predecessor-version":[{"id":16976,"href":"https:\/\/www.asajacyl.com\/leon\/wp-json\/wp\/v2\/posts\/16975\/revisions\/16976"}],"wp:featuredmedia":[{"embeddable":true,"href":"https:\/\/www.asajacyl.com\/leon\/wp-json\/wp\/v2\/media\/9427"}],"wp:attachment":[{"href":"https:\/\/www.asajacyl.com\/leon\/wp-json\/wp\/v2\/media?parent=16975"}],"wp:term":[{"taxonomy":"category","embeddable":true,"href":"https:\/\/www.asajacyl.com\/leon\/wp-json\/wp\/v2\/categories?post=16975"},{"taxonomy":"post_tag","embeddable":true,"href":"https:\/\/www.asajacyl.com\/leon\/wp-json\/wp\/v2\/tags?post=16975"}],"curies":[{"name":"wp","href":"https:\/\/api.w.org\/{rel}","templated":true}]}}