{"id":17053,"date":"2026-04-10T09:37:41","date_gmt":"2026-04-10T07:37:41","guid":{"rendered":"https:\/\/www.asajacyl.com\/leon\/?p=17053"},"modified":"2026-04-17T11:43:02","modified_gmt":"2026-04-17T09:43:02","slug":"las-seis-noticias-agrarias-de-la-semana-10-04-2026","status":"publish","type":"post","link":"https:\/\/www.asajacyl.com\/leon\/asaja-leon-informa\/las-seis-noticias-agrarias-de-la-semana-10-04-2026","title":{"rendered":"Las seis noticias agrarias de la semana &#8211; 10\/04\/2026"},"content":{"rendered":"\n<h2 class=\"wp-block-heading\"><strong>Decretado el levantamiento del confinamiento de todas las aves de corral<\/strong>, <strong>Consejo de Ministros de Agricultura y Pesca de la Uni\u00f3n Europea<\/strong>, <strong>L\u00e1cteas San Vicente<\/strong>, <strong>El futuro de la agricultura y la pol\u00edtica agr\u00edcola com\u00fan despu\u00e9s de 2027<\/strong>, <strong>Girasol de secano<\/strong>, <strong>Vendimia en verde<\/strong><\/h2>\n\n\n\n<ol>\n<li>El Ministerio de Agricultura, Pesca y Alimentaci\u00f3n ha <strong>decretado el levantamiento del confinamiento de todas las aves de corral<\/strong>, tras confirmarse la mejora de la situaci\u00f3n de alto riesgo de influenza aviar, mediante una orden publicada en el Bolet\u00edn Oficial del Estado. La influenza aviar ha afectado principalmente a aves silvestres, con 165 focos notificados desde el mes de julio, adem\u00e1s de seis en aves cautivas.<\/li>\n<\/ol>\n<ol start=\"2\">\n<li>En el <strong>Consejo de Ministros de Agricultura y Pesca de la Uni\u00f3n Europea<\/strong> (UE) celebrado el 30 de marzo en Bruselas, Planas ha afirmado que m\u00e1s all\u00e1 del problema puntual de los precios, la Comisi\u00f3n \u201cdebe adoptar aquellas medidas que sean necesarias para encontrar alternativas\u201d y ha recordado que en esta materia Europa arrastra una vulnerabilidad desde hace tiempo, como ya se evidenci\u00f3 por ejemplo con el estallido de la guerra en Ucrania. El ministro ha reiterado que la dependencia externa de los fertilizantes es uno de los puntos d\u00e9biles que compromete la autonom\u00eda alimentaria de la Uni\u00f3n.<\/li>\n<\/ol>\n<ol start=\"3\">\n<li>La empresa <strong>L\u00e1cteas San Vicente<\/strong>, queser\u00eda leonesa de capital familiar y de gran tradici\u00f3n, ubicada en la localidad de Navatejera, ha vendido el 51% de su capital social al grupo c\u00e1ntabro Mart\u00ednez, dedicado a la boller\u00eda industrial. Los nuevos due\u00f1os no han anunciado cambios relevantes en el funcionamiento diario de la compa\u00f1\u00eda.<\/li>\n<\/ol>\n<ol start=\"4\">\n<li>El Diario Oficial de la Uni\u00f3n Europea del jueves 9 de abril public\u00f3 una Resoluci\u00f3n del Parlamento Europeo de 10 de septiembre de 2025, sobre <strong>el futuro de la agricultura y la pol\u00edtica agr\u00edcola com\u00fan despu\u00e9s de 2027<\/strong>. Dicha resoluci\u00f3n se ha transmitido al Consejo y a la Comisi\u00f3n para que la tenga en consideraci\u00f3n en sus decisiones sobre la materia, aunque no necesariamente van a hacerlo.<\/li>\n<\/ol>\n<ol start=\"5\">\n<li>En un momento en el que se est\u00e1n sembrado las fincas de <strong>girasol de secano<\/strong> en la provincia de Le\u00f3n, ASAJA recuerda que es el momento de suscribir el seguro de rendimientos en la L\u00ednea 309 que cubre da\u00f1os integrales que pueda sufrir la planta, entre ellos uno habitual como es el de la no nascencia.<\/li>\n<\/ol>\n<ol start=\"6\">\n<li>En el BOCYL de 9 de abril se ha publicado una Orden de la Consejer\u00eda de Agricultura y Ganader\u00eda de la Junta de Castilla y Le\u00f3n por la que se regulan las ayudas\u00a0 a la <strong>vendimia en verde<\/strong> en esta comunidad aut\u00f3noma. El plazo de solicitudes finaliza el 29 de abril. La mayor\u00eda de los viticultores leoneses que percibieron el pasado a\u00f1o esta ayuda la hab\u00edan solicitado en las oficinas de ASAJA de Ponferrada.<\/li>\n<\/ol>\n","protected":false},"excerpt":{"rendered":"<p>Decretado el levantamiento del confinamiento de todas las aves de corral, Consejo de Ministros de Agricultura y Pesca de la Uni\u00f3n Europea, L\u00e1cteas San Vicente, El futuro de la agricultura y la pol\u00edtica agr\u00edcola com\u00fan despu\u00e9s de 2027, Girasol de secano, Vendimia en verde El Ministerio de Agricultura, Pesca y Alimentaci\u00f3n ha decretado el levantamiento [&hellip;]<\/p>\n","protected":false},"author":8,"featured_media":13377,"comment_status":"open","ping_status":"open","sticky":false,"template":"","format":"standard","meta":{"footnotes":""},"categories":[4,9],"tags":[],"yoast_head":"<!-- This site is optimized with the Yoast SEO plugin v24.5 - https:\/\/yoast.com\/wordpress\/plugins\/seo\/ -->\n<title>Las seis noticias agrarias de la semana - 10\/04\/2026 - ASAJA Le\u00f3n<\/title>\n<meta name=\"description\" content=\"Decretado el levantamiento del confinamiento de todas las aves de corral, Consejo de Ministros de Agricultura y Pesca de la Uni\u00f3n Europea, L\u00e1cteas San\" \/>\n<meta name=\"robots\" content=\"index, follow, max-snippet:-1, max-image-preview:large, max-video-preview:-1\" \/>\n<link rel=\"canonical\" href=\"https:\/\/www.asajacyl.com\/leon\/asaja-leon-informa\/las-seis-noticias-agrarias-de-la-semana-10-04-2026\" \/>\n<meta property=\"og:locale\" content=\"es_ES\" \/>\n<meta property=\"og:type\" content=\"article\" \/>\n<meta property=\"og:title\" content=\"Las seis noticias agrarias de la semana - 10\/04\/2026 - ASAJA Le\u00f3n\" \/>\n<meta property=\"og:description\" content=\"Decretado el levantamiento del confinamiento de todas las aves de corral, Consejo de Ministros de Agricultura y Pesca de la Uni\u00f3n Europea, L\u00e1cteas San\" \/>\n<meta property=\"og:url\" content=\"https:\/\/www.asajacyl.com\/leon\/asaja-leon-informa\/las-seis-noticias-agrarias-de-la-semana-10-04-2026\" \/>\n<meta property=\"og:site_name\" content=\"ASAJA Le\u00f3n\" \/>\n<meta property=\"article:published_time\" content=\"2026-04-10T07:37:41+00:00\" \/>\n<meta property=\"article:modified_time\" content=\"2026-04-17T09:43:02+00:00\" \/>\n<meta property=\"og:image\" content=\"https:\/\/www.asajacyl.com\/leon\/wp-content\/uploads\/sites\/6\/2022\/05\/girasoles-castrovega-2022-2.jpg\" \/>\n\t<meta property=\"og:image:width\" content=\"2500\" \/>\n\t<meta property=\"og:image:height\" content=\"1875\" \/>\n\t<meta property=\"og:image:type\" content=\"image\/jpeg\" \/>\n<meta name=\"author\" content=\"Eduardo\" \/>\n<meta name=\"twitter:card\" content=\"summary_large_image\" \/>\n<meta name=\"twitter:label1\" content=\"Escrito por\" \/>\n\t<meta name=\"twitter:data1\" content=\"Eduardo\" \/>\n\t<meta name=\"twitter:label2\" content=\"Tiempo de lectura\" \/>\n\t<meta name=\"twitter:data2\" content=\"3 minutos\" \/>\n<script type=\"application\/ld+json\" class=\"yoast-schema-graph\">{\"@context\":\"https:\/\/schema.org\",\"@graph\":[{\"@type\":\"WebPage\",\"@id\":\"https:\/\/www.asajacyl.com\/leon\/asaja-leon-informa\/las-seis-noticias-agrarias-de-la-semana-10-04-2026\",\"url\":\"https:\/\/www.asajacyl.com\/leon\/asaja-leon-informa\/las-seis-noticias-agrarias-de-la-semana-10-04-2026\",\"name\":\"Las seis noticias agrarias de la semana - 10\/04\/2026 - ASAJA Le\u00f3n\",\"isPartOf\":{\"@id\":\"https:\/\/www.asajacyl.com\/leon\/#website\"},\"primaryImageOfPage\":{\"@id\":\"https:\/\/www.asajacyl.com\/leon\/asaja-leon-informa\/las-seis-noticias-agrarias-de-la-semana-10-04-2026#primaryimage\"},\"image\":{\"@id\":\"https:\/\/www.asajacyl.com\/leon\/asaja-leon-informa\/las-seis-noticias-agrarias-de-la-semana-10-04-2026#primaryimage\"},\"thumbnailUrl\":\"https:\/\/www.asajacyl.com\/leon\/wp-content\/uploads\/sites\/6\/2022\/05\/girasoles-castrovega-2022-2.jpg\",\"datePublished\":\"2026-04-10T07:37:41+00:00\",\"dateModified\":\"2026-04-17T09:43:02+00:00\",\"author\":{\"@id\":\"https:\/\/www.asajacyl.com\/leon\/#\/schema\/person\/a39ff3609fc182e4c789ab486e865d32\"},\"description\":\"Decretado el levantamiento del confinamiento de todas las aves de corral, Consejo de Ministros de Agricultura y Pesca de la Uni\u00f3n Europea, L\u00e1cteas San\",\"breadcrumb\":{\"@id\":\"https:\/\/www.asajacyl.com\/leon\/asaja-leon-informa\/las-seis-noticias-agrarias-de-la-semana-10-04-2026#breadcrumb\"},\"inLanguage\":\"es\",\"potentialAction\":[{\"@type\":\"ReadAction\",\"target\":[\"https:\/\/www.asajacyl.com\/leon\/asaja-leon-informa\/las-seis-noticias-agrarias-de-la-semana-10-04-2026\"]}]},{\"@type\":\"ImageObject\",\"inLanguage\":\"es\",\"@id\":\"https:\/\/www.asajacyl.com\/leon\/asaja-leon-informa\/las-seis-noticias-agrarias-de-la-semana-10-04-2026#primaryimage\",\"url\":\"https:\/\/www.asajacyl.com\/leon\/wp-content\/uploads\/sites\/6\/2022\/05\/girasoles-castrovega-2022-2.jpg\",\"contentUrl\":\"https:\/\/www.asajacyl.com\/leon\/wp-content\/uploads\/sites\/6\/2022\/05\/girasoles-castrovega-2022-2.jpg\",\"width\":2500,\"height\":1875},{\"@type\":\"BreadcrumbList\",\"@id\":\"https:\/\/www.asajacyl.com\/leon\/asaja-leon-informa\/las-seis-noticias-agrarias-de-la-semana-10-04-2026#breadcrumb\",\"itemListElement\":[{\"@type\":\"ListItem\",\"position\":1,\"name\":\"Portada\",\"item\":\"https:\/\/www.asajacyl.com\/leon\/\"},{\"@type\":\"ListItem\",\"position\":2,\"name\":\"Las seis noticias agrarias de la semana &#8211; 10\/04\/2026\"}]},{\"@type\":\"WebSite\",\"@id\":\"https:\/\/www.asajacyl.com\/leon\/#website\",\"url\":\"https:\/\/www.asajacyl.com\/leon\/\",\"name\":\"ASAJA Le\u00f3n\",\"description\":\"Otro sitio m\u00e1s de Provincias ASAJA Castilla y Le\u00f3n\",\"potentialAction\":[{\"@type\":\"SearchAction\",\"target\":{\"@type\":\"EntryPoint\",\"urlTemplate\":\"https:\/\/www.asajacyl.com\/leon\/?s={search_term_string}\"},\"query-input\":{\"@type\":\"PropertyValueSpecification\",\"valueRequired\":true,\"valueName\":\"search_term_string\"}}],\"inLanguage\":\"es\"},{\"@type\":\"Person\",\"@id\":\"https:\/\/www.asajacyl.com\/leon\/#\/schema\/person\/a39ff3609fc182e4c789ab486e865d32\",\"name\":\"Eduardo\",\"image\":{\"@type\":\"ImageObject\",\"inLanguage\":\"es\",\"@id\":\"https:\/\/www.asajacyl.com\/leon\/#\/schema\/person\/image\/\",\"url\":\"https:\/\/secure.gravatar.com\/avatar\/9ebd6aba21d817dcf9595bc9ca505af5?s=96&d=mm&r=g\",\"contentUrl\":\"https:\/\/secure.gravatar.com\/avatar\/9ebd6aba21d817dcf9595bc9ca505af5?s=96&d=mm&r=g\",\"caption\":\"Eduardo\"},\"url\":\"https:\/\/www.asajacyl.com\/leon\/author\/eduardovv\"}]}<\/script>\n<!-- \/ Yoast SEO plugin. -->","yoast_head_json":{"title":"Las seis noticias agrarias de la semana - 10\/04\/2026 - ASAJA Le\u00f3n","description":"Decretado el levantamiento del confinamiento de todas las aves de corral, Consejo de Ministros de Agricultura y Pesca de la Uni\u00f3n Europea, L\u00e1cteas San","robots":{"index":"index","follow":"follow","max-snippet":"max-snippet:-1","max-image-preview":"max-image-preview:large","max-video-preview":"max-video-preview:-1"},"canonical":"https:\/\/www.asajacyl.com\/leon\/asaja-leon-informa\/las-seis-noticias-agrarias-de-la-semana-10-04-2026","og_locale":"es_ES","og_type":"article","og_title":"Las seis noticias agrarias de la semana - 10\/04\/2026 - ASAJA Le\u00f3n","og_description":"Decretado el levantamiento del confinamiento de todas las aves de corral, Consejo de Ministros de Agricultura y Pesca de la Uni\u00f3n Europea, L\u00e1cteas San","og_url":"https:\/\/www.asajacyl.com\/leon\/asaja-leon-informa\/las-seis-noticias-agrarias-de-la-semana-10-04-2026","og_site_name":"ASAJA Le\u00f3n","article_published_time":"2026-04-10T07:37:41+00:00","article_modified_time":"2026-04-17T09:43:02+00:00","og_image":[{"width":2500,"height":1875,"url":"https:\/\/www.asajacyl.com\/leon\/wp-content\/uploads\/sites\/6\/2022\/05\/girasoles-castrovega-2022-2.jpg","type":"image\/jpeg"}],"author":"Eduardo","twitter_card":"summary_large_image","twitter_misc":{"Escrito por":"Eduardo","Tiempo de lectura":"3 minutos"},"schema":{"@context":"https:\/\/schema.org","@graph":[{"@type":"WebPage","@id":"https:\/\/www.asajacyl.com\/leon\/asaja-leon-informa\/las-seis-noticias-agrarias-de-la-semana-10-04-2026","url":"https:\/\/www.asajacyl.com\/leon\/asaja-leon-informa\/las-seis-noticias-agrarias-de-la-semana-10-04-2026","name":"Las seis noticias agrarias de la semana - 10\/04\/2026 - ASAJA Le\u00f3n","isPartOf":{"@id":"https:\/\/www.asajacyl.com\/leon\/#website"},"primaryImageOfPage":{"@id":"https:\/\/www.asajacyl.com\/leon\/asaja-leon-informa\/las-seis-noticias-agrarias-de-la-semana-10-04-2026#primaryimage"},"image":{"@id":"https:\/\/www.asajacyl.com\/leon\/asaja-leon-informa\/las-seis-noticias-agrarias-de-la-semana-10-04-2026#primaryimage"},"thumbnailUrl":"https:\/\/www.asajacyl.com\/leon\/wp-content\/uploads\/sites\/6\/2022\/05\/girasoles-castrovega-2022-2.jpg","datePublished":"2026-04-10T07:37:41+00:00","dateModified":"2026-04-17T09:43:02+00:00","author":{"@id":"https:\/\/www.asajacyl.com\/leon\/#\/schema\/person\/a39ff3609fc182e4c789ab486e865d32"},"description":"Decretado el levantamiento del confinamiento de todas las aves de corral, Consejo de Ministros de Agricultura y Pesca de la Uni\u00f3n Europea, L\u00e1cteas San","breadcrumb":{"@id":"https:\/\/www.asajacyl.com\/leon\/asaja-leon-informa\/las-seis-noticias-agrarias-de-la-semana-10-04-2026#breadcrumb"},"inLanguage":"es","potentialAction":[{"@type":"ReadAction","target":["https:\/\/www.asajacyl.com\/leon\/asaja-leon-informa\/las-seis-noticias-agrarias-de-la-semana-10-04-2026"]}]},{"@type":"ImageObject","inLanguage":"es","@id":"https:\/\/www.asajacyl.com\/leon\/asaja-leon-informa\/las-seis-noticias-agrarias-de-la-semana-10-04-2026#primaryimage","url":"https:\/\/www.asajacyl.com\/leon\/wp-content\/uploads\/sites\/6\/2022\/05\/girasoles-castrovega-2022-2.jpg","contentUrl":"https:\/\/www.asajacyl.com\/leon\/wp-content\/uploads\/sites\/6\/2022\/05\/girasoles-castrovega-2022-2.jpg","width":2500,"height":1875},{"@type":"BreadcrumbList","@id":"https:\/\/www.asajacyl.com\/leon\/asaja-leon-informa\/las-seis-noticias-agrarias-de-la-semana-10-04-2026#breadcrumb","itemListElement":[{"@type":"ListItem","position":1,"name":"Portada","item":"https:\/\/www.asajacyl.com\/leon\/"},{"@type":"ListItem","position":2,"name":"Las seis noticias agrarias de la semana &#8211; 10\/04\/2026"}]},{"@type":"WebSite","@id":"https:\/\/www.asajacyl.com\/leon\/#website","url":"https:\/\/www.asajacyl.com\/leon\/","name":"ASAJA Le\u00f3n","description":"Otro sitio m\u00e1s de Provincias ASAJA Castilla y Le\u00f3n","potentialAction":[{"@type":"SearchAction","target":{"@type":"EntryPoint","urlTemplate":"https:\/\/www.asajacyl.com\/leon\/?s={search_term_string}"},"query-input":{"@type":"PropertyValueSpecification","valueRequired":true,"valueName":"search_term_string"}}],"inLanguage":"es"},{"@type":"Person","@id":"https:\/\/www.asajacyl.com\/leon\/#\/schema\/person\/a39ff3609fc182e4c789ab486e865d32","name":"Eduardo","image":{"@type":"ImageObject","inLanguage":"es","@id":"https:\/\/www.asajacyl.com\/leon\/#\/schema\/person\/image\/","url":"https:\/\/secure.gravatar.com\/avatar\/9ebd6aba21d817dcf9595bc9ca505af5?s=96&d=mm&r=g","contentUrl":"https:\/\/secure.gravatar.com\/avatar\/9ebd6aba21d817dcf9595bc9ca505af5?s=96&d=mm&r=g","caption":"Eduardo"},"url":"https:\/\/www.asajacyl.com\/leon\/author\/eduardovv"}]}},"_links":{"self":[{"href":"https:\/\/www.asajacyl.com\/leon\/wp-json\/wp\/v2\/posts\/17053"}],"collection":[{"href":"https:\/\/www.asajacyl.com\/leon\/wp-json\/wp\/v2\/posts"}],"about":[{"href":"https:\/\/www.asajacyl.com\/leon\/wp-json\/wp\/v2\/types\/post"}],"author":[{"embeddable":true,"href":"https:\/\/www.asajacyl.com\/leon\/wp-json\/wp\/v2\/users\/8"}],"replies":[{"embeddable":true,"href":"https:\/\/www.asajacyl.com\/leon\/wp-json\/wp\/v2\/comments?post=17053"}],"version-history":[{"count":1,"href":"https:\/\/www.asajacyl.com\/leon\/wp-json\/wp\/v2\/posts\/17053\/revisions"}],"predecessor-version":[{"id":17054,"href":"https:\/\/www.asajacyl.com\/leon\/wp-json\/wp\/v2\/posts\/17053\/revisions\/17054"}],"wp:featuredmedia":[{"embeddable":true,"href":"https:\/\/www.asajacyl.com\/leon\/wp-json\/wp\/v2\/media\/13377"}],"wp:attachment":[{"href":"https:\/\/www.asajacyl.com\/leon\/wp-json\/wp\/v2\/media?parent=17053"}],"wp:term":[{"taxonomy":"category","embeddable":true,"href":"https:\/\/www.asajacyl.com\/leon\/wp-json\/wp\/v2\/categories?post=17053"},{"taxonomy":"post_tag","embeddable":true,"href":"https:\/\/www.asajacyl.com\/leon\/wp-json\/wp\/v2\/tags?post=17053"}],"curies":[{"name":"wp","href":"https:\/\/api.w.org\/{rel}","templated":true}]}}