{"id":17080,"date":"2026-04-24T10:02:07","date_gmt":"2026-04-24T08:02:07","guid":{"rendered":"https:\/\/www.asajacyl.com\/leon\/?p=17080"},"modified":"2026-04-24T10:02:09","modified_gmt":"2026-04-24T08:02:09","slug":"azucarera-2","status":"publish","type":"post","link":"https:\/\/www.asajacyl.com\/leon\/asaja-leon-informa\/azucarera-2","title":{"rendered":"Azucarera"},"content":{"rendered":"\n<p>Normal que a todos los leoneses nos sentara mal el cierre de la f\u00e1brica azucarera de La Ba\u00f1eza y que la defendi\u00e9ramos hasta el final. A los agricultores, en principio no nos iba a afectar, o eso dec\u00edan, porque\u00a0 se nos iba a seguir contratando remolacha y no se nos repercutir\u00edan los mayores costes del transporte. Esto es lo que contaron hace ahora un a\u00f1o los directivos de AB Azucarera (British Sugar) al presidente de la Junta, Alfonso Fern\u00e1ndez Ma\u00f1ueco, cuando se desplaz\u00f3 a su sede en la capital de Espa\u00f1a a pedir humildemente explicaciones. Cuando se va a cumplir un a\u00f1o de ese anuncio, los agricultores ya podemos contar la experiencia vivida, que no es precisamente favorable a nuestros intereses, y que no es lo que prometieron.<\/p>\n<p>Cuando se cierran dos f\u00e1bricas azucareras y queda una tercera para hacer el procesado que hac\u00edan todas ellas, o modernizas y redimensionas las instalaciones, o alargas los plazos de recepci\u00f3n y molienda.\u00a0 Azucarera opt\u00f3 por esto \u00faltimo, por alargar los d\u00edas de recepci\u00f3n de remolacha, lo que adem\u00e1s se complic\u00f3 con un invierno lluvioso, como otros muchos, que oblig\u00f3 a interrumpir la campa\u00f1a. La consecuencia es que a d\u00eda de hoya hay remolacha en las tierras sin arrancar, perdiendo calidad y peso, y que hay remolacha en montones pudri\u00e9ndose cada d\u00eda, y todo ello contra la cartera de los remolacheros, que ellos no pierden nada. Remolacha en las tierras que est\u00e1 impidiendo las siembras del a\u00f1o 2026 y por lo tanto minando la rentabilidad del cultivo de la cosecha posterior.<\/p>\n<p>No parece que vayan a cargar el transporte, este a\u00f1o 2026, a las cuentas de los remolacheros \u2013 por ahora-, pero s\u00ed es cierto que dejan de pagar un complemento que le pagaban a los que estaban cerca de La Ba\u00f1eza,\u00a0 por lo tanto parecido. Y por vez primera en la historia\u00a0 deciden a qui\u00e9n le compran y a qui\u00e9n no la remolacha, y lo hacen con criterios que solo ellos conocen y de los que no dan explicaci\u00f3n a nadie, aunque uno de esos criterios es, claramente, la distancia a su f\u00e1brica de Toro. Y todo pinta a la antesala de dejar el cultivo en Espa\u00f1a.<\/p>\n<p><em>*Art\u00edculo de opini\u00f3n de Jos\u00e9 Antonio Turrado publicado en La Nueva Cr\u00f3nica del viernes 25 de abril de 2026<\/em><\/p>\n","protected":false},"excerpt":{"rendered":"<p>Normal que a todos los leoneses nos sentara mal el cierre de la f\u00e1brica azucarera de La Ba\u00f1eza y que la defendi\u00e9ramos hasta el final. A los agricultores, en principio no nos iba a afectar, o eso dec\u00edan, porque\u00a0 se nos iba a seguir contratando remolacha y no se nos repercutir\u00edan los mayores costes del [&hellip;]<\/p>\n","protected":false},"author":8,"featured_media":16569,"comment_status":"open","ping_status":"open","sticky":false,"template":"","format":"standard","meta":{"footnotes":""},"categories":[4,11],"tags":[],"yoast_head":"<!-- This site is optimized with the Yoast SEO plugin v24.5 - https:\/\/yoast.com\/wordpress\/plugins\/seo\/ -->\n<title>Azucarera - ASAJA Le\u00f3n<\/title>\n<meta name=\"description\" content=\"Normal que a todos los leoneses nos sentara mal el cierre de la f\u00e1brica azucarera de La Ba\u00f1eza y que la defendi\u00e9ramos hasta el final. A los agricultores,\" \/>\n<meta name=\"robots\" content=\"index, follow, max-snippet:-1, max-image-preview:large, max-video-preview:-1\" \/>\n<link rel=\"canonical\" href=\"https:\/\/www.asajacyl.com\/leon\/asaja-leon-informa\/azucarera-2\" \/>\n<meta property=\"og:locale\" content=\"es_ES\" \/>\n<meta property=\"og:type\" content=\"article\" \/>\n<meta property=\"og:title\" content=\"Azucarera - ASAJA Le\u00f3n\" \/>\n<meta property=\"og:description\" content=\"Normal que a todos los leoneses nos sentara mal el cierre de la f\u00e1brica azucarera de La Ba\u00f1eza y que la defendi\u00e9ramos hasta el final. A los agricultores,\" \/>\n<meta property=\"og:url\" content=\"https:\/\/www.asajacyl.com\/leon\/asaja-leon-informa\/azucarera-2\" \/>\n<meta property=\"og:site_name\" content=\"ASAJA Le\u00f3n\" \/>\n<meta property=\"article:published_time\" content=\"2026-04-24T08:02:07+00:00\" \/>\n<meta property=\"article:modified_time\" content=\"2026-04-24T08:02:09+00:00\" \/>\n<meta property=\"og:image\" content=\"https:\/\/www.asajacyl.com\/leon\/wp-content\/uploads\/sites\/6\/2025\/10\/17062025-AZUCARERA-1.jpeg\" \/>\n\t<meta property=\"og:image:width\" content=\"2000\" \/>\n\t<meta property=\"og:image:height\" content=\"1500\" \/>\n\t<meta property=\"og:image:type\" content=\"image\/jpeg\" \/>\n<meta name=\"author\" content=\"Eduardo\" \/>\n<meta name=\"twitter:card\" content=\"summary_large_image\" \/>\n<meta name=\"twitter:label1\" content=\"Escrito por\" \/>\n\t<meta name=\"twitter:data1\" content=\"Eduardo\" \/>\n\t<meta name=\"twitter:label2\" content=\"Tiempo de lectura\" \/>\n\t<meta name=\"twitter:data2\" content=\"2 minutos\" \/>\n<script type=\"application\/ld+json\" class=\"yoast-schema-graph\">{\"@context\":\"https:\/\/schema.org\",\"@graph\":[{\"@type\":\"WebPage\",\"@id\":\"https:\/\/www.asajacyl.com\/leon\/asaja-leon-informa\/azucarera-2\",\"url\":\"https:\/\/www.asajacyl.com\/leon\/asaja-leon-informa\/azucarera-2\",\"name\":\"Azucarera - ASAJA Le\u00f3n\",\"isPartOf\":{\"@id\":\"https:\/\/www.asajacyl.com\/leon\/#website\"},\"primaryImageOfPage\":{\"@id\":\"https:\/\/www.asajacyl.com\/leon\/asaja-leon-informa\/azucarera-2#primaryimage\"},\"image\":{\"@id\":\"https:\/\/www.asajacyl.com\/leon\/asaja-leon-informa\/azucarera-2#primaryimage\"},\"thumbnailUrl\":\"https:\/\/www.asajacyl.com\/leon\/wp-content\/uploads\/sites\/6\/2025\/10\/17062025-AZUCARERA-1.jpeg\",\"datePublished\":\"2026-04-24T08:02:07+00:00\",\"dateModified\":\"2026-04-24T08:02:09+00:00\",\"author\":{\"@id\":\"https:\/\/www.asajacyl.com\/leon\/#\/schema\/person\/a39ff3609fc182e4c789ab486e865d32\"},\"description\":\"Normal que a todos los leoneses nos sentara mal el cierre de la f\u00e1brica azucarera de La Ba\u00f1eza y que la defendi\u00e9ramos hasta el final. A los agricultores,\",\"breadcrumb\":{\"@id\":\"https:\/\/www.asajacyl.com\/leon\/asaja-leon-informa\/azucarera-2#breadcrumb\"},\"inLanguage\":\"es\",\"potentialAction\":[{\"@type\":\"ReadAction\",\"target\":[\"https:\/\/www.asajacyl.com\/leon\/asaja-leon-informa\/azucarera-2\"]}]},{\"@type\":\"ImageObject\",\"inLanguage\":\"es\",\"@id\":\"https:\/\/www.asajacyl.com\/leon\/asaja-leon-informa\/azucarera-2#primaryimage\",\"url\":\"https:\/\/www.asajacyl.com\/leon\/wp-content\/uploads\/sites\/6\/2025\/10\/17062025-AZUCARERA-1.jpeg\",\"contentUrl\":\"https:\/\/www.asajacyl.com\/leon\/wp-content\/uploads\/sites\/6\/2025\/10\/17062025-AZUCARERA-1.jpeg\",\"width\":2000,\"height\":1500},{\"@type\":\"BreadcrumbList\",\"@id\":\"https:\/\/www.asajacyl.com\/leon\/asaja-leon-informa\/azucarera-2#breadcrumb\",\"itemListElement\":[{\"@type\":\"ListItem\",\"position\":1,\"name\":\"Portada\",\"item\":\"https:\/\/www.asajacyl.com\/leon\/\"},{\"@type\":\"ListItem\",\"position\":2,\"name\":\"Azucarera\"}]},{\"@type\":\"WebSite\",\"@id\":\"https:\/\/www.asajacyl.com\/leon\/#website\",\"url\":\"https:\/\/www.asajacyl.com\/leon\/\",\"name\":\"ASAJA Le\u00f3n\",\"description\":\"Otro sitio m\u00e1s de Provincias ASAJA Castilla y Le\u00f3n\",\"potentialAction\":[{\"@type\":\"SearchAction\",\"target\":{\"@type\":\"EntryPoint\",\"urlTemplate\":\"https:\/\/www.asajacyl.com\/leon\/?s={search_term_string}\"},\"query-input\":{\"@type\":\"PropertyValueSpecification\",\"valueRequired\":true,\"valueName\":\"search_term_string\"}}],\"inLanguage\":\"es\"},{\"@type\":\"Person\",\"@id\":\"https:\/\/www.asajacyl.com\/leon\/#\/schema\/person\/a39ff3609fc182e4c789ab486e865d32\",\"name\":\"Eduardo\",\"image\":{\"@type\":\"ImageObject\",\"inLanguage\":\"es\",\"@id\":\"https:\/\/www.asajacyl.com\/leon\/#\/schema\/person\/image\/\",\"url\":\"https:\/\/secure.gravatar.com\/avatar\/9ebd6aba21d817dcf9595bc9ca505af5?s=96&d=mm&r=g\",\"contentUrl\":\"https:\/\/secure.gravatar.com\/avatar\/9ebd6aba21d817dcf9595bc9ca505af5?s=96&d=mm&r=g\",\"caption\":\"Eduardo\"},\"url\":\"https:\/\/www.asajacyl.com\/leon\/author\/eduardovv\"}]}<\/script>\n<!-- \/ Yoast SEO plugin. -->","yoast_head_json":{"title":"Azucarera - ASAJA Le\u00f3n","description":"Normal que a todos los leoneses nos sentara mal el cierre de la f\u00e1brica azucarera de La Ba\u00f1eza y que la defendi\u00e9ramos hasta el final. A los agricultores,","robots":{"index":"index","follow":"follow","max-snippet":"max-snippet:-1","max-image-preview":"max-image-preview:large","max-video-preview":"max-video-preview:-1"},"canonical":"https:\/\/www.asajacyl.com\/leon\/asaja-leon-informa\/azucarera-2","og_locale":"es_ES","og_type":"article","og_title":"Azucarera - ASAJA Le\u00f3n","og_description":"Normal que a todos los leoneses nos sentara mal el cierre de la f\u00e1brica azucarera de La Ba\u00f1eza y que la defendi\u00e9ramos hasta el final. A los agricultores,","og_url":"https:\/\/www.asajacyl.com\/leon\/asaja-leon-informa\/azucarera-2","og_site_name":"ASAJA Le\u00f3n","article_published_time":"2026-04-24T08:02:07+00:00","article_modified_time":"2026-04-24T08:02:09+00:00","og_image":[{"width":2000,"height":1500,"url":"https:\/\/www.asajacyl.com\/leon\/wp-content\/uploads\/sites\/6\/2025\/10\/17062025-AZUCARERA-1.jpeg","type":"image\/jpeg"}],"author":"Eduardo","twitter_card":"summary_large_image","twitter_misc":{"Escrito por":"Eduardo","Tiempo de lectura":"2 minutos"},"schema":{"@context":"https:\/\/schema.org","@graph":[{"@type":"WebPage","@id":"https:\/\/www.asajacyl.com\/leon\/asaja-leon-informa\/azucarera-2","url":"https:\/\/www.asajacyl.com\/leon\/asaja-leon-informa\/azucarera-2","name":"Azucarera - ASAJA Le\u00f3n","isPartOf":{"@id":"https:\/\/www.asajacyl.com\/leon\/#website"},"primaryImageOfPage":{"@id":"https:\/\/www.asajacyl.com\/leon\/asaja-leon-informa\/azucarera-2#primaryimage"},"image":{"@id":"https:\/\/www.asajacyl.com\/leon\/asaja-leon-informa\/azucarera-2#primaryimage"},"thumbnailUrl":"https:\/\/www.asajacyl.com\/leon\/wp-content\/uploads\/sites\/6\/2025\/10\/17062025-AZUCARERA-1.jpeg","datePublished":"2026-04-24T08:02:07+00:00","dateModified":"2026-04-24T08:02:09+00:00","author":{"@id":"https:\/\/www.asajacyl.com\/leon\/#\/schema\/person\/a39ff3609fc182e4c789ab486e865d32"},"description":"Normal que a todos los leoneses nos sentara mal el cierre de la f\u00e1brica azucarera de La Ba\u00f1eza y que la defendi\u00e9ramos hasta el final. A los agricultores,","breadcrumb":{"@id":"https:\/\/www.asajacyl.com\/leon\/asaja-leon-informa\/azucarera-2#breadcrumb"},"inLanguage":"es","potentialAction":[{"@type":"ReadAction","target":["https:\/\/www.asajacyl.com\/leon\/asaja-leon-informa\/azucarera-2"]}]},{"@type":"ImageObject","inLanguage":"es","@id":"https:\/\/www.asajacyl.com\/leon\/asaja-leon-informa\/azucarera-2#primaryimage","url":"https:\/\/www.asajacyl.com\/leon\/wp-content\/uploads\/sites\/6\/2025\/10\/17062025-AZUCARERA-1.jpeg","contentUrl":"https:\/\/www.asajacyl.com\/leon\/wp-content\/uploads\/sites\/6\/2025\/10\/17062025-AZUCARERA-1.jpeg","width":2000,"height":1500},{"@type":"BreadcrumbList","@id":"https:\/\/www.asajacyl.com\/leon\/asaja-leon-informa\/azucarera-2#breadcrumb","itemListElement":[{"@type":"ListItem","position":1,"name":"Portada","item":"https:\/\/www.asajacyl.com\/leon\/"},{"@type":"ListItem","position":2,"name":"Azucarera"}]},{"@type":"WebSite","@id":"https:\/\/www.asajacyl.com\/leon\/#website","url":"https:\/\/www.asajacyl.com\/leon\/","name":"ASAJA Le\u00f3n","description":"Otro sitio m\u00e1s de Provincias ASAJA Castilla y Le\u00f3n","potentialAction":[{"@type":"SearchAction","target":{"@type":"EntryPoint","urlTemplate":"https:\/\/www.asajacyl.com\/leon\/?s={search_term_string}"},"query-input":{"@type":"PropertyValueSpecification","valueRequired":true,"valueName":"search_term_string"}}],"inLanguage":"es"},{"@type":"Person","@id":"https:\/\/www.asajacyl.com\/leon\/#\/schema\/person\/a39ff3609fc182e4c789ab486e865d32","name":"Eduardo","image":{"@type":"ImageObject","inLanguage":"es","@id":"https:\/\/www.asajacyl.com\/leon\/#\/schema\/person\/image\/","url":"https:\/\/secure.gravatar.com\/avatar\/9ebd6aba21d817dcf9595bc9ca505af5?s=96&d=mm&r=g","contentUrl":"https:\/\/secure.gravatar.com\/avatar\/9ebd6aba21d817dcf9595bc9ca505af5?s=96&d=mm&r=g","caption":"Eduardo"},"url":"https:\/\/www.asajacyl.com\/leon\/author\/eduardovv"}]}},"_links":{"self":[{"href":"https:\/\/www.asajacyl.com\/leon\/wp-json\/wp\/v2\/posts\/17080"}],"collection":[{"href":"https:\/\/www.asajacyl.com\/leon\/wp-json\/wp\/v2\/posts"}],"about":[{"href":"https:\/\/www.asajacyl.com\/leon\/wp-json\/wp\/v2\/types\/post"}],"author":[{"embeddable":true,"href":"https:\/\/www.asajacyl.com\/leon\/wp-json\/wp\/v2\/users\/8"}],"replies":[{"embeddable":true,"href":"https:\/\/www.asajacyl.com\/leon\/wp-json\/wp\/v2\/comments?post=17080"}],"version-history":[{"count":1,"href":"https:\/\/www.asajacyl.com\/leon\/wp-json\/wp\/v2\/posts\/17080\/revisions"}],"predecessor-version":[{"id":17081,"href":"https:\/\/www.asajacyl.com\/leon\/wp-json\/wp\/v2\/posts\/17080\/revisions\/17081"}],"wp:featuredmedia":[{"embeddable":true,"href":"https:\/\/www.asajacyl.com\/leon\/wp-json\/wp\/v2\/media\/16569"}],"wp:attachment":[{"href":"https:\/\/www.asajacyl.com\/leon\/wp-json\/wp\/v2\/media?parent=17080"}],"wp:term":[{"taxonomy":"category","embeddable":true,"href":"https:\/\/www.asajacyl.com\/leon\/wp-json\/wp\/v2\/categories?post=17080"},{"taxonomy":"post_tag","embeddable":true,"href":"https:\/\/www.asajacyl.com\/leon\/wp-json\/wp\/v2\/tags?post=17080"}],"curies":[{"name":"wp","href":"https:\/\/api.w.org\/{rel}","templated":true}]}}