{"id":17082,"date":"2026-04-24T10:16:50","date_gmt":"2026-04-24T08:16:50","guid":{"rendered":"https:\/\/www.asajacyl.com\/leon\/?p=17082"},"modified":"2026-04-24T10:16:52","modified_gmt":"2026-04-24T08:16:52","slug":"las-seis-noticias-agrarias-de-la-semana-24-04-2026","status":"publish","type":"post","link":"https:\/\/www.asajacyl.com\/leon\/asaja-leon-informa\/las-seis-noticias-agrarias-de-la-semana-24-04-2026","title":{"rendered":"Las seis noticias agrarias de la semana &#8211; 24\/04\/2026"},"content":{"rendered":"\n<h2 class=\"wp-block-heading\"><strong>Toral de los Vados<\/strong>, <strong>Seguro de pedrisco y otras adversidades clim\u00e1ticas en el cultivo del l\u00fapulo<\/strong>, <strong>Subasta p\u00fablica de fincas r\u00fasticas<\/strong>, <strong>Concentraci\u00f3n parcelaria del P\u00e1ramo Bajo Secano<\/strong>, <strong>Interprofesional del Porcino de Capa Blanca, Dermatosis Nodular Contagiosa<\/strong><\/h2>\n\n\n\n<ol>\n<li>El Servicio Territorial de Agricultura de Le\u00f3n ha convocado a una reuni\u00f3n en <strong>Toral de los Vados<\/strong>, a propietario de tierras en dicha localidad, para informar de trabajos para la renovaci\u00f3n catastral de los pol\u00edgonos de vi\u00f1edo 1, 4, 6 y 7. El objetivo es representar correctamente las vi\u00f1as dentro de las parcelas catastrales, un problema administrativo que ha venido denunciando ASAJA en reiteradas ocasiones.<\/li>\n<\/ol>\n<ol start=\"2\">\n<li>El d\u00eda 10 de mayo finaliza el plazo para suscribir el <strong>seguro de pedrisco y otras adversidades clim\u00e1ticas en el cultivo del l\u00fapulo<\/strong>. Entre otras adversidades, adem\u00e1s del pedrisco, hay que destacar las heladas tard\u00edas, que son habituales, as\u00ed como vientos huracanados que pueden tumbar el cultivo y hasta las propias instalaciones.<\/li>\n<\/ol>\n<ol start=\"3\">\n<li>El Bolet\u00edn Oficial de la Provincia de Le\u00f3n del martes 21 de abril publica una <strong>subasta p\u00fablica de fincas r\u00fasticas<\/strong> que son propiedad del Estado como fincas de desconocidos en los procesos de concentraci\u00f3n parcelaria. Las fincas se encuentra en varios municipios, y el d\u00eda de subasta presencial es el 27 de mayo.<\/li>\n<\/ol>\n<ol start=\"4\">\n<li>En el BOCYL del 21 de abril se ha publicado una resoluci\u00f3n del Servicio Territorial de Agricultura y Ganader\u00eda de Le\u00f3n por la que se acuerda la toma de posesi\u00f3n provisional de las nuevas fincas de reemplazo resultantes de la <strong>concentraci\u00f3n parcelaria del P\u00e1ramo Bajo Secano<\/strong>, unas fincas que en la pr\u00e1ctica ya se ven\u00edan cultivado por los nuevos propietarios desde el pasado oto\u00f1o. Muchos de los pol\u00edgonos afectados no se hab\u00edan concentrado nunca por ser en su d\u00eda zona de vi\u00f1edo.<\/li>\n<\/ol>\n<ol start=\"5\">\n<li>El ministerio de Agricultura ha publicado una Orden\u00a0 por la que se extiende el acuerdo de la <strong>Interprofesional del Porcino de Capa Blanca, Interporc, <\/strong>al conjunto del sector y se fija la aportaci\u00f3n econ\u00f3mica obligatoria, para el apoyo a la imagen y reputaci\u00f3n sectorial, a la actividad comercializadora, a la defensa de la imagen y reputaci\u00f3n sectorial y al \u00e1rea ciencia y salud. La aportaci\u00f3n econ\u00f3mica ser\u00e1 de 0,055 euros por cerdo por la parte de la producci\u00f3n, y otro tanto por la parte de la industria de sacrificio y comercializaci\u00f3n.<\/li>\n<\/ol>\n<ol start=\"6\">\n<li>El Colegio de Veterinarios de Le\u00f3n ha organizado una mesa redonda con profesionales veterinarios para abordar la problem\u00e1tica de la <strong>Dermatosis Nodular Contagiosa<\/strong> en el ganado vacuno. El acto, abierto a ganaderos que quieran asistir, se desarrollar\u00e1 el mi\u00e9rcoles 29 de abril, a las 6 de la tarde, en la sede del colegio en Le\u00f3n. Intervienen Pedro Rubio Nistal y Sergio Bonilla Garc\u00eda.<\/li>\n<\/ol>\n","protected":false},"excerpt":{"rendered":"<p>Toral de los Vados, Seguro de pedrisco y otras adversidades clim\u00e1ticas en el cultivo del l\u00fapulo, Subasta p\u00fablica de fincas r\u00fasticas, Concentraci\u00f3n parcelaria del P\u00e1ramo Bajo Secano, Interprofesional del Porcino de Capa Blanca, Dermatosis Nodular Contagiosa El Servicio Territorial de Agricultura de Le\u00f3n ha convocado a una reuni\u00f3n en Toral de los Vados, a propietario [&hellip;]<\/p>\n","protected":false},"author":8,"featured_media":14451,"comment_status":"open","ping_status":"open","sticky":false,"template":"","format":"standard","meta":{"footnotes":""},"categories":[4,10,9],"tags":[],"yoast_head":"<!-- This site is optimized with the Yoast SEO plugin v24.5 - https:\/\/yoast.com\/wordpress\/plugins\/seo\/ -->\n<title>Las seis noticias agrarias de la semana - 24\/04\/2026 - ASAJA Le\u00f3n<\/title>\n<meta name=\"description\" content=\"Toral de los Vados, Seguro de pedrisco y otras adversidades clim\u00e1ticas en el cultivo del l\u00fapulo, Subasta p\u00fablica de fincas r\u00fasticas, Concentraci\u00f3n\" \/>\n<meta name=\"robots\" content=\"index, follow, max-snippet:-1, max-image-preview:large, max-video-preview:-1\" \/>\n<link rel=\"canonical\" href=\"https:\/\/www.asajacyl.com\/leon\/asaja-leon-informa\/las-seis-noticias-agrarias-de-la-semana-24-04-2026\" \/>\n<meta property=\"og:locale\" content=\"es_ES\" \/>\n<meta property=\"og:type\" content=\"article\" \/>\n<meta property=\"og:title\" content=\"Las seis noticias agrarias de la semana - 24\/04\/2026 - ASAJA Le\u00f3n\" \/>\n<meta property=\"og:description\" content=\"Toral de los Vados, Seguro de pedrisco y otras adversidades clim\u00e1ticas en el cultivo del l\u00fapulo, Subasta p\u00fablica de fincas r\u00fasticas, Concentraci\u00f3n\" \/>\n<meta property=\"og:url\" content=\"https:\/\/www.asajacyl.com\/leon\/asaja-leon-informa\/las-seis-noticias-agrarias-de-la-semana-24-04-2026\" \/>\n<meta property=\"og:site_name\" content=\"ASAJA Le\u00f3n\" \/>\n<meta property=\"article:published_time\" content=\"2026-04-24T08:16:50+00:00\" \/>\n<meta property=\"article:modified_time\" content=\"2026-04-24T08:16:52+00:00\" \/>\n<meta property=\"og:image\" content=\"https:\/\/www.asajacyl.com\/leon\/wp-content\/uploads\/sites\/6\/2023\/07\/lupulo.jpg\" \/>\n\t<meta property=\"og:image:width\" content=\"1280\" \/>\n\t<meta property=\"og:image:height\" content=\"720\" \/>\n\t<meta property=\"og:image:type\" content=\"image\/jpeg\" \/>\n<meta name=\"author\" content=\"Eduardo\" \/>\n<meta name=\"twitter:card\" content=\"summary_large_image\" \/>\n<meta name=\"twitter:label1\" content=\"Escrito por\" \/>\n\t<meta name=\"twitter:data1\" content=\"Eduardo\" \/>\n\t<meta name=\"twitter:label2\" content=\"Tiempo de lectura\" \/>\n\t<meta name=\"twitter:data2\" content=\"3 minutos\" \/>\n<script type=\"application\/ld+json\" class=\"yoast-schema-graph\">{\"@context\":\"https:\/\/schema.org\",\"@graph\":[{\"@type\":\"WebPage\",\"@id\":\"https:\/\/www.asajacyl.com\/leon\/asaja-leon-informa\/las-seis-noticias-agrarias-de-la-semana-24-04-2026\",\"url\":\"https:\/\/www.asajacyl.com\/leon\/asaja-leon-informa\/las-seis-noticias-agrarias-de-la-semana-24-04-2026\",\"name\":\"Las seis noticias agrarias de la semana - 24\/04\/2026 - ASAJA Le\u00f3n\",\"isPartOf\":{\"@id\":\"https:\/\/www.asajacyl.com\/leon\/#website\"},\"primaryImageOfPage\":{\"@id\":\"https:\/\/www.asajacyl.com\/leon\/asaja-leon-informa\/las-seis-noticias-agrarias-de-la-semana-24-04-2026#primaryimage\"},\"image\":{\"@id\":\"https:\/\/www.asajacyl.com\/leon\/asaja-leon-informa\/las-seis-noticias-agrarias-de-la-semana-24-04-2026#primaryimage\"},\"thumbnailUrl\":\"https:\/\/www.asajacyl.com\/leon\/wp-content\/uploads\/sites\/6\/2023\/07\/lupulo.jpg\",\"datePublished\":\"2026-04-24T08:16:50+00:00\",\"dateModified\":\"2026-04-24T08:16:52+00:00\",\"author\":{\"@id\":\"https:\/\/www.asajacyl.com\/leon\/#\/schema\/person\/a39ff3609fc182e4c789ab486e865d32\"},\"description\":\"Toral de los Vados, Seguro de pedrisco y otras adversidades clim\u00e1ticas en el cultivo del l\u00fapulo, Subasta p\u00fablica de fincas r\u00fasticas, Concentraci\u00f3n\",\"breadcrumb\":{\"@id\":\"https:\/\/www.asajacyl.com\/leon\/asaja-leon-informa\/las-seis-noticias-agrarias-de-la-semana-24-04-2026#breadcrumb\"},\"inLanguage\":\"es\",\"potentialAction\":[{\"@type\":\"ReadAction\",\"target\":[\"https:\/\/www.asajacyl.com\/leon\/asaja-leon-informa\/las-seis-noticias-agrarias-de-la-semana-24-04-2026\"]}]},{\"@type\":\"ImageObject\",\"inLanguage\":\"es\",\"@id\":\"https:\/\/www.asajacyl.com\/leon\/asaja-leon-informa\/las-seis-noticias-agrarias-de-la-semana-24-04-2026#primaryimage\",\"url\":\"https:\/\/www.asajacyl.com\/leon\/wp-content\/uploads\/sites\/6\/2023\/07\/lupulo.jpg\",\"contentUrl\":\"https:\/\/www.asajacyl.com\/leon\/wp-content\/uploads\/sites\/6\/2023\/07\/lupulo.jpg\",\"width\":1280,\"height\":720},{\"@type\":\"BreadcrumbList\",\"@id\":\"https:\/\/www.asajacyl.com\/leon\/asaja-leon-informa\/las-seis-noticias-agrarias-de-la-semana-24-04-2026#breadcrumb\",\"itemListElement\":[{\"@type\":\"ListItem\",\"position\":1,\"name\":\"Portada\",\"item\":\"https:\/\/www.asajacyl.com\/leon\/\"},{\"@type\":\"ListItem\",\"position\":2,\"name\":\"Las seis noticias agrarias de la semana &#8211; 24\/04\/2026\"}]},{\"@type\":\"WebSite\",\"@id\":\"https:\/\/www.asajacyl.com\/leon\/#website\",\"url\":\"https:\/\/www.asajacyl.com\/leon\/\",\"name\":\"ASAJA Le\u00f3n\",\"description\":\"Otro sitio m\u00e1s de Provincias ASAJA Castilla y Le\u00f3n\",\"potentialAction\":[{\"@type\":\"SearchAction\",\"target\":{\"@type\":\"EntryPoint\",\"urlTemplate\":\"https:\/\/www.asajacyl.com\/leon\/?s={search_term_string}\"},\"query-input\":{\"@type\":\"PropertyValueSpecification\",\"valueRequired\":true,\"valueName\":\"search_term_string\"}}],\"inLanguage\":\"es\"},{\"@type\":\"Person\",\"@id\":\"https:\/\/www.asajacyl.com\/leon\/#\/schema\/person\/a39ff3609fc182e4c789ab486e865d32\",\"name\":\"Eduardo\",\"image\":{\"@type\":\"ImageObject\",\"inLanguage\":\"es\",\"@id\":\"https:\/\/www.asajacyl.com\/leon\/#\/schema\/person\/image\/\",\"url\":\"https:\/\/secure.gravatar.com\/avatar\/9ebd6aba21d817dcf9595bc9ca505af5?s=96&d=mm&r=g\",\"contentUrl\":\"https:\/\/secure.gravatar.com\/avatar\/9ebd6aba21d817dcf9595bc9ca505af5?s=96&d=mm&r=g\",\"caption\":\"Eduardo\"},\"url\":\"https:\/\/www.asajacyl.com\/leon\/author\/eduardovv\"}]}<\/script>\n<!-- \/ Yoast SEO plugin. -->","yoast_head_json":{"title":"Las seis noticias agrarias de la semana - 24\/04\/2026 - ASAJA Le\u00f3n","description":"Toral de los Vados, Seguro de pedrisco y otras adversidades clim\u00e1ticas en el cultivo del l\u00fapulo, Subasta p\u00fablica de fincas r\u00fasticas, Concentraci\u00f3n","robots":{"index":"index","follow":"follow","max-snippet":"max-snippet:-1","max-image-preview":"max-image-preview:large","max-video-preview":"max-video-preview:-1"},"canonical":"https:\/\/www.asajacyl.com\/leon\/asaja-leon-informa\/las-seis-noticias-agrarias-de-la-semana-24-04-2026","og_locale":"es_ES","og_type":"article","og_title":"Las seis noticias agrarias de la semana - 24\/04\/2026 - ASAJA Le\u00f3n","og_description":"Toral de los Vados, Seguro de pedrisco y otras adversidades clim\u00e1ticas en el cultivo del l\u00fapulo, Subasta p\u00fablica de fincas r\u00fasticas, Concentraci\u00f3n","og_url":"https:\/\/www.asajacyl.com\/leon\/asaja-leon-informa\/las-seis-noticias-agrarias-de-la-semana-24-04-2026","og_site_name":"ASAJA Le\u00f3n","article_published_time":"2026-04-24T08:16:50+00:00","article_modified_time":"2026-04-24T08:16:52+00:00","og_image":[{"width":1280,"height":720,"url":"https:\/\/www.asajacyl.com\/leon\/wp-content\/uploads\/sites\/6\/2023\/07\/lupulo.jpg","type":"image\/jpeg"}],"author":"Eduardo","twitter_card":"summary_large_image","twitter_misc":{"Escrito por":"Eduardo","Tiempo de lectura":"3 minutos"},"schema":{"@context":"https:\/\/schema.org","@graph":[{"@type":"WebPage","@id":"https:\/\/www.asajacyl.com\/leon\/asaja-leon-informa\/las-seis-noticias-agrarias-de-la-semana-24-04-2026","url":"https:\/\/www.asajacyl.com\/leon\/asaja-leon-informa\/las-seis-noticias-agrarias-de-la-semana-24-04-2026","name":"Las seis noticias agrarias de la semana - 24\/04\/2026 - ASAJA Le\u00f3n","isPartOf":{"@id":"https:\/\/www.asajacyl.com\/leon\/#website"},"primaryImageOfPage":{"@id":"https:\/\/www.asajacyl.com\/leon\/asaja-leon-informa\/las-seis-noticias-agrarias-de-la-semana-24-04-2026#primaryimage"},"image":{"@id":"https:\/\/www.asajacyl.com\/leon\/asaja-leon-informa\/las-seis-noticias-agrarias-de-la-semana-24-04-2026#primaryimage"},"thumbnailUrl":"https:\/\/www.asajacyl.com\/leon\/wp-content\/uploads\/sites\/6\/2023\/07\/lupulo.jpg","datePublished":"2026-04-24T08:16:50+00:00","dateModified":"2026-04-24T08:16:52+00:00","author":{"@id":"https:\/\/www.asajacyl.com\/leon\/#\/schema\/person\/a39ff3609fc182e4c789ab486e865d32"},"description":"Toral de los Vados, Seguro de pedrisco y otras adversidades clim\u00e1ticas en el cultivo del l\u00fapulo, Subasta p\u00fablica de fincas r\u00fasticas, Concentraci\u00f3n","breadcrumb":{"@id":"https:\/\/www.asajacyl.com\/leon\/asaja-leon-informa\/las-seis-noticias-agrarias-de-la-semana-24-04-2026#breadcrumb"},"inLanguage":"es","potentialAction":[{"@type":"ReadAction","target":["https:\/\/www.asajacyl.com\/leon\/asaja-leon-informa\/las-seis-noticias-agrarias-de-la-semana-24-04-2026"]}]},{"@type":"ImageObject","inLanguage":"es","@id":"https:\/\/www.asajacyl.com\/leon\/asaja-leon-informa\/las-seis-noticias-agrarias-de-la-semana-24-04-2026#primaryimage","url":"https:\/\/www.asajacyl.com\/leon\/wp-content\/uploads\/sites\/6\/2023\/07\/lupulo.jpg","contentUrl":"https:\/\/www.asajacyl.com\/leon\/wp-content\/uploads\/sites\/6\/2023\/07\/lupulo.jpg","width":1280,"height":720},{"@type":"BreadcrumbList","@id":"https:\/\/www.asajacyl.com\/leon\/asaja-leon-informa\/las-seis-noticias-agrarias-de-la-semana-24-04-2026#breadcrumb","itemListElement":[{"@type":"ListItem","position":1,"name":"Portada","item":"https:\/\/www.asajacyl.com\/leon\/"},{"@type":"ListItem","position":2,"name":"Las seis noticias agrarias de la semana &#8211; 24\/04\/2026"}]},{"@type":"WebSite","@id":"https:\/\/www.asajacyl.com\/leon\/#website","url":"https:\/\/www.asajacyl.com\/leon\/","name":"ASAJA Le\u00f3n","description":"Otro sitio m\u00e1s de Provincias ASAJA Castilla y Le\u00f3n","potentialAction":[{"@type":"SearchAction","target":{"@type":"EntryPoint","urlTemplate":"https:\/\/www.asajacyl.com\/leon\/?s={search_term_string}"},"query-input":{"@type":"PropertyValueSpecification","valueRequired":true,"valueName":"search_term_string"}}],"inLanguage":"es"},{"@type":"Person","@id":"https:\/\/www.asajacyl.com\/leon\/#\/schema\/person\/a39ff3609fc182e4c789ab486e865d32","name":"Eduardo","image":{"@type":"ImageObject","inLanguage":"es","@id":"https:\/\/www.asajacyl.com\/leon\/#\/schema\/person\/image\/","url":"https:\/\/secure.gravatar.com\/avatar\/9ebd6aba21d817dcf9595bc9ca505af5?s=96&d=mm&r=g","contentUrl":"https:\/\/secure.gravatar.com\/avatar\/9ebd6aba21d817dcf9595bc9ca505af5?s=96&d=mm&r=g","caption":"Eduardo"},"url":"https:\/\/www.asajacyl.com\/leon\/author\/eduardovv"}]}},"_links":{"self":[{"href":"https:\/\/www.asajacyl.com\/leon\/wp-json\/wp\/v2\/posts\/17082"}],"collection":[{"href":"https:\/\/www.asajacyl.com\/leon\/wp-json\/wp\/v2\/posts"}],"about":[{"href":"https:\/\/www.asajacyl.com\/leon\/wp-json\/wp\/v2\/types\/post"}],"author":[{"embeddable":true,"href":"https:\/\/www.asajacyl.com\/leon\/wp-json\/wp\/v2\/users\/8"}],"replies":[{"embeddable":true,"href":"https:\/\/www.asajacyl.com\/leon\/wp-json\/wp\/v2\/comments?post=17082"}],"version-history":[{"count":1,"href":"https:\/\/www.asajacyl.com\/leon\/wp-json\/wp\/v2\/posts\/17082\/revisions"}],"predecessor-version":[{"id":17083,"href":"https:\/\/www.asajacyl.com\/leon\/wp-json\/wp\/v2\/posts\/17082\/revisions\/17083"}],"wp:featuredmedia":[{"embeddable":true,"href":"https:\/\/www.asajacyl.com\/leon\/wp-json\/wp\/v2\/media\/14451"}],"wp:attachment":[{"href":"https:\/\/www.asajacyl.com\/leon\/wp-json\/wp\/v2\/media?parent=17082"}],"wp:term":[{"taxonomy":"category","embeddable":true,"href":"https:\/\/www.asajacyl.com\/leon\/wp-json\/wp\/v2\/categories?post=17082"},{"taxonomy":"post_tag","embeddable":true,"href":"https:\/\/www.asajacyl.com\/leon\/wp-json\/wp\/v2\/tags?post=17082"}],"curies":[{"name":"wp","href":"https:\/\/api.w.org\/{rel}","templated":true}]}}