{"id":2116,"date":"2013-11-26T00:00:00","date_gmt":"2013-11-25T23:00:00","guid":{"rendered":"https:\/\/www.asajacyl.com\/leon\/2013\/11\/26\/abierto-plazo-de-matrcula-para-cursos-de-incorporacin-a-la-empres-agraria\/"},"modified":"2017-11-15T09:15:21","modified_gmt":"2017-11-15T08:15:21","slug":"abierto-plazo-de-matrcula-para-cursos-de-incorporacin-a-la-empres-agraria","status":"publish","type":"post","link":"https:\/\/www.asajacyl.com\/leon\/servicios-socio\/abierto-plazo-de-matrcula-para-cursos-de-incorporacin-a-la-empres-agraria","title":{"rendered":"ABIERTO PLAZO DE MATR&#205;CULA PARA CURSOS DE INCORPORACI&#211;N A LA EMPRES AGRARIA"},"content":{"rendered":"<h2>Los cursos se impartir&#225;n en Ponferrada, Le&#243;n capital y Santa Mar&#237;a del P&#225;ramo<\/h2>\n<div align=\"center\"><b><font color=\"#003300\">ABIERTO PLAZO DE MATR&#205;CULA PARA CURSOS DE INCORPORACI&#211;N A LA EMPRES AGRARIA<\/font><\/b><\/div>\n<div align=\"center\"><strong><\/strong><\/div>\n<div align=\"justify\">La organizaci&#243;n agraria ASAJA ha abierto el plazo de matr&#237;cula para los cursos de <b>Incorporaci&#243;n a la Empresa Agraria<\/b> que se van a impartir a primeros del pr&#243;ximo a&#241;o, plazo que estar&#225; abierto hasta que se cubran las plazas previstas. La participaci&#243;n est&#225; abierta a todos los posibles interesados, con independencia de que sean socios o no de la organizaci&#243;n, con el requisito de tener entre 18 y 40 a&#241;os y no estar incorporados todav&#237;a a la agricultura. Los cursos se impartir&#225;n en Ponferrada, Le&#243;n capital y Santa Mar&#237;a del P&#225;ramo.&#160; Los cursos, homologados por la Junta, constan de 150 horas lectivas repartidas en 38 d&#237;as. <\/div>\n<div>&#160;<\/div>\n<div align=\"center\"><font color=\"#0000ff\">M&#225;s informaci&#243;n: oficinas de ASAJA<\/font><\/div>\n","protected":false},"excerpt":{"rendered":"<p>Los cursos se impartir&#225;n en Ponferrada, Le&#243;n capital y Santa Mar&#237;a del P&#225;ramo<\/p>\n","protected":false},"author":3,"featured_media":8174,"comment_status":"open","ping_status":"open","sticky":false,"template":"","format":"standard","meta":{"footnotes":""},"categories":[13,5],"tags":[],"yoast_head":"<!-- This site is optimized with the Yoast SEO plugin v24.5 - https:\/\/yoast.com\/wordpress\/plugins\/seo\/ -->\n<title>ABIERTO PLAZO DE MATR&#205;CULA PARA CURSOS DE INCORPORACI&#211;N A LA EMPRES AGRARIA - ASAJA Le\u00f3n<\/title>\n<meta name=\"description\" content=\"Los cursos se impartir&#225;n en Ponferrada, Le&#243;n capital y Santa Mar&#237;a del P&#225;ramo\" \/>\n<meta name=\"robots\" content=\"index, follow, max-snippet:-1, max-image-preview:large, max-video-preview:-1\" \/>\n<link rel=\"canonical\" href=\"https:\/\/www.asajacyl.com\/leon\/servicios-socio\/abierto-plazo-de-matrcula-para-cursos-de-incorporacin-a-la-empres-agraria\" \/>\n<meta property=\"og:locale\" content=\"es_ES\" \/>\n<meta property=\"og:type\" content=\"article\" \/>\n<meta property=\"og:title\" content=\"ABIERTO PLAZO DE MATR&#205;CULA PARA CURSOS DE INCORPORACI&#211;N A LA EMPRES AGRARIA - ASAJA Le\u00f3n\" \/>\n<meta property=\"og:description\" content=\"Los cursos se impartir&#225;n en Ponferrada, Le&#243;n capital y Santa Mar&#237;a del P&#225;ramo\" \/>\n<meta property=\"og:url\" content=\"https:\/\/www.asajacyl.com\/leon\/servicios-socio\/abierto-plazo-de-matrcula-para-cursos-de-incorporacin-a-la-empres-agraria\" \/>\n<meta property=\"og:site_name\" content=\"ASAJA Le\u00f3n\" \/>\n<meta property=\"article:published_time\" content=\"2013-11-25T23:00:00+00:00\" \/>\n<meta property=\"article:modified_time\" content=\"2017-11-15T08:15:21+00:00\" \/>\n<meta property=\"og:image\" content=\"https:\/\/www.asajacyl.com\/leon\/wp-content\/uploads\/sites\/6\/2017\/11\/im_predefinida_1920x1080.jpg\" \/>\n\t<meta property=\"og:image:width\" content=\"1920\" \/>\n\t<meta property=\"og:image:height\" content=\"1080\" \/>\n\t<meta property=\"og:image:type\" content=\"image\/jpeg\" \/>\n<meta name=\"author\" content=\"Editor\" \/>\n<meta name=\"twitter:card\" content=\"summary_large_image\" \/>\n<meta name=\"twitter:label1\" content=\"Escrito por\" \/>\n\t<meta name=\"twitter:data1\" content=\"Editor\" \/>\n\t<meta name=\"twitter:label2\" content=\"Tiempo de lectura\" \/>\n\t<meta name=\"twitter:data2\" content=\"1 minuto\" \/>\n<script type=\"application\/ld+json\" class=\"yoast-schema-graph\">{\"@context\":\"https:\/\/schema.org\",\"@graph\":[{\"@type\":\"WebPage\",\"@id\":\"https:\/\/www.asajacyl.com\/leon\/servicios-socio\/abierto-plazo-de-matrcula-para-cursos-de-incorporacin-a-la-empres-agraria\",\"url\":\"https:\/\/www.asajacyl.com\/leon\/servicios-socio\/abierto-plazo-de-matrcula-para-cursos-de-incorporacin-a-la-empres-agraria\",\"name\":\"ABIERTO PLAZO DE MATR&#205;CULA PARA CURSOS DE INCORPORACI&#211;N A LA EMPRES AGRARIA - ASAJA Le\u00f3n\",\"isPartOf\":{\"@id\":\"https:\/\/www.asajacyl.com\/leon\/#website\"},\"primaryImageOfPage\":{\"@id\":\"https:\/\/www.asajacyl.com\/leon\/servicios-socio\/abierto-plazo-de-matrcula-para-cursos-de-incorporacin-a-la-empres-agraria#primaryimage\"},\"image\":{\"@id\":\"https:\/\/www.asajacyl.com\/leon\/servicios-socio\/abierto-plazo-de-matrcula-para-cursos-de-incorporacin-a-la-empres-agraria#primaryimage\"},\"thumbnailUrl\":\"https:\/\/www.asajacyl.com\/leon\/wp-content\/uploads\/sites\/6\/2017\/11\/im_predefinida_1920x1080.jpg\",\"datePublished\":\"2013-11-25T23:00:00+00:00\",\"dateModified\":\"2017-11-15T08:15:21+00:00\",\"author\":{\"@id\":\"https:\/\/www.asajacyl.com\/leon\/#\/schema\/person\/7e884476cee132331142e8ac9689f20c\"},\"description\":\"Los cursos se impartir&#225;n en Ponferrada, Le&#243;n capital y Santa Mar&#237;a del P&#225;ramo\",\"breadcrumb\":{\"@id\":\"https:\/\/www.asajacyl.com\/leon\/servicios-socio\/abierto-plazo-de-matrcula-para-cursos-de-incorporacin-a-la-empres-agraria#breadcrumb\"},\"inLanguage\":\"es\",\"potentialAction\":[{\"@type\":\"ReadAction\",\"target\":[\"https:\/\/www.asajacyl.com\/leon\/servicios-socio\/abierto-plazo-de-matrcula-para-cursos-de-incorporacin-a-la-empres-agraria\"]}]},{\"@type\":\"ImageObject\",\"inLanguage\":\"es\",\"@id\":\"https:\/\/www.asajacyl.com\/leon\/servicios-socio\/abierto-plazo-de-matrcula-para-cursos-de-incorporacin-a-la-empres-agraria#primaryimage\",\"url\":\"https:\/\/www.asajacyl.com\/leon\/wp-content\/uploads\/sites\/6\/2017\/11\/im_predefinida_1920x1080.jpg\",\"contentUrl\":\"https:\/\/www.asajacyl.com\/leon\/wp-content\/uploads\/sites\/6\/2017\/11\/im_predefinida_1920x1080.jpg\",\"width\":1920,\"height\":1080,\"caption\":\"Logotipo ASAJA Le\u00f3n\"},{\"@type\":\"BreadcrumbList\",\"@id\":\"https:\/\/www.asajacyl.com\/leon\/servicios-socio\/abierto-plazo-de-matrcula-para-cursos-de-incorporacin-a-la-empres-agraria#breadcrumb\",\"itemListElement\":[{\"@type\":\"ListItem\",\"position\":1,\"name\":\"Portada\",\"item\":\"https:\/\/www.asajacyl.com\/leon\/\"},{\"@type\":\"ListItem\",\"position\":2,\"name\":\"ABIERTO PLAZO DE MATR&#205;CULA PARA CURSOS DE INCORPORACI&#211;N A LA EMPRES AGRARIA\"}]},{\"@type\":\"WebSite\",\"@id\":\"https:\/\/www.asajacyl.com\/leon\/#website\",\"url\":\"https:\/\/www.asajacyl.com\/leon\/\",\"name\":\"ASAJA Le\u00f3n\",\"description\":\"Otro sitio m\u00e1s de Provincias ASAJA Castilla y Le\u00f3n\",\"potentialAction\":[{\"@type\":\"SearchAction\",\"target\":{\"@type\":\"EntryPoint\",\"urlTemplate\":\"https:\/\/www.asajacyl.com\/leon\/?s={search_term_string}\"},\"query-input\":{\"@type\":\"PropertyValueSpecification\",\"valueRequired\":true,\"valueName\":\"search_term_string\"}}],\"inLanguage\":\"es\"},{\"@type\":\"Person\",\"@id\":\"https:\/\/www.asajacyl.com\/leon\/#\/schema\/person\/7e884476cee132331142e8ac9689f20c\",\"name\":\"Editor\",\"image\":{\"@type\":\"ImageObject\",\"inLanguage\":\"es\",\"@id\":\"https:\/\/www.asajacyl.com\/leon\/#\/schema\/person\/image\/\",\"url\":\"https:\/\/secure.gravatar.com\/avatar\/a2ef43c165669686cfcfb0e1ffa59869?s=96&d=mm&r=g\",\"contentUrl\":\"https:\/\/secure.gravatar.com\/avatar\/a2ef43c165669686cfcfb0e1ffa59869?s=96&d=mm&r=g\",\"caption\":\"Editor\"},\"url\":\"https:\/\/www.asajacyl.com\/leon\/author\/oscargg\"}]}<\/script>\n<!-- \/ Yoast SEO plugin. -->","yoast_head_json":{"title":"ABIERTO PLAZO DE MATR&#205;CULA PARA CURSOS DE INCORPORACI&#211;N A LA EMPRES AGRARIA - ASAJA Le\u00f3n","description":"Los cursos se impartir&#225;n en Ponferrada, Le&#243;n capital y Santa Mar&#237;a del P&#225;ramo","robots":{"index":"index","follow":"follow","max-snippet":"max-snippet:-1","max-image-preview":"max-image-preview:large","max-video-preview":"max-video-preview:-1"},"canonical":"https:\/\/www.asajacyl.com\/leon\/servicios-socio\/abierto-plazo-de-matrcula-para-cursos-de-incorporacin-a-la-empres-agraria","og_locale":"es_ES","og_type":"article","og_title":"ABIERTO PLAZO DE MATR&#205;CULA PARA CURSOS DE INCORPORACI&#211;N A LA EMPRES AGRARIA - ASAJA Le\u00f3n","og_description":"Los cursos se impartir&#225;n en Ponferrada, Le&#243;n capital y Santa Mar&#237;a del P&#225;ramo","og_url":"https:\/\/www.asajacyl.com\/leon\/servicios-socio\/abierto-plazo-de-matrcula-para-cursos-de-incorporacin-a-la-empres-agraria","og_site_name":"ASAJA Le\u00f3n","article_published_time":"2013-11-25T23:00:00+00:00","article_modified_time":"2017-11-15T08:15:21+00:00","og_image":[{"width":1920,"height":1080,"url":"https:\/\/www.asajacyl.com\/leon\/wp-content\/uploads\/sites\/6\/2017\/11\/im_predefinida_1920x1080.jpg","type":"image\/jpeg"}],"author":"Editor","twitter_card":"summary_large_image","twitter_misc":{"Escrito por":"Editor","Tiempo de lectura":"1 minuto"},"schema":{"@context":"https:\/\/schema.org","@graph":[{"@type":"WebPage","@id":"https:\/\/www.asajacyl.com\/leon\/servicios-socio\/abierto-plazo-de-matrcula-para-cursos-de-incorporacin-a-la-empres-agraria","url":"https:\/\/www.asajacyl.com\/leon\/servicios-socio\/abierto-plazo-de-matrcula-para-cursos-de-incorporacin-a-la-empres-agraria","name":"ABIERTO PLAZO DE MATR&#205;CULA PARA CURSOS DE INCORPORACI&#211;N A LA EMPRES AGRARIA - ASAJA Le\u00f3n","isPartOf":{"@id":"https:\/\/www.asajacyl.com\/leon\/#website"},"primaryImageOfPage":{"@id":"https:\/\/www.asajacyl.com\/leon\/servicios-socio\/abierto-plazo-de-matrcula-para-cursos-de-incorporacin-a-la-empres-agraria#primaryimage"},"image":{"@id":"https:\/\/www.asajacyl.com\/leon\/servicios-socio\/abierto-plazo-de-matrcula-para-cursos-de-incorporacin-a-la-empres-agraria#primaryimage"},"thumbnailUrl":"https:\/\/www.asajacyl.com\/leon\/wp-content\/uploads\/sites\/6\/2017\/11\/im_predefinida_1920x1080.jpg","datePublished":"2013-11-25T23:00:00+00:00","dateModified":"2017-11-15T08:15:21+00:00","author":{"@id":"https:\/\/www.asajacyl.com\/leon\/#\/schema\/person\/7e884476cee132331142e8ac9689f20c"},"description":"Los cursos se impartir&#225;n en Ponferrada, Le&#243;n capital y Santa Mar&#237;a del P&#225;ramo","breadcrumb":{"@id":"https:\/\/www.asajacyl.com\/leon\/servicios-socio\/abierto-plazo-de-matrcula-para-cursos-de-incorporacin-a-la-empres-agraria#breadcrumb"},"inLanguage":"es","potentialAction":[{"@type":"ReadAction","target":["https:\/\/www.asajacyl.com\/leon\/servicios-socio\/abierto-plazo-de-matrcula-para-cursos-de-incorporacin-a-la-empres-agraria"]}]},{"@type":"ImageObject","inLanguage":"es","@id":"https:\/\/www.asajacyl.com\/leon\/servicios-socio\/abierto-plazo-de-matrcula-para-cursos-de-incorporacin-a-la-empres-agraria#primaryimage","url":"https:\/\/www.asajacyl.com\/leon\/wp-content\/uploads\/sites\/6\/2017\/11\/im_predefinida_1920x1080.jpg","contentUrl":"https:\/\/www.asajacyl.com\/leon\/wp-content\/uploads\/sites\/6\/2017\/11\/im_predefinida_1920x1080.jpg","width":1920,"height":1080,"caption":"Logotipo ASAJA Le\u00f3n"},{"@type":"BreadcrumbList","@id":"https:\/\/www.asajacyl.com\/leon\/servicios-socio\/abierto-plazo-de-matrcula-para-cursos-de-incorporacin-a-la-empres-agraria#breadcrumb","itemListElement":[{"@type":"ListItem","position":1,"name":"Portada","item":"https:\/\/www.asajacyl.com\/leon\/"},{"@type":"ListItem","position":2,"name":"ABIERTO PLAZO DE MATR&#205;CULA PARA CURSOS DE INCORPORACI&#211;N A LA EMPRES AGRARIA"}]},{"@type":"WebSite","@id":"https:\/\/www.asajacyl.com\/leon\/#website","url":"https:\/\/www.asajacyl.com\/leon\/","name":"ASAJA Le\u00f3n","description":"Otro sitio m\u00e1s de Provincias ASAJA Castilla y Le\u00f3n","potentialAction":[{"@type":"SearchAction","target":{"@type":"EntryPoint","urlTemplate":"https:\/\/www.asajacyl.com\/leon\/?s={search_term_string}"},"query-input":{"@type":"PropertyValueSpecification","valueRequired":true,"valueName":"search_term_string"}}],"inLanguage":"es"},{"@type":"Person","@id":"https:\/\/www.asajacyl.com\/leon\/#\/schema\/person\/7e884476cee132331142e8ac9689f20c","name":"Editor","image":{"@type":"ImageObject","inLanguage":"es","@id":"https:\/\/www.asajacyl.com\/leon\/#\/schema\/person\/image\/","url":"https:\/\/secure.gravatar.com\/avatar\/a2ef43c165669686cfcfb0e1ffa59869?s=96&d=mm&r=g","contentUrl":"https:\/\/secure.gravatar.com\/avatar\/a2ef43c165669686cfcfb0e1ffa59869?s=96&d=mm&r=g","caption":"Editor"},"url":"https:\/\/www.asajacyl.com\/leon\/author\/oscargg"}]}},"_links":{"self":[{"href":"https:\/\/www.asajacyl.com\/leon\/wp-json\/wp\/v2\/posts\/2116"}],"collection":[{"href":"https:\/\/www.asajacyl.com\/leon\/wp-json\/wp\/v2\/posts"}],"about":[{"href":"https:\/\/www.asajacyl.com\/leon\/wp-json\/wp\/v2\/types\/post"}],"author":[{"embeddable":true,"href":"https:\/\/www.asajacyl.com\/leon\/wp-json\/wp\/v2\/users\/3"}],"replies":[{"embeddable":true,"href":"https:\/\/www.asajacyl.com\/leon\/wp-json\/wp\/v2\/comments?post=2116"}],"version-history":[{"count":1,"href":"https:\/\/www.asajacyl.com\/leon\/wp-json\/wp\/v2\/posts\/2116\/revisions"}],"predecessor-version":[{"id":6402,"href":"https:\/\/www.asajacyl.com\/leon\/wp-json\/wp\/v2\/posts\/2116\/revisions\/6402"}],"wp:featuredmedia":[{"embeddable":true,"href":"https:\/\/www.asajacyl.com\/leon\/wp-json\/wp\/v2\/media\/8174"}],"wp:attachment":[{"href":"https:\/\/www.asajacyl.com\/leon\/wp-json\/wp\/v2\/media?parent=2116"}],"wp:term":[{"taxonomy":"category","embeddable":true,"href":"https:\/\/www.asajacyl.com\/leon\/wp-json\/wp\/v2\/categories?post=2116"},{"taxonomy":"post_tag","embeddable":true,"href":"https:\/\/www.asajacyl.com\/leon\/wp-json\/wp\/v2\/tags?post=2116"}],"curies":[{"name":"wp","href":"https:\/\/api.w.org\/{rel}","templated":true}]}}