{"id":2165,"date":"2003-04-29T00:00:00","date_gmt":"2003-04-28T22:00:00","guid":{"rendered":"https:\/\/www.asajacyl.com\/leon\/2003\/04\/29\/planes-de-reestructuracin-y-reconversin-de-viedo\/"},"modified":"2017-11-14T18:04:01","modified_gmt":"2017-11-14T17:04:01","slug":"planes-de-reestructuracin-y-reconversin-de-viedo","status":"publish","type":"post","link":"https:\/\/www.asajacyl.com\/leon\/servicios-socio\/planes-de-reestructuracin-y-reconversin-de-viedo","title":{"rendered":"PLANES DE REESTRUCTURACI&#211;N Y RECONVERSI&#211;N DE VI&#209;EDO"},"content":{"rendered":"<h2>El objetivo prioritario de la nueva organizaci&#243;n Com&#250;n de Mercado es fomentar la obtenci&#243;n de vinos de calidad que puedan lograr la m&#225;xima competitividad mediante la adaptaci&#243;n de la producci&#243;n al mercado, tratando de mantener el nivel de renta de los viticultores.<\/h2>\n<p><body><\/p>\n<p><b><\/p>\n<p align=\"CENTER\"><font size=\"2\" color=\"#008080\">PLAN DE REESTRUCTURACI&#211;N<\/font><\/p>\n<p align=\"CENTER\"><font size=\"2\" color=\"#008080\">Y RECONVERSI&#211;N DEL VI&#209;EDO<\/font><\/p>\n<p><\/b><font face=\"Arial\" size=\"4\"><\/p>\n<p align=\"CENTER\">&#160;<\/p>\n<p><\/font><\/p>\n<p><font size=\"2\">OBJETIVOS DE LAS AYUDAS<\/font><\/p>\n<p align=\"JUSTIFY\"><font size=\"2\">El Reglamento 1493\/1999 de la Uni&#243;n Europea<br \/>\nestablece la Organizaci&#243;n Com&#250;n del Mercado Vitivin&#237;cola. En Espa&#241;a el Real<br \/>\nDecreto 1472\/2000 de 4 de agosto regula el potencial de producci&#243;n vit&#237;cola y<br \/>\nadapta y desarrolla la normativa comunitaria.<\/font><\/p>\n<p align=\"JUSTIFY\"><font size=\"2\">El objetivo prioritario de la nueva<br \/>\norganizaci&#243;n Com&#250;n de Mercado es fomentar la obtenci&#243;n de vinos de calidad<br \/>\nque puedan lograr la m&#225;xima competitividad mediante la adaptaci&#243;n de la<br \/>\nproducci&#243;n al mercado, tratando de mantener el nivel de renta de los<br \/>\nviticultores. El Real Decreto de 4 de agosto contempla las ayudas a la<br \/>\nreestructuraci&#243;n y reconversi&#243;n del vi&#241;edo en el &#225;mbito nacional con el fin<br \/>\nde lograr los objetivos anteriores.<\/font><\/p>\n<p align=\"JUSTIFY\"><font size=\"2\">Los planes de reestructuraci&#243;n y<br \/>\nreconversi&#243;n de vi&#241;edo deben cumplir los requisitos y condiciones establecidos<br \/>\nen la Orden de 25 de Julio de 2.001 de la Consejer&#237;a de Agricultura y<br \/>\nGanader&#237;a de la Junta de Castilla y Le&#243;n por la que se regula el potencial de<br \/>\nproducci&#243;n vit&#237;cola en la Comunidad.<\/font><\/p>\n<p align=\"JUSTIFY\"><font size=\"2\">El objetivo de estas ayudas es la realizaci&#243;n<br \/>\nde planes de reestructuraci&#243;n principalmente colectivos fomentando las<br \/>\nagrupaciones de productores para incrementar la rentabilidad de los vi&#241;edos y<br \/>\nla mejora de la calidad del vino.<\/font><\/p>\n<p align=\"JUSTIFY\"><font size=\"2\">La finalidad de los planes es permitir que la<br \/>\nmayor&#237;a de los viticultores de Castilla y Le&#243;n que pretendan realizar la<br \/>\nreestructuraci&#243;n de sus vi&#241;edos puedan financiar parcialmente sus inversiones.<\/font><\/p>\n<p><font face=\"Arial\"><\/p>\n<p align=\"JUSTIFY\">&#160;<\/p>\n<p>&#160;<\/p>\n<p><\/font><\/p>\n<p><font size=\"2\">&#191;QUI&#201;NES PUEDEN ACOGERSE?<\/font><\/p>\n<p align=\"JUSTIFY\"><font size=\"2\">Pueden acceder a estas ayudas <b>todos los<br \/>\nviticultores <\/b>titulares<b> <\/b>de parcelas o de derechos de plantaci&#243;n<br \/>\ninscritos en el registro de vi&#241;edo de la Conserjer&#237;a de Agricultura y<br \/>\nGanader&#237;a y los j&#243;venes agricultores que sean agricultores a t&#237;tulo principal<br \/>\ny adquieran derechos de vi&#241;edo.<\/font><\/p>\n<p align=\"JUSTIFY\"><font size=\"2\">Las parcelas de vi&#241;edo o los derechos de<br \/>\nplantaci&#243;n que se vayan a ejercer deben estar inscritos y vigentes en el<br \/>\nRegistro de Plantaciones de Vi&#241;edo y Derechos de Replantaci&#243;n.<\/font><\/p>\n<p><b><\/p>\n<p align=\"JUSTIFY\"><font size=\"2\">No pueden acogerse a estas ayudas:<\/font><\/p>\n<ul>\n<\/ul>\n<p><\/b><\/p>\n<li><font size=\"2\">Los viticultores que no tengan regularizadas la totalidad de<br \/>\n  sus parcelas conforme a lo establecido en la legislaci&#243;n vigente, es decir,<br \/>\n  con vi&#241;edo irregular.<\/font><\/li>\n<li><font size=\"2\">Las parcelas que se hayan beneficiado de ayudas comunitarias,<br \/>\n  nacionales o auton&#243;micas en los &#250;ltimos diez a&#241;os.<\/font><\/li>\n<p><\/body><br \/>\n<font face=\"Arial\"><\/p>\n<p align=\"JUSTIFY\">&#160;<\/p>\n<p><\/font><\/p>\n<p><font size=\"2\">DOCUMENTACI&#211;N<\/font><\/p>\n<p><font face=\"Arial\" size=\"4\"><\/p>\n<p align=\"CENTER\">&#160;<\/p>\n<p align=\"CENTER\">&#160;<\/p>\n<p><\/font><\/p>\n<ol type=\"I\">\n<li><font size=\"2\">Documentaci&#243;n general<\/font><\/li>\n<p>  <font face=\"Arial\" size=\"2\"><\/p>\n<ul>\n  <\/ul>\n<p><\/font><\/p>\n<li><font size=\"2\">Fotocopia del D.N.I. o C.I.F. de los participantes en el<br \/>\n    plan.<\/font><\/li>\n<li><font size=\"2\">Datos personales y bancarios del productor.<\/font><\/li>\n<li><font size=\"2\">Certificado de la entidad financiera que acredite que la<br \/>\n    cuenta bancaria corresponde al participante en el plan.<\/font><\/li>\n<p>  <font face=\"Arial\"><\/p>\n<li>&#160;<\/li>\n<p>  <\/font><\/p>\n<li><font size=\"2\">Si se alega la prioridad de joven agricultor<\/font><\/li>\n<p>  <font face=\"Arial\" size=\"2\"><\/p>\n<ul>\n  <\/ul>\n<p><\/font><\/p>\n<li><font size=\"2\">Tener menos de 40 a&#241;os en la fecha de publicaci&#243;n de la<br \/>\n    orden por la Junta de Castilla y Le&#243;n.<\/font><\/li>\n<li><font size=\"2\">Certificado de estar al corriente de pago de la Seguridad<br \/>\n    Social.<\/font><\/li>\n<li><font size=\"2\">Copia compulsada por la Junta de la declaraci&#243;n de I.R.P.F.<br \/>\n    a&#241;o 2001 o 2.002.<\/font><\/li>\n<p>  <font face=\"Arial\" size=\"2\"><\/p>\n<li>&#160;<\/li>\n<p>  <\/font><\/p>\n<li><font size=\"2\">Si se alega la prioridad de Agricultor a T&#237;tulo Principal<\/font><\/li>\n<p>  <font face=\"Arial\" size=\"2\"><\/p>\n<ul>\n  <\/ul>\n<p><\/font><\/p>\n<li><font size=\"2\">Estar al corriente de pago de la Seguridad Social<\/font><\/li>\n<li><font size=\"2\">Copia compulsada por la Junta de Castilla y Le&#243;n de la<br \/>\n    declaraci&#243;n de I.R.P.F. del a&#241;o 2.001 o 2.002 o resoluci&#243;n de la Junta<br \/>\n    acordando la concesi&#243;n de la Indemnizaci&#243;n Compensatoria.<\/font><\/li>\n<p>  <font face=\"Arial\" size=\"2\"><\/p>\n<li>&#160;<\/li>\n<p>  <\/font><\/p>\n<li><font size=\"2\">Documentaci&#243;n relativa a las parcelas<\/font><\/li>\n<p>  <font face=\"Arial\" size=\"2\"><\/p>\n<ul>\n  <\/ul>\n<p><\/font><\/p>\n<li><font size=\"2\">Cartograf&#237;a actualizada de las parcelas, tanto de las<br \/>\n    iniciales como de las finales.<\/font><\/li>\n<li><font size=\"2\">Derechos de vi&#241;edo que se pretenden utilizar.<\/font><\/li>\n<li><font size=\"2\">Certificado o c&#233;dula catastral actualizada de las<br \/>\n    parcelas. Si no coinciden los datos del catastro con la escritura de<br \/>\n    propiedad se debe aportar declaraci&#243;n jurada para identificar las fincas.<\/font><\/li>\n<li><font size=\"2\">Escrituras de propiedad de las parcelas. Tambi&#233;n se admite<br \/>\n    que las parcelas sean de su c&#243;nyuge, sus padres o hermanos.<\/font><\/li>\n<li><font size=\"2\">Si las parcelas son en arrendamiento o aparcer&#237;a la<br \/>\n    duraci&#243;n de los contratos ser&#225; de al menos 21 a&#241;os.<\/font><\/li>\n<\/ol>\n<p>  <font face=\"Arial\" size=\"4\"><\/p>\n<p align=\"CENTER\">&#160;<\/p>\n<p>  <\/font><\/p>\n<p><font size=\"2\">ACTIVIDADES INCLUIDAS EN LAS AYUDAS<\/font><\/p>\n<p>  <font face=\"Arial\" size=\"4\"><\/p>\n<p align=\"CENTER\">&#160;<\/p>\n<ol>\n  <\/ol>\n<p><\/font><b><\/p>\n<li><font size=\"2\">Reestructuraci&#243;n de vi&#241;edo (arranque y plantaci&#243;n).<\/font><\/li>\n<p>  <font face=\"Arial\"><\/p>\n<p>&#160;<\/p>\n<p>  <\/font><\/b><\/p>\n<p align=\"JUSTIFY\"><font size=\"2\">En este apartado se incluyen las operaciones<br \/>\n  de arranque de una o varias parcelas de vi&#241;edo y la plantaci&#243;n de otra<br \/>\n  parcela nueva con una superficie equivalente.<\/font><\/p>\n<p align=\"JUSTIFY\"><font size=\"2\">La superficie de la parcela, una vez<br \/>\n  reestructurada tendr&#225; que ser de al menos 1 hect&#225;rea.<\/font><\/p>\n<p align=\"JUSTIFY\"><font size=\"2\">El limite m&#225;ximo de la superficie a<br \/>\n  reestructurar por viticultor y a&#241;o ser&#225; de 15 hect&#225;reas.<\/font><\/p>\n<p>  <b><\/p>\n<li><font size=\"2\">Plantaci&#243;n de vi&#241;edo<\/font><\/li>\n<p>  <\/b><\/p>\n<p align=\"JUSTIFY\"><font size=\"2\">Est&#225; incluido en los planes de<br \/>\n  reestructuraci&#243;n la plantaci&#243;n de vi&#241;edo siempre que se realice con<br \/>\n  derechos propios del viticultor.<\/font><\/p>\n<p align=\"JUSTIFY\"><font size=\"2\">No se necesitan derechos propios en el caso<br \/>\n  de derechos aportados por <u>j&#243;venes agricultores que sean agricultores a<br \/>\n  t&#237;tulo principal<\/u> , ya que pueden ser propios o adquiridos.<\/font><\/p>\n<p align=\"JUSTIFY\"><font size=\"2\">Tambi&#233;n est&#225;n incluidos los derechos de<br \/>\n  replantaci&#243;n asignados en los t&#233;rminos municipales afectados por procesos de<br \/>\n  concentraci&#243;n parcelaria.<\/font><\/p>\n<p>  <font face=\"Arial\"><\/p>\n<p align=\"JUSTIFY\">&#160;<\/p>\n<p>  <\/font><b><\/p>\n<li><font size=\"2\">Reconversi&#243;n varietal del vi&#241;edo<\/font><\/li>\n<p>  <\/b><\/p>\n<p align=\"JUSTIFY\"><font size=\"2\">Es el cambio de variedad de una parcela de<br \/>\n  vi&#241;a mediante la operaci&#243;n de sobreinjerto, y por tanto sin la posibilidad<br \/>\n  de incrementar el numero de cepas en la parcela. La reconversi&#243;n debe ser de<br \/>\n  una variedad por parcela.<\/font><\/p>\n<p align=\"JUSTIFY\"><font size=\"2\">La utilizaci&#243;n de portainjertos<br \/>\n  certificados es obligatoria en todas las plantaciones. Para recibir la ayuda<br \/>\n  ser&#225; necesaria la presentaci&#243;n de la factura del viverista.<\/font><\/p>\n<p>  <font face=\"Arial\"><\/p>\n<p>&#160;<\/p>\n<p>  <\/font><b><\/p>\n<li><font size=\"2\">Transformaci&#243;n del vi&#241;edo de vaso a espaldera<\/font><\/li>\n<p>  <font face=\"Arial\"><\/p>\n<p>&#160;<\/p>\n<p>  <\/font><\/b><\/p>\n<p align=\"JUSTIFY\"><font size=\"2\">En esta actuaci&#243;n se incluyen las<br \/>\n  operaciones y el material necesario para elevar una vi&#241;a con un sistema de<br \/>\n  conducci&#243;n baja y libre ya formado, <b>a partir del tercer a&#241;o de<br \/>\n  plantaci&#243;n<\/b> a un sistema elevado y apoyado que permita la mecanizaci&#243;n<br \/>\n  del vi&#241;edo.<\/font><\/p>\n<p align=\"JUSTIFY\"><font size=\"2\">En definitiva, este a&#241;o s&#243;lo se<br \/>\n  subvencionan las espalderas que se pongan a partir del tercer a&#241;o de<br \/>\n  plantaci&#243;n<\/font><\/p>\n<p align=\"JUSTIFY\"><font size=\"2\">La estructura de la espaldera debe<br \/>\n  corresponder con los usos normales de la zona y permitir una situaci&#243;n<br \/>\n  duradera y firme del cultivo elevado del vi&#241;edo.<\/font><\/p>\n<p>  <font face=\"Arial\" size=\"4\"><\/font><\/p>\n<p><font size=\"2\">PRIORIDADES<\/font><\/p>\n<p align=\"JUSTIFY\"><font size=\"2\">Los criterios de preferencia en la<br \/>\n  aprobaci&#243;n de los planes y en la concesi&#243;n de las ayudas son los siguientes.<\/font><\/p>\n<p>  <font face=\"Arial\"><\/p>\n<p align=\"JUSTIFY\">&#160;<\/p>\n<p>  <\/font><\/p>\n<ol>\n<li><font size=\"2\">Tienen preferencia los planes colectivos sobre los<br \/>\n      individuales.<\/font><\/li>\n<p>    <font face=\"Arial\"><\/p>\n<p align=\"JUSTIFY\">&#160;<\/p>\n<p>    <\/font><\/p>\n<li><font size=\"2\">En el caso de planes colectivos existen las siguientes<br \/>\n      preferencias:<\/font><\/li>\n<\/ol>\n<ol type=\"a\">\n<li><font size=\"2\">Planes en que m&#225;s del 50 por 100 sean j&#243;venes<br \/>\n        agricultores<\/font><\/li>\n<li><font size=\"2\">Planes en que m&#225;s del 50 por 100 sean agricultores a<br \/>\n        t&#237;tulo principal<\/font><\/li>\n<li><font size=\"2\">Planes amparados por una Organizaci&#243;n Agraria o un<br \/>\n        Consejo Regulador<\/font><\/li>\n<li><font size=\"2\">En el caso de que varios planes tengan el mismo nivel<br \/>\n        de prioridad se tendr&#225; en cuenta el plan con mayor n&#250;mero de<br \/>\n        viticultores y la mayor superficie integrante del plan.<\/font><\/li>\n<\/ol>\n<p>  <font face=\"Arial\"><\/font><\/p>\n<p align=\"JUSTIFY\"><font size=\"2\">PLAZO DE PRESENTACI&#211;N DE SOLICITUDES<\/font><\/p>\n<p>  <font face=\"Arial\"><\/p>\n<p align=\"CENTER\">&#160;<\/p>\n<p>  <\/font><\/p>\n<p align=\"JUSTIFY\"><font size=\"2\">El plazo de presentaci&#243;n de las solicitudes<br \/>\n  para la campa&#241;a 2003\/2004 finaliza el 31 de mayo de 2003.<\/font><\/p>\n<p align=\"RIGHT\">&#160;<\/p>\n<table border=\"1\" cellspacing=\"1\" cellpadding=\"4\" width=\"642\">\n<tr>\n<td valign=\"TOP\"><b><\/p>\n<p align=\"CENTER\"><font size=\"2\">IMPORTE DE LAS AYUDAS<\/font><\/p>\n<p><\/b><\/td>\n<\/tr>\n<\/table>\n<p>  <b><font face=\"Arial\" size=\"2\"><\/font><\/b>\n  <\/p>\n<p align=\"RIGHT\">&#160;<\/p>\n<table border=\"1\" cellspacing=\"1\" cellpadding=\"4\" width=\"642\">\n<tr>\n<td valign=\"TOP\">\n<p><font size=\"2\">Las ayudas comunitarias en la financiaci&#243;n de los<br \/>\n        costes de reestructuraci&#243;n podr&#225;n alcanzar hasta el 75% de los costes<br \/>\n        establecidos.<\/font><\/p>\n<p><font size=\"2\">En el caso de planes individuales, las ayudas<br \/>\n        concedidas ser&#225;n un 15% menos que las ayudas concedidas a los planes<br \/>\n        colectivos.<\/font><\/p>\n<\/td>\n<\/tr>\n<\/table>\n<p>  <font face=\"Arial\" size=\"2\"><\/p>\n<p align=\"JUSTIFY\">&#160;<\/p>\n<p align=\"JUSTIFY\">&#160;<\/p>\n<hr align=\"LEFT\" width=\"10%\" size=\"1\"\/>\n<hr width=\"20%\" size=\"1\"\/>\n<hr align=\"LEFT\" width=\"0%\" size=\"1\"\/>\n<hr align=\"LEFT\" width=\"0%\" size=\"1\"\/>\n<p><\/font><b><font size=\"2\">ACCI&#211;N OPERACI&#211;N <u>Coste (Euros\/ha)<\/u><\/font><font face=\"Arial\" size=\"2\"><\/p>\n<blockquote><\/blockquote>\n<p><\/font><\/b><i><font face=\"Arial\" size=\"2\"><\/p>\n<p align=\"JUSTIFY\">&#160;<\/p>\n<hr align=\"RIGHT\" width=\"85%\" size=\"1\"\/>\n<p><\/font><font size=\"2\">Reestructuraci&#243;n<\/font><\/i><font size=\"2\"> ARRANQUE<br \/>\n  421,00<\/font><font face=\"Arial\" size=\"2\"><\/p>\n<p align=\"JUSTIFY\">&#160;<\/p>\n<hr align=\"RIGHT\" width=\"85%\" size=\"1\"\/>\n<p><\/font><font size=\"2\">PREPARACI&#211;N SUELO 962,00<\/font>\n  <\/p>\n<p align=\"JUSTIFY\"><font size=\"2\">PLANTACI&#211;N:<\/font><\/p>\n<p align=\"JUSTIFY\"><font size=\"2\">Planta y plantaci&#243;n (Ud.) 2,07<\/font><\/p>\n<p>  <font face=\"Arial\" size=\"2\"><\/p>\n<p align=\"JUSTIFY\">&#160;<\/p>\n<hr align=\"RIGHT\" width=\"85%\" size=\"1\"\/>\n<p><\/font><font size=\"2\">Otros costes 240,00<\/font><font face=\"Arial\" size=\"2\"><\/p>\n<p align=\"JUSTIFY\">&#160;<\/p>\n<hr align=\"RIGHT\" width=\"85%\" size=\"1\"\/>\n<hr align=\"LEFT\" width=\"0%\" size=\"1\"\/>\n<hr width=\"0%\" size=\"1\"\/>\n<p><\/font><font size=\"2\">COSTES CULTIVO (2 a&#241;os) 1.052,00<\/font><\/p>\n<p>  <font face=\"Arial\" size=\"2\"><\/p>\n<p align=\"JUSTIFY\">&#160;<\/p>\n<hr align=\"RIGHT\" width=\"85%\" size=\"1\"\/>\n<p><\/font><font size=\"2\">ESPALDERA 2.705,00<\/font><\/p>\n<blockquote>\n<blockquote>\n<blockquote>\n<p align=\"JUSTIFY\"><font size=\"2\">DESINFECCI&#211;N DEL TERRENO 2.104,00<\/font><\/p>\n<p>        <font face=\"Arial\" size=\"2\"><\/p>\n<p align=\"JUSTIFY\">&#160;<\/p>\n<hr align=\"RIGHT\" width=\"85%\" size=\"1\"\/>\n<p><\/font><font size=\"2\">DESPEDREGADO 391,00<\/font><font face=\"Arial\" size=\"2\"><\/p>\n<p align=\"JUSTIFY\">&#160;<\/p>\n<hr align=\"RIGHT\" width=\"85%\" size=\"1\"\/>\n<p><\/font><font size=\"2\">NIVELACI&#211;N DEL TERRENO 601,00<\/font><font face=\"Arial\" size=\"2\"><\/p>\n<p align=\"JUSTIFY\">&#160;<\/p>\n<hr align=\"RIGHT\" width=\"85%\" size=\"1\"\/>\n<p><\/font><font size=\"2\">PROTECCI&#211;N CONTRA CONEJOS 1.202,00<\/font>\n      <\/p><\/blockquote>\n<\/blockquote>\n<\/blockquote>\n<p>  <font face=\"Arial\" size=\"2\"><\/p>\n<p align=\"JUSTIFY\">&#160;<\/p>\n<hr align=\"RIGHT\" width=\"85%\" size=\"1\"\/>\n<p><\/font><font size=\"2\"><i>Reconversi&#243;n varietal<\/i> SOBREINJERTADO:<\/font><\/p>\n<blockquote>\n<blockquote>\n<blockquote>\n<p align=\"JUSTIFY\"><font size=\"2\">Injerto (Ud.) 0,60<\/font><\/p>\n<p>        <font face=\"Arial\" size=\"2\"><\/p>\n<p align=\"JUSTIFY\">&#160;<\/p>\n<hr align=\"RIGHT\" width=\"83%\" size=\"1\"\/>\n<p><\/font><font size=\"2\">Otros costes 1.202,00<\/font>\n      <\/p><\/blockquote>\n<\/blockquote>\n<\/blockquote>\n<p align=\"JUSTIFY\"><font size=\"2\"><i>Mejora de las <\/i>FORMACI&#211;N VASO A<br \/>\n  ESPALDERA 2.849,00<\/font><\/p>\n<p>  <font face=\"Arial\" size=\"2\"><\/p>\n<p align=\"JUSTIFY\">&#160;<\/p>\n<hr align=\"RIGHT\" width=\"86%\" size=\"1\"\/>\n<p><\/font><font size=\"2\"><i>t&#233;cnicas de gesti&#243;n<\/i> (incluye espaldera)<\/font><font face=\"Arial\" size=\"2\"><\/p>\n<p align=\"JUSTIFY\">&#160;<\/p>\n<p align=\"JUSTIFY\">&#160;<\/p>\n<p>  <\/font><\/p>\n","protected":false},"excerpt":{"rendered":"<p>El objetivo prioritario de la nueva organizaci&#243;n Com&#250;n de Mercado es fomentar la obtenci&#243;n de vinos de calidad que puedan lograr la m&#225;xima competitividad mediante la adaptaci&#243;n de la producci&#243;n al mercado, tratando de mantener el nivel de renta de los viticultores.<\/p>\n","protected":false},"author":3,"featured_media":8174,"comment_status":"open","ping_status":"open","sticky":false,"template":"","format":"standard","meta":{"footnotes":""},"categories":[14,5],"tags":[],"yoast_head":"<!-- This site is optimized with the Yoast SEO plugin v24.5 - https:\/\/yoast.com\/wordpress\/plugins\/seo\/ -->\n<title>PLANES DE REESTRUCTURACI&#211;N Y RECONVERSI&#211;N DE VI&#209;EDO - ASAJA Le\u00f3n<\/title>\n<meta name=\"description\" content=\"El objetivo prioritario de la nueva organizaci&#243;n Com&#250;n de Mercado es fomentar la obtenci&#243;n de vinos de calidad que puedan lograr la m&#225;xima competitividad mediante la adaptaci&#243;n de la producci&#243;n al mercado, tratando de mantener el nivel de renta de los viticultores.\" \/>\n<meta name=\"robots\" content=\"index, follow, max-snippet:-1, max-image-preview:large, max-video-preview:-1\" \/>\n<link rel=\"canonical\" href=\"https:\/\/www.asajacyl.com\/leon\/servicios-socio\/planes-de-reestructuracin-y-reconversin-de-viedo\" \/>\n<meta property=\"og:locale\" content=\"es_ES\" \/>\n<meta property=\"og:type\" content=\"article\" \/>\n<meta property=\"og:title\" content=\"PLANES DE REESTRUCTURACI&#211;N Y RECONVERSI&#211;N DE VI&#209;EDO - ASAJA Le\u00f3n\" \/>\n<meta property=\"og:description\" content=\"El objetivo prioritario de la nueva organizaci&#243;n Com&#250;n de Mercado es fomentar la obtenci&#243;n de vinos de calidad que puedan lograr la m&#225;xima competitividad mediante la adaptaci&#243;n de la producci&#243;n al mercado, tratando de mantener el nivel de renta de los viticultores.\" \/>\n<meta property=\"og:url\" content=\"https:\/\/www.asajacyl.com\/leon\/servicios-socio\/planes-de-reestructuracin-y-reconversin-de-viedo\" \/>\n<meta property=\"og:site_name\" content=\"ASAJA Le\u00f3n\" \/>\n<meta property=\"article:published_time\" content=\"2003-04-28T22:00:00+00:00\" \/>\n<meta property=\"article:modified_time\" content=\"2017-11-14T17:04:01+00:00\" \/>\n<meta property=\"og:image\" content=\"https:\/\/www.asajacyl.com\/leon\/wp-content\/uploads\/sites\/6\/2017\/11\/im_predefinida_1920x1080.jpg\" \/>\n\t<meta property=\"og:image:width\" content=\"1920\" \/>\n\t<meta property=\"og:image:height\" content=\"1080\" \/>\n\t<meta property=\"og:image:type\" content=\"image\/jpeg\" \/>\n<meta name=\"author\" content=\"Editor\" \/>\n<meta name=\"twitter:card\" content=\"summary_large_image\" \/>\n<meta name=\"twitter:label1\" content=\"Escrito por\" \/>\n\t<meta name=\"twitter:data1\" content=\"Editor\" \/>\n\t<meta name=\"twitter:label2\" content=\"Tiempo de lectura\" \/>\n\t<meta name=\"twitter:data2\" content=\"6 minutos\" \/>\n<script type=\"application\/ld+json\" class=\"yoast-schema-graph\">{\"@context\":\"https:\/\/schema.org\",\"@graph\":[{\"@type\":\"WebPage\",\"@id\":\"https:\/\/www.asajacyl.com\/leon\/servicios-socio\/planes-de-reestructuracin-y-reconversin-de-viedo\",\"url\":\"https:\/\/www.asajacyl.com\/leon\/servicios-socio\/planes-de-reestructuracin-y-reconversin-de-viedo\",\"name\":\"PLANES DE REESTRUCTURACI&#211;N Y RECONVERSI&#211;N DE VI&#209;EDO - ASAJA Le\u00f3n\",\"isPartOf\":{\"@id\":\"https:\/\/www.asajacyl.com\/leon\/#website\"},\"primaryImageOfPage\":{\"@id\":\"https:\/\/www.asajacyl.com\/leon\/servicios-socio\/planes-de-reestructuracin-y-reconversin-de-viedo#primaryimage\"},\"image\":{\"@id\":\"https:\/\/www.asajacyl.com\/leon\/servicios-socio\/planes-de-reestructuracin-y-reconversin-de-viedo#primaryimage\"},\"thumbnailUrl\":\"https:\/\/www.asajacyl.com\/leon\/wp-content\/uploads\/sites\/6\/2017\/11\/im_predefinida_1920x1080.jpg\",\"datePublished\":\"2003-04-28T22:00:00+00:00\",\"dateModified\":\"2017-11-14T17:04:01+00:00\",\"author\":{\"@id\":\"https:\/\/www.asajacyl.com\/leon\/#\/schema\/person\/7e884476cee132331142e8ac9689f20c\"},\"description\":\"El objetivo prioritario de la nueva organizaci&#243;n Com&#250;n de Mercado es fomentar la obtenci&#243;n de vinos de calidad que puedan lograr la m&#225;xima competitividad mediante la adaptaci&#243;n de la producci&#243;n al mercado, tratando de mantener el nivel de renta de los viticultores.\",\"breadcrumb\":{\"@id\":\"https:\/\/www.asajacyl.com\/leon\/servicios-socio\/planes-de-reestructuracin-y-reconversin-de-viedo#breadcrumb\"},\"inLanguage\":\"es\",\"potentialAction\":[{\"@type\":\"ReadAction\",\"target\":[\"https:\/\/www.asajacyl.com\/leon\/servicios-socio\/planes-de-reestructuracin-y-reconversin-de-viedo\"]}]},{\"@type\":\"ImageObject\",\"inLanguage\":\"es\",\"@id\":\"https:\/\/www.asajacyl.com\/leon\/servicios-socio\/planes-de-reestructuracin-y-reconversin-de-viedo#primaryimage\",\"url\":\"https:\/\/www.asajacyl.com\/leon\/wp-content\/uploads\/sites\/6\/2017\/11\/im_predefinida_1920x1080.jpg\",\"contentUrl\":\"https:\/\/www.asajacyl.com\/leon\/wp-content\/uploads\/sites\/6\/2017\/11\/im_predefinida_1920x1080.jpg\",\"width\":1920,\"height\":1080,\"caption\":\"Logotipo ASAJA Le\u00f3n\"},{\"@type\":\"BreadcrumbList\",\"@id\":\"https:\/\/www.asajacyl.com\/leon\/servicios-socio\/planes-de-reestructuracin-y-reconversin-de-viedo#breadcrumb\",\"itemListElement\":[{\"@type\":\"ListItem\",\"position\":1,\"name\":\"Portada\",\"item\":\"https:\/\/www.asajacyl.com\/leon\/\"},{\"@type\":\"ListItem\",\"position\":2,\"name\":\"PLANES DE REESTRUCTURACI&#211;N Y RECONVERSI&#211;N DE VI&#209;EDO\"}]},{\"@type\":\"WebSite\",\"@id\":\"https:\/\/www.asajacyl.com\/leon\/#website\",\"url\":\"https:\/\/www.asajacyl.com\/leon\/\",\"name\":\"ASAJA Le\u00f3n\",\"description\":\"Otro sitio m\u00e1s de Provincias ASAJA Castilla y Le\u00f3n\",\"potentialAction\":[{\"@type\":\"SearchAction\",\"target\":{\"@type\":\"EntryPoint\",\"urlTemplate\":\"https:\/\/www.asajacyl.com\/leon\/?s={search_term_string}\"},\"query-input\":{\"@type\":\"PropertyValueSpecification\",\"valueRequired\":true,\"valueName\":\"search_term_string\"}}],\"inLanguage\":\"es\"},{\"@type\":\"Person\",\"@id\":\"https:\/\/www.asajacyl.com\/leon\/#\/schema\/person\/7e884476cee132331142e8ac9689f20c\",\"name\":\"Editor\",\"image\":{\"@type\":\"ImageObject\",\"inLanguage\":\"es\",\"@id\":\"https:\/\/www.asajacyl.com\/leon\/#\/schema\/person\/image\/\",\"url\":\"https:\/\/secure.gravatar.com\/avatar\/a2ef43c165669686cfcfb0e1ffa59869?s=96&d=mm&r=g\",\"contentUrl\":\"https:\/\/secure.gravatar.com\/avatar\/a2ef43c165669686cfcfb0e1ffa59869?s=96&d=mm&r=g\",\"caption\":\"Editor\"},\"url\":\"https:\/\/www.asajacyl.com\/leon\/author\/oscargg\"}]}<\/script>\n<!-- \/ Yoast SEO plugin. -->","yoast_head_json":{"title":"PLANES DE REESTRUCTURACI&#211;N Y RECONVERSI&#211;N DE VI&#209;EDO - ASAJA Le\u00f3n","description":"El objetivo prioritario de la nueva organizaci&#243;n Com&#250;n de Mercado es fomentar la obtenci&#243;n de vinos de calidad que puedan lograr la m&#225;xima competitividad mediante la adaptaci&#243;n de la producci&#243;n al mercado, tratando de mantener el nivel de renta de los viticultores.","robots":{"index":"index","follow":"follow","max-snippet":"max-snippet:-1","max-image-preview":"max-image-preview:large","max-video-preview":"max-video-preview:-1"},"canonical":"https:\/\/www.asajacyl.com\/leon\/servicios-socio\/planes-de-reestructuracin-y-reconversin-de-viedo","og_locale":"es_ES","og_type":"article","og_title":"PLANES DE REESTRUCTURACI&#211;N Y RECONVERSI&#211;N DE VI&#209;EDO - ASAJA Le\u00f3n","og_description":"El objetivo prioritario de la nueva organizaci&#243;n Com&#250;n de Mercado es fomentar la obtenci&#243;n de vinos de calidad que puedan lograr la m&#225;xima competitividad mediante la adaptaci&#243;n de la producci&#243;n al mercado, tratando de mantener el nivel de renta de los viticultores.","og_url":"https:\/\/www.asajacyl.com\/leon\/servicios-socio\/planes-de-reestructuracin-y-reconversin-de-viedo","og_site_name":"ASAJA Le\u00f3n","article_published_time":"2003-04-28T22:00:00+00:00","article_modified_time":"2017-11-14T17:04:01+00:00","og_image":[{"width":1920,"height":1080,"url":"https:\/\/www.asajacyl.com\/leon\/wp-content\/uploads\/sites\/6\/2017\/11\/im_predefinida_1920x1080.jpg","type":"image\/jpeg"}],"author":"Editor","twitter_card":"summary_large_image","twitter_misc":{"Escrito por":"Editor","Tiempo de lectura":"6 minutos"},"schema":{"@context":"https:\/\/schema.org","@graph":[{"@type":"WebPage","@id":"https:\/\/www.asajacyl.com\/leon\/servicios-socio\/planes-de-reestructuracin-y-reconversin-de-viedo","url":"https:\/\/www.asajacyl.com\/leon\/servicios-socio\/planes-de-reestructuracin-y-reconversin-de-viedo","name":"PLANES DE REESTRUCTURACI&#211;N Y RECONVERSI&#211;N DE VI&#209;EDO - ASAJA Le\u00f3n","isPartOf":{"@id":"https:\/\/www.asajacyl.com\/leon\/#website"},"primaryImageOfPage":{"@id":"https:\/\/www.asajacyl.com\/leon\/servicios-socio\/planes-de-reestructuracin-y-reconversin-de-viedo#primaryimage"},"image":{"@id":"https:\/\/www.asajacyl.com\/leon\/servicios-socio\/planes-de-reestructuracin-y-reconversin-de-viedo#primaryimage"},"thumbnailUrl":"https:\/\/www.asajacyl.com\/leon\/wp-content\/uploads\/sites\/6\/2017\/11\/im_predefinida_1920x1080.jpg","datePublished":"2003-04-28T22:00:00+00:00","dateModified":"2017-11-14T17:04:01+00:00","author":{"@id":"https:\/\/www.asajacyl.com\/leon\/#\/schema\/person\/7e884476cee132331142e8ac9689f20c"},"description":"El objetivo prioritario de la nueva organizaci&#243;n Com&#250;n de Mercado es fomentar la obtenci&#243;n de vinos de calidad que puedan lograr la m&#225;xima competitividad mediante la adaptaci&#243;n de la producci&#243;n al mercado, tratando de mantener el nivel de renta de los viticultores.","breadcrumb":{"@id":"https:\/\/www.asajacyl.com\/leon\/servicios-socio\/planes-de-reestructuracin-y-reconversin-de-viedo#breadcrumb"},"inLanguage":"es","potentialAction":[{"@type":"ReadAction","target":["https:\/\/www.asajacyl.com\/leon\/servicios-socio\/planes-de-reestructuracin-y-reconversin-de-viedo"]}]},{"@type":"ImageObject","inLanguage":"es","@id":"https:\/\/www.asajacyl.com\/leon\/servicios-socio\/planes-de-reestructuracin-y-reconversin-de-viedo#primaryimage","url":"https:\/\/www.asajacyl.com\/leon\/wp-content\/uploads\/sites\/6\/2017\/11\/im_predefinida_1920x1080.jpg","contentUrl":"https:\/\/www.asajacyl.com\/leon\/wp-content\/uploads\/sites\/6\/2017\/11\/im_predefinida_1920x1080.jpg","width":1920,"height":1080,"caption":"Logotipo ASAJA Le\u00f3n"},{"@type":"BreadcrumbList","@id":"https:\/\/www.asajacyl.com\/leon\/servicios-socio\/planes-de-reestructuracin-y-reconversin-de-viedo#breadcrumb","itemListElement":[{"@type":"ListItem","position":1,"name":"Portada","item":"https:\/\/www.asajacyl.com\/leon\/"},{"@type":"ListItem","position":2,"name":"PLANES DE REESTRUCTURACI&#211;N Y RECONVERSI&#211;N DE VI&#209;EDO"}]},{"@type":"WebSite","@id":"https:\/\/www.asajacyl.com\/leon\/#website","url":"https:\/\/www.asajacyl.com\/leon\/","name":"ASAJA Le\u00f3n","description":"Otro sitio m\u00e1s de Provincias ASAJA Castilla y Le\u00f3n","potentialAction":[{"@type":"SearchAction","target":{"@type":"EntryPoint","urlTemplate":"https:\/\/www.asajacyl.com\/leon\/?s={search_term_string}"},"query-input":{"@type":"PropertyValueSpecification","valueRequired":true,"valueName":"search_term_string"}}],"inLanguage":"es"},{"@type":"Person","@id":"https:\/\/www.asajacyl.com\/leon\/#\/schema\/person\/7e884476cee132331142e8ac9689f20c","name":"Editor","image":{"@type":"ImageObject","inLanguage":"es","@id":"https:\/\/www.asajacyl.com\/leon\/#\/schema\/person\/image\/","url":"https:\/\/secure.gravatar.com\/avatar\/a2ef43c165669686cfcfb0e1ffa59869?s=96&d=mm&r=g","contentUrl":"https:\/\/secure.gravatar.com\/avatar\/a2ef43c165669686cfcfb0e1ffa59869?s=96&d=mm&r=g","caption":"Editor"},"url":"https:\/\/www.asajacyl.com\/leon\/author\/oscargg"}]}},"_links":{"self":[{"href":"https:\/\/www.asajacyl.com\/leon\/wp-json\/wp\/v2\/posts\/2165"}],"collection":[{"href":"https:\/\/www.asajacyl.com\/leon\/wp-json\/wp\/v2\/posts"}],"about":[{"href":"https:\/\/www.asajacyl.com\/leon\/wp-json\/wp\/v2\/types\/post"}],"author":[{"embeddable":true,"href":"https:\/\/www.asajacyl.com\/leon\/wp-json\/wp\/v2\/users\/3"}],"replies":[{"embeddable":true,"href":"https:\/\/www.asajacyl.com\/leon\/wp-json\/wp\/v2\/comments?post=2165"}],"version-history":[{"count":1,"href":"https:\/\/www.asajacyl.com\/leon\/wp-json\/wp\/v2\/posts\/2165\/revisions"}],"predecessor-version":[{"id":5794,"href":"https:\/\/www.asajacyl.com\/leon\/wp-json\/wp\/v2\/posts\/2165\/revisions\/5794"}],"wp:featuredmedia":[{"embeddable":true,"href":"https:\/\/www.asajacyl.com\/leon\/wp-json\/wp\/v2\/media\/8174"}],"wp:attachment":[{"href":"https:\/\/www.asajacyl.com\/leon\/wp-json\/wp\/v2\/media?parent=2165"}],"wp:term":[{"taxonomy":"category","embeddable":true,"href":"https:\/\/www.asajacyl.com\/leon\/wp-json\/wp\/v2\/categories?post=2165"},{"taxonomy":"post_tag","embeddable":true,"href":"https:\/\/www.asajacyl.com\/leon\/wp-json\/wp\/v2\/tags?post=2165"}],"curies":[{"name":"wp","href":"https:\/\/api.w.org\/{rel}","templated":true}]}}