{"id":233,"date":"2016-08-23T00:00:00","date_gmt":"2016-08-22T22:00:00","guid":{"rendered":"https:\/\/www.asajacyl.com\/leon\/2016\/08\/23\/asaja-celebra-el-prximo-viernes-su-ix-congreso-regional-en-valladolid\/"},"modified":"2017-11-14T18:25:00","modified_gmt":"2017-11-14T17:25:00","slug":"asaja-celebra-el-prximo-viernes-su-ix-congreso-regional-en-valladolid","status":"publish","type":"post","link":"https:\/\/www.asajacyl.com\/leon\/asaja-leon-informa\/asaja-celebra-el-prximo-viernes-su-ix-congreso-regional-en-valladolid","title":{"rendered":"ASAJA CELEBRA EL PR&#211;XIMO VIERNES SU IX CONGRESO REGIONAL EN VALLADOLID"},"content":{"rendered":"<h2>La organizaci&#243;n profesional agraria ASAJA de Castilla y Le&#243;n celebra el pr&#243;ximo viernes 26 de septiembre su IX Congreso Regional que inaugurar&#225; el consejero de Fomento y Medio Ambiente, Juan Carlos Su&#225;rez-Qui&#241;ones, acompa&#241;ado por el presidente de la Diputaci&#243;n de Valladolid, Jes&#250;s Julio Carnero, y clausurar&#225; la consejera de Agricultura y Ganader&#237;a de la Junta, Milagros Marcos.<\/h2>\n<div>\n<p align=\"center\">\n<span style=\"color:#008000;\"><strong>ASAJA CELEBRA EL PR&#211;XIMO VIERNES SU&#160;<\/strong><strong>IX CONGRESO REGIONAL EN VALLADOLID<\/strong><\/span><\/p>\n<\/div>\n<p>\n&#160;<\/p>\n<p style=\"text-align: justify;\">\nLa organizaci&#243;n profesional agraria ASAJA de Castilla y Le&#243;n celebra el pr&#243;ximo viernes 26 de septiembre su IX Congreso Regional que inaugurar&#225; el consejero de Fomento y Medio Ambiente, Juan Carlos Su&#225;rez-Qui&#241;ones, acompa&#241;ado por el presidente de la Diputaci&#243;n de Valladolid, Jes&#250;s Julio Carnero, y clausurar&#225; la consejera de Agricultura y Ganader&#237;a de la Junta, Milagros Marcos. El acto tendr&#225; lugar en el Auditorio Miguel Delibes de la capital vallisoletana, donde se dar&#225;n cita los 400 compromisarios de las diferentes provincias de la Comunidad Aut&#243;noma.<\/p>\n<p style=\"text-align: justify;\">\nEl congreso estar&#225; dotado de importante contenido ya que se debatir&#225;n y aprobar&#225;n una serie de principios program&#225;ticos que abarcan cuestiones sectoriales y horizontales a las que se enfrentan la agricultura y ganader&#237;a en este siglo XXI, as&#237; como el papel estrat&#233;gico y necesario que ha de cumplir en la defensa de los profesionales del campo una organizaci&#243;n agraria l&#237;der como es ASAJA.<\/p>\n<p style=\"text-align: justify;\">\nTambi&#233;n se tratar&#225; en el Congreso la memoria de actividades de la legislatura, destacando la labor reivindicativa llevada a cabo por la organizaci&#243;n en los &#250;ltimos a&#241;os, los servicios que presta a los socios, el reconocimiento como principal organizaci&#243;n agraria en el &#225;mbito auton&#243;mico, el posicionamiento respecto al conflicto con la organizaci&#243;n en la provincia de Valladolid, y el haber dotado a la organizaci&#243;n de un C&#243;digo &#201;tico que marca las pautas de actuaci&#243;n.<\/p>\n<p style=\"text-align: justify;\">\nEl congreso votar&#225; la &#250;nica candidatura presentada por Donaciano Dujo para el cargo de presidente y de Jos&#233; Antonio Turrado para el de secretario general, y ratificar&#225; la propuesta de los miembros de la Junta Directiva regional, de la que formar&#225;n parte dos representantes por organizaci&#243;n provincial miembro.<\/p>\n<p style=\"text-align: justify;\">\n&#160;<\/p>\n<p style=\"text-align: justify;\">\n<strong><em><u>Atenci&#243;n a medios de comunicaci&#243;n<\/u><\/em><\/strong><strong><em>:<\/em><\/strong><em> El Congreso comenzar&#225; a las 11 horas y tiene prevista su clausura a las 14 horas. Est&#225; programado un encuentro con los medios de comunicaci&#243;n que precisen declaraciones antes de finalizar el acto, en concreto a las <strong>12:30 horas, en el vest&#237;bulo del Auditorio Miguel Delibes<\/strong>.&#160;<\/em><\/p>\n","protected":false},"excerpt":{"rendered":"<p>La organizaci&#243;n profesional agraria ASAJA de Castilla y Le&#243;n celebra el pr&#243;ximo viernes 26 de septiembre su IX Congreso Regional que inaugurar&#225; el consejero de Fomento y Medio Ambiente, Juan Carlos Su&#225;rez-Qui&#241;ones, acompa&#241;ado por el presidente de la Diputaci&#243;n de Valladolid, Jes&#250;s Julio Carnero, y clausurar&#225; la consejera de Agricultura y Ganader&#237;a de la Junta, Milagros Marcos.<\/p>\n","protected":false},"author":3,"featured_media":8174,"comment_status":"open","ping_status":"open","sticky":false,"template":"","format":"standard","meta":{"footnotes":""},"categories":[4,9],"tags":[],"yoast_head":"<!-- This site is optimized with the Yoast SEO plugin v24.5 - https:\/\/yoast.com\/wordpress\/plugins\/seo\/ -->\n<title>ASAJA CELEBRA EL PR&#211;XIMO VIERNES SU IX CONGRESO REGIONAL EN VALLADOLID - ASAJA Le\u00f3n<\/title>\n<meta name=\"description\" content=\"La organizaci&#243;n profesional agraria ASAJA de Castilla y Le&#243;n celebra el pr&#243;ximo viernes 26 de septiembre su IX Congreso Regional que inaugurar&#225; el consejero de Fomento y Medio Ambiente, Juan Carlos Su&#225;rez-Qui&#241;ones, acompa&#241;ado por el presidente de la Diputaci&#243;n de Valladolid, Jes&#250;s Julio Carnero, y clausurar&#225; la consejera de Agricultura y Ganader&#237;a de la Junta, Milagros Marcos.\" \/>\n<meta name=\"robots\" content=\"index, follow, max-snippet:-1, max-image-preview:large, max-video-preview:-1\" \/>\n<link rel=\"canonical\" href=\"https:\/\/www.asajacyl.com\/leon\/asaja-leon-informa\/asaja-celebra-el-prximo-viernes-su-ix-congreso-regional-en-valladolid\" \/>\n<meta property=\"og:locale\" content=\"es_ES\" \/>\n<meta property=\"og:type\" content=\"article\" \/>\n<meta property=\"og:title\" content=\"ASAJA CELEBRA EL PR&#211;XIMO VIERNES SU IX CONGRESO REGIONAL EN VALLADOLID - ASAJA Le\u00f3n\" \/>\n<meta property=\"og:description\" content=\"La organizaci&#243;n profesional agraria ASAJA de Castilla y Le&#243;n celebra el pr&#243;ximo viernes 26 de septiembre su IX Congreso Regional que inaugurar&#225; el consejero de Fomento y Medio Ambiente, Juan Carlos Su&#225;rez-Qui&#241;ones, acompa&#241;ado por el presidente de la Diputaci&#243;n de Valladolid, Jes&#250;s Julio Carnero, y clausurar&#225; la consejera de Agricultura y Ganader&#237;a de la Junta, Milagros Marcos.\" \/>\n<meta property=\"og:url\" content=\"https:\/\/www.asajacyl.com\/leon\/asaja-leon-informa\/asaja-celebra-el-prximo-viernes-su-ix-congreso-regional-en-valladolid\" \/>\n<meta property=\"og:site_name\" content=\"ASAJA Le\u00f3n\" \/>\n<meta property=\"article:published_time\" content=\"2016-08-22T22:00:00+00:00\" \/>\n<meta property=\"article:modified_time\" content=\"2017-11-14T17:25:00+00:00\" \/>\n<meta property=\"og:image\" content=\"https:\/\/www.asajacyl.com\/leon\/wp-content\/uploads\/sites\/6\/2017\/11\/im_predefinida_1920x1080.jpg\" \/>\n\t<meta property=\"og:image:width\" content=\"1920\" \/>\n\t<meta property=\"og:image:height\" content=\"1080\" \/>\n\t<meta property=\"og:image:type\" content=\"image\/jpeg\" \/>\n<meta name=\"author\" content=\"Editor\" \/>\n<meta name=\"twitter:card\" content=\"summary_large_image\" \/>\n<meta name=\"twitter:label1\" content=\"Escrito por\" \/>\n\t<meta name=\"twitter:data1\" content=\"Editor\" \/>\n\t<meta name=\"twitter:label2\" content=\"Tiempo de lectura\" \/>\n\t<meta name=\"twitter:data2\" content=\"2 minutos\" \/>\n<script type=\"application\/ld+json\" class=\"yoast-schema-graph\">{\"@context\":\"https:\/\/schema.org\",\"@graph\":[{\"@type\":\"WebPage\",\"@id\":\"https:\/\/www.asajacyl.com\/leon\/asaja-leon-informa\/asaja-celebra-el-prximo-viernes-su-ix-congreso-regional-en-valladolid\",\"url\":\"https:\/\/www.asajacyl.com\/leon\/asaja-leon-informa\/asaja-celebra-el-prximo-viernes-su-ix-congreso-regional-en-valladolid\",\"name\":\"ASAJA CELEBRA EL PR&#211;XIMO VIERNES SU IX CONGRESO REGIONAL EN VALLADOLID - ASAJA Le\u00f3n\",\"isPartOf\":{\"@id\":\"https:\/\/www.asajacyl.com\/leon\/#website\"},\"primaryImageOfPage\":{\"@id\":\"https:\/\/www.asajacyl.com\/leon\/asaja-leon-informa\/asaja-celebra-el-prximo-viernes-su-ix-congreso-regional-en-valladolid#primaryimage\"},\"image\":{\"@id\":\"https:\/\/www.asajacyl.com\/leon\/asaja-leon-informa\/asaja-celebra-el-prximo-viernes-su-ix-congreso-regional-en-valladolid#primaryimage\"},\"thumbnailUrl\":\"https:\/\/www.asajacyl.com\/leon\/wp-content\/uploads\/sites\/6\/2017\/11\/im_predefinida_1920x1080.jpg\",\"datePublished\":\"2016-08-22T22:00:00+00:00\",\"dateModified\":\"2017-11-14T17:25:00+00:00\",\"author\":{\"@id\":\"https:\/\/www.asajacyl.com\/leon\/#\/schema\/person\/7e884476cee132331142e8ac9689f20c\"},\"description\":\"La organizaci&#243;n profesional agraria ASAJA de Castilla y Le&#243;n celebra el pr&#243;ximo viernes 26 de septiembre su IX Congreso Regional que inaugurar&#225; el consejero de Fomento y Medio Ambiente, Juan Carlos Su&#225;rez-Qui&#241;ones, acompa&#241;ado por el presidente de la Diputaci&#243;n de Valladolid, Jes&#250;s Julio Carnero, y clausurar&#225; la consejera de Agricultura y Ganader&#237;a de la Junta, Milagros Marcos.\",\"breadcrumb\":{\"@id\":\"https:\/\/www.asajacyl.com\/leon\/asaja-leon-informa\/asaja-celebra-el-prximo-viernes-su-ix-congreso-regional-en-valladolid#breadcrumb\"},\"inLanguage\":\"es\",\"potentialAction\":[{\"@type\":\"ReadAction\",\"target\":[\"https:\/\/www.asajacyl.com\/leon\/asaja-leon-informa\/asaja-celebra-el-prximo-viernes-su-ix-congreso-regional-en-valladolid\"]}]},{\"@type\":\"ImageObject\",\"inLanguage\":\"es\",\"@id\":\"https:\/\/www.asajacyl.com\/leon\/asaja-leon-informa\/asaja-celebra-el-prximo-viernes-su-ix-congreso-regional-en-valladolid#primaryimage\",\"url\":\"https:\/\/www.asajacyl.com\/leon\/wp-content\/uploads\/sites\/6\/2017\/11\/im_predefinida_1920x1080.jpg\",\"contentUrl\":\"https:\/\/www.asajacyl.com\/leon\/wp-content\/uploads\/sites\/6\/2017\/11\/im_predefinida_1920x1080.jpg\",\"width\":1920,\"height\":1080,\"caption\":\"Logotipo ASAJA Le\u00f3n\"},{\"@type\":\"BreadcrumbList\",\"@id\":\"https:\/\/www.asajacyl.com\/leon\/asaja-leon-informa\/asaja-celebra-el-prximo-viernes-su-ix-congreso-regional-en-valladolid#breadcrumb\",\"itemListElement\":[{\"@type\":\"ListItem\",\"position\":1,\"name\":\"Portada\",\"item\":\"https:\/\/www.asajacyl.com\/leon\/\"},{\"@type\":\"ListItem\",\"position\":2,\"name\":\"ASAJA CELEBRA EL PR&#211;XIMO VIERNES SU IX CONGRESO REGIONAL EN VALLADOLID\"}]},{\"@type\":\"WebSite\",\"@id\":\"https:\/\/www.asajacyl.com\/leon\/#website\",\"url\":\"https:\/\/www.asajacyl.com\/leon\/\",\"name\":\"ASAJA Le\u00f3n\",\"description\":\"Otro sitio m\u00e1s de Provincias ASAJA Castilla y Le\u00f3n\",\"potentialAction\":[{\"@type\":\"SearchAction\",\"target\":{\"@type\":\"EntryPoint\",\"urlTemplate\":\"https:\/\/www.asajacyl.com\/leon\/?s={search_term_string}\"},\"query-input\":{\"@type\":\"PropertyValueSpecification\",\"valueRequired\":true,\"valueName\":\"search_term_string\"}}],\"inLanguage\":\"es\"},{\"@type\":\"Person\",\"@id\":\"https:\/\/www.asajacyl.com\/leon\/#\/schema\/person\/7e884476cee132331142e8ac9689f20c\",\"name\":\"Editor\",\"image\":{\"@type\":\"ImageObject\",\"inLanguage\":\"es\",\"@id\":\"https:\/\/www.asajacyl.com\/leon\/#\/schema\/person\/image\/\",\"url\":\"https:\/\/secure.gravatar.com\/avatar\/a2ef43c165669686cfcfb0e1ffa59869?s=96&d=mm&r=g\",\"contentUrl\":\"https:\/\/secure.gravatar.com\/avatar\/a2ef43c165669686cfcfb0e1ffa59869?s=96&d=mm&r=g\",\"caption\":\"Editor\"},\"url\":\"https:\/\/www.asajacyl.com\/leon\/author\/oscargg\"}]}<\/script>\n<!-- \/ Yoast SEO plugin. -->","yoast_head_json":{"title":"ASAJA CELEBRA EL PR&#211;XIMO VIERNES SU IX CONGRESO REGIONAL EN VALLADOLID - ASAJA Le\u00f3n","description":"La organizaci&#243;n profesional agraria ASAJA de Castilla y Le&#243;n celebra el pr&#243;ximo viernes 26 de septiembre su IX Congreso Regional que inaugurar&#225; el consejero de Fomento y Medio Ambiente, Juan Carlos Su&#225;rez-Qui&#241;ones, acompa&#241;ado por el presidente de la Diputaci&#243;n de Valladolid, Jes&#250;s Julio Carnero, y clausurar&#225; la consejera de Agricultura y Ganader&#237;a de la Junta, Milagros Marcos.","robots":{"index":"index","follow":"follow","max-snippet":"max-snippet:-1","max-image-preview":"max-image-preview:large","max-video-preview":"max-video-preview:-1"},"canonical":"https:\/\/www.asajacyl.com\/leon\/asaja-leon-informa\/asaja-celebra-el-prximo-viernes-su-ix-congreso-regional-en-valladolid","og_locale":"es_ES","og_type":"article","og_title":"ASAJA CELEBRA EL PR&#211;XIMO VIERNES SU IX CONGRESO REGIONAL EN VALLADOLID - ASAJA Le\u00f3n","og_description":"La organizaci&#243;n profesional agraria ASAJA de Castilla y Le&#243;n celebra el pr&#243;ximo viernes 26 de septiembre su IX Congreso Regional que inaugurar&#225; el consejero de Fomento y Medio Ambiente, Juan Carlos Su&#225;rez-Qui&#241;ones, acompa&#241;ado por el presidente de la Diputaci&#243;n de Valladolid, Jes&#250;s Julio Carnero, y clausurar&#225; la consejera de Agricultura y Ganader&#237;a de la Junta, Milagros Marcos.","og_url":"https:\/\/www.asajacyl.com\/leon\/asaja-leon-informa\/asaja-celebra-el-prximo-viernes-su-ix-congreso-regional-en-valladolid","og_site_name":"ASAJA Le\u00f3n","article_published_time":"2016-08-22T22:00:00+00:00","article_modified_time":"2017-11-14T17:25:00+00:00","og_image":[{"width":1920,"height":1080,"url":"https:\/\/www.asajacyl.com\/leon\/wp-content\/uploads\/sites\/6\/2017\/11\/im_predefinida_1920x1080.jpg","type":"image\/jpeg"}],"author":"Editor","twitter_card":"summary_large_image","twitter_misc":{"Escrito por":"Editor","Tiempo de lectura":"2 minutos"},"schema":{"@context":"https:\/\/schema.org","@graph":[{"@type":"WebPage","@id":"https:\/\/www.asajacyl.com\/leon\/asaja-leon-informa\/asaja-celebra-el-prximo-viernes-su-ix-congreso-regional-en-valladolid","url":"https:\/\/www.asajacyl.com\/leon\/asaja-leon-informa\/asaja-celebra-el-prximo-viernes-su-ix-congreso-regional-en-valladolid","name":"ASAJA CELEBRA EL PR&#211;XIMO VIERNES SU IX CONGRESO REGIONAL EN VALLADOLID - ASAJA Le\u00f3n","isPartOf":{"@id":"https:\/\/www.asajacyl.com\/leon\/#website"},"primaryImageOfPage":{"@id":"https:\/\/www.asajacyl.com\/leon\/asaja-leon-informa\/asaja-celebra-el-prximo-viernes-su-ix-congreso-regional-en-valladolid#primaryimage"},"image":{"@id":"https:\/\/www.asajacyl.com\/leon\/asaja-leon-informa\/asaja-celebra-el-prximo-viernes-su-ix-congreso-regional-en-valladolid#primaryimage"},"thumbnailUrl":"https:\/\/www.asajacyl.com\/leon\/wp-content\/uploads\/sites\/6\/2017\/11\/im_predefinida_1920x1080.jpg","datePublished":"2016-08-22T22:00:00+00:00","dateModified":"2017-11-14T17:25:00+00:00","author":{"@id":"https:\/\/www.asajacyl.com\/leon\/#\/schema\/person\/7e884476cee132331142e8ac9689f20c"},"description":"La organizaci&#243;n profesional agraria ASAJA de Castilla y Le&#243;n celebra el pr&#243;ximo viernes 26 de septiembre su IX Congreso Regional que inaugurar&#225; el consejero de Fomento y Medio Ambiente, Juan Carlos Su&#225;rez-Qui&#241;ones, acompa&#241;ado por el presidente de la Diputaci&#243;n de Valladolid, Jes&#250;s Julio Carnero, y clausurar&#225; la consejera de Agricultura y Ganader&#237;a de la Junta, Milagros Marcos.","breadcrumb":{"@id":"https:\/\/www.asajacyl.com\/leon\/asaja-leon-informa\/asaja-celebra-el-prximo-viernes-su-ix-congreso-regional-en-valladolid#breadcrumb"},"inLanguage":"es","potentialAction":[{"@type":"ReadAction","target":["https:\/\/www.asajacyl.com\/leon\/asaja-leon-informa\/asaja-celebra-el-prximo-viernes-su-ix-congreso-regional-en-valladolid"]}]},{"@type":"ImageObject","inLanguage":"es","@id":"https:\/\/www.asajacyl.com\/leon\/asaja-leon-informa\/asaja-celebra-el-prximo-viernes-su-ix-congreso-regional-en-valladolid#primaryimage","url":"https:\/\/www.asajacyl.com\/leon\/wp-content\/uploads\/sites\/6\/2017\/11\/im_predefinida_1920x1080.jpg","contentUrl":"https:\/\/www.asajacyl.com\/leon\/wp-content\/uploads\/sites\/6\/2017\/11\/im_predefinida_1920x1080.jpg","width":1920,"height":1080,"caption":"Logotipo ASAJA Le\u00f3n"},{"@type":"BreadcrumbList","@id":"https:\/\/www.asajacyl.com\/leon\/asaja-leon-informa\/asaja-celebra-el-prximo-viernes-su-ix-congreso-regional-en-valladolid#breadcrumb","itemListElement":[{"@type":"ListItem","position":1,"name":"Portada","item":"https:\/\/www.asajacyl.com\/leon\/"},{"@type":"ListItem","position":2,"name":"ASAJA CELEBRA EL PR&#211;XIMO VIERNES SU IX CONGRESO REGIONAL EN VALLADOLID"}]},{"@type":"WebSite","@id":"https:\/\/www.asajacyl.com\/leon\/#website","url":"https:\/\/www.asajacyl.com\/leon\/","name":"ASAJA Le\u00f3n","description":"Otro sitio m\u00e1s de Provincias ASAJA Castilla y Le\u00f3n","potentialAction":[{"@type":"SearchAction","target":{"@type":"EntryPoint","urlTemplate":"https:\/\/www.asajacyl.com\/leon\/?s={search_term_string}"},"query-input":{"@type":"PropertyValueSpecification","valueRequired":true,"valueName":"search_term_string"}}],"inLanguage":"es"},{"@type":"Person","@id":"https:\/\/www.asajacyl.com\/leon\/#\/schema\/person\/7e884476cee132331142e8ac9689f20c","name":"Editor","image":{"@type":"ImageObject","inLanguage":"es","@id":"https:\/\/www.asajacyl.com\/leon\/#\/schema\/person\/image\/","url":"https:\/\/secure.gravatar.com\/avatar\/a2ef43c165669686cfcfb0e1ffa59869?s=96&d=mm&r=g","contentUrl":"https:\/\/secure.gravatar.com\/avatar\/a2ef43c165669686cfcfb0e1ffa59869?s=96&d=mm&r=g","caption":"Editor"},"url":"https:\/\/www.asajacyl.com\/leon\/author\/oscargg"}]}},"_links":{"self":[{"href":"https:\/\/www.asajacyl.com\/leon\/wp-json\/wp\/v2\/posts\/233"}],"collection":[{"href":"https:\/\/www.asajacyl.com\/leon\/wp-json\/wp\/v2\/posts"}],"about":[{"href":"https:\/\/www.asajacyl.com\/leon\/wp-json\/wp\/v2\/types\/post"}],"author":[{"embeddable":true,"href":"https:\/\/www.asajacyl.com\/leon\/wp-json\/wp\/v2\/users\/3"}],"replies":[{"embeddable":true,"href":"https:\/\/www.asajacyl.com\/leon\/wp-json\/wp\/v2\/comments?post=233"}],"version-history":[{"count":2,"href":"https:\/\/www.asajacyl.com\/leon\/wp-json\/wp\/v2\/posts\/233\/revisions"}],"predecessor-version":[{"id":3798,"href":"https:\/\/www.asajacyl.com\/leon\/wp-json\/wp\/v2\/posts\/233\/revisions\/3798"}],"wp:featuredmedia":[{"embeddable":true,"href":"https:\/\/www.asajacyl.com\/leon\/wp-json\/wp\/v2\/media\/8174"}],"wp:attachment":[{"href":"https:\/\/www.asajacyl.com\/leon\/wp-json\/wp\/v2\/media?parent=233"}],"wp:term":[{"taxonomy":"category","embeddable":true,"href":"https:\/\/www.asajacyl.com\/leon\/wp-json\/wp\/v2\/categories?post=233"},{"taxonomy":"post_tag","embeddable":true,"href":"https:\/\/www.asajacyl.com\/leon\/wp-json\/wp\/v2\/tags?post=233"}],"curies":[{"name":"wp","href":"https:\/\/api.w.org\/{rel}","templated":true}]}}