{"id":238,"date":"2016-07-22T00:00:00","date_gmt":"2016-07-21T22:00:00","guid":{"rendered":"https:\/\/www.asajacyl.com\/leon\/2016\/07\/22\/las-seis-noticias-agrarias-de-la-semana-22072016\/"},"modified":"2017-11-14T18:25:05","modified_gmt":"2017-11-14T17:25:05","slug":"las-seis-noticias-agrarias-de-la-semana-22072016","status":"publish","type":"post","link":"https:\/\/www.asajacyl.com\/leon\/asaja-leon-informa\/las-seis-noticias-agrarias-de-la-semana-22072016","title":{"rendered":"Las seis noticias agrarias de la semana &#8211; 22\/07\/2016"},"content":{"rendered":"<h2>Cultivo del l&#250;pulo en Estados Unidos, recorte en las ayudas de la PAC, ferias y cert&#225;menes de inter&#233;s agroganadero, tractor T9, cultivo de los prados de siega y mildiu<\/h2>\n<p style=\"text-align: center;\">\n<span style=\"color:#006400;\"><strong>LAS SEIS NOTICIAS AGRARIAS DE LA SEMANA<\/strong><\/span><\/p>\n<p style=\"margin-left: 72pt; text-align: justify;\">\n&#183;&#160;&#160;&#160;&#160;&#160;&#160;&#160; &#160;La organizaci&#243;n USAHOPS ha publicado un informe sobre el incremento del <strong>cultivo del l&#250;pulo en Estados Unidos<\/strong>, constatando que ha crecido un 18,5% hasta alcanzar las 21.200 hect&#225;reas. Este crecimiento vine fomentado por la expansi&#243;n de las cervecer&#237;as artesanales tanto dentro como fuera de Am&#233;rica. No obstante, los productores han alertado del riesgo de pasar de un d&#233;ficit&#160; de cosecha a generar excedentes y con ello una eventual ca&#237;da de los precios, algo dif&#237;cil de regular en un sector en el que se trabaja a medio&#160; y largo plazo ya que las fincas tardan tres a&#241;os en entrar en plena producci&#243;n y adem&#225;s se requieren unas costosas instalaciones espec&#237;ficas para el trepado de la planta.<\/p>\n<p style=\"margin-left: 72pt; text-align: justify;\">\n&#183;&#160;&#160;&#160;&#160;&#160;&#160;&#160; La Uni&#243;n Europea ha publicado un Reglamento que recoge un <strong>recorte en las ayudas de la PAC<\/strong> solicitadas ahora en 2016, del 1,36%, que afectar&#225; a las cantidades percibidas por encima de los 2.000 euros. Con esto, se nutrir&#225; la reserva de crisis por un importe de 450,6 millones de euros, que se destinar&#225; a facilitar ayuda complementaria al sector agr&#237;cola en el caso de crisis importantes. En el mismo Reglamento se establece que la Comisi&#243;n no considera necesario aplicar nueva disciplina financiera m&#225;s.<\/p>\n<p style=\"margin-left: 72pt; text-align: justify;\">\n&#183;&#160;&#160;&#160;&#160;&#160;&#160;&#160; En las &#250;ltimas fechas se han prodigado <strong>ferias y cert&#225;menes de inter&#233;s agroganadero<\/strong> en distintos puntos de la provincia. Destacar la feria agroganadera y del ajo de Veguellina de &#211;rbigo, la tambi&#233;n feria de ajo de Santa Marina del Rey, la feria de la artesan&#237;a y oficios tradicionales de Murias de Paredes, o la feria de la cerveza en Bo&#241;ar. En Carrizo de la Ribera ya preparan la edici&#243;n de 2016 de la feria del l&#250;pulo y la cerveza que congregar&#225; a miles de personas el &#250;ltimo fin de semana de julio.<\/p>\n<p style=\"margin-left: 72pt; text-align: justify;\">\n&#183;&#160;&#160;&#160;&#160;&#160;&#160;&#160; La marca de tractores New Holland ha vendido el primer <strong>tractor T9<\/strong> en Espa&#241;a, en concreto a una explotaci&#243;n de la localidad navarra de Olite, lo que es valorado como un hito para compa&#241;&#237;a. Este modelo es un tractor de gran caballaje, de 557 caballos de potencia, y llama la atenci&#243;n tambi&#233;n por un espectacular dise&#241;o y dimensiones. Adem&#225;s de las grandes prestaciones de este tipo de motores, posee una cabina suspendida en cuatro puntos que le confieren mayor confort al operario.<\/p>\n<p style=\"margin-left: 72pt; text-align: justify;\">\n&#183;&#160;&#160;&#160;&#160;&#160;&#160;&#160; Un proyecto europeo coordinado por la Universidad de Oviedo estudia medidas para fomentar el <strong>cultivo de los prados de siega<\/strong> en la zona de influencia del parque de Picos de Europa. El programa pretende combatir la desaparici&#243;n de estos ecosistemas mediante actuaciones que restablezcan la biodiversidad de la flora. ASAJA es firme defensora del mantenimiento de los prados de siega y ha denunciado en reiteradas ocasiones que su cultivo est&#225; amenazado por las normas restrictivas de las confederaciones hidrogr&#225;ficas en las &#233;pocas de riego.<\/p>\n<p style=\"margin-left: 72pt; text-align: justify;\">\n&#183;&#160;&#160;&#160;&#160;&#160;&#160;&#160; En varias denominaciones de origen de vi&#241;edos de Espa&#241;a, entre las que se encuentra Bierzo y Tierra de Le&#243;n en nuestra provincia, se han producido da&#241;os generalizados por enfermedades f&#250;ngicas como el <strong>mildiu o &#8220;mildeo&#8221;<\/strong>, obligando a los viticultores a repetir tratamientos que no han sido lo efectivos que se desea. Constatada una reducci&#243;n importante de la producci&#243;n, los viticultores trabajan para que los racimos que se mantienen lleguen a la maduraci&#243;n con un buen estado sanitario y se pueda obtener vino de calidad aunque sea con vol&#250;menes inferiores a la media.<\/p>\n","protected":false},"excerpt":{"rendered":"<p>Cultivo del l&#250;pulo en Estados Unidos, recorte en las ayudas de la PAC, ferias y cert&#225;menes de inter&#233;s agroganadero, tractor T9, cultivo de los prados de siega y mildiu<\/p>\n","protected":false},"author":3,"featured_media":8174,"comment_status":"open","ping_status":"open","sticky":false,"template":"","format":"standard","meta":{"footnotes":""},"categories":[4,9],"tags":[],"yoast_head":"<!-- This site is optimized with the Yoast SEO plugin v24.5 - https:\/\/yoast.com\/wordpress\/plugins\/seo\/ -->\n<title>Las seis noticias agrarias de la semana - 22\/07\/2016 - ASAJA Le\u00f3n<\/title>\n<meta name=\"description\" content=\"Cultivo del l&#250;pulo en Estados Unidos, recorte en las ayudas de la PAC, ferias y cert&#225;menes de inter&#233;s agroganadero, tractor T9, cultivo de los prados de siega y mildiu\" \/>\n<meta name=\"robots\" content=\"index, follow, max-snippet:-1, max-image-preview:large, max-video-preview:-1\" \/>\n<link rel=\"canonical\" href=\"https:\/\/www.asajacyl.com\/leon\/asaja-leon-informa\/las-seis-noticias-agrarias-de-la-semana-22072016\" \/>\n<meta property=\"og:locale\" content=\"es_ES\" \/>\n<meta property=\"og:type\" content=\"article\" \/>\n<meta property=\"og:title\" content=\"Las seis noticias agrarias de la semana - 22\/07\/2016 - ASAJA Le\u00f3n\" \/>\n<meta property=\"og:description\" content=\"Cultivo del l&#250;pulo en Estados Unidos, recorte en las ayudas de la PAC, ferias y cert&#225;menes de inter&#233;s agroganadero, tractor T9, cultivo de los prados de siega y mildiu\" \/>\n<meta property=\"og:url\" content=\"https:\/\/www.asajacyl.com\/leon\/asaja-leon-informa\/las-seis-noticias-agrarias-de-la-semana-22072016\" \/>\n<meta property=\"og:site_name\" content=\"ASAJA Le\u00f3n\" \/>\n<meta property=\"article:published_time\" content=\"2016-07-21T22:00:00+00:00\" \/>\n<meta property=\"article:modified_time\" content=\"2017-11-14T17:25:05+00:00\" \/>\n<meta property=\"og:image\" content=\"https:\/\/www.asajacyl.com\/leon\/wp-content\/uploads\/sites\/6\/2017\/11\/im_predefinida_1920x1080.jpg\" \/>\n\t<meta property=\"og:image:width\" content=\"1920\" \/>\n\t<meta property=\"og:image:height\" content=\"1080\" \/>\n\t<meta property=\"og:image:type\" content=\"image\/jpeg\" \/>\n<meta name=\"author\" content=\"Editor\" \/>\n<meta name=\"twitter:card\" content=\"summary_large_image\" \/>\n<meta name=\"twitter:label1\" content=\"Escrito por\" \/>\n\t<meta name=\"twitter:data1\" content=\"Editor\" \/>\n\t<meta name=\"twitter:label2\" content=\"Tiempo de lectura\" \/>\n\t<meta name=\"twitter:data2\" content=\"3 minutos\" \/>\n<script type=\"application\/ld+json\" class=\"yoast-schema-graph\">{\"@context\":\"https:\/\/schema.org\",\"@graph\":[{\"@type\":\"WebPage\",\"@id\":\"https:\/\/www.asajacyl.com\/leon\/asaja-leon-informa\/las-seis-noticias-agrarias-de-la-semana-22072016\",\"url\":\"https:\/\/www.asajacyl.com\/leon\/asaja-leon-informa\/las-seis-noticias-agrarias-de-la-semana-22072016\",\"name\":\"Las seis noticias agrarias de la semana - 22\/07\/2016 - ASAJA Le\u00f3n\",\"isPartOf\":{\"@id\":\"https:\/\/www.asajacyl.com\/leon\/#website\"},\"primaryImageOfPage\":{\"@id\":\"https:\/\/www.asajacyl.com\/leon\/asaja-leon-informa\/las-seis-noticias-agrarias-de-la-semana-22072016#primaryimage\"},\"image\":{\"@id\":\"https:\/\/www.asajacyl.com\/leon\/asaja-leon-informa\/las-seis-noticias-agrarias-de-la-semana-22072016#primaryimage\"},\"thumbnailUrl\":\"https:\/\/www.asajacyl.com\/leon\/wp-content\/uploads\/sites\/6\/2017\/11\/im_predefinida_1920x1080.jpg\",\"datePublished\":\"2016-07-21T22:00:00+00:00\",\"dateModified\":\"2017-11-14T17:25:05+00:00\",\"author\":{\"@id\":\"https:\/\/www.asajacyl.com\/leon\/#\/schema\/person\/7e884476cee132331142e8ac9689f20c\"},\"description\":\"Cultivo del l&#250;pulo en Estados Unidos, recorte en las ayudas de la PAC, ferias y cert&#225;menes de inter&#233;s agroganadero, tractor T9, cultivo de los prados de siega y mildiu\",\"breadcrumb\":{\"@id\":\"https:\/\/www.asajacyl.com\/leon\/asaja-leon-informa\/las-seis-noticias-agrarias-de-la-semana-22072016#breadcrumb\"},\"inLanguage\":\"es\",\"potentialAction\":[{\"@type\":\"ReadAction\",\"target\":[\"https:\/\/www.asajacyl.com\/leon\/asaja-leon-informa\/las-seis-noticias-agrarias-de-la-semana-22072016\"]}]},{\"@type\":\"ImageObject\",\"inLanguage\":\"es\",\"@id\":\"https:\/\/www.asajacyl.com\/leon\/asaja-leon-informa\/las-seis-noticias-agrarias-de-la-semana-22072016#primaryimage\",\"url\":\"https:\/\/www.asajacyl.com\/leon\/wp-content\/uploads\/sites\/6\/2017\/11\/im_predefinida_1920x1080.jpg\",\"contentUrl\":\"https:\/\/www.asajacyl.com\/leon\/wp-content\/uploads\/sites\/6\/2017\/11\/im_predefinida_1920x1080.jpg\",\"width\":1920,\"height\":1080,\"caption\":\"Logotipo ASAJA Le\u00f3n\"},{\"@type\":\"BreadcrumbList\",\"@id\":\"https:\/\/www.asajacyl.com\/leon\/asaja-leon-informa\/las-seis-noticias-agrarias-de-la-semana-22072016#breadcrumb\",\"itemListElement\":[{\"@type\":\"ListItem\",\"position\":1,\"name\":\"Portada\",\"item\":\"https:\/\/www.asajacyl.com\/leon\/\"},{\"@type\":\"ListItem\",\"position\":2,\"name\":\"Las seis noticias agrarias de la semana &#8211; 22\/07\/2016\"}]},{\"@type\":\"WebSite\",\"@id\":\"https:\/\/www.asajacyl.com\/leon\/#website\",\"url\":\"https:\/\/www.asajacyl.com\/leon\/\",\"name\":\"ASAJA Le\u00f3n\",\"description\":\"Otro sitio m\u00e1s de Provincias ASAJA Castilla y Le\u00f3n\",\"potentialAction\":[{\"@type\":\"SearchAction\",\"target\":{\"@type\":\"EntryPoint\",\"urlTemplate\":\"https:\/\/www.asajacyl.com\/leon\/?s={search_term_string}\"},\"query-input\":{\"@type\":\"PropertyValueSpecification\",\"valueRequired\":true,\"valueName\":\"search_term_string\"}}],\"inLanguage\":\"es\"},{\"@type\":\"Person\",\"@id\":\"https:\/\/www.asajacyl.com\/leon\/#\/schema\/person\/7e884476cee132331142e8ac9689f20c\",\"name\":\"Editor\",\"image\":{\"@type\":\"ImageObject\",\"inLanguage\":\"es\",\"@id\":\"https:\/\/www.asajacyl.com\/leon\/#\/schema\/person\/image\/\",\"url\":\"https:\/\/secure.gravatar.com\/avatar\/a2ef43c165669686cfcfb0e1ffa59869?s=96&d=mm&r=g\",\"contentUrl\":\"https:\/\/secure.gravatar.com\/avatar\/a2ef43c165669686cfcfb0e1ffa59869?s=96&d=mm&r=g\",\"caption\":\"Editor\"},\"url\":\"https:\/\/www.asajacyl.com\/leon\/author\/oscargg\"}]}<\/script>\n<!-- \/ Yoast SEO plugin. -->","yoast_head_json":{"title":"Las seis noticias agrarias de la semana - 22\/07\/2016 - ASAJA Le\u00f3n","description":"Cultivo del l&#250;pulo en Estados Unidos, recorte en las ayudas de la PAC, ferias y cert&#225;menes de inter&#233;s agroganadero, tractor T9, cultivo de los prados de siega y mildiu","robots":{"index":"index","follow":"follow","max-snippet":"max-snippet:-1","max-image-preview":"max-image-preview:large","max-video-preview":"max-video-preview:-1"},"canonical":"https:\/\/www.asajacyl.com\/leon\/asaja-leon-informa\/las-seis-noticias-agrarias-de-la-semana-22072016","og_locale":"es_ES","og_type":"article","og_title":"Las seis noticias agrarias de la semana - 22\/07\/2016 - ASAJA Le\u00f3n","og_description":"Cultivo del l&#250;pulo en Estados Unidos, recorte en las ayudas de la PAC, ferias y cert&#225;menes de inter&#233;s agroganadero, tractor T9, cultivo de los prados de siega y mildiu","og_url":"https:\/\/www.asajacyl.com\/leon\/asaja-leon-informa\/las-seis-noticias-agrarias-de-la-semana-22072016","og_site_name":"ASAJA Le\u00f3n","article_published_time":"2016-07-21T22:00:00+00:00","article_modified_time":"2017-11-14T17:25:05+00:00","og_image":[{"width":1920,"height":1080,"url":"https:\/\/www.asajacyl.com\/leon\/wp-content\/uploads\/sites\/6\/2017\/11\/im_predefinida_1920x1080.jpg","type":"image\/jpeg"}],"author":"Editor","twitter_card":"summary_large_image","twitter_misc":{"Escrito por":"Editor","Tiempo de lectura":"3 minutos"},"schema":{"@context":"https:\/\/schema.org","@graph":[{"@type":"WebPage","@id":"https:\/\/www.asajacyl.com\/leon\/asaja-leon-informa\/las-seis-noticias-agrarias-de-la-semana-22072016","url":"https:\/\/www.asajacyl.com\/leon\/asaja-leon-informa\/las-seis-noticias-agrarias-de-la-semana-22072016","name":"Las seis noticias agrarias de la semana - 22\/07\/2016 - ASAJA Le\u00f3n","isPartOf":{"@id":"https:\/\/www.asajacyl.com\/leon\/#website"},"primaryImageOfPage":{"@id":"https:\/\/www.asajacyl.com\/leon\/asaja-leon-informa\/las-seis-noticias-agrarias-de-la-semana-22072016#primaryimage"},"image":{"@id":"https:\/\/www.asajacyl.com\/leon\/asaja-leon-informa\/las-seis-noticias-agrarias-de-la-semana-22072016#primaryimage"},"thumbnailUrl":"https:\/\/www.asajacyl.com\/leon\/wp-content\/uploads\/sites\/6\/2017\/11\/im_predefinida_1920x1080.jpg","datePublished":"2016-07-21T22:00:00+00:00","dateModified":"2017-11-14T17:25:05+00:00","author":{"@id":"https:\/\/www.asajacyl.com\/leon\/#\/schema\/person\/7e884476cee132331142e8ac9689f20c"},"description":"Cultivo del l&#250;pulo en Estados Unidos, recorte en las ayudas de la PAC, ferias y cert&#225;menes de inter&#233;s agroganadero, tractor T9, cultivo de los prados de siega y mildiu","breadcrumb":{"@id":"https:\/\/www.asajacyl.com\/leon\/asaja-leon-informa\/las-seis-noticias-agrarias-de-la-semana-22072016#breadcrumb"},"inLanguage":"es","potentialAction":[{"@type":"ReadAction","target":["https:\/\/www.asajacyl.com\/leon\/asaja-leon-informa\/las-seis-noticias-agrarias-de-la-semana-22072016"]}]},{"@type":"ImageObject","inLanguage":"es","@id":"https:\/\/www.asajacyl.com\/leon\/asaja-leon-informa\/las-seis-noticias-agrarias-de-la-semana-22072016#primaryimage","url":"https:\/\/www.asajacyl.com\/leon\/wp-content\/uploads\/sites\/6\/2017\/11\/im_predefinida_1920x1080.jpg","contentUrl":"https:\/\/www.asajacyl.com\/leon\/wp-content\/uploads\/sites\/6\/2017\/11\/im_predefinida_1920x1080.jpg","width":1920,"height":1080,"caption":"Logotipo ASAJA Le\u00f3n"},{"@type":"BreadcrumbList","@id":"https:\/\/www.asajacyl.com\/leon\/asaja-leon-informa\/las-seis-noticias-agrarias-de-la-semana-22072016#breadcrumb","itemListElement":[{"@type":"ListItem","position":1,"name":"Portada","item":"https:\/\/www.asajacyl.com\/leon\/"},{"@type":"ListItem","position":2,"name":"Las seis noticias agrarias de la semana &#8211; 22\/07\/2016"}]},{"@type":"WebSite","@id":"https:\/\/www.asajacyl.com\/leon\/#website","url":"https:\/\/www.asajacyl.com\/leon\/","name":"ASAJA Le\u00f3n","description":"Otro sitio m\u00e1s de Provincias ASAJA Castilla y Le\u00f3n","potentialAction":[{"@type":"SearchAction","target":{"@type":"EntryPoint","urlTemplate":"https:\/\/www.asajacyl.com\/leon\/?s={search_term_string}"},"query-input":{"@type":"PropertyValueSpecification","valueRequired":true,"valueName":"search_term_string"}}],"inLanguage":"es"},{"@type":"Person","@id":"https:\/\/www.asajacyl.com\/leon\/#\/schema\/person\/7e884476cee132331142e8ac9689f20c","name":"Editor","image":{"@type":"ImageObject","inLanguage":"es","@id":"https:\/\/www.asajacyl.com\/leon\/#\/schema\/person\/image\/","url":"https:\/\/secure.gravatar.com\/avatar\/a2ef43c165669686cfcfb0e1ffa59869?s=96&d=mm&r=g","contentUrl":"https:\/\/secure.gravatar.com\/avatar\/a2ef43c165669686cfcfb0e1ffa59869?s=96&d=mm&r=g","caption":"Editor"},"url":"https:\/\/www.asajacyl.com\/leon\/author\/oscargg"}]}},"_links":{"self":[{"href":"https:\/\/www.asajacyl.com\/leon\/wp-json\/wp\/v2\/posts\/238"}],"collection":[{"href":"https:\/\/www.asajacyl.com\/leon\/wp-json\/wp\/v2\/posts"}],"about":[{"href":"https:\/\/www.asajacyl.com\/leon\/wp-json\/wp\/v2\/types\/post"}],"author":[{"embeddable":true,"href":"https:\/\/www.asajacyl.com\/leon\/wp-json\/wp\/v2\/users\/3"}],"replies":[{"embeddable":true,"href":"https:\/\/www.asajacyl.com\/leon\/wp-json\/wp\/v2\/comments?post=238"}],"version-history":[{"count":2,"href":"https:\/\/www.asajacyl.com\/leon\/wp-json\/wp\/v2\/posts\/238\/revisions"}],"predecessor-version":[{"id":3803,"href":"https:\/\/www.asajacyl.com\/leon\/wp-json\/wp\/v2\/posts\/238\/revisions\/3803"}],"wp:featuredmedia":[{"embeddable":true,"href":"https:\/\/www.asajacyl.com\/leon\/wp-json\/wp\/v2\/media\/8174"}],"wp:attachment":[{"href":"https:\/\/www.asajacyl.com\/leon\/wp-json\/wp\/v2\/media?parent=238"}],"wp:term":[{"taxonomy":"category","embeddable":true,"href":"https:\/\/www.asajacyl.com\/leon\/wp-json\/wp\/v2\/categories?post=238"},{"taxonomy":"post_tag","embeddable":true,"href":"https:\/\/www.asajacyl.com\/leon\/wp-json\/wp\/v2\/tags?post=238"}],"curies":[{"name":"wp","href":"https:\/\/api.w.org\/{rel}","templated":true}]}}