{"id":272,"date":"2016-05-09T00:00:00","date_gmt":"2016-05-08T22:00:00","guid":{"rendered":"https:\/\/www.asajacyl.com\/leon\/2016\/05\/09\/las-lluvias-retrasan-las-siembras-y-abocan-a-un-mal-ao-para-la-agricultura-de-regado-de-len\/"},"modified":"2017-11-14T18:25:46","modified_gmt":"2017-11-14T17:25:46","slug":"las-lluvias-retrasan-las-siembras-y-abocan-a-un-mal-ao-para-la-agricultura-de-regado-de-len","status":"publish","type":"post","link":"https:\/\/www.asajacyl.com\/leon\/asaja-leon-informa\/las-lluvias-retrasan-las-siembras-y-abocan-a-un-mal-ao-para-la-agricultura-de-regado-de-len","title":{"rendered":"LAS LLUVIAS RETRASAN LAS SIEMBRAS Y ABOCAN A UN MAL A&#209;O PARA LA AGRICULTURA DE REGAD&#205;O DE LE&#211;N"},"content":{"rendered":"<h2>El Comit&#233; Ejecutivo de ASAJA se re&#250;ne esta tarde para valorar la situaci&#243;n del sector<\/h2>\n<p align=\"center\">\n<span style=\"color:#006400;\"><strong>LAS LLUVIAS RETRASAN LAS SIEMBRAS Y ABOCAN A UN MAL A&#209;O PARA LA AGRICULTURA DE REGAD&#205;O DE LE&#211;N<\/strong>&#160; &#160; &#160; &#160; &#160; &#160; &#160; &#160; &#160; &#160;<\/span><\/p>\n<p align=\"center\">\n<span style=\"color:#0000cd;\">El Comit&#233; Ejecutivo de ASAJA se re&#250;ne esta tarde para valorar la situaci&#243;n del sector<\/span><\/p>\n<p style=\"text-align: justify;\">\nLa organizaci&#243;n agraria ASAJA de Le&#243;n celebra esta tarde una reuni&#243;n de su Comit&#233; Ejecutivo, en la que se analizar&#225; la dif&#237;cil situaci&#243;n que atraviesan las explotaciones de cultivos en regad&#237;o por el retraso en las siembras debido a la temporada de lluvias. En el mejor de los escenarios, la mayor parte del ma&#237;z no estar&#225; sembrado antes de finales de mayo, lo que supone al menos cuarenta y cinco d&#237;as de retraso con respecto a una campa&#241;a normal, y ocasionar&#225; una reducci&#243;n en los rendimientos de al menos el 25 por ciento. La remolacha tiene una situaci&#243;n todav&#237;a peor, pues las lluvias irrumpieron cuando se hab&#237;a sembrado un 40 por ciento de las 5.500 hect&#225;reas previstas, de las cuales una buena parte no han nacido o lo han hecho de forma deficiente, y para las que no se han sembrado, si el agricultor decide sembrar, la expectativa de cosecha ser&#225; muy reducida. La situaci&#243;n clim&#225;tica es desoladora para la agricultura de regad&#237;o de la provincia, a la&#160; que se dedican unas 80.000 hect&#225;reas de cultivos de primavera (ma&#237;z, remolacha, alubias, patatas), que son las que tienen problemas. Por el contrario, la primavera lluviosa est&#225; siendo beneficiosa para la agricultura de secano, en particular para unas 105.000 hect&#225;reas de cereal, y para los pastos y forrajes (vezas, alfalfa y proteaginosas).<\/p>\n<p style=\"text-align: justify;\">\nAnte esta situaci&#243;n clim&#225;tica sobrevenida, el&#160; Comit&#233; Ejecutivo de ASAJA pedir&#225; a la Junta de Castilla y Le&#243;n que exima a los productores de la obligaci&#243;n de cumplir con los compromisos de siembras a efectos del pago verde de la PAC, de los expedientes de modernizaci&#243;n de explotaciones, y de programas agroambientales como el de la remolacha. De esta forma los agricultores podr&#225;n optar por los cultivos que le puedan ser m&#225;s rentables, decidiendo con criterios agron&#243;micos y no burocr&#225;ticos.<\/p>\n<p style=\"text-align: justify;\">\nEl &#243;rgano de gobierno de ASAJA analizar&#225; las ayudas de modernizaci&#243;n de explotaciones y de incorporaci&#243;n de j&#243;venes al campo, que est&#225;n sin resolverse despu&#233;s de pasado un a&#241;o desde que se aprobara la convocatoria. Este retraso administrativo, por falta de empuje y voluntad pol&#237;tica, est&#225; creando una descapitalizaci&#243;n en las explotaciones m&#225;s inversoras, y un des&#225;nimo en los j&#243;venes que entraron en el sector ilusionado en parte por promesas de los responsables de la Junta, ahora incumplidas.<\/p>\n<p>\nEl Comit&#233; Ejecutivo de ASAJA har&#225; un llamamiento a la Junta para que resuelva la crisis del vacuno de leche, y en particular que d&#233; soluciones a los 12 ganaderos a los que se le interrumpi&#243; la recogida de leche el 1 de abril y no han encontrado un comprador. ASAJA culpa a la Junta de mirar para otro lado y de no haber mostrado sensibilidad alguna para con este problema de la monta&#241;a leonesa.<\/p>\n<p style=\"text-align: justify;\">\nPor &#250;ltimo, la organizaci&#243;n agraria valorar&#225; la modificaci&#243;n de los m&#243;dulos fiscales aprobados por el&#160; Gobierno y publicados el pasado viernes, y analizar&#225; el desarrollo de las campa&#241;as de seguros agrarios, fiscalidad y tramitaci&#243;n de las ayudas de la PAC, en las que est&#225;n ocupados los servicios t&#233;cnicos de la organizaci&#243;n.<\/p>\n<p>\nLe&#243;n, 9 de mayo de 2016<\/p>\n","protected":false},"excerpt":{"rendered":"<p>El Comit&#233; Ejecutivo de ASAJA se re&#250;ne esta tarde para valorar la situaci&#243;n del sector<\/p>\n","protected":false},"author":3,"featured_media":8174,"comment_status":"open","ping_status":"open","sticky":false,"template":"","format":"standard","meta":{"footnotes":""},"categories":[4,9],"tags":[],"yoast_head":"<!-- This site is optimized with the Yoast SEO plugin v24.5 - https:\/\/yoast.com\/wordpress\/plugins\/seo\/ -->\n<title>LAS LLUVIAS RETRASAN LAS SIEMBRAS Y ABOCAN A UN MAL A&#209;O PARA LA AGRICULTURA DE REGAD&#205;O DE LE&#211;N - ASAJA Le\u00f3n<\/title>\n<meta name=\"description\" content=\"El Comit&#233; Ejecutivo de ASAJA se re&#250;ne esta tarde para valorar la situaci&#243;n del sector\" \/>\n<meta name=\"robots\" content=\"index, follow, max-snippet:-1, max-image-preview:large, max-video-preview:-1\" \/>\n<link rel=\"canonical\" href=\"https:\/\/www.asajacyl.com\/leon\/asaja-leon-informa\/las-lluvias-retrasan-las-siembras-y-abocan-a-un-mal-ao-para-la-agricultura-de-regado-de-len\" \/>\n<meta property=\"og:locale\" content=\"es_ES\" \/>\n<meta property=\"og:type\" content=\"article\" \/>\n<meta property=\"og:title\" content=\"LAS LLUVIAS RETRASAN LAS SIEMBRAS Y ABOCAN A UN MAL A&#209;O PARA LA AGRICULTURA DE REGAD&#205;O DE LE&#211;N - ASAJA Le\u00f3n\" \/>\n<meta property=\"og:description\" content=\"El Comit&#233; Ejecutivo de ASAJA se re&#250;ne esta tarde para valorar la situaci&#243;n del sector\" \/>\n<meta property=\"og:url\" content=\"https:\/\/www.asajacyl.com\/leon\/asaja-leon-informa\/las-lluvias-retrasan-las-siembras-y-abocan-a-un-mal-ao-para-la-agricultura-de-regado-de-len\" \/>\n<meta property=\"og:site_name\" content=\"ASAJA Le\u00f3n\" \/>\n<meta property=\"article:published_time\" content=\"2016-05-08T22:00:00+00:00\" \/>\n<meta property=\"article:modified_time\" content=\"2017-11-14T17:25:46+00:00\" \/>\n<meta property=\"og:image\" content=\"https:\/\/www.asajacyl.com\/leon\/wp-content\/uploads\/sites\/6\/2017\/11\/im_predefinida_1920x1080.jpg\" \/>\n\t<meta property=\"og:image:width\" content=\"1920\" \/>\n\t<meta property=\"og:image:height\" content=\"1080\" \/>\n\t<meta property=\"og:image:type\" content=\"image\/jpeg\" \/>\n<meta name=\"author\" content=\"Editor\" \/>\n<meta name=\"twitter:card\" content=\"summary_large_image\" \/>\n<meta name=\"twitter:label1\" content=\"Escrito por\" \/>\n\t<meta name=\"twitter:data1\" content=\"Editor\" \/>\n\t<meta name=\"twitter:label2\" content=\"Tiempo de lectura\" \/>\n\t<meta name=\"twitter:data2\" content=\"3 minutos\" \/>\n<script type=\"application\/ld+json\" class=\"yoast-schema-graph\">{\"@context\":\"https:\/\/schema.org\",\"@graph\":[{\"@type\":\"WebPage\",\"@id\":\"https:\/\/www.asajacyl.com\/leon\/asaja-leon-informa\/las-lluvias-retrasan-las-siembras-y-abocan-a-un-mal-ao-para-la-agricultura-de-regado-de-len\",\"url\":\"https:\/\/www.asajacyl.com\/leon\/asaja-leon-informa\/las-lluvias-retrasan-las-siembras-y-abocan-a-un-mal-ao-para-la-agricultura-de-regado-de-len\",\"name\":\"LAS LLUVIAS RETRASAN LAS SIEMBRAS Y ABOCAN A UN MAL A&#209;O PARA LA AGRICULTURA DE REGAD&#205;O DE LE&#211;N - ASAJA Le\u00f3n\",\"isPartOf\":{\"@id\":\"https:\/\/www.asajacyl.com\/leon\/#website\"},\"primaryImageOfPage\":{\"@id\":\"https:\/\/www.asajacyl.com\/leon\/asaja-leon-informa\/las-lluvias-retrasan-las-siembras-y-abocan-a-un-mal-ao-para-la-agricultura-de-regado-de-len#primaryimage\"},\"image\":{\"@id\":\"https:\/\/www.asajacyl.com\/leon\/asaja-leon-informa\/las-lluvias-retrasan-las-siembras-y-abocan-a-un-mal-ao-para-la-agricultura-de-regado-de-len#primaryimage\"},\"thumbnailUrl\":\"https:\/\/www.asajacyl.com\/leon\/wp-content\/uploads\/sites\/6\/2017\/11\/im_predefinida_1920x1080.jpg\",\"datePublished\":\"2016-05-08T22:00:00+00:00\",\"dateModified\":\"2017-11-14T17:25:46+00:00\",\"author\":{\"@id\":\"https:\/\/www.asajacyl.com\/leon\/#\/schema\/person\/7e884476cee132331142e8ac9689f20c\"},\"description\":\"El Comit&#233; Ejecutivo de ASAJA se re&#250;ne esta tarde para valorar la situaci&#243;n del sector\",\"breadcrumb\":{\"@id\":\"https:\/\/www.asajacyl.com\/leon\/asaja-leon-informa\/las-lluvias-retrasan-las-siembras-y-abocan-a-un-mal-ao-para-la-agricultura-de-regado-de-len#breadcrumb\"},\"inLanguage\":\"es\",\"potentialAction\":[{\"@type\":\"ReadAction\",\"target\":[\"https:\/\/www.asajacyl.com\/leon\/asaja-leon-informa\/las-lluvias-retrasan-las-siembras-y-abocan-a-un-mal-ao-para-la-agricultura-de-regado-de-len\"]}]},{\"@type\":\"ImageObject\",\"inLanguage\":\"es\",\"@id\":\"https:\/\/www.asajacyl.com\/leon\/asaja-leon-informa\/las-lluvias-retrasan-las-siembras-y-abocan-a-un-mal-ao-para-la-agricultura-de-regado-de-len#primaryimage\",\"url\":\"https:\/\/www.asajacyl.com\/leon\/wp-content\/uploads\/sites\/6\/2017\/11\/im_predefinida_1920x1080.jpg\",\"contentUrl\":\"https:\/\/www.asajacyl.com\/leon\/wp-content\/uploads\/sites\/6\/2017\/11\/im_predefinida_1920x1080.jpg\",\"width\":1920,\"height\":1080,\"caption\":\"Logotipo ASAJA Le\u00f3n\"},{\"@type\":\"BreadcrumbList\",\"@id\":\"https:\/\/www.asajacyl.com\/leon\/asaja-leon-informa\/las-lluvias-retrasan-las-siembras-y-abocan-a-un-mal-ao-para-la-agricultura-de-regado-de-len#breadcrumb\",\"itemListElement\":[{\"@type\":\"ListItem\",\"position\":1,\"name\":\"Portada\",\"item\":\"https:\/\/www.asajacyl.com\/leon\/\"},{\"@type\":\"ListItem\",\"position\":2,\"name\":\"LAS LLUVIAS RETRASAN LAS SIEMBRAS Y ABOCAN A UN MAL A&#209;O PARA LA AGRICULTURA DE REGAD&#205;O DE LE&#211;N\"}]},{\"@type\":\"WebSite\",\"@id\":\"https:\/\/www.asajacyl.com\/leon\/#website\",\"url\":\"https:\/\/www.asajacyl.com\/leon\/\",\"name\":\"ASAJA Le\u00f3n\",\"description\":\"Otro sitio m\u00e1s de Provincias ASAJA Castilla y Le\u00f3n\",\"potentialAction\":[{\"@type\":\"SearchAction\",\"target\":{\"@type\":\"EntryPoint\",\"urlTemplate\":\"https:\/\/www.asajacyl.com\/leon\/?s={search_term_string}\"},\"query-input\":{\"@type\":\"PropertyValueSpecification\",\"valueRequired\":true,\"valueName\":\"search_term_string\"}}],\"inLanguage\":\"es\"},{\"@type\":\"Person\",\"@id\":\"https:\/\/www.asajacyl.com\/leon\/#\/schema\/person\/7e884476cee132331142e8ac9689f20c\",\"name\":\"Editor\",\"image\":{\"@type\":\"ImageObject\",\"inLanguage\":\"es\",\"@id\":\"https:\/\/www.asajacyl.com\/leon\/#\/schema\/person\/image\/\",\"url\":\"https:\/\/secure.gravatar.com\/avatar\/a2ef43c165669686cfcfb0e1ffa59869?s=96&d=mm&r=g\",\"contentUrl\":\"https:\/\/secure.gravatar.com\/avatar\/a2ef43c165669686cfcfb0e1ffa59869?s=96&d=mm&r=g\",\"caption\":\"Editor\"},\"url\":\"https:\/\/www.asajacyl.com\/leon\/author\/oscargg\"}]}<\/script>\n<!-- \/ Yoast SEO plugin. -->","yoast_head_json":{"title":"LAS LLUVIAS RETRASAN LAS SIEMBRAS Y ABOCAN A UN MAL A&#209;O PARA LA AGRICULTURA DE REGAD&#205;O DE LE&#211;N - ASAJA Le\u00f3n","description":"El Comit&#233; Ejecutivo de ASAJA se re&#250;ne esta tarde para valorar la situaci&#243;n del sector","robots":{"index":"index","follow":"follow","max-snippet":"max-snippet:-1","max-image-preview":"max-image-preview:large","max-video-preview":"max-video-preview:-1"},"canonical":"https:\/\/www.asajacyl.com\/leon\/asaja-leon-informa\/las-lluvias-retrasan-las-siembras-y-abocan-a-un-mal-ao-para-la-agricultura-de-regado-de-len","og_locale":"es_ES","og_type":"article","og_title":"LAS LLUVIAS RETRASAN LAS SIEMBRAS Y ABOCAN A UN MAL A&#209;O PARA LA AGRICULTURA DE REGAD&#205;O DE LE&#211;N - ASAJA Le\u00f3n","og_description":"El Comit&#233; Ejecutivo de ASAJA se re&#250;ne esta tarde para valorar la situaci&#243;n del sector","og_url":"https:\/\/www.asajacyl.com\/leon\/asaja-leon-informa\/las-lluvias-retrasan-las-siembras-y-abocan-a-un-mal-ao-para-la-agricultura-de-regado-de-len","og_site_name":"ASAJA Le\u00f3n","article_published_time":"2016-05-08T22:00:00+00:00","article_modified_time":"2017-11-14T17:25:46+00:00","og_image":[{"width":1920,"height":1080,"url":"https:\/\/www.asajacyl.com\/leon\/wp-content\/uploads\/sites\/6\/2017\/11\/im_predefinida_1920x1080.jpg","type":"image\/jpeg"}],"author":"Editor","twitter_card":"summary_large_image","twitter_misc":{"Escrito por":"Editor","Tiempo de lectura":"3 minutos"},"schema":{"@context":"https:\/\/schema.org","@graph":[{"@type":"WebPage","@id":"https:\/\/www.asajacyl.com\/leon\/asaja-leon-informa\/las-lluvias-retrasan-las-siembras-y-abocan-a-un-mal-ao-para-la-agricultura-de-regado-de-len","url":"https:\/\/www.asajacyl.com\/leon\/asaja-leon-informa\/las-lluvias-retrasan-las-siembras-y-abocan-a-un-mal-ao-para-la-agricultura-de-regado-de-len","name":"LAS LLUVIAS RETRASAN LAS SIEMBRAS Y ABOCAN A UN MAL A&#209;O PARA LA AGRICULTURA DE REGAD&#205;O DE LE&#211;N - ASAJA Le\u00f3n","isPartOf":{"@id":"https:\/\/www.asajacyl.com\/leon\/#website"},"primaryImageOfPage":{"@id":"https:\/\/www.asajacyl.com\/leon\/asaja-leon-informa\/las-lluvias-retrasan-las-siembras-y-abocan-a-un-mal-ao-para-la-agricultura-de-regado-de-len#primaryimage"},"image":{"@id":"https:\/\/www.asajacyl.com\/leon\/asaja-leon-informa\/las-lluvias-retrasan-las-siembras-y-abocan-a-un-mal-ao-para-la-agricultura-de-regado-de-len#primaryimage"},"thumbnailUrl":"https:\/\/www.asajacyl.com\/leon\/wp-content\/uploads\/sites\/6\/2017\/11\/im_predefinida_1920x1080.jpg","datePublished":"2016-05-08T22:00:00+00:00","dateModified":"2017-11-14T17:25:46+00:00","author":{"@id":"https:\/\/www.asajacyl.com\/leon\/#\/schema\/person\/7e884476cee132331142e8ac9689f20c"},"description":"El Comit&#233; Ejecutivo de ASAJA se re&#250;ne esta tarde para valorar la situaci&#243;n del sector","breadcrumb":{"@id":"https:\/\/www.asajacyl.com\/leon\/asaja-leon-informa\/las-lluvias-retrasan-las-siembras-y-abocan-a-un-mal-ao-para-la-agricultura-de-regado-de-len#breadcrumb"},"inLanguage":"es","potentialAction":[{"@type":"ReadAction","target":["https:\/\/www.asajacyl.com\/leon\/asaja-leon-informa\/las-lluvias-retrasan-las-siembras-y-abocan-a-un-mal-ao-para-la-agricultura-de-regado-de-len"]}]},{"@type":"ImageObject","inLanguage":"es","@id":"https:\/\/www.asajacyl.com\/leon\/asaja-leon-informa\/las-lluvias-retrasan-las-siembras-y-abocan-a-un-mal-ao-para-la-agricultura-de-regado-de-len#primaryimage","url":"https:\/\/www.asajacyl.com\/leon\/wp-content\/uploads\/sites\/6\/2017\/11\/im_predefinida_1920x1080.jpg","contentUrl":"https:\/\/www.asajacyl.com\/leon\/wp-content\/uploads\/sites\/6\/2017\/11\/im_predefinida_1920x1080.jpg","width":1920,"height":1080,"caption":"Logotipo ASAJA Le\u00f3n"},{"@type":"BreadcrumbList","@id":"https:\/\/www.asajacyl.com\/leon\/asaja-leon-informa\/las-lluvias-retrasan-las-siembras-y-abocan-a-un-mal-ao-para-la-agricultura-de-regado-de-len#breadcrumb","itemListElement":[{"@type":"ListItem","position":1,"name":"Portada","item":"https:\/\/www.asajacyl.com\/leon\/"},{"@type":"ListItem","position":2,"name":"LAS LLUVIAS RETRASAN LAS SIEMBRAS Y ABOCAN A UN MAL A&#209;O PARA LA AGRICULTURA DE REGAD&#205;O DE LE&#211;N"}]},{"@type":"WebSite","@id":"https:\/\/www.asajacyl.com\/leon\/#website","url":"https:\/\/www.asajacyl.com\/leon\/","name":"ASAJA Le\u00f3n","description":"Otro sitio m\u00e1s de Provincias ASAJA Castilla y Le\u00f3n","potentialAction":[{"@type":"SearchAction","target":{"@type":"EntryPoint","urlTemplate":"https:\/\/www.asajacyl.com\/leon\/?s={search_term_string}"},"query-input":{"@type":"PropertyValueSpecification","valueRequired":true,"valueName":"search_term_string"}}],"inLanguage":"es"},{"@type":"Person","@id":"https:\/\/www.asajacyl.com\/leon\/#\/schema\/person\/7e884476cee132331142e8ac9689f20c","name":"Editor","image":{"@type":"ImageObject","inLanguage":"es","@id":"https:\/\/www.asajacyl.com\/leon\/#\/schema\/person\/image\/","url":"https:\/\/secure.gravatar.com\/avatar\/a2ef43c165669686cfcfb0e1ffa59869?s=96&d=mm&r=g","contentUrl":"https:\/\/secure.gravatar.com\/avatar\/a2ef43c165669686cfcfb0e1ffa59869?s=96&d=mm&r=g","caption":"Editor"},"url":"https:\/\/www.asajacyl.com\/leon\/author\/oscargg"}]}},"_links":{"self":[{"href":"https:\/\/www.asajacyl.com\/leon\/wp-json\/wp\/v2\/posts\/272"}],"collection":[{"href":"https:\/\/www.asajacyl.com\/leon\/wp-json\/wp\/v2\/posts"}],"about":[{"href":"https:\/\/www.asajacyl.com\/leon\/wp-json\/wp\/v2\/types\/post"}],"author":[{"embeddable":true,"href":"https:\/\/www.asajacyl.com\/leon\/wp-json\/wp\/v2\/users\/3"}],"replies":[{"embeddable":true,"href":"https:\/\/www.asajacyl.com\/leon\/wp-json\/wp\/v2\/comments?post=272"}],"version-history":[{"count":2,"href":"https:\/\/www.asajacyl.com\/leon\/wp-json\/wp\/v2\/posts\/272\/revisions"}],"predecessor-version":[{"id":3837,"href":"https:\/\/www.asajacyl.com\/leon\/wp-json\/wp\/v2\/posts\/272\/revisions\/3837"}],"wp:featuredmedia":[{"embeddable":true,"href":"https:\/\/www.asajacyl.com\/leon\/wp-json\/wp\/v2\/media\/8174"}],"wp:attachment":[{"href":"https:\/\/www.asajacyl.com\/leon\/wp-json\/wp\/v2\/media?parent=272"}],"wp:term":[{"taxonomy":"category","embeddable":true,"href":"https:\/\/www.asajacyl.com\/leon\/wp-json\/wp\/v2\/categories?post=272"},{"taxonomy":"post_tag","embeddable":true,"href":"https:\/\/www.asajacyl.com\/leon\/wp-json\/wp\/v2\/tags?post=272"}],"curies":[{"name":"wp","href":"https:\/\/api.w.org\/{rel}","templated":true}]}}